{"id":40767,"date":"2025-11-29T21:49:00","date_gmt":"2025-11-30T00:49:00","guid":{"rendered":"https:\/\/portaltela.pt\/noticias\/2025\/11\/29\/miguel-carvalho-lidera-o-1o-dia-do-agueda-rali-travocar-e-aproxima-se-do-titulo\/"},"modified":"2025-11-29T21:49:00","modified_gmt":"2025-11-30T00:49:00","slug":"miguel-carvalho-lidera-o-1o-dia-do-agueda-rali-travocar-e-aproxima-se-do-titulo","status":"publish","type":"post","link":"https:\/\/portaltela.pt\/desporto\/2025\/11\/29\/miguel-carvalho-lidera-o-1o-dia-do-agueda-rali-travocar-e-aproxima-se-do-titulo\/","title":{"rendered":"Miguel Carvalho lidera o 1\u00ba dia do \u00c1gueda Rali Travocar e aproxima-se do t\u00edtulo"},"content":{"rendered":"<p>Miguel Carvalho terminou o primeiro dia do \u00c1gueda Rali Travocar na lideran\u00e7a, com Ant\u00f3nio Reis ao seu lado e o Hyundai i20 N5. O ritmo forte come\u00e7ou na abertura e manteve-se na super-especial de \u00c1gueda, deixando-o 18,3 segundos \u00e0 frente de Adruzilo Lopes.<\/p>\n<p>A prova decorreu sob chuva intensa e nevoeiro nas zonas de Valongo do Vouga e Macinhata. Carvalho venceu a primeira especial em 14,5 segundos de avan\u00e7o e consolidou a lideran\u00e7a, ampliando a vantagem para o final do dia.<\/p>\n<p>Adruzilo Lopes e V\u00edtor Hugo, ambos em Mitsubishi Lancer Evo IX, enfrentaram dificuldades no nevoeiro, mas mostraram-se confiantes para a segunda jornada. Pedro Pereira destacou-se entre as Duas Rodas Motrizes, fechando o dia no p\u00f3dio da geral.<\/p>\n<p>Pedro Pereira, conduzindo um Renault Clio Rally4\/5 e navegado por Martim Santos, ficou em terceiro na geral entre as Duas Rodas Motrizes. Jo\u00e3o Marcelino\/Valter Cardoso seguiram em Renault Clio RS, em quarto, a 48,3 segundos do topo.<\/p>\n<p>Andr\u00e9 Pereira\/Filipa Pereira (Citro\u00ebn AX) ocupam o quinto lugar entre as DRMs, seguidos por Armando Carvalho\/Ana Santos, a apenas 0,1 segundos. Pedro C\u00e2mara, jovem piloto de 18 anos, com Peugeot 208 Rally6, destacou-se ao terminar entre os dez.<\/p>\n<p>O segundo dia come\u00e7a \u00e0s 10h30, com novas passagens por Valongo do Vouga\/Macinhata, Pr\u00e9stimo e \u00c1guas Serranas. A decis\u00e3o do vencedor e do t\u00edtulo do Promo de Ralis fica marcada para a tarde, com cerim\u00f3nia de pr\u00e9mios \u00e0s 16h30 junto ao Pai Natal de \u00c1gueda.<\/p>\n","protected":false},"excerpt":{"rendered":"<ul>\n<li>Miguel Carvalho lidera o \u00c1gueda Rali Travocar no primeiro dia, com 18,3 segundos de vantagem sobre Adruzilo Lopes, ap\u00f3s vencer a abertura e manter a lideran\u00e7a na super-especial de \u00c1gueda, em condi\u00e7\u00f5es de chuva e nevoeiro.<\/li>\n<li>Adruzilo Lopes e V\u00edtor Hugo, ambos em Mitsubishi Lancer Evo IX, perderam tempo no nevoeiro do primeiro tro\u00e7o, mas garantem que v\u00e3o atacar no domingo para inverter o resultado.<\/li>\n<li>Pedro Pereira fecha o dia no p\u00f3dio das Duas Rodas Motrizes, a 31,6 segundos da lideran\u00e7a, seguido por Jo\u00e3o Marcelino\/Valter Cardoso, Andr\u00e9 Pereira\/Filipa Pereira e Armando Carvalho\/Ana Santos, estes a 0,1 segundo de Andr\u00e9 Pereira.<\/li>\n<li>Pedro C\u00e2mara, de dezoito anos, faz boa progression com o Peugeot 208 Rally6, a 1m15,0s da lideran\u00e7a; o top ten inclui ainda Nelson Trindade\/Raquel Gra\u00e7a e Paulo\/Selina Santos.<\/li>\n<li>O segundo dia inicia \u00e0s 10h30 com novas passagens por Valongo do Vouga\/Macinhata, Pr\u00e9stimo e \u00c1guas Serranas, e a decis\u00e3o do vencedor e do t\u00edtulo fica para a tarde, com cerim\u00f3nia de pr\u00e9mios \u00e0s 16h30 junto ao Pai Natal de \u00c1gueda.<\/li>\n<\/ul>\n","protected":false},"author":2,"featured_media":40768,"comment_status":"closed","ping_status":"closed","sticky":false,"template":"","format":"standard","meta":{"footnotes":""},"categories":[21],"tags":[252,152,186,556,41,40],"class_list":["post-40767","post","type-post","status-publish","format-standard","has-post-thumbnail","hentry","category-desporto","tag-atletas","tag-desporto","tag-desportos","tag-duas-rodas-motrizes","tag-noticia","tag-pessoas"],"yoast_head":"<!-- This site is optimized with the Yoast SEO plugin v27.2 - https:\/\/yoast.com\/product\/yoast-seo-wordpress\/ -->\n<title>Miguel Carvalho lidera o 1\u00ba dia do \u00c1gueda Rali Travocar e aproxima-se do t\u00edtulo - Portal Tela Portugal<\/title>\n<meta name=\"robots\" content=\"index, follow, max-snippet:-1, max-image-preview:large, max-video-preview:-1\" \/>\n<meta property=\"og:locale\" content=\"pt_PT\" \/>\n<meta property=\"og:type\" content=\"article\" \/>\n<meta property=\"og:title\" content=\"Miguel Carvalho lidera o 1\u00ba dia do \u00c1gueda Rali Travocar e aproxima-se do t\u00edtulo - Portal Tela Portugal\" \/>\n<meta property=\"og:description\" content=\"Miguel Carvalho lidera o \u00c1gueda Rali Travocar no primeiro dia, com 18,3 segundos de vantagem sobre Adruzilo Lopes, ap\u00f3s vencer a abertura e manter a lideran\u00e7a na super-especial de \u00c1gueda, em condi\u00e7\u00f5es de chuva e nevoeiro. Adruzilo Lopes e V\u00edtor Hugo, ambos em Mitsubishi Lancer Evo IX, perderam tempo no nevoeiro do primeiro tro\u00e7o, mas garantem que v\u00e3o atacar no domingo para inverter o resultado. Pedro Pereira fecha o dia no p\u00f3dio das Duas Rodas Motrizes, a 31,6 segundos da lideran\u00e7a, seguido por Jo\u00e3o Marcelino\/Valter Cardoso, Andr\u00e9 Pereira\/Filipa Pereira e Armando Carvalho\/Ana Santos, estes a 0,1 segundo de Andr\u00e9 Pereira. Pedro C\u00e2mara, de dezoito anos, faz boa progression com o Peugeot 208 Rally6, a 1m15,0s da lideran\u00e7a; o top ten inclui ainda Nelson Trindade\/Raquel Gra\u00e7a e Paulo\/Selina Santos. O segundo dia inicia \u00e0s 10h30 com novas passagens por Valongo do Vouga\/Macinhata, Pr\u00e9stimo e \u00c1guas Serranas, e a decis\u00e3o do vencedor e do t\u00edtulo fica para a tarde, com cerim\u00f3nia de pr\u00e9mios \u00e0s 16h30 junto ao Pai Natal de \u00c1gueda.\" \/>\n<meta property=\"og:url\" content=\"https:\/\/portaltela.pt\/noticias\/2025\/11\/29\/miguel-carvalho-lidera-o-1o-dia-do-agueda-rali-travocar-e-aproxima-se-do-titulo\/\" \/>\n<meta property=\"og:site_name\" content=\"Portal Tela Portugal\" \/>\n<meta property=\"article:published_time\" content=\"2025-11-30T00:49:00+00:00\" \/>\n<meta name=\"author\" content=\"Telinha\" \/>\n<meta name=\"twitter:card\" content=\"summary_large_image\" \/>\n<meta name=\"twitter:label1\" content=\"Escrito por\" \/>\n\t<meta name=\"twitter:data1\" content=\"Telinha\" \/>\n\t<meta name=\"twitter:label2\" content=\"Tempo estimado de leitura\" \/>\n\t<meta name=\"twitter:data2\" content=\"1 minuto\" \/>\n<script type=\"application\/ld+json\" class=\"yoast-schema-graph\">{\"@context\":\"https:\/\/schema.org\",\"@graph\":[{\"@type\":\"Article\",\"@id\":\"https:\/\/portaltela.pt\/noticias\/2025\/11\/29\/miguel-carvalho-lidera-o-1o-dia-do-agueda-rali-travocar-e-aproxima-se-do-titulo\/#article\",\"isPartOf\":{\"@id\":\"https:\/\/portaltela.pt\/noticias\/2025\/11\/29\/miguel-carvalho-lidera-o-1o-dia-do-agueda-rali-travocar-e-aproxima-se-do-titulo\/\"},\"author\":{\"name\":\"Telinha\",\"@id\":\"https:\/\/portaltela.pt\/#\/schema\/person\/c4278d4a6028830caff9ee44b42d32ed\"},\"headline\":\"Miguel Carvalho lidera o 1\u00ba dia do \u00c1gueda Rali Travocar e aproxima-se do t\u00edtulo\",\"datePublished\":\"2025-11-30T00:49:00+00:00\",\"mainEntityOfPage\":{\"@id\":\"https:\/\/portaltela.pt\/noticias\/2025\/11\/29\/miguel-carvalho-lidera-o-1o-dia-do-agueda-rali-travocar-e-aproxima-se-do-titulo\/\"},\"wordCount\":265,\"image\":{\"@id\":\"https:\/\/portaltela.pt\/noticias\/2025\/11\/29\/miguel-carvalho-lidera-o-1o-dia-do-agueda-rali-travocar-e-aproxima-se-do-titulo\/#primaryimage\"},\"thumbnailUrl\":\"https:\/\/portaltela.pt\/s.01k8rhncp4jt1\/2025\/11\/1000096918.jpg\",\"keywords\":[\"atletas\",\"desporto\",\"desportos\",\"Duas Rodas Motrizes\",\"not\u00edcia\",\"pessoas\"],\"articleSection\":[\"Desporto\"],\"inLanguage\":\"pt-PT\"},{\"@type\":\"WebPage\",\"@id\":\"https:\/\/portaltela.pt\/noticias\/2025\/11\/29\/miguel-carvalho-lidera-o-1o-dia-do-agueda-rali-travocar-e-aproxima-se-do-titulo\/\",\"url\":\"https:\/\/portaltela.pt\/noticias\/2025\/11\/29\/miguel-carvalho-lidera-o-1o-dia-do-agueda-rali-travocar-e-aproxima-se-do-titulo\/\",\"name\":\"Miguel Carvalho lidera o 1\u00ba dia do \u00c1gueda Rali Travocar e aproxima-se do t\u00edtulo - Portal Tela Portugal\",\"isPartOf\":{\"@id\":\"https:\/\/portaltela.pt\/#website\"},\"primaryImageOfPage\":{\"@id\":\"https:\/\/portaltela.pt\/noticias\/2025\/11\/29\/miguel-carvalho-lidera-o-1o-dia-do-agueda-rali-travocar-e-aproxima-se-do-titulo\/#primaryimage\"},\"image\":{\"@id\":\"https:\/\/portaltela.pt\/noticias\/2025\/11\/29\/miguel-carvalho-lidera-o-1o-dia-do-agueda-rali-travocar-e-aproxima-se-do-titulo\/#primaryimage\"},\"thumbnailUrl\":\"https:\/\/portaltela.pt\/s.01k8rhncp4jt1\/2025\/11\/1000096918.jpg\",\"datePublished\":\"2025-11-30T00:49:00+00:00\",\"author\":{\"@id\":\"https:\/\/portaltela.pt\/#\/schema\/person\/c4278d4a6028830caff9ee44b42d32ed\"},\"breadcrumb\":{\"@id\":\"https:\/\/portaltela.pt\/noticias\/2025\/11\/29\/miguel-carvalho-lidera-o-1o-dia-do-agueda-rali-travocar-e-aproxima-se-do-titulo\/#breadcrumb\"},\"inLanguage\":\"pt-PT\",\"potentialAction\":[{\"@type\":\"ReadAction\",\"target\":[\"https:\/\/portaltela.pt\/noticias\/2025\/11\/29\/miguel-carvalho-lidera-o-1o-dia-do-agueda-rali-travocar-e-aproxima-se-do-titulo\/\"]}]},{\"@type\":\"ImageObject\",\"inLanguage\":\"pt-PT\",\"@id\":\"https:\/\/portaltela.pt\/noticias\/2025\/11\/29\/miguel-carvalho-lidera-o-1o-dia-do-agueda-rali-travocar-e-aproxima-se-do-titulo\/#primaryimage\",\"url\":\"https:\/\/portaltela.pt\/s.01k8rhncp4jt1\/2025\/11\/1000096918.jpg\",\"contentUrl\":\"https:\/\/portaltela.pt\/s.01k8rhncp4jt1\/2025\/11\/1000096918.jpg\",\"width\":796,\"height\":448,\"caption\":\"Not\u00edcias de \u00c1gueda\"},{\"@type\":\"BreadcrumbList\",\"@id\":\"https:\/\/portaltela.pt\/noticias\/2025\/11\/29\/miguel-carvalho-lidera-o-1o-dia-do-agueda-rali-travocar-e-aproxima-se-do-titulo\/#breadcrumb\",\"itemListElement\":[{\"@type\":\"ListItem\",\"position\":1,\"name\":\"In\u00edcio\",\"item\":\"https:\/\/portaltela.pt\/\"},{\"@type\":\"ListItem\",\"position\":2,\"name\":\"Miguel Carvalho lidera o 1\u00ba dia do \u00c1gueda Rali Travocar e aproxima-se do t\u00edtulo\"}]},{\"@type\":\"WebSite\",\"@id\":\"https:\/\/portaltela.pt\/#website\",\"url\":\"https:\/\/portaltela.pt\/\",\"name\":\"Portal Tela Portugal\",\"description\":\"\",\"potentialAction\":[{\"@type\":\"SearchAction\",\"target\":{\"@type\":\"EntryPoint\",\"urlTemplate\":\"https:\/\/portaltela.pt\/?s={search_term_string}\"},\"query-input\":{\"@type\":\"PropertyValueSpecification\",\"valueRequired\":true,\"valueName\":\"search_term_string\"}}],\"inLanguage\":\"pt-PT\"},{\"@type\":\"Person\",\"@id\":\"https:\/\/portaltela.pt\/#\/schema\/person\/c4278d4a6028830caff9ee44b42d32ed\",\"name\":\"Telinha\",\"image\":{\"@type\":\"ImageObject\",\"inLanguage\":\"pt-PT\",\"@id\":\"https:\/\/portaltela.pt\/s.01k8rhncp4jt1\/2025\/11\/talking-bot-125x125.png\",\"url\":\"https:\/\/portaltela.pt\/s.01k8rhncp4jt1\/2025\/11\/talking-bot-125x125.png\",\"contentUrl\":\"https:\/\/portaltela.pt\/s.01k8rhncp4jt1\/2025\/11\/talking-bot-125x125.png\",\"caption\":\"Telinha\"},\"sameAs\":[\"https:\/\/portaltela.pt\/\"],\"url\":\"https:\/\/portaltela.pt\/por\/367410592786\/\"}]}<\/script>\n<!-- \/ Yoast SEO plugin. -->","yoast_head_json":{"title":"Miguel Carvalho lidera o 1\u00ba dia do \u00c1gueda Rali Travocar e aproxima-se do t\u00edtulo - Portal Tela Portugal","robots":{"index":"index","follow":"follow","max-snippet":"max-snippet:-1","max-image-preview":"max-image-preview:large","max-video-preview":"max-video-preview:-1"},"og_locale":"pt_PT","og_type":"article","og_title":"Miguel Carvalho lidera o 1\u00ba dia do \u00c1gueda Rali Travocar e aproxima-se do t\u00edtulo - Portal Tela Portugal","og_description":"Miguel Carvalho lidera o \u00c1gueda Rali Travocar no primeiro dia, com 18,3 segundos de vantagem sobre Adruzilo Lopes, ap\u00f3s vencer a abertura e manter a lideran\u00e7a na super-especial de \u00c1gueda, em condi\u00e7\u00f5es de chuva e nevoeiro. Adruzilo Lopes e V\u00edtor Hugo, ambos em Mitsubishi Lancer Evo IX, perderam tempo no nevoeiro do primeiro tro\u00e7o, mas garantem que v\u00e3o atacar no domingo para inverter o resultado. Pedro Pereira fecha o dia no p\u00f3dio das Duas Rodas Motrizes, a 31,6 segundos da lideran\u00e7a, seguido por Jo\u00e3o Marcelino\/Valter Cardoso, Andr\u00e9 Pereira\/Filipa Pereira e Armando Carvalho\/Ana Santos, estes a 0,1 segundo de Andr\u00e9 Pereira. Pedro C\u00e2mara, de dezoito anos, faz boa progression com o Peugeot 208 Rally6, a 1m15,0s da lideran\u00e7a; o top ten inclui ainda Nelson Trindade\/Raquel Gra\u00e7a e Paulo\/Selina Santos. O segundo dia inicia \u00e0s 10h30 com novas passagens por Valongo do Vouga\/Macinhata, Pr\u00e9stimo e \u00c1guas Serranas, e a decis\u00e3o do vencedor e do t\u00edtulo fica para a tarde, com cerim\u00f3nia de pr\u00e9mios \u00e0s 16h30 junto ao Pai Natal de \u00c1gueda.","og_url":"https:\/\/portaltela.pt\/noticias\/2025\/11\/29\/miguel-carvalho-lidera-o-1o-dia-do-agueda-rali-travocar-e-aproxima-se-do-titulo\/","og_site_name":"Portal Tela Portugal","article_published_time":"2025-11-30T00:49:00+00:00","author":"Telinha","twitter_card":"summary_large_image","twitter_misc":{"Escrito por":"Telinha","Tempo estimado de leitura":"1 minuto"},"schema":{"@context":"https:\/\/schema.org","@graph":[{"@type":"Article","@id":"https:\/\/portaltela.pt\/noticias\/2025\/11\/29\/miguel-carvalho-lidera-o-1o-dia-do-agueda-rali-travocar-e-aproxima-se-do-titulo\/#article","isPartOf":{"@id":"https:\/\/portaltela.pt\/noticias\/2025\/11\/29\/miguel-carvalho-lidera-o-1o-dia-do-agueda-rali-travocar-e-aproxima-se-do-titulo\/"},"author":{"name":"Telinha","@id":"https:\/\/portaltela.pt\/#\/schema\/person\/c4278d4a6028830caff9ee44b42d32ed"},"headline":"Miguel Carvalho lidera o 1\u00ba dia do \u00c1gueda Rali Travocar e aproxima-se do t\u00edtulo","datePublished":"2025-11-30T00:49:00+00:00","mainEntityOfPage":{"@id":"https:\/\/portaltela.pt\/noticias\/2025\/11\/29\/miguel-carvalho-lidera-o-1o-dia-do-agueda-rali-travocar-e-aproxima-se-do-titulo\/"},"wordCount":265,"image":{"@id":"https:\/\/portaltela.pt\/noticias\/2025\/11\/29\/miguel-carvalho-lidera-o-1o-dia-do-agueda-rali-travocar-e-aproxima-se-do-titulo\/#primaryimage"},"thumbnailUrl":"https:\/\/portaltela.pt\/s.01k8rhncp4jt1\/2025\/11\/1000096918.jpg","keywords":["atletas","desporto","desportos","Duas Rodas Motrizes","not\u00edcia","pessoas"],"articleSection":["Desporto"],"inLanguage":"pt-PT"},{"@type":"WebPage","@id":"https:\/\/portaltela.pt\/noticias\/2025\/11\/29\/miguel-carvalho-lidera-o-1o-dia-do-agueda-rali-travocar-e-aproxima-se-do-titulo\/","url":"https:\/\/portaltela.pt\/noticias\/2025\/11\/29\/miguel-carvalho-lidera-o-1o-dia-do-agueda-rali-travocar-e-aproxima-se-do-titulo\/","name":"Miguel Carvalho lidera o 1\u00ba dia do \u00c1gueda Rali Travocar e aproxima-se do t\u00edtulo - Portal Tela Portugal","isPartOf":{"@id":"https:\/\/portaltela.pt\/#website"},"primaryImageOfPage":{"@id":"https:\/\/portaltela.pt\/noticias\/2025\/11\/29\/miguel-carvalho-lidera-o-1o-dia-do-agueda-rali-travocar-e-aproxima-se-do-titulo\/#primaryimage"},"image":{"@id":"https:\/\/portaltela.pt\/noticias\/2025\/11\/29\/miguel-carvalho-lidera-o-1o-dia-do-agueda-rali-travocar-e-aproxima-se-do-titulo\/#primaryimage"},"thumbnailUrl":"https:\/\/portaltela.pt\/s.01k8rhncp4jt1\/2025\/11\/1000096918.jpg","datePublished":"2025-11-30T00:49:00+00:00","author":{"@id":"https:\/\/portaltela.pt\/#\/schema\/person\/c4278d4a6028830caff9ee44b42d32ed"},"breadcrumb":{"@id":"https:\/\/portaltela.pt\/noticias\/2025\/11\/29\/miguel-carvalho-lidera-o-1o-dia-do-agueda-rali-travocar-e-aproxima-se-do-titulo\/#breadcrumb"},"inLanguage":"pt-PT","potentialAction":[{"@type":"ReadAction","target":["https:\/\/portaltela.pt\/noticias\/2025\/11\/29\/miguel-carvalho-lidera-o-1o-dia-do-agueda-rali-travocar-e-aproxima-se-do-titulo\/"]}]},{"@type":"ImageObject","inLanguage":"pt-PT","@id":"https:\/\/portaltela.pt\/noticias\/2025\/11\/29\/miguel-carvalho-lidera-o-1o-dia-do-agueda-rali-travocar-e-aproxima-se-do-titulo\/#primaryimage","url":"https:\/\/portaltela.pt\/s.01k8rhncp4jt1\/2025\/11\/1000096918.jpg","contentUrl":"https:\/\/portaltela.pt\/s.01k8rhncp4jt1\/2025\/11\/1000096918.jpg","width":796,"height":448,"caption":"Not\u00edcias de \u00c1gueda"},{"@type":"BreadcrumbList","@id":"https:\/\/portaltela.pt\/noticias\/2025\/11\/29\/miguel-carvalho-lidera-o-1o-dia-do-agueda-rali-travocar-e-aproxima-se-do-titulo\/#breadcrumb","itemListElement":[{"@type":"ListItem","position":1,"name":"In\u00edcio","item":"https:\/\/portaltela.pt\/"},{"@type":"ListItem","position":2,"name":"Miguel Carvalho lidera o 1\u00ba dia do \u00c1gueda Rali Travocar e aproxima-se do t\u00edtulo"}]},{"@type":"WebSite","@id":"https:\/\/portaltela.pt\/#website","url":"https:\/\/portaltela.pt\/","name":"Portal Tela Portugal","description":"","potentialAction":[{"@type":"SearchAction","target":{"@type":"EntryPoint","urlTemplate":"https:\/\/portaltela.pt\/?s={search_term_string}"},"query-input":{"@type":"PropertyValueSpecification","valueRequired":true,"valueName":"search_term_string"}}],"inLanguage":"pt-PT"},{"@type":"Person","@id":"https:\/\/portaltela.pt\/#\/schema\/person\/c4278d4a6028830caff9ee44b42d32ed","name":"Telinha","image":{"@type":"ImageObject","inLanguage":"pt-PT","@id":"https:\/\/portaltela.pt\/s.01k8rhncp4jt1\/2025\/11\/talking-bot-125x125.png","url":"https:\/\/portaltela.pt\/s.01k8rhncp4jt1\/2025\/11\/talking-bot-125x125.png","contentUrl":"https:\/\/portaltela.pt\/s.01k8rhncp4jt1\/2025\/11\/talking-bot-125x125.png","caption":"Telinha"},"sameAs":["https:\/\/portaltela.pt\/"],"url":"https:\/\/portaltela.pt\/por\/367410592786\/"}]}},"_links":{"self":[{"href":"https:\/\/portaltela.pt\/api\/wp\/v2\/posts\/40767","targetHints":{"allow":["GET"]}}],"collection":[{"href":"https:\/\/portaltela.pt\/api\/wp\/v2\/posts"}],"about":[{"href":"https:\/\/portaltela.pt\/api\/wp\/v2\/types\/post"}],"author":[{"embeddable":true,"href":"https:\/\/portaltela.pt\/api\/wp\/v2\/users\/2"}],"replies":[{"embeddable":true,"href":"https:\/\/portaltela.pt\/api\/wp\/v2\/comments?post=40767"}],"version-history":[{"count":0,"href":"https:\/\/portaltela.pt\/api\/wp\/v2\/posts\/40767\/revisions"}],"wp:featuredmedia":[{"embeddable":true,"href":"https:\/\/portaltela.pt\/api\/wp\/v2\/media\/40768"}],"wp:attachment":[{"href":"https:\/\/portaltela.pt\/api\/wp\/v2\/media?parent=40767"}],"wp:term":[{"taxonomy":"category","embeddable":true,"href":"https:\/\/portaltela.pt\/api\/wp\/v2\/categories?post=40767"},{"taxonomy":"post_tag","embeddable":true,"href":"https:\/\/portaltela.pt\/api\/wp\/v2\/tags?post=40767"}],"curies":[{"name":"wp","href":"https:\/\/api.w.org\/{rel}","templated":true}]}}