{"id":407635,"date":"2026-03-12T13:21:00","date_gmt":"2026-03-12T16:21:00","guid":{"rendered":"https:\/\/portaltela.pt\/noticias\/2026\/03\/12\/ladrao-de-viaturas-identificado-pela-videovigilancia-na-baixa-do-porto\/"},"modified":"2026-03-12T13:21:00","modified_gmt":"2026-03-12T16:21:00","slug":"ladrao-de-viaturas-identificado-pela-videovigilancia-na-baixa-do-porto","status":"publish","type":"post","link":"https:\/\/portaltela.pt\/policia\/2026\/03\/12\/ladrao-de-viaturas-identificado-pela-videovigilancia-na-baixa-do-porto\/","title":{"rendered":"Ladr\u00e3o de viaturas identificado pela videovigil\u00e2ncia na Baixa do Porto"},"content":{"rendered":"<p>A PSP deteve, esta quarta-feira, no centro do Porto, um homem de 40 anos, suspeito de furto em interior de viatura. A deten\u00e7\u00e3o foi facilitada pelo sistema de videovigil\u00e2ncia da \u00e1rea. O suspeito ficou em pris\u00e3o preventiva.<\/p>\n<p>A intercepta\u00e7\u00e3o ocorreu na Rua Mouzinho da Silveira, por volta das 21h15. Na posse trazia duas brocas que seriam usadas para arrombar viaturas, bem como documentos pertencentes a outras pessoas.<\/p>\n<p>O suspeito tem registos por crimes da mesma natureza e estava sujeito a medidas de coa\u00e7\u00e3o de apresenta\u00e7\u00f5es peri\u00f3dicas, que n\u00e3o cumpriu. Foi ouvido em primeiro interrogat\u00f3rio judicial e ficou sob pris\u00e3o preventiva.<\/p>\n<h3>Detalhes do caso<\/h3>\n<p>A PSP sublinha que o sistema de videovigil\u00e2ncia teve papel crucial no desfecho, ao permitir monitorizar os movimentos do suspeito e facilitar a deten\u00e7\u00e3o. A investiga\u00e7\u00e3o prossegue para identificar as v\u00edtimas cujos documentos foram encontrados.<\/p>\n","protected":false},"excerpt":{"rendered":"<ul>\n<li>A PSP deteve, no centro do Porto, um homem de 40 anos, por furto em interior de viatura, gra\u00e7as ao sistema de videovigil\u00e2ncia.<\/li>\n<li>Interceptado na Rua Mouzinho da Silveira, perto das 21h15, com duas brocas para arrombar viaturas e documentos de terceiros.<\/li>\n<li>O suspeito possu\u00eda registos por ilicitos da mesma natureza e estava sujeito a medidas de coa\u00e7\u00e3o de apresenta\u00e7\u00f5es peri\u00f3dicas, que nunca cumpriu.<\/li>\n<li>Foi ouvido em primeiro interrogat\u00f3rio judicial e, por isso, lhe foi aplicada a pris\u00e3o preventiva.<\/li>\n<li>A PSP destacou a import\u00e2ncia da videovigil\u00e2ncia no desfecho positivo do caso.<\/li>\n<\/ul>\n","protected":false},"author":2,"featured_media":407644,"comment_status":"closed","ping_status":"closed","sticky":false,"template":"","format":"standard","meta":{"footnotes":""},"categories":[6907,6781],"tags":[147,424,982,1381,6699,2234],"class_list":["post-407635","post","type-post","status-publish","format-standard","has-post-thumbnail","hentry","category-crime","category-policia","tag-crime","tag-furto","tag-porto","tag-psp","tag-viaturas","tag-videovigilancia"],"yoast_head":"<!-- This site is optimized with the Yoast SEO plugin v27.2 - https:\/\/yoast.com\/product\/yoast-seo-wordpress\/ -->\n<title>Ladr\u00e3o de viaturas identificado pela videovigil\u00e2ncia na Baixa do Porto - Portal Tela Portugal<\/title>\n<meta name=\"robots\" content=\"index, follow, max-snippet:-1, max-image-preview:large, max-video-preview:-1\" \/>\n<meta property=\"og:locale\" content=\"pt_PT\" \/>\n<meta property=\"og:type\" content=\"article\" \/>\n<meta property=\"og:title\" content=\"Ladr\u00e3o de viaturas identificado pela videovigil\u00e2ncia na Baixa do Porto - Portal Tela Portugal\" \/>\n<meta property=\"og:description\" content=\"A PSP deteve, no centro do Porto, um homem de 40 anos, por furto em interior de viatura, gra\u00e7as ao sistema de videovigil\u00e2ncia. Interceptado na Rua Mouzinho da Silveira, perto das 21h15, com duas brocas para arrombar viaturas e documentos de terceiros. O suspeito possu\u00eda registos por ilicitos da mesma natureza e estava sujeito a medidas de coa\u00e7\u00e3o de apresenta\u00e7\u00f5es peri\u00f3dicas, que nunca cumpriu. Foi ouvido em primeiro interrogat\u00f3rio judicial e, por isso, lhe foi aplicada a pris\u00e3o preventiva. A PSP destacou a import\u00e2ncia da videovigil\u00e2ncia no desfecho positivo do caso.\" \/>\n<meta property=\"og:url\" content=\"https:\/\/portaltela.pt\/noticias\/2026\/03\/12\/ladrao-de-viaturas-identificado-pela-videovigilancia-na-baixa-do-porto\/\" \/>\n<meta property=\"og:site_name\" content=\"Portal Tela Portugal\" \/>\n<meta property=\"article:published_time\" content=\"2026-03-12T16:21:00+00:00\" \/>\n<meta name=\"author\" content=\"Telinha\" \/>\n<meta name=\"twitter:card\" content=\"summary_large_image\" \/>\n<meta name=\"twitter:label1\" content=\"Escrito por\" \/>\n\t<meta name=\"twitter:data1\" content=\"Telinha\" \/>\n\t<meta name=\"twitter:label2\" content=\"Tempo estimado de leitura\" \/>\n\t<meta name=\"twitter:data2\" content=\"1 minuto\" \/>\n<script type=\"application\/ld+json\" class=\"yoast-schema-graph\">{\"@context\":\"https:\/\/schema.org\",\"@graph\":[{\"@type\":\"Article\",\"@id\":\"https:\/\/portaltela.pt\/noticias\/2026\/03\/12\/ladrao-de-viaturas-identificado-pela-videovigilancia-na-baixa-do-porto\/#article\",\"isPartOf\":{\"@id\":\"https:\/\/portaltela.pt\/noticias\/2026\/03\/12\/ladrao-de-viaturas-identificado-pela-videovigilancia-na-baixa-do-porto\/\"},\"author\":{\"name\":\"Telinha\",\"@id\":\"https:\/\/portaltela.pt\/#\/schema\/person\/c4278d4a6028830caff9ee44b42d32ed\"},\"headline\":\"Ladr\u00e3o de viaturas identificado pela videovigil\u00e2ncia na Baixa do Porto\",\"datePublished\":\"2026-03-12T16:21:00+00:00\",\"mainEntityOfPage\":{\"@id\":\"https:\/\/portaltela.pt\/noticias\/2026\/03\/12\/ladrao-de-viaturas-identificado-pela-videovigilancia-na-baixa-do-porto\/\"},\"wordCount\":163,\"image\":{\"@id\":\"https:\/\/portaltela.pt\/noticias\/2026\/03\/12\/ladrao-de-viaturas-identificado-pela-videovigilancia-na-baixa-do-porto\/#primaryimage\"},\"thumbnailUrl\":\"https:\/\/portaltela.pt\/s.01k8rhncp4jt1\/2026\/03\/image-788.jpg\",\"keywords\":[\"crime\",\"furto\",\"Porto\",\"PSP\",\"viaturas\",\"videovigil\u00e2ncia\"],\"articleSection\":[\"Crime\",\"Pol\u00edcia\"],\"inLanguage\":\"pt-PT\"},{\"@type\":\"WebPage\",\"@id\":\"https:\/\/portaltela.pt\/noticias\/2026\/03\/12\/ladrao-de-viaturas-identificado-pela-videovigilancia-na-baixa-do-porto\/\",\"url\":\"https:\/\/portaltela.pt\/noticias\/2026\/03\/12\/ladrao-de-viaturas-identificado-pela-videovigilancia-na-baixa-do-porto\/\",\"name\":\"Ladr\u00e3o de viaturas identificado pela videovigil\u00e2ncia na Baixa do Porto - Portal Tela Portugal\",\"isPartOf\":{\"@id\":\"https:\/\/portaltela.pt\/#website\"},\"primaryImageOfPage\":{\"@id\":\"https:\/\/portaltela.pt\/noticias\/2026\/03\/12\/ladrao-de-viaturas-identificado-pela-videovigilancia-na-baixa-do-porto\/#primaryimage\"},\"image\":{\"@id\":\"https:\/\/portaltela.pt\/noticias\/2026\/03\/12\/ladrao-de-viaturas-identificado-pela-videovigilancia-na-baixa-do-porto\/#primaryimage\"},\"thumbnailUrl\":\"https:\/\/portaltela.pt\/s.01k8rhncp4jt1\/2026\/03\/image-788.jpg\",\"datePublished\":\"2026-03-12T16:21:00+00:00\",\"author\":{\"@id\":\"https:\/\/portaltela.pt\/#\/schema\/person\/c4278d4a6028830caff9ee44b42d32ed\"},\"breadcrumb\":{\"@id\":\"https:\/\/portaltela.pt\/noticias\/2026\/03\/12\/ladrao-de-viaturas-identificado-pela-videovigilancia-na-baixa-do-porto\/#breadcrumb\"},\"inLanguage\":\"pt-PT\",\"potentialAction\":[{\"@type\":\"ReadAction\",\"target\":[\"https:\/\/portaltela.pt\/noticias\/2026\/03\/12\/ladrao-de-viaturas-identificado-pela-videovigilancia-na-baixa-do-porto\/\"]}]},{\"@type\":\"ImageObject\",\"inLanguage\":\"pt-PT\",\"@id\":\"https:\/\/portaltela.pt\/noticias\/2026\/03\/12\/ladrao-de-viaturas-identificado-pela-videovigilancia-na-baixa-do-porto\/#primaryimage\",\"url\":\"https:\/\/portaltela.pt\/s.01k8rhncp4jt1\/2026\/03\/image-788.jpg\",\"contentUrl\":\"https:\/\/portaltela.pt\/s.01k8rhncp4jt1\/2026\/03\/image-788.jpg\",\"width\":796,\"height\":448,\"caption\":\"Assaltante foi detido na Rua Mouzinho da Silveira\"},{\"@type\":\"BreadcrumbList\",\"@id\":\"https:\/\/portaltela.pt\/noticias\/2026\/03\/12\/ladrao-de-viaturas-identificado-pela-videovigilancia-na-baixa-do-porto\/#breadcrumb\",\"itemListElement\":[{\"@type\":\"ListItem\",\"position\":1,\"name\":\"In\u00edcio\",\"item\":\"https:\/\/portaltela.pt\/\"},{\"@type\":\"ListItem\",\"position\":2,\"name\":\"Ladr\u00e3o de viaturas identificado pela videovigil\u00e2ncia na Baixa do Porto\"}]},{\"@type\":\"WebSite\",\"@id\":\"https:\/\/portaltela.pt\/#website\",\"url\":\"https:\/\/portaltela.pt\/\",\"name\":\"Portal Tela Portugal\",\"description\":\"\",\"potentialAction\":[{\"@type\":\"SearchAction\",\"target\":{\"@type\":\"EntryPoint\",\"urlTemplate\":\"https:\/\/portaltela.pt\/?s={search_term_string}\"},\"query-input\":{\"@type\":\"PropertyValueSpecification\",\"valueRequired\":true,\"valueName\":\"search_term_string\"}}],\"inLanguage\":\"pt-PT\"},{\"@type\":\"Person\",\"@id\":\"https:\/\/portaltela.pt\/#\/schema\/person\/c4278d4a6028830caff9ee44b42d32ed\",\"name\":\"Telinha\",\"image\":{\"@type\":\"ImageObject\",\"inLanguage\":\"pt-PT\",\"@id\":\"https:\/\/portaltela.pt\/s.01k8rhncp4jt1\/2025\/11\/talking-bot-125x125.png\",\"url\":\"https:\/\/portaltela.pt\/s.01k8rhncp4jt1\/2025\/11\/talking-bot-125x125.png\",\"contentUrl\":\"https:\/\/portaltela.pt\/s.01k8rhncp4jt1\/2025\/11\/talking-bot-125x125.png\",\"caption\":\"Telinha\"},\"sameAs\":[\"https:\/\/portaltela.pt\/\"],\"url\":\"https:\/\/portaltela.pt\/por\/367410592786\/\"}]}<\/script>\n<!-- \/ Yoast SEO plugin. -->","yoast_head_json":{"title":"Ladr\u00e3o de viaturas identificado pela videovigil\u00e2ncia na Baixa do Porto - Portal Tela Portugal","robots":{"index":"index","follow":"follow","max-snippet":"max-snippet:-1","max-image-preview":"max-image-preview:large","max-video-preview":"max-video-preview:-1"},"og_locale":"pt_PT","og_type":"article","og_title":"Ladr\u00e3o de viaturas identificado pela videovigil\u00e2ncia na Baixa do Porto - Portal Tela Portugal","og_description":"A PSP deteve, no centro do Porto, um homem de 40 anos, por furto em interior de viatura, gra\u00e7as ao sistema de videovigil\u00e2ncia. Interceptado na Rua Mouzinho da Silveira, perto das 21h15, com duas brocas para arrombar viaturas e documentos de terceiros. O suspeito possu\u00eda registos por ilicitos da mesma natureza e estava sujeito a medidas de coa\u00e7\u00e3o de apresenta\u00e7\u00f5es peri\u00f3dicas, que nunca cumpriu. Foi ouvido em primeiro interrogat\u00f3rio judicial e, por isso, lhe foi aplicada a pris\u00e3o preventiva. A PSP destacou a import\u00e2ncia da videovigil\u00e2ncia no desfecho positivo do caso.","og_url":"https:\/\/portaltela.pt\/noticias\/2026\/03\/12\/ladrao-de-viaturas-identificado-pela-videovigilancia-na-baixa-do-porto\/","og_site_name":"Portal Tela Portugal","article_published_time":"2026-03-12T16:21:00+00:00","author":"Telinha","twitter_card":"summary_large_image","twitter_misc":{"Escrito por":"Telinha","Tempo estimado de leitura":"1 minuto"},"schema":{"@context":"https:\/\/schema.org","@graph":[{"@type":"Article","@id":"https:\/\/portaltela.pt\/noticias\/2026\/03\/12\/ladrao-de-viaturas-identificado-pela-videovigilancia-na-baixa-do-porto\/#article","isPartOf":{"@id":"https:\/\/portaltela.pt\/noticias\/2026\/03\/12\/ladrao-de-viaturas-identificado-pela-videovigilancia-na-baixa-do-porto\/"},"author":{"name":"Telinha","@id":"https:\/\/portaltela.pt\/#\/schema\/person\/c4278d4a6028830caff9ee44b42d32ed"},"headline":"Ladr\u00e3o de viaturas identificado pela videovigil\u00e2ncia na Baixa do Porto","datePublished":"2026-03-12T16:21:00+00:00","mainEntityOfPage":{"@id":"https:\/\/portaltela.pt\/noticias\/2026\/03\/12\/ladrao-de-viaturas-identificado-pela-videovigilancia-na-baixa-do-porto\/"},"wordCount":163,"image":{"@id":"https:\/\/portaltela.pt\/noticias\/2026\/03\/12\/ladrao-de-viaturas-identificado-pela-videovigilancia-na-baixa-do-porto\/#primaryimage"},"thumbnailUrl":"https:\/\/portaltela.pt\/s.01k8rhncp4jt1\/2026\/03\/image-788.jpg","keywords":["crime","furto","Porto","PSP","viaturas","videovigil\u00e2ncia"],"articleSection":["Crime","Pol\u00edcia"],"inLanguage":"pt-PT"},{"@type":"WebPage","@id":"https:\/\/portaltela.pt\/noticias\/2026\/03\/12\/ladrao-de-viaturas-identificado-pela-videovigilancia-na-baixa-do-porto\/","url":"https:\/\/portaltela.pt\/noticias\/2026\/03\/12\/ladrao-de-viaturas-identificado-pela-videovigilancia-na-baixa-do-porto\/","name":"Ladr\u00e3o de viaturas identificado pela videovigil\u00e2ncia na Baixa do Porto - Portal Tela Portugal","isPartOf":{"@id":"https:\/\/portaltela.pt\/#website"},"primaryImageOfPage":{"@id":"https:\/\/portaltela.pt\/noticias\/2026\/03\/12\/ladrao-de-viaturas-identificado-pela-videovigilancia-na-baixa-do-porto\/#primaryimage"},"image":{"@id":"https:\/\/portaltela.pt\/noticias\/2026\/03\/12\/ladrao-de-viaturas-identificado-pela-videovigilancia-na-baixa-do-porto\/#primaryimage"},"thumbnailUrl":"https:\/\/portaltela.pt\/s.01k8rhncp4jt1\/2026\/03\/image-788.jpg","datePublished":"2026-03-12T16:21:00+00:00","author":{"@id":"https:\/\/portaltela.pt\/#\/schema\/person\/c4278d4a6028830caff9ee44b42d32ed"},"breadcrumb":{"@id":"https:\/\/portaltela.pt\/noticias\/2026\/03\/12\/ladrao-de-viaturas-identificado-pela-videovigilancia-na-baixa-do-porto\/#breadcrumb"},"inLanguage":"pt-PT","potentialAction":[{"@type":"ReadAction","target":["https:\/\/portaltela.pt\/noticias\/2026\/03\/12\/ladrao-de-viaturas-identificado-pela-videovigilancia-na-baixa-do-porto\/"]}]},{"@type":"ImageObject","inLanguage":"pt-PT","@id":"https:\/\/portaltela.pt\/noticias\/2026\/03\/12\/ladrao-de-viaturas-identificado-pela-videovigilancia-na-baixa-do-porto\/#primaryimage","url":"https:\/\/portaltela.pt\/s.01k8rhncp4jt1\/2026\/03\/image-788.jpg","contentUrl":"https:\/\/portaltela.pt\/s.01k8rhncp4jt1\/2026\/03\/image-788.jpg","width":796,"height":448,"caption":"Assaltante foi detido na Rua Mouzinho da Silveira"},{"@type":"BreadcrumbList","@id":"https:\/\/portaltela.pt\/noticias\/2026\/03\/12\/ladrao-de-viaturas-identificado-pela-videovigilancia-na-baixa-do-porto\/#breadcrumb","itemListElement":[{"@type":"ListItem","position":1,"name":"In\u00edcio","item":"https:\/\/portaltela.pt\/"},{"@type":"ListItem","position":2,"name":"Ladr\u00e3o de viaturas identificado pela videovigil\u00e2ncia na Baixa do Porto"}]},{"@type":"WebSite","@id":"https:\/\/portaltela.pt\/#website","url":"https:\/\/portaltela.pt\/","name":"Portal Tela Portugal","description":"","potentialAction":[{"@type":"SearchAction","target":{"@type":"EntryPoint","urlTemplate":"https:\/\/portaltela.pt\/?s={search_term_string}"},"query-input":{"@type":"PropertyValueSpecification","valueRequired":true,"valueName":"search_term_string"}}],"inLanguage":"pt-PT"},{"@type":"Person","@id":"https:\/\/portaltela.pt\/#\/schema\/person\/c4278d4a6028830caff9ee44b42d32ed","name":"Telinha","image":{"@type":"ImageObject","inLanguage":"pt-PT","@id":"https:\/\/portaltela.pt\/s.01k8rhncp4jt1\/2025\/11\/talking-bot-125x125.png","url":"https:\/\/portaltela.pt\/s.01k8rhncp4jt1\/2025\/11\/talking-bot-125x125.png","contentUrl":"https:\/\/portaltela.pt\/s.01k8rhncp4jt1\/2025\/11\/talking-bot-125x125.png","caption":"Telinha"},"sameAs":["https:\/\/portaltela.pt\/"],"url":"https:\/\/portaltela.pt\/por\/367410592786\/"}]}},"_links":{"self":[{"href":"https:\/\/portaltela.pt\/api\/wp\/v2\/posts\/407635","targetHints":{"allow":["GET"]}}],"collection":[{"href":"https:\/\/portaltela.pt\/api\/wp\/v2\/posts"}],"about":[{"href":"https:\/\/portaltela.pt\/api\/wp\/v2\/types\/post"}],"author":[{"embeddable":true,"href":"https:\/\/portaltela.pt\/api\/wp\/v2\/users\/2"}],"replies":[{"embeddable":true,"href":"https:\/\/portaltela.pt\/api\/wp\/v2\/comments?post=407635"}],"version-history":[{"count":0,"href":"https:\/\/portaltela.pt\/api\/wp\/v2\/posts\/407635\/revisions"}],"wp:featuredmedia":[{"embeddable":true,"href":"https:\/\/portaltela.pt\/api\/wp\/v2\/media\/407644"}],"wp:attachment":[{"href":"https:\/\/portaltela.pt\/api\/wp\/v2\/media?parent=407635"}],"wp:term":[{"taxonomy":"category","embeddable":true,"href":"https:\/\/portaltela.pt\/api\/wp\/v2\/categories?post=407635"},{"taxonomy":"post_tag","embeddable":true,"href":"https:\/\/portaltela.pt\/api\/wp\/v2\/tags?post=407635"}],"curies":[{"name":"wp","href":"https:\/\/api.w.org\/{rel}","templated":true}]}}