{"id":407625,"date":"2026-03-12T13:26:00","date_gmt":"2026-03-12T16:26:00","guid":{"rendered":"https:\/\/portaltela.pt\/noticias\/2026\/03\/12\/ligas-europeias-exigem-novo-modelo-de-receitas-e-dialogo-com-fifa\/"},"modified":"2026-03-12T13:26:00","modified_gmt":"2026-03-12T16:26:00","slug":"ligas-europeias-exigem-novo-modelo-de-receitas-e-dialogo-com-fifa","status":"publish","type":"post","link":"https:\/\/portaltela.pt\/desporto\/futebol\/2026\/03\/12\/ligas-europeias-exigem-novo-modelo-de-receitas-e-dialogo-com-fifa\/","title":{"rendered":"Ligas europeias exigem novo modelo de receitas e di\u00e1logo com FIFA"},"content":{"rendered":"<p>A Associa\u00e7\u00e3o de Ligas Europeias reuniu-se na sua 52.\u00aa Assembleia Geral (AG) para discutir altera\u00e7\u00f5es na distribui\u00e7\u00e3o de receitas internacionais e uma governa\u00e7\u00e3o mais inclusiva da FIFA. O objetivo \u00e9 proteger o equil\u00edbrio competitivo das ligas nacionais e influenciar o calend\u00e1rio desportivo global. O encontro ocorreu nesta quinta-feira e contou com a presen\u00e7a de representantes de 35 ligas europeias.<\/p>\n<p>Durante a AG foi aprovado um plano estrat\u00e9gico para 2026-2027, com foco na luta contra a pirataria e no refor\u00e7o do di\u00e1logo social. O documento tamb\u00e9m visa preservar o modelo desportivo europeu face a crescentes press\u00f5es financeiras entre os clubes. Aconteceram ainda altera\u00e7\u00f5es estatut\u00e1rias que passam a permitir a participa\u00e7\u00e3o das ligas femininas no Conselho de Administra\u00e7\u00e3o pela primeira vez.<\/p>\n<p>A n\u00edvel interno, ficou assentes avan\u00e7os que permitem a entrada das ligas femininas no Conselho Diretivo, assegurando voz ativa no planeamento estrat\u00e9gico do futebol feminino. O presidente Claudius Sch\u00e4fer sublinhou que a expans\u00e3o do calend\u00e1rio internacional n\u00e3o deve prejudicar as ligas nacionais nem o equil\u00edbrio competitivo.<\/p>\n<p>A organiza\u00e7\u00e3o, que j\u00e1 apresentou uma queixa \u00e0 Comiss\u00e3o Europeia contra a FIFA, em parceria com o FIFPro, refor\u00e7ou a exig\u00eancia de participa\u00e7\u00e3o das ligas na tomada de decis\u00f5es sobre calend\u00e1rios. Sch\u00e4fer afirmou que a FIFA toma decis\u00f5es unilaterais que afetam todo o ecossistema, com pouca responsabiliza\u00e7\u00e3o pelas consequ\u00eancias.<\/p>\n<p>O secret\u00e1rio-geral Alberto Colombo explicou que as mudan\u00e7as na distribui\u00e7\u00e3o de receitas n\u00e3o s\u00e3o radicais e abrangem o modelo de redistribui\u00e7\u00e3o, n\u00e3o apenas os pagamentos de solidariedade. Colombo afirmou que o di\u00e1logo com a FIFA est\u00e1 aberto, ap\u00f3s a reclama\u00e7\u00e3o \u00e0 Comiss\u00e3o Europeia.<\/p>\n<p>Representantes de 35 ligas continentais estiveram presentes, incluindo a participa\u00e7\u00e3o do comiss\u00e1rio europeu para o desporto, Glenn Micallef. O comiss\u00e1rio defendeu a prote\u00e7\u00e3o das ligas nacionais como base da pir\u00e2mide desportiva europeia e solicitou uma governa\u00e7\u00e3o mais inclusiva, com maior participa\u00e7\u00e3o das partes interessadas, comprometendo-se a apoiar a\u00e7\u00f5es contra a pirataria.<\/p>\n","protected":false},"excerpt":{"rendered":"<ul>\n<li>A associa\u00e7\u00e3o de Ligas Europeias pediu um novo modelo de distribui\u00e7\u00e3o de receitas internacionais e um di\u00e1logo mais ativo com a FIFA, para proteger o equil\u00edbrio competitivo das ligas nacionais.<\/li>\n<li>Na 52.\u00aa Assembleia Geral, aprovou um plano estrat\u00e9gico para 2026-2027 centrado na luta contra a pirataria, no refor\u00e7o do di\u00e1logo social e na preserva\u00e7\u00e3o do modelo desportivo europeu.<\/li>\n<li>Altera\u00e7\u00f5es estatut\u00e1rias permitiram, pela primeira vez, a participa\u00e7\u00e3o das ligas femininas no Conselho de Administra\u00e7\u00e3o e no Conselho Diretivo.<\/li>\n<li>O presidente Claudius Sch\u00e4fer afirmou que a expans\u00e3o do calend\u00e1rio internacional n\u00e3o pode ocorrer \u00e0 custa das ligas nacionais, denunciando a canibaliza\u00e7\u00e3o de receitas dos campeonatos internos.<\/li>\n<li>Foi apresentada uma queixa \u00e0 Comiss\u00e3o Europeia, em parceria com o FIFPro, pedindo participa\u00e7\u00e3o das ligas nas decis\u00f5es sobre calend\u00e1rios; a reuni\u00e3o contou com o comiss\u00e1rio europeu para o desporto, que sustentou a necessidade de fortalecer a governan\u00e7a em prol das ligas nacionais.<\/li>\n<\/ul>\n","protected":false},"author":2,"featured_media":407642,"comment_status":"closed","ping_status":"closed","sticky":false,"template":"","format":"standard","meta":{"footnotes":""},"categories":[21,24],"tags":[6115,1638,32,2023,7095,5698],"class_list":["post-407625","post","type-post","status-publish","format-standard","has-post-thumbnail","hentry","category-desporto","category-futebol","tag-_economia","tag-comissao-europeia","tag-futebol","tag-organizacoes-internacionais","tag-pirataria","tag-politica-internacional"],"yoast_head":"<!-- This site is optimized with the Yoast SEO plugin v27.2 - https:\/\/yoast.com\/product\/yoast-seo-wordpress\/ -->\n<title>Ligas europeias exigem novo modelo de receitas e di\u00e1logo com FIFA - Portal Tela Portugal<\/title>\n<meta name=\"robots\" content=\"index, follow, max-snippet:-1, max-image-preview:large, max-video-preview:-1\" \/>\n<meta property=\"og:locale\" content=\"pt_PT\" \/>\n<meta property=\"og:type\" content=\"article\" \/>\n<meta property=\"og:title\" content=\"Ligas europeias exigem novo modelo de receitas e di\u00e1logo com FIFA - Portal Tela Portugal\" \/>\n<meta property=\"og:description\" content=\"A associa\u00e7\u00e3o de Ligas Europeias pediu um novo modelo de distribui\u00e7\u00e3o de receitas internacionais e um di\u00e1logo mais ativo com a FIFA, para proteger o equil\u00edbrio competitivo das ligas nacionais. Na 52.\u00aa Assembleia Geral, aprovou um plano estrat\u00e9gico para 2026-2027 centrado na luta contra a pirataria, no refor\u00e7o do di\u00e1logo social e na preserva\u00e7\u00e3o do modelo desportivo europeu. Altera\u00e7\u00f5es estatut\u00e1rias permitiram, pela primeira vez, a participa\u00e7\u00e3o das ligas femininas no Conselho de Administra\u00e7\u00e3o e no Conselho Diretivo. O presidente Claudius Sch\u00e4fer afirmou que a expans\u00e3o do calend\u00e1rio internacional n\u00e3o pode ocorrer \u00e0 custa das ligas nacionais, denunciando a canibaliza\u00e7\u00e3o de receitas dos campeonatos internos. Foi apresentada uma queixa \u00e0 Comiss\u00e3o Europeia, em parceria com o FIFPro, pedindo participa\u00e7\u00e3o das ligas nas decis\u00f5es sobre calend\u00e1rios; a reuni\u00e3o contou com o comiss\u00e1rio europeu para o desporto, que sustentou a necessidade de fortalecer a governan\u00e7a em prol das ligas nacionais.\" \/>\n<meta property=\"og:url\" content=\"https:\/\/portaltela.pt\/noticias\/2026\/03\/12\/ligas-europeias-exigem-novo-modelo-de-receitas-e-dialogo-com-fifa\/\" \/>\n<meta property=\"og:site_name\" content=\"Portal Tela Portugal\" \/>\n<meta property=\"article:published_time\" content=\"2026-03-12T16:26:00+00:00\" \/>\n<meta name=\"author\" content=\"Telinha\" \/>\n<meta name=\"twitter:card\" content=\"summary_large_image\" \/>\n<meta name=\"twitter:label1\" content=\"Escrito por\" \/>\n\t<meta name=\"twitter:data1\" content=\"Telinha\" \/>\n\t<meta name=\"twitter:label2\" content=\"Tempo estimado de leitura\" \/>\n\t<meta name=\"twitter:data2\" content=\"2 minutos\" \/>\n<script type=\"application\/ld+json\" class=\"yoast-schema-graph\">{\"@context\":\"https:\/\/schema.org\",\"@graph\":[{\"@type\":\"Article\",\"@id\":\"https:\/\/portaltela.pt\/noticias\/2026\/03\/12\/ligas-europeias-exigem-novo-modelo-de-receitas-e-dialogo-com-fifa\/#article\",\"isPartOf\":{\"@id\":\"https:\/\/portaltela.pt\/noticias\/2026\/03\/12\/ligas-europeias-exigem-novo-modelo-de-receitas-e-dialogo-com-fifa\/\"},\"author\":{\"name\":\"Telinha\",\"@id\":\"https:\/\/portaltela.pt\/#\/schema\/person\/c4278d4a6028830caff9ee44b42d32ed\"},\"headline\":\"Ligas europeias exigem novo modelo de receitas e di\u00e1logo com FIFA\",\"datePublished\":\"2026-03-12T16:26:00+00:00\",\"mainEntityOfPage\":{\"@id\":\"https:\/\/portaltela.pt\/noticias\/2026\/03\/12\/ligas-europeias-exigem-novo-modelo-de-receitas-e-dialogo-com-fifa\/\"},\"wordCount\":368,\"image\":{\"@id\":\"https:\/\/portaltela.pt\/noticias\/2026\/03\/12\/ligas-europeias-exigem-novo-modelo-de-receitas-e-dialogo-com-fifa\/#primaryimage\"},\"thumbnailUrl\":\"https:\/\/portaltela.pt\/s.01k8rhncp4jt1\/2026\/03\/image-786.jpg\",\"keywords\":[\"_economia\",\"Comiss\u00e3o Europeia\",\"futebol\",\"organiza\u00e7\u00f5es internacionais\",\"pirataria\",\"pol\u00edtica internacional\"],\"articleSection\":[\"Desporto\",\"Futebol\"],\"inLanguage\":\"pt-PT\"},{\"@type\":\"WebPage\",\"@id\":\"https:\/\/portaltela.pt\/noticias\/2026\/03\/12\/ligas-europeias-exigem-novo-modelo-de-receitas-e-dialogo-com-fifa\/\",\"url\":\"https:\/\/portaltela.pt\/noticias\/2026\/03\/12\/ligas-europeias-exigem-novo-modelo-de-receitas-e-dialogo-com-fifa\/\",\"name\":\"Ligas europeias exigem novo modelo de receitas e di\u00e1logo com FIFA - Portal Tela Portugal\",\"isPartOf\":{\"@id\":\"https:\/\/portaltela.pt\/#website\"},\"primaryImageOfPage\":{\"@id\":\"https:\/\/portaltela.pt\/noticias\/2026\/03\/12\/ligas-europeias-exigem-novo-modelo-de-receitas-e-dialogo-com-fifa\/#primaryimage\"},\"image\":{\"@id\":\"https:\/\/portaltela.pt\/noticias\/2026\/03\/12\/ligas-europeias-exigem-novo-modelo-de-receitas-e-dialogo-com-fifa\/#primaryimage\"},\"thumbnailUrl\":\"https:\/\/portaltela.pt\/s.01k8rhncp4jt1\/2026\/03\/image-786.jpg\",\"datePublished\":\"2026-03-12T16:26:00+00:00\",\"author\":{\"@id\":\"https:\/\/portaltela.pt\/#\/schema\/person\/c4278d4a6028830caff9ee44b42d32ed\"},\"breadcrumb\":{\"@id\":\"https:\/\/portaltela.pt\/noticias\/2026\/03\/12\/ligas-europeias-exigem-novo-modelo-de-receitas-e-dialogo-com-fifa\/#breadcrumb\"},\"inLanguage\":\"pt-PT\",\"potentialAction\":[{\"@type\":\"ReadAction\",\"target\":[\"https:\/\/portaltela.pt\/noticias\/2026\/03\/12\/ligas-europeias-exigem-novo-modelo-de-receitas-e-dialogo-com-fifa\/\"]}]},{\"@type\":\"ImageObject\",\"inLanguage\":\"pt-PT\",\"@id\":\"https:\/\/portaltela.pt\/noticias\/2026\/03\/12\/ligas-europeias-exigem-novo-modelo-de-receitas-e-dialogo-com-fifa\/#primaryimage\",\"url\":\"https:\/\/portaltela.pt\/s.01k8rhncp4jt1\/2026\/03\/image-786.jpg\",\"contentUrl\":\"https:\/\/portaltela.pt\/s.01k8rhncp4jt1\/2026\/03\/image-786.jpg\",\"width\":796,\"height\":448,\"caption\":\"Assembleia Geral das Ligas Europeias\"},{\"@type\":\"BreadcrumbList\",\"@id\":\"https:\/\/portaltela.pt\/noticias\/2026\/03\/12\/ligas-europeias-exigem-novo-modelo-de-receitas-e-dialogo-com-fifa\/#breadcrumb\",\"itemListElement\":[{\"@type\":\"ListItem\",\"position\":1,\"name\":\"In\u00edcio\",\"item\":\"https:\/\/portaltela.pt\/\"},{\"@type\":\"ListItem\",\"position\":2,\"name\":\"Ligas europeias exigem novo modelo de receitas e di\u00e1logo com FIFA\"}]},{\"@type\":\"WebSite\",\"@id\":\"https:\/\/portaltela.pt\/#website\",\"url\":\"https:\/\/portaltela.pt\/\",\"name\":\"Portal Tela Portugal\",\"description\":\"\",\"potentialAction\":[{\"@type\":\"SearchAction\",\"target\":{\"@type\":\"EntryPoint\",\"urlTemplate\":\"https:\/\/portaltela.pt\/?s={search_term_string}\"},\"query-input\":{\"@type\":\"PropertyValueSpecification\",\"valueRequired\":true,\"valueName\":\"search_term_string\"}}],\"inLanguage\":\"pt-PT\"},{\"@type\":\"Person\",\"@id\":\"https:\/\/portaltela.pt\/#\/schema\/person\/c4278d4a6028830caff9ee44b42d32ed\",\"name\":\"Telinha\",\"image\":{\"@type\":\"ImageObject\",\"inLanguage\":\"pt-PT\",\"@id\":\"https:\/\/portaltela.pt\/s.01k8rhncp4jt1\/2025\/11\/talking-bot-125x125.png\",\"url\":\"https:\/\/portaltela.pt\/s.01k8rhncp4jt1\/2025\/11\/talking-bot-125x125.png\",\"contentUrl\":\"https:\/\/portaltela.pt\/s.01k8rhncp4jt1\/2025\/11\/talking-bot-125x125.png\",\"caption\":\"Telinha\"},\"sameAs\":[\"https:\/\/portaltela.pt\/\"],\"url\":\"https:\/\/portaltela.pt\/por\/367410592786\/\"}]}<\/script>\n<!-- \/ Yoast SEO plugin. -->","yoast_head_json":{"title":"Ligas europeias exigem novo modelo de receitas e di\u00e1logo com FIFA - Portal Tela Portugal","robots":{"index":"index","follow":"follow","max-snippet":"max-snippet:-1","max-image-preview":"max-image-preview:large","max-video-preview":"max-video-preview:-1"},"og_locale":"pt_PT","og_type":"article","og_title":"Ligas europeias exigem novo modelo de receitas e di\u00e1logo com FIFA - Portal Tela Portugal","og_description":"A associa\u00e7\u00e3o de Ligas Europeias pediu um novo modelo de distribui\u00e7\u00e3o de receitas internacionais e um di\u00e1logo mais ativo com a FIFA, para proteger o equil\u00edbrio competitivo das ligas nacionais. Na 52.\u00aa Assembleia Geral, aprovou um plano estrat\u00e9gico para 2026-2027 centrado na luta contra a pirataria, no refor\u00e7o do di\u00e1logo social e na preserva\u00e7\u00e3o do modelo desportivo europeu. Altera\u00e7\u00f5es estatut\u00e1rias permitiram, pela primeira vez, a participa\u00e7\u00e3o das ligas femininas no Conselho de Administra\u00e7\u00e3o e no Conselho Diretivo. O presidente Claudius Sch\u00e4fer afirmou que a expans\u00e3o do calend\u00e1rio internacional n\u00e3o pode ocorrer \u00e0 custa das ligas nacionais, denunciando a canibaliza\u00e7\u00e3o de receitas dos campeonatos internos. Foi apresentada uma queixa \u00e0 Comiss\u00e3o Europeia, em parceria com o FIFPro, pedindo participa\u00e7\u00e3o das ligas nas decis\u00f5es sobre calend\u00e1rios; a reuni\u00e3o contou com o comiss\u00e1rio europeu para o desporto, que sustentou a necessidade de fortalecer a governan\u00e7a em prol das ligas nacionais.","og_url":"https:\/\/portaltela.pt\/noticias\/2026\/03\/12\/ligas-europeias-exigem-novo-modelo-de-receitas-e-dialogo-com-fifa\/","og_site_name":"Portal Tela Portugal","article_published_time":"2026-03-12T16:26:00+00:00","author":"Telinha","twitter_card":"summary_large_image","twitter_misc":{"Escrito por":"Telinha","Tempo estimado de leitura":"2 minutos"},"schema":{"@context":"https:\/\/schema.org","@graph":[{"@type":"Article","@id":"https:\/\/portaltela.pt\/noticias\/2026\/03\/12\/ligas-europeias-exigem-novo-modelo-de-receitas-e-dialogo-com-fifa\/#article","isPartOf":{"@id":"https:\/\/portaltela.pt\/noticias\/2026\/03\/12\/ligas-europeias-exigem-novo-modelo-de-receitas-e-dialogo-com-fifa\/"},"author":{"name":"Telinha","@id":"https:\/\/portaltela.pt\/#\/schema\/person\/c4278d4a6028830caff9ee44b42d32ed"},"headline":"Ligas europeias exigem novo modelo de receitas e di\u00e1logo com FIFA","datePublished":"2026-03-12T16:26:00+00:00","mainEntityOfPage":{"@id":"https:\/\/portaltela.pt\/noticias\/2026\/03\/12\/ligas-europeias-exigem-novo-modelo-de-receitas-e-dialogo-com-fifa\/"},"wordCount":368,"image":{"@id":"https:\/\/portaltela.pt\/noticias\/2026\/03\/12\/ligas-europeias-exigem-novo-modelo-de-receitas-e-dialogo-com-fifa\/#primaryimage"},"thumbnailUrl":"https:\/\/portaltela.pt\/s.01k8rhncp4jt1\/2026\/03\/image-786.jpg","keywords":["_economia","Comiss\u00e3o Europeia","futebol","organiza\u00e7\u00f5es internacionais","pirataria","pol\u00edtica internacional"],"articleSection":["Desporto","Futebol"],"inLanguage":"pt-PT"},{"@type":"WebPage","@id":"https:\/\/portaltela.pt\/noticias\/2026\/03\/12\/ligas-europeias-exigem-novo-modelo-de-receitas-e-dialogo-com-fifa\/","url":"https:\/\/portaltela.pt\/noticias\/2026\/03\/12\/ligas-europeias-exigem-novo-modelo-de-receitas-e-dialogo-com-fifa\/","name":"Ligas europeias exigem novo modelo de receitas e di\u00e1logo com FIFA - Portal Tela Portugal","isPartOf":{"@id":"https:\/\/portaltela.pt\/#website"},"primaryImageOfPage":{"@id":"https:\/\/portaltela.pt\/noticias\/2026\/03\/12\/ligas-europeias-exigem-novo-modelo-de-receitas-e-dialogo-com-fifa\/#primaryimage"},"image":{"@id":"https:\/\/portaltela.pt\/noticias\/2026\/03\/12\/ligas-europeias-exigem-novo-modelo-de-receitas-e-dialogo-com-fifa\/#primaryimage"},"thumbnailUrl":"https:\/\/portaltela.pt\/s.01k8rhncp4jt1\/2026\/03\/image-786.jpg","datePublished":"2026-03-12T16:26:00+00:00","author":{"@id":"https:\/\/portaltela.pt\/#\/schema\/person\/c4278d4a6028830caff9ee44b42d32ed"},"breadcrumb":{"@id":"https:\/\/portaltela.pt\/noticias\/2026\/03\/12\/ligas-europeias-exigem-novo-modelo-de-receitas-e-dialogo-com-fifa\/#breadcrumb"},"inLanguage":"pt-PT","potentialAction":[{"@type":"ReadAction","target":["https:\/\/portaltela.pt\/noticias\/2026\/03\/12\/ligas-europeias-exigem-novo-modelo-de-receitas-e-dialogo-com-fifa\/"]}]},{"@type":"ImageObject","inLanguage":"pt-PT","@id":"https:\/\/portaltela.pt\/noticias\/2026\/03\/12\/ligas-europeias-exigem-novo-modelo-de-receitas-e-dialogo-com-fifa\/#primaryimage","url":"https:\/\/portaltela.pt\/s.01k8rhncp4jt1\/2026\/03\/image-786.jpg","contentUrl":"https:\/\/portaltela.pt\/s.01k8rhncp4jt1\/2026\/03\/image-786.jpg","width":796,"height":448,"caption":"Assembleia Geral das Ligas Europeias"},{"@type":"BreadcrumbList","@id":"https:\/\/portaltela.pt\/noticias\/2026\/03\/12\/ligas-europeias-exigem-novo-modelo-de-receitas-e-dialogo-com-fifa\/#breadcrumb","itemListElement":[{"@type":"ListItem","position":1,"name":"In\u00edcio","item":"https:\/\/portaltela.pt\/"},{"@type":"ListItem","position":2,"name":"Ligas europeias exigem novo modelo de receitas e di\u00e1logo com FIFA"}]},{"@type":"WebSite","@id":"https:\/\/portaltela.pt\/#website","url":"https:\/\/portaltela.pt\/","name":"Portal Tela Portugal","description":"","potentialAction":[{"@type":"SearchAction","target":{"@type":"EntryPoint","urlTemplate":"https:\/\/portaltela.pt\/?s={search_term_string}"},"query-input":{"@type":"PropertyValueSpecification","valueRequired":true,"valueName":"search_term_string"}}],"inLanguage":"pt-PT"},{"@type":"Person","@id":"https:\/\/portaltela.pt\/#\/schema\/person\/c4278d4a6028830caff9ee44b42d32ed","name":"Telinha","image":{"@type":"ImageObject","inLanguage":"pt-PT","@id":"https:\/\/portaltela.pt\/s.01k8rhncp4jt1\/2025\/11\/talking-bot-125x125.png","url":"https:\/\/portaltela.pt\/s.01k8rhncp4jt1\/2025\/11\/talking-bot-125x125.png","contentUrl":"https:\/\/portaltela.pt\/s.01k8rhncp4jt1\/2025\/11\/talking-bot-125x125.png","caption":"Telinha"},"sameAs":["https:\/\/portaltela.pt\/"],"url":"https:\/\/portaltela.pt\/por\/367410592786\/"}]}},"_links":{"self":[{"href":"https:\/\/portaltela.pt\/api\/wp\/v2\/posts\/407625","targetHints":{"allow":["GET"]}}],"collection":[{"href":"https:\/\/portaltela.pt\/api\/wp\/v2\/posts"}],"about":[{"href":"https:\/\/portaltela.pt\/api\/wp\/v2\/types\/post"}],"author":[{"embeddable":true,"href":"https:\/\/portaltela.pt\/api\/wp\/v2\/users\/2"}],"replies":[{"embeddable":true,"href":"https:\/\/portaltela.pt\/api\/wp\/v2\/comments?post=407625"}],"version-history":[{"count":0,"href":"https:\/\/portaltela.pt\/api\/wp\/v2\/posts\/407625\/revisions"}],"wp:featuredmedia":[{"embeddable":true,"href":"https:\/\/portaltela.pt\/api\/wp\/v2\/media\/407642"}],"wp:attachment":[{"href":"https:\/\/portaltela.pt\/api\/wp\/v2\/media?parent=407625"}],"wp:term":[{"taxonomy":"category","embeddable":true,"href":"https:\/\/portaltela.pt\/api\/wp\/v2\/categories?post=407625"},{"taxonomy":"post_tag","embeddable":true,"href":"https:\/\/portaltela.pt\/api\/wp\/v2\/tags?post=407625"}],"curies":[{"name":"wp","href":"https:\/\/api.w.org\/{rel}","templated":true}]}}