{"id":407613,"date":"2026-03-12T13:23:00","date_gmt":"2026-03-12T16:23:00","guid":{"rendered":"https:\/\/portaltela.pt\/noticias\/2026\/03\/12\/uefa-abre-processo-disciplinar-a-pedro-neto-por-comportamento-antidesportivo\/"},"modified":"2026-03-12T13:23:00","modified_gmt":"2026-03-12T16:23:00","slug":"uefa-abre-processo-disciplinar-a-pedro-neto-por-comportamento-antidesportivo","status":"publish","type":"post","link":"https:\/\/portaltela.pt\/desporto\/futebol\/2026\/03\/12\/uefa-abre-processo-disciplinar-a-pedro-neto-por-comportamento-antidesportivo\/","title":{"rendered":"UEFA abre processo disciplinar a Pedro Neto por comportamento antidesportivo"},"content":{"rendered":"<p>A UEFA abriu um processo disciplinar a Pedro Neto, internacional portugu\u00eas que atua pelo Chelsea, por comportamento antidesportivo no jogo contra o Paris Saint-Germain, na Liga dos Campe\u00f5es. O an\u00fancio foi feito esta quinta-feira pela entidade que gere o futebol europeu.<\/p>\n<p>O processo foi instaurado por violar o Regulamento Disciplinar da UEFA, artigo 15.\u00ba, n.\u00ba 1, al\u00ednea a), subal\u00ednea v). O epis\u00f3dio ocorreu na primeira m\u00e3o dos oitavos de final, no Parc des Princes, em Paris, envolvendo um empurr\u00e3o a um apanha-bolas da equipa francesa.<\/p>\n<p>No final da partida, que terminou com a vit\u00f3ria do PSG por 5-2, Neto pediu desculpa ao apanha-bolas e explicou, numa conversa ap\u00f3s o jogo, que o empurr\u00e3o resultou do momento de jogo e da press\u00e3o pela recupera\u00e7\u00e3o da bola. O extremo tamb\u00e9m revelou ter oferecido a camisola ao rapaz.<\/p>\n<h3>Desdobramentos<\/h3>\n<p>A segunda m\u00e3o est\u00e1 marcada para ter\u00e7a-feira, \u00e0s 20:00, em Stamford Bridge, com o Chelsea a tentar inverter a eliminat\u00f3ria frente ao atual campe\u00e3o europeu. No plantel do PSG aparecem os internacionais lusos Nuno Mendes, Vitinha, Jo\u00e3o Neves e Gon\u00e7alo Ramos.<\/p>\n<p>Neto foi quem fez a assist\u00eancia para o golo de Enzo Fern\u00e1ndez na partida de Paris. O Chelsea parte com a miss\u00e3o de reverter a desvantagem de dois golos no agregado para seguir na prova.<\/p>\n","protected":false},"excerpt":{"rendered":"<ul>\n<li>A UEFA abriu um processo disciplinar ao internacional portugu\u00eas Pedro Neto, jogador do Chelsea, por comportamento antidesportivo no jogo frente ao Paris Saint-Germain.<\/li>\n<li>O incidente aconteceu na primeira m\u00e3o dos oitavos de final da Liga dos Campe\u00f5es, quando Neto empurrou um apanha-bolas da equipa francesa.<\/li>\n<li>No final da partida, disputada em Paris, o PSG venceu por 5-2; Neto pediu desculpa ao apanha-bolas e explicou que, na impuls\u00e3o do momento, acabou por lhe tocar.<\/li>\n<li>Neto realizou a assist\u00eancia para o golo de Enzo Fern\u00e1ndez durante o encontro.<\/li>\n<li>A segunda m\u00e3o est\u00e1 marcada para ter\u00e7a-feira, \u00e0s 20:00, em Stamford Bridge, com o Chelsea a tentar a reviravolta frente ao atual campe\u00e3o europeu.<\/li>\n<\/ul>\n","protected":false},"author":2,"featured_media":407627,"comment_status":"closed","ping_status":"closed","sticky":false,"template":"","format":"standard","meta":{"footnotes":""},"categories":[21,24],"tags":[3577,2164,111,1964,32,1982],"class_list":["post-407613","post","type-post","status-publish","format-standard","has-post-thumbnail","hentry","category-desporto","category-futebol","tag-champions-league","tag-chelsea","tag-comportamento","tag-conduta","tag-futebol","tag-paris-saint-germain"],"yoast_head":"<!-- This site is optimized with the Yoast SEO plugin v27.2 - https:\/\/yoast.com\/product\/yoast-seo-wordpress\/ -->\n<title>UEFA abre processo disciplinar a Pedro Neto por comportamento antidesportivo - Portal Tela Portugal<\/title>\n<meta name=\"robots\" content=\"index, follow, max-snippet:-1, max-image-preview:large, max-video-preview:-1\" \/>\n<meta property=\"og:locale\" content=\"pt_PT\" \/>\n<meta property=\"og:type\" content=\"article\" \/>\n<meta property=\"og:title\" content=\"UEFA abre processo disciplinar a Pedro Neto por comportamento antidesportivo - Portal Tela Portugal\" \/>\n<meta property=\"og:description\" content=\"A UEFA abriu um processo disciplinar ao internacional portugu\u00eas Pedro Neto, jogador do Chelsea, por comportamento antidesportivo no jogo frente ao Paris Saint-Germain. O incidente aconteceu na primeira m\u00e3o dos oitavos de final da Liga dos Campe\u00f5es, quando Neto empurrou um apanha-bolas da equipa francesa. No final da partida, disputada em Paris, o PSG venceu por 5-2; Neto pediu desculpa ao apanha-bolas e explicou que, na impuls\u00e3o do momento, acabou por lhe tocar. Neto realizou a assist\u00eancia para o golo de Enzo Fern\u00e1ndez durante o encontro. A segunda m\u00e3o est\u00e1 marcada para ter\u00e7a-feira, \u00e0s 20:00, em Stamford Bridge, com o Chelsea a tentar a reviravolta frente ao atual campe\u00e3o europeu.\" \/>\n<meta property=\"og:url\" content=\"https:\/\/portaltela.pt\/noticias\/2026\/03\/12\/uefa-abre-processo-disciplinar-a-pedro-neto-por-comportamento-antidesportivo\/\" \/>\n<meta property=\"og:site_name\" content=\"Portal Tela Portugal\" \/>\n<meta property=\"article:published_time\" content=\"2026-03-12T16:23:00+00:00\" \/>\n<meta name=\"author\" content=\"Telinha\" \/>\n<meta name=\"twitter:card\" content=\"summary_large_image\" \/>\n<meta name=\"twitter:label1\" content=\"Escrito por\" \/>\n\t<meta name=\"twitter:data1\" content=\"Telinha\" \/>\n\t<meta name=\"twitter:label2\" content=\"Tempo estimado de leitura\" \/>\n\t<meta name=\"twitter:data2\" content=\"1 minuto\" \/>\n<script type=\"application\/ld+json\" class=\"yoast-schema-graph\">{\"@context\":\"https:\/\/schema.org\",\"@graph\":[{\"@type\":\"Article\",\"@id\":\"https:\/\/portaltela.pt\/noticias\/2026\/03\/12\/uefa-abre-processo-disciplinar-a-pedro-neto-por-comportamento-antidesportivo\/#article\",\"isPartOf\":{\"@id\":\"https:\/\/portaltela.pt\/noticias\/2026\/03\/12\/uefa-abre-processo-disciplinar-a-pedro-neto-por-comportamento-antidesportivo\/\"},\"author\":{\"name\":\"Telinha\",\"@id\":\"https:\/\/portaltela.pt\/#\/schema\/person\/c4278d4a6028830caff9ee44b42d32ed\"},\"headline\":\"UEFA abre processo disciplinar a Pedro Neto por comportamento antidesportivo\",\"datePublished\":\"2026-03-12T16:23:00+00:00\",\"mainEntityOfPage\":{\"@id\":\"https:\/\/portaltela.pt\/noticias\/2026\/03\/12\/uefa-abre-processo-disciplinar-a-pedro-neto-por-comportamento-antidesportivo\/\"},\"wordCount\":242,\"image\":{\"@id\":\"https:\/\/portaltela.pt\/noticias\/2026\/03\/12\/uefa-abre-processo-disciplinar-a-pedro-neto-por-comportamento-antidesportivo\/#primaryimage\"},\"thumbnailUrl\":\"https:\/\/portaltela.pt\/s.01k8rhncp4jt1\/2026\/03\/image-784.jpg\",\"keywords\":[\"Champions League\",\"Chelsea\",\"comportamento\",\"conduta\",\"futebol\",\"Paris Saint-Germain\"],\"articleSection\":[\"Desporto\",\"Futebol\"],\"inLanguage\":\"pt-PT\"},{\"@type\":\"WebPage\",\"@id\":\"https:\/\/portaltela.pt\/noticias\/2026\/03\/12\/uefa-abre-processo-disciplinar-a-pedro-neto-por-comportamento-antidesportivo\/\",\"url\":\"https:\/\/portaltela.pt\/noticias\/2026\/03\/12\/uefa-abre-processo-disciplinar-a-pedro-neto-por-comportamento-antidesportivo\/\",\"name\":\"UEFA abre processo disciplinar a Pedro Neto por comportamento antidesportivo - Portal Tela Portugal\",\"isPartOf\":{\"@id\":\"https:\/\/portaltela.pt\/#website\"},\"primaryImageOfPage\":{\"@id\":\"https:\/\/portaltela.pt\/noticias\/2026\/03\/12\/uefa-abre-processo-disciplinar-a-pedro-neto-por-comportamento-antidesportivo\/#primaryimage\"},\"image\":{\"@id\":\"https:\/\/portaltela.pt\/noticias\/2026\/03\/12\/uefa-abre-processo-disciplinar-a-pedro-neto-por-comportamento-antidesportivo\/#primaryimage\"},\"thumbnailUrl\":\"https:\/\/portaltela.pt\/s.01k8rhncp4jt1\/2026\/03\/image-784.jpg\",\"datePublished\":\"2026-03-12T16:23:00+00:00\",\"author\":{\"@id\":\"https:\/\/portaltela.pt\/#\/schema\/person\/c4278d4a6028830caff9ee44b42d32ed\"},\"breadcrumb\":{\"@id\":\"https:\/\/portaltela.pt\/noticias\/2026\/03\/12\/uefa-abre-processo-disciplinar-a-pedro-neto-por-comportamento-antidesportivo\/#breadcrumb\"},\"inLanguage\":\"pt-PT\",\"potentialAction\":[{\"@type\":\"ReadAction\",\"target\":[\"https:\/\/portaltela.pt\/noticias\/2026\/03\/12\/uefa-abre-processo-disciplinar-a-pedro-neto-por-comportamento-antidesportivo\/\"]}]},{\"@type\":\"ImageObject\",\"inLanguage\":\"pt-PT\",\"@id\":\"https:\/\/portaltela.pt\/noticias\/2026\/03\/12\/uefa-abre-processo-disciplinar-a-pedro-neto-por-comportamento-antidesportivo\/#primaryimage\",\"url\":\"https:\/\/portaltela.pt\/s.01k8rhncp4jt1\/2026\/03\/image-784.jpg\",\"contentUrl\":\"https:\/\/portaltela.pt\/s.01k8rhncp4jt1\/2026\/03\/image-784.jpg\",\"width\":796,\"height\":448,\"caption\":\"Pedro Neto no jogo contra o PSG\"},{\"@type\":\"BreadcrumbList\",\"@id\":\"https:\/\/portaltela.pt\/noticias\/2026\/03\/12\/uefa-abre-processo-disciplinar-a-pedro-neto-por-comportamento-antidesportivo\/#breadcrumb\",\"itemListElement\":[{\"@type\":\"ListItem\",\"position\":1,\"name\":\"In\u00edcio\",\"item\":\"https:\/\/portaltela.pt\/\"},{\"@type\":\"ListItem\",\"position\":2,\"name\":\"UEFA abre processo disciplinar a Pedro Neto por comportamento antidesportivo\"}]},{\"@type\":\"WebSite\",\"@id\":\"https:\/\/portaltela.pt\/#website\",\"url\":\"https:\/\/portaltela.pt\/\",\"name\":\"Portal Tela Portugal\",\"description\":\"\",\"potentialAction\":[{\"@type\":\"SearchAction\",\"target\":{\"@type\":\"EntryPoint\",\"urlTemplate\":\"https:\/\/portaltela.pt\/?s={search_term_string}\"},\"query-input\":{\"@type\":\"PropertyValueSpecification\",\"valueRequired\":true,\"valueName\":\"search_term_string\"}}],\"inLanguage\":\"pt-PT\"},{\"@type\":\"Person\",\"@id\":\"https:\/\/portaltela.pt\/#\/schema\/person\/c4278d4a6028830caff9ee44b42d32ed\",\"name\":\"Telinha\",\"image\":{\"@type\":\"ImageObject\",\"inLanguage\":\"pt-PT\",\"@id\":\"https:\/\/portaltela.pt\/s.01k8rhncp4jt1\/2025\/11\/talking-bot-125x125.png\",\"url\":\"https:\/\/portaltela.pt\/s.01k8rhncp4jt1\/2025\/11\/talking-bot-125x125.png\",\"contentUrl\":\"https:\/\/portaltela.pt\/s.01k8rhncp4jt1\/2025\/11\/talking-bot-125x125.png\",\"caption\":\"Telinha\"},\"sameAs\":[\"https:\/\/portaltela.pt\/\"],\"url\":\"https:\/\/portaltela.pt\/por\/367410592786\/\"}]}<\/script>\n<!-- \/ Yoast SEO plugin. -->","yoast_head_json":{"title":"UEFA abre processo disciplinar a Pedro Neto por comportamento antidesportivo - Portal Tela Portugal","robots":{"index":"index","follow":"follow","max-snippet":"max-snippet:-1","max-image-preview":"max-image-preview:large","max-video-preview":"max-video-preview:-1"},"og_locale":"pt_PT","og_type":"article","og_title":"UEFA abre processo disciplinar a Pedro Neto por comportamento antidesportivo - Portal Tela Portugal","og_description":"A UEFA abriu um processo disciplinar ao internacional portugu\u00eas Pedro Neto, jogador do Chelsea, por comportamento antidesportivo no jogo frente ao Paris Saint-Germain. O incidente aconteceu na primeira m\u00e3o dos oitavos de final da Liga dos Campe\u00f5es, quando Neto empurrou um apanha-bolas da equipa francesa. No final da partida, disputada em Paris, o PSG venceu por 5-2; Neto pediu desculpa ao apanha-bolas e explicou que, na impuls\u00e3o do momento, acabou por lhe tocar. Neto realizou a assist\u00eancia para o golo de Enzo Fern\u00e1ndez durante o encontro. A segunda m\u00e3o est\u00e1 marcada para ter\u00e7a-feira, \u00e0s 20:00, em Stamford Bridge, com o Chelsea a tentar a reviravolta frente ao atual campe\u00e3o europeu.","og_url":"https:\/\/portaltela.pt\/noticias\/2026\/03\/12\/uefa-abre-processo-disciplinar-a-pedro-neto-por-comportamento-antidesportivo\/","og_site_name":"Portal Tela Portugal","article_published_time":"2026-03-12T16:23:00+00:00","author":"Telinha","twitter_card":"summary_large_image","twitter_misc":{"Escrito por":"Telinha","Tempo estimado de leitura":"1 minuto"},"schema":{"@context":"https:\/\/schema.org","@graph":[{"@type":"Article","@id":"https:\/\/portaltela.pt\/noticias\/2026\/03\/12\/uefa-abre-processo-disciplinar-a-pedro-neto-por-comportamento-antidesportivo\/#article","isPartOf":{"@id":"https:\/\/portaltela.pt\/noticias\/2026\/03\/12\/uefa-abre-processo-disciplinar-a-pedro-neto-por-comportamento-antidesportivo\/"},"author":{"name":"Telinha","@id":"https:\/\/portaltela.pt\/#\/schema\/person\/c4278d4a6028830caff9ee44b42d32ed"},"headline":"UEFA abre processo disciplinar a Pedro Neto por comportamento antidesportivo","datePublished":"2026-03-12T16:23:00+00:00","mainEntityOfPage":{"@id":"https:\/\/portaltela.pt\/noticias\/2026\/03\/12\/uefa-abre-processo-disciplinar-a-pedro-neto-por-comportamento-antidesportivo\/"},"wordCount":242,"image":{"@id":"https:\/\/portaltela.pt\/noticias\/2026\/03\/12\/uefa-abre-processo-disciplinar-a-pedro-neto-por-comportamento-antidesportivo\/#primaryimage"},"thumbnailUrl":"https:\/\/portaltela.pt\/s.01k8rhncp4jt1\/2026\/03\/image-784.jpg","keywords":["Champions League","Chelsea","comportamento","conduta","futebol","Paris Saint-Germain"],"articleSection":["Desporto","Futebol"],"inLanguage":"pt-PT"},{"@type":"WebPage","@id":"https:\/\/portaltela.pt\/noticias\/2026\/03\/12\/uefa-abre-processo-disciplinar-a-pedro-neto-por-comportamento-antidesportivo\/","url":"https:\/\/portaltela.pt\/noticias\/2026\/03\/12\/uefa-abre-processo-disciplinar-a-pedro-neto-por-comportamento-antidesportivo\/","name":"UEFA abre processo disciplinar a Pedro Neto por comportamento antidesportivo - Portal Tela Portugal","isPartOf":{"@id":"https:\/\/portaltela.pt\/#website"},"primaryImageOfPage":{"@id":"https:\/\/portaltela.pt\/noticias\/2026\/03\/12\/uefa-abre-processo-disciplinar-a-pedro-neto-por-comportamento-antidesportivo\/#primaryimage"},"image":{"@id":"https:\/\/portaltela.pt\/noticias\/2026\/03\/12\/uefa-abre-processo-disciplinar-a-pedro-neto-por-comportamento-antidesportivo\/#primaryimage"},"thumbnailUrl":"https:\/\/portaltela.pt\/s.01k8rhncp4jt1\/2026\/03\/image-784.jpg","datePublished":"2026-03-12T16:23:00+00:00","author":{"@id":"https:\/\/portaltela.pt\/#\/schema\/person\/c4278d4a6028830caff9ee44b42d32ed"},"breadcrumb":{"@id":"https:\/\/portaltela.pt\/noticias\/2026\/03\/12\/uefa-abre-processo-disciplinar-a-pedro-neto-por-comportamento-antidesportivo\/#breadcrumb"},"inLanguage":"pt-PT","potentialAction":[{"@type":"ReadAction","target":["https:\/\/portaltela.pt\/noticias\/2026\/03\/12\/uefa-abre-processo-disciplinar-a-pedro-neto-por-comportamento-antidesportivo\/"]}]},{"@type":"ImageObject","inLanguage":"pt-PT","@id":"https:\/\/portaltela.pt\/noticias\/2026\/03\/12\/uefa-abre-processo-disciplinar-a-pedro-neto-por-comportamento-antidesportivo\/#primaryimage","url":"https:\/\/portaltela.pt\/s.01k8rhncp4jt1\/2026\/03\/image-784.jpg","contentUrl":"https:\/\/portaltela.pt\/s.01k8rhncp4jt1\/2026\/03\/image-784.jpg","width":796,"height":448,"caption":"Pedro Neto no jogo contra o PSG"},{"@type":"BreadcrumbList","@id":"https:\/\/portaltela.pt\/noticias\/2026\/03\/12\/uefa-abre-processo-disciplinar-a-pedro-neto-por-comportamento-antidesportivo\/#breadcrumb","itemListElement":[{"@type":"ListItem","position":1,"name":"In\u00edcio","item":"https:\/\/portaltela.pt\/"},{"@type":"ListItem","position":2,"name":"UEFA abre processo disciplinar a Pedro Neto por comportamento antidesportivo"}]},{"@type":"WebSite","@id":"https:\/\/portaltela.pt\/#website","url":"https:\/\/portaltela.pt\/","name":"Portal Tela Portugal","description":"","potentialAction":[{"@type":"SearchAction","target":{"@type":"EntryPoint","urlTemplate":"https:\/\/portaltela.pt\/?s={search_term_string}"},"query-input":{"@type":"PropertyValueSpecification","valueRequired":true,"valueName":"search_term_string"}}],"inLanguage":"pt-PT"},{"@type":"Person","@id":"https:\/\/portaltela.pt\/#\/schema\/person\/c4278d4a6028830caff9ee44b42d32ed","name":"Telinha","image":{"@type":"ImageObject","inLanguage":"pt-PT","@id":"https:\/\/portaltela.pt\/s.01k8rhncp4jt1\/2025\/11\/talking-bot-125x125.png","url":"https:\/\/portaltela.pt\/s.01k8rhncp4jt1\/2025\/11\/talking-bot-125x125.png","contentUrl":"https:\/\/portaltela.pt\/s.01k8rhncp4jt1\/2025\/11\/talking-bot-125x125.png","caption":"Telinha"},"sameAs":["https:\/\/portaltela.pt\/"],"url":"https:\/\/portaltela.pt\/por\/367410592786\/"}]}},"_links":{"self":[{"href":"https:\/\/portaltela.pt\/api\/wp\/v2\/posts\/407613","targetHints":{"allow":["GET"]}}],"collection":[{"href":"https:\/\/portaltela.pt\/api\/wp\/v2\/posts"}],"about":[{"href":"https:\/\/portaltela.pt\/api\/wp\/v2\/types\/post"}],"author":[{"embeddable":true,"href":"https:\/\/portaltela.pt\/api\/wp\/v2\/users\/2"}],"replies":[{"embeddable":true,"href":"https:\/\/portaltela.pt\/api\/wp\/v2\/comments?post=407613"}],"version-history":[{"count":0,"href":"https:\/\/portaltela.pt\/api\/wp\/v2\/posts\/407613\/revisions"}],"wp:featuredmedia":[{"embeddable":true,"href":"https:\/\/portaltela.pt\/api\/wp\/v2\/media\/407627"}],"wp:attachment":[{"href":"https:\/\/portaltela.pt\/api\/wp\/v2\/media?parent=407613"}],"wp:term":[{"taxonomy":"category","embeddable":true,"href":"https:\/\/portaltela.pt\/api\/wp\/v2\/categories?post=407613"},{"taxonomy":"post_tag","embeddable":true,"href":"https:\/\/portaltela.pt\/api\/wp\/v2\/tags?post=407613"}],"curies":[{"name":"wp","href":"https:\/\/api.w.org\/{rel}","templated":true}]}}