{"id":407609,"date":"2026-03-12T13:20:00","date_gmt":"2026-03-12T16:20:00","guid":{"rendered":"https:\/\/portaltela.pt\/noticias\/2026\/03\/12\/trump-afirma-que-o-irao-nao-deve-disputar-o-mundial-de-2026-por-seguranca\/"},"modified":"2026-03-12T13:20:00","modified_gmt":"2026-03-12T16:20:00","slug":"trump-afirma-que-o-irao-nao-deve-disputar-o-mundial-de-2026-por-seguranca","status":"publish","type":"post","link":"https:\/\/portaltela.pt\/desporto\/copa-do-mundo\/2026\/03\/12\/trump-afirma-que-o-irao-nao-deve-disputar-o-mundial-de-2026-por-seguranca\/","title":{"rendered":"Trump afirma que o Ir\u00e3o n\u00e3o deve disputar o Mundial de 2026 por seguran\u00e7a"},"content":{"rendered":"<p>Donald Trump publicou na sua rede Truth Social uma posi\u00e7\u00e3o sobre a participa\u00e7\u00e3o do Ir\u00e3o no Mundial&#8217;2026, afirmando que a presen\u00e7a da sele\u00e7\u00e3o iraniana pode colocar em risco a seguran\u00e7a dos atletas. O presidente norte-americano indicou que, embora o Ir\u00e3o seja bem-vindo no pa\u00eds anfitri\u00e3o, a participa\u00e7\u00e3o n\u00e3o seria apropriada para a prote\u00e7\u00e3o das vidas dos jogadores.<\/p>\n<p>O pr\u00f3prio Ir\u00e3o n\u00e3o confirmou hoje a participa\u00e7\u00e3o. O ministro dos Desportos, Ahmad Donyamali, disse que as condi\u00e7\u00f5es para o pa\u00eds competir no torneio n\u00e3o estavam reunidas, sugerindo uma poss\u00edvel decis\u00e3o de n\u00e3o se apetrechar para a competi\u00e7\u00e3o.<\/p>\n<h3>Contexto do Mundial 2026<\/h3>\n<p>O Mundial de Futebol de 2026 realiza-se em v\u00e1rias cidades da Am\u00e9rica do Norte. O Ir\u00e3o ainda n\u00e3o anunciou oficialmente a sua posi\u00e7\u00e3o final relativamente \u00e0 presen\u00e7a no torneio, em meio a d\u00favidas sobre log\u00edstica, seguran\u00e7a e prepara\u00e7\u00e3o da equipa.<\/p>\n<p>A situa\u00e7\u00e3o mant\u00e9m-se sem declara\u00e7\u00f5es adicionais por parte de \u00f3rg\u00e3os oficiais iranianos. N\u00e3o foram divulgadas informa\u00e7\u00f5es sobre apoios ou contrapartidas para viabilizar a participa\u00e7\u00e3o.<\/p>\n","protected":false},"excerpt":{"rendered":"<ul>\n<li>Donald Trump afirmou na Truth Social que a sele\u00e7\u00e3o de futebol do Ir\u00e3o \u00e9 bem-vinda ao Mundial de 2026, mas n\u00e3o \u00e9 apropriado t\u00ea-la no torneio por quest\u00f5es de seguran\u00e7a.<\/li>\n<li>O presidente dos EUA disse que a presen\u00e7a iraniana pode colocar em risco a vida dos jogadores.<\/li>\n<li>O ministro dos Desportos do Ir\u00e3o, Ahmad Donyamali, declarou que n\u00e3o est\u00e3o reunidas condi\u00e7\u00f5es para o pa\u00eds participar no Mundial de 2026, e abriu a hip\u00f3tese de boicote.<\/li>\n<li>A posi\u00e7\u00e3o do Ir\u00e3o coincide com sinais de cautela sobre a participa\u00e7\u00e3o na competi\u00e7\u00e3o.<\/li>\n<li>A situa\u00e7\u00e3o mant\u00e9m-se sem confirma\u00e7\u00e3o oficial sobre a presen\u00e7a do Ir\u00e3o no Mundial de 2026.<\/li>\n<\/ul>\n","protected":false},"author":2,"featured_media":407610,"comment_status":"closed","ping_status":"closed","sticky":false,"template":"","format":"standard","meta":{"footnotes":""},"categories":[6695,21],"tags":[6367,32,3327,6754,4536,4222],"class_list":["post-407609","post","type-post","status-publish","format-standard","has-post-thumbnail","hentry","category-copa-do-mundo","category-desporto","tag-copa2026","tag-futebol","tag-iran","tag-participacao-internacional","tag-seguranca","tag-seguranca-internacional"],"yoast_head":"<!-- This site is optimized with the Yoast SEO plugin v27.2 - https:\/\/yoast.com\/product\/yoast-seo-wordpress\/ -->\n<title>Trump afirma que o Ir\u00e3o n\u00e3o deve disputar o Mundial de 2026 por seguran\u00e7a - Portal Tela Portugal<\/title>\n<meta name=\"robots\" content=\"index, follow, max-snippet:-1, max-image-preview:large, max-video-preview:-1\" \/>\n<meta property=\"og:locale\" content=\"pt_PT\" \/>\n<meta property=\"og:type\" content=\"article\" \/>\n<meta property=\"og:title\" content=\"Trump afirma que o Ir\u00e3o n\u00e3o deve disputar o Mundial de 2026 por seguran\u00e7a - Portal Tela Portugal\" \/>\n<meta property=\"og:description\" content=\"Donald Trump afirmou na Truth Social que a sele\u00e7\u00e3o de futebol do Ir\u00e3o \u00e9 bem-vinda ao Mundial de 2026, mas n\u00e3o \u00e9 apropriado t\u00ea-la no torneio por quest\u00f5es de seguran\u00e7a. O presidente dos EUA disse que a presen\u00e7a iraniana pode colocar em risco a vida dos jogadores. O ministro dos Desportos do Ir\u00e3o, Ahmad Donyamali, declarou que n\u00e3o est\u00e3o reunidas condi\u00e7\u00f5es para o pa\u00eds participar no Mundial de 2026, e abriu a hip\u00f3tese de boicote. A posi\u00e7\u00e3o do Ir\u00e3o coincide com sinais de cautela sobre a participa\u00e7\u00e3o na competi\u00e7\u00e3o. A situa\u00e7\u00e3o mant\u00e9m-se sem confirma\u00e7\u00e3o oficial sobre a presen\u00e7a do Ir\u00e3o no Mundial de 2026.\" \/>\n<meta property=\"og:url\" content=\"https:\/\/portaltela.pt\/noticias\/2026\/03\/12\/trump-afirma-que-o-irao-nao-deve-disputar-o-mundial-de-2026-por-seguranca\/\" \/>\n<meta property=\"og:site_name\" content=\"Portal Tela Portugal\" \/>\n<meta property=\"article:published_time\" content=\"2026-03-12T16:20:00+00:00\" \/>\n<meta name=\"author\" content=\"Telinha\" \/>\n<meta name=\"twitter:card\" content=\"summary_large_image\" \/>\n<meta name=\"twitter:label1\" content=\"Escrito por\" \/>\n\t<meta name=\"twitter:data1\" content=\"Telinha\" \/>\n\t<meta name=\"twitter:label2\" content=\"Tempo estimado de leitura\" \/>\n\t<meta name=\"twitter:data2\" content=\"1 minuto\" \/>\n<script type=\"application\/ld+json\" class=\"yoast-schema-graph\">{\"@context\":\"https:\/\/schema.org\",\"@graph\":[{\"@type\":\"Article\",\"@id\":\"https:\/\/portaltela.pt\/noticias\/2026\/03\/12\/trump-afirma-que-o-irao-nao-deve-disputar-o-mundial-de-2026-por-seguranca\/#article\",\"isPartOf\":{\"@id\":\"https:\/\/portaltela.pt\/noticias\/2026\/03\/12\/trump-afirma-que-o-irao-nao-deve-disputar-o-mundial-de-2026-por-seguranca\/\"},\"author\":{\"name\":\"Telinha\",\"@id\":\"https:\/\/portaltela.pt\/#\/schema\/person\/c4278d4a6028830caff9ee44b42d32ed\"},\"headline\":\"Trump afirma que o Ir\u00e3o n\u00e3o deve disputar o Mundial de 2026 por seguran\u00e7a\",\"datePublished\":\"2026-03-12T16:20:00+00:00\",\"mainEntityOfPage\":{\"@id\":\"https:\/\/portaltela.pt\/noticias\/2026\/03\/12\/trump-afirma-que-o-irao-nao-deve-disputar-o-mundial-de-2026-por-seguranca\/\"},\"wordCount\":216,\"image\":{\"@id\":\"https:\/\/portaltela.pt\/noticias\/2026\/03\/12\/trump-afirma-que-o-irao-nao-deve-disputar-o-mundial-de-2026-por-seguranca\/#primaryimage\"},\"thumbnailUrl\":\"https:\/\/portaltela.pt\/s.01k8rhncp4jt1\/2026\/03\/img_1500x1000uu2026-03-10-12-01-33-2271521.jpg\",\"keywords\":[\"#copa2026\",\"futebol\",\"\u00cdr\u00e1n\",\"participa\u00e7\u00e3o internacional\",\"seguran\u00e7a\",\"seguran\u00e7a internacional\"],\"articleSection\":[\"Copa do Mundo\",\"Desporto\"],\"inLanguage\":\"pt-PT\"},{\"@type\":\"WebPage\",\"@id\":\"https:\/\/portaltela.pt\/noticias\/2026\/03\/12\/trump-afirma-que-o-irao-nao-deve-disputar-o-mundial-de-2026-por-seguranca\/\",\"url\":\"https:\/\/portaltela.pt\/noticias\/2026\/03\/12\/trump-afirma-que-o-irao-nao-deve-disputar-o-mundial-de-2026-por-seguranca\/\",\"name\":\"Trump afirma que o Ir\u00e3o n\u00e3o deve disputar o Mundial de 2026 por seguran\u00e7a - Portal Tela Portugal\",\"isPartOf\":{\"@id\":\"https:\/\/portaltela.pt\/#website\"},\"primaryImageOfPage\":{\"@id\":\"https:\/\/portaltela.pt\/noticias\/2026\/03\/12\/trump-afirma-que-o-irao-nao-deve-disputar-o-mundial-de-2026-por-seguranca\/#primaryimage\"},\"image\":{\"@id\":\"https:\/\/portaltela.pt\/noticias\/2026\/03\/12\/trump-afirma-que-o-irao-nao-deve-disputar-o-mundial-de-2026-por-seguranca\/#primaryimage\"},\"thumbnailUrl\":\"https:\/\/portaltela.pt\/s.01k8rhncp4jt1\/2026\/03\/img_1500x1000uu2026-03-10-12-01-33-2271521.jpg\",\"datePublished\":\"2026-03-12T16:20:00+00:00\",\"author\":{\"@id\":\"https:\/\/portaltela.pt\/#\/schema\/person\/c4278d4a6028830caff9ee44b42d32ed\"},\"breadcrumb\":{\"@id\":\"https:\/\/portaltela.pt\/noticias\/2026\/03\/12\/trump-afirma-que-o-irao-nao-deve-disputar-o-mundial-de-2026-por-seguranca\/#breadcrumb\"},\"inLanguage\":\"pt-PT\",\"potentialAction\":[{\"@type\":\"ReadAction\",\"target\":[\"https:\/\/portaltela.pt\/noticias\/2026\/03\/12\/trump-afirma-que-o-irao-nao-deve-disputar-o-mundial-de-2026-por-seguranca\/\"]}]},{\"@type\":\"ImageObject\",\"inLanguage\":\"pt-PT\",\"@id\":\"https:\/\/portaltela.pt\/noticias\/2026\/03\/12\/trump-afirma-que-o-irao-nao-deve-disputar-o-mundial-de-2026-por-seguranca\/#primaryimage\",\"url\":\"https:\/\/portaltela.pt\/s.01k8rhncp4jt1\/2026\/03\/img_1500x1000uu2026-03-10-12-01-33-2271521.jpg\",\"contentUrl\":\"https:\/\/portaltela.pt\/s.01k8rhncp4jt1\/2026\/03\/img_1500x1000uu2026-03-10-12-01-33-2271521.jpg\",\"width\":796,\"height\":448,\"caption\":\"Trump aborda amea\u00e7a do Ir\u00e3o\"},{\"@type\":\"BreadcrumbList\",\"@id\":\"https:\/\/portaltela.pt\/noticias\/2026\/03\/12\/trump-afirma-que-o-irao-nao-deve-disputar-o-mundial-de-2026-por-seguranca\/#breadcrumb\",\"itemListElement\":[{\"@type\":\"ListItem\",\"position\":1,\"name\":\"In\u00edcio\",\"item\":\"https:\/\/portaltela.pt\/\"},{\"@type\":\"ListItem\",\"position\":2,\"name\":\"Trump afirma que o Ir\u00e3o n\u00e3o deve disputar o Mundial de 2026 por seguran\u00e7a\"}]},{\"@type\":\"WebSite\",\"@id\":\"https:\/\/portaltela.pt\/#website\",\"url\":\"https:\/\/portaltela.pt\/\",\"name\":\"Portal Tela Portugal\",\"description\":\"\",\"potentialAction\":[{\"@type\":\"SearchAction\",\"target\":{\"@type\":\"EntryPoint\",\"urlTemplate\":\"https:\/\/portaltela.pt\/?s={search_term_string}\"},\"query-input\":{\"@type\":\"PropertyValueSpecification\",\"valueRequired\":true,\"valueName\":\"search_term_string\"}}],\"inLanguage\":\"pt-PT\"},{\"@type\":\"Person\",\"@id\":\"https:\/\/portaltela.pt\/#\/schema\/person\/c4278d4a6028830caff9ee44b42d32ed\",\"name\":\"Telinha\",\"image\":{\"@type\":\"ImageObject\",\"inLanguage\":\"pt-PT\",\"@id\":\"https:\/\/portaltela.pt\/s.01k8rhncp4jt1\/2025\/11\/talking-bot-125x125.png\",\"url\":\"https:\/\/portaltela.pt\/s.01k8rhncp4jt1\/2025\/11\/talking-bot-125x125.png\",\"contentUrl\":\"https:\/\/portaltela.pt\/s.01k8rhncp4jt1\/2025\/11\/talking-bot-125x125.png\",\"caption\":\"Telinha\"},\"sameAs\":[\"https:\/\/portaltela.pt\/\"],\"url\":\"https:\/\/portaltela.pt\/por\/367410592786\/\"}]}<\/script>\n<!-- \/ Yoast SEO plugin. -->","yoast_head_json":{"title":"Trump afirma que o Ir\u00e3o n\u00e3o deve disputar o Mundial de 2026 por seguran\u00e7a - Portal Tela Portugal","robots":{"index":"index","follow":"follow","max-snippet":"max-snippet:-1","max-image-preview":"max-image-preview:large","max-video-preview":"max-video-preview:-1"},"og_locale":"pt_PT","og_type":"article","og_title":"Trump afirma que o Ir\u00e3o n\u00e3o deve disputar o Mundial de 2026 por seguran\u00e7a - Portal Tela Portugal","og_description":"Donald Trump afirmou na Truth Social que a sele\u00e7\u00e3o de futebol do Ir\u00e3o \u00e9 bem-vinda ao Mundial de 2026, mas n\u00e3o \u00e9 apropriado t\u00ea-la no torneio por quest\u00f5es de seguran\u00e7a. O presidente dos EUA disse que a presen\u00e7a iraniana pode colocar em risco a vida dos jogadores. O ministro dos Desportos do Ir\u00e3o, Ahmad Donyamali, declarou que n\u00e3o est\u00e3o reunidas condi\u00e7\u00f5es para o pa\u00eds participar no Mundial de 2026, e abriu a hip\u00f3tese de boicote. A posi\u00e7\u00e3o do Ir\u00e3o coincide com sinais de cautela sobre a participa\u00e7\u00e3o na competi\u00e7\u00e3o. A situa\u00e7\u00e3o mant\u00e9m-se sem confirma\u00e7\u00e3o oficial sobre a presen\u00e7a do Ir\u00e3o no Mundial de 2026.","og_url":"https:\/\/portaltela.pt\/noticias\/2026\/03\/12\/trump-afirma-que-o-irao-nao-deve-disputar-o-mundial-de-2026-por-seguranca\/","og_site_name":"Portal Tela Portugal","article_published_time":"2026-03-12T16:20:00+00:00","author":"Telinha","twitter_card":"summary_large_image","twitter_misc":{"Escrito por":"Telinha","Tempo estimado de leitura":"1 minuto"},"schema":{"@context":"https:\/\/schema.org","@graph":[{"@type":"Article","@id":"https:\/\/portaltela.pt\/noticias\/2026\/03\/12\/trump-afirma-que-o-irao-nao-deve-disputar-o-mundial-de-2026-por-seguranca\/#article","isPartOf":{"@id":"https:\/\/portaltela.pt\/noticias\/2026\/03\/12\/trump-afirma-que-o-irao-nao-deve-disputar-o-mundial-de-2026-por-seguranca\/"},"author":{"name":"Telinha","@id":"https:\/\/portaltela.pt\/#\/schema\/person\/c4278d4a6028830caff9ee44b42d32ed"},"headline":"Trump afirma que o Ir\u00e3o n\u00e3o deve disputar o Mundial de 2026 por seguran\u00e7a","datePublished":"2026-03-12T16:20:00+00:00","mainEntityOfPage":{"@id":"https:\/\/portaltela.pt\/noticias\/2026\/03\/12\/trump-afirma-que-o-irao-nao-deve-disputar-o-mundial-de-2026-por-seguranca\/"},"wordCount":216,"image":{"@id":"https:\/\/portaltela.pt\/noticias\/2026\/03\/12\/trump-afirma-que-o-irao-nao-deve-disputar-o-mundial-de-2026-por-seguranca\/#primaryimage"},"thumbnailUrl":"https:\/\/portaltela.pt\/s.01k8rhncp4jt1\/2026\/03\/img_1500x1000uu2026-03-10-12-01-33-2271521.jpg","keywords":["#copa2026","futebol","\u00cdr\u00e1n","participa\u00e7\u00e3o internacional","seguran\u00e7a","seguran\u00e7a internacional"],"articleSection":["Copa do Mundo","Desporto"],"inLanguage":"pt-PT"},{"@type":"WebPage","@id":"https:\/\/portaltela.pt\/noticias\/2026\/03\/12\/trump-afirma-que-o-irao-nao-deve-disputar-o-mundial-de-2026-por-seguranca\/","url":"https:\/\/portaltela.pt\/noticias\/2026\/03\/12\/trump-afirma-que-o-irao-nao-deve-disputar-o-mundial-de-2026-por-seguranca\/","name":"Trump afirma que o Ir\u00e3o n\u00e3o deve disputar o Mundial de 2026 por seguran\u00e7a - Portal Tela Portugal","isPartOf":{"@id":"https:\/\/portaltela.pt\/#website"},"primaryImageOfPage":{"@id":"https:\/\/portaltela.pt\/noticias\/2026\/03\/12\/trump-afirma-que-o-irao-nao-deve-disputar-o-mundial-de-2026-por-seguranca\/#primaryimage"},"image":{"@id":"https:\/\/portaltela.pt\/noticias\/2026\/03\/12\/trump-afirma-que-o-irao-nao-deve-disputar-o-mundial-de-2026-por-seguranca\/#primaryimage"},"thumbnailUrl":"https:\/\/portaltela.pt\/s.01k8rhncp4jt1\/2026\/03\/img_1500x1000uu2026-03-10-12-01-33-2271521.jpg","datePublished":"2026-03-12T16:20:00+00:00","author":{"@id":"https:\/\/portaltela.pt\/#\/schema\/person\/c4278d4a6028830caff9ee44b42d32ed"},"breadcrumb":{"@id":"https:\/\/portaltela.pt\/noticias\/2026\/03\/12\/trump-afirma-que-o-irao-nao-deve-disputar-o-mundial-de-2026-por-seguranca\/#breadcrumb"},"inLanguage":"pt-PT","potentialAction":[{"@type":"ReadAction","target":["https:\/\/portaltela.pt\/noticias\/2026\/03\/12\/trump-afirma-que-o-irao-nao-deve-disputar-o-mundial-de-2026-por-seguranca\/"]}]},{"@type":"ImageObject","inLanguage":"pt-PT","@id":"https:\/\/portaltela.pt\/noticias\/2026\/03\/12\/trump-afirma-que-o-irao-nao-deve-disputar-o-mundial-de-2026-por-seguranca\/#primaryimage","url":"https:\/\/portaltela.pt\/s.01k8rhncp4jt1\/2026\/03\/img_1500x1000uu2026-03-10-12-01-33-2271521.jpg","contentUrl":"https:\/\/portaltela.pt\/s.01k8rhncp4jt1\/2026\/03\/img_1500x1000uu2026-03-10-12-01-33-2271521.jpg","width":796,"height":448,"caption":"Trump aborda amea\u00e7a do Ir\u00e3o"},{"@type":"BreadcrumbList","@id":"https:\/\/portaltela.pt\/noticias\/2026\/03\/12\/trump-afirma-que-o-irao-nao-deve-disputar-o-mundial-de-2026-por-seguranca\/#breadcrumb","itemListElement":[{"@type":"ListItem","position":1,"name":"In\u00edcio","item":"https:\/\/portaltela.pt\/"},{"@type":"ListItem","position":2,"name":"Trump afirma que o Ir\u00e3o n\u00e3o deve disputar o Mundial de 2026 por seguran\u00e7a"}]},{"@type":"WebSite","@id":"https:\/\/portaltela.pt\/#website","url":"https:\/\/portaltela.pt\/","name":"Portal Tela Portugal","description":"","potentialAction":[{"@type":"SearchAction","target":{"@type":"EntryPoint","urlTemplate":"https:\/\/portaltela.pt\/?s={search_term_string}"},"query-input":{"@type":"PropertyValueSpecification","valueRequired":true,"valueName":"search_term_string"}}],"inLanguage":"pt-PT"},{"@type":"Person","@id":"https:\/\/portaltela.pt\/#\/schema\/person\/c4278d4a6028830caff9ee44b42d32ed","name":"Telinha","image":{"@type":"ImageObject","inLanguage":"pt-PT","@id":"https:\/\/portaltela.pt\/s.01k8rhncp4jt1\/2025\/11\/talking-bot-125x125.png","url":"https:\/\/portaltela.pt\/s.01k8rhncp4jt1\/2025\/11\/talking-bot-125x125.png","contentUrl":"https:\/\/portaltela.pt\/s.01k8rhncp4jt1\/2025\/11\/talking-bot-125x125.png","caption":"Telinha"},"sameAs":["https:\/\/portaltela.pt\/"],"url":"https:\/\/portaltela.pt\/por\/367410592786\/"}]}},"_links":{"self":[{"href":"https:\/\/portaltela.pt\/api\/wp\/v2\/posts\/407609","targetHints":{"allow":["GET"]}}],"collection":[{"href":"https:\/\/portaltela.pt\/api\/wp\/v2\/posts"}],"about":[{"href":"https:\/\/portaltela.pt\/api\/wp\/v2\/types\/post"}],"author":[{"embeddable":true,"href":"https:\/\/portaltela.pt\/api\/wp\/v2\/users\/2"}],"replies":[{"embeddable":true,"href":"https:\/\/portaltela.pt\/api\/wp\/v2\/comments?post=407609"}],"version-history":[{"count":0,"href":"https:\/\/portaltela.pt\/api\/wp\/v2\/posts\/407609\/revisions"}],"wp:featuredmedia":[{"embeddable":true,"href":"https:\/\/portaltela.pt\/api\/wp\/v2\/media\/407610"}],"wp:attachment":[{"href":"https:\/\/portaltela.pt\/api\/wp\/v2\/media?parent=407609"}],"wp:term":[{"taxonomy":"category","embeddable":true,"href":"https:\/\/portaltela.pt\/api\/wp\/v2\/categories?post=407609"},{"taxonomy":"post_tag","embeddable":true,"href":"https:\/\/portaltela.pt\/api\/wp\/v2\/tags?post=407609"}],"curies":[{"name":"wp","href":"https:\/\/api.w.org\/{rel}","templated":true}]}}