{"id":407599,"date":"2026-03-12T13:06:00","date_gmt":"2026-03-12T16:06:00","guid":{"rendered":"https:\/\/portaltela.pt\/noticias\/2026\/03\/12\/graham-potter-mantem-vinculo-com-a-selecao-sueca-ate-2030\/"},"modified":"2026-03-12T13:06:00","modified_gmt":"2026-03-12T16:06:00","slug":"graham-potter-mantem-vinculo-com-a-selecao-sueca-ate-2030","status":"publish","type":"post","link":"https:\/\/portaltela.pt\/desporto\/futebol\/2026\/03\/12\/graham-potter-mantem-vinculo-com-a-selecao-sueca-ate-2030\/","title":{"rendered":"Graham Potter mant\u00e9m v\u00ednculo com a sele\u00e7\u00e3o sueca at\u00e9 2030"},"content":{"rendered":"<p>Graham Potter renovou hoje o contrato com a sele\u00e7\u00e3o sueca at\u00e9 2030, mantendo o t\u00e9cnico ingl\u00eas no cargo a duas semanas do in\u00edcio dos playoffs de qualifica\u00e7\u00e3o para o Mundial de 2026. A not\u00edcia foi divulgada pela Federa\u00e7\u00e3o Sueca de Futebol.<\/p>\n<p>O acordo chega ap\u00f3s a nomea\u00e7\u00e3o de Potter em outubro de 2025, sucedendo Jon Dahl Tomasson. O contrato inicial previa apenas os dois \u00faltimos jogos da fase de qualifica\u00e7\u00e3o e a repescagem, j\u00e1 com a Su\u00e9cia eliminada.<\/p>\n<p>Kim K\u00e4llstr\u00f6m, antigo jogador e atual diretor da sele\u00e7\u00e3o, elogiou em comunicado a personalidade e a atitude profissional do treinador. Potter j\u00e1 dirigiu a Su\u00e9cia em dois jogos, sem vit\u00f3ria: derrota 4-1 com a Su\u00ed\u00e7a e empate 1-1 com a Eslov\u00e9nia.<\/p>\n<h3>Playoff para o Mundial<\/h3>\n<p>A Su\u00e9cia enfrenta a Ucr\u00e2nia em Val\u00eancia, a 26 de mar\u00e7o. Caso avance, o advers\u00e1rio sair\u00e1 do duelo entre Pol\u00f4nia e Alb\u00e2nia, a realizar em Estocolmo.<\/p>\n<p>O Mundial de 2026 ser\u00e1 disputado nos Estados Unidos, no M\u00e9xico e no Canad\u00e1, entre 11 de junho e 19 de julho. A sele\u00e7\u00e3o sueca segue na luta pelo apuramento ap\u00f3s vencer o grupo na Liga das Na\u00e7\u00f5es.<\/p>\n","protected":false},"excerpt":{"rendered":"<ul>\n<li>Graham Potter renovou o contrato com a sele\u00e7\u00e3o sueca at\u00e9 2030, dois semanas antes do in\u00edcio dos playoffs para o Mundial de 2026.<\/li>\n<li>O acordo foi anunciado pela Federa\u00e7\u00e3o Sueca; Potter assinou no final de outubro de 2025, substituindo Jon Dahl Tomasson.<\/li>\n<li>O treinador brit\u00e2nico j\u00e1 orientou a Su\u00e9cia em dois jogos, com uma derrota frente \u00e0 Su\u00ed\u00e7a e um empate com a Eslov\u00e9nia.<\/li>\n<li>Na fase de qualifica\u00e7\u00e3o, a Su\u00e9cia encara a Ucr\u00e2nia em Val\u00eancia no dia 26 de mar\u00e7o; se avan\u00e7ar, defronta o vencedor de Pol\u00f3nia vs Alb\u00e2nia em Estocolmo.<\/li>\n<li>Tomasson esteve no cargo por um ano e meio, tendo sido despedido em meados de outubro ap\u00f3s resultados fracos; a Su\u00e9cia procura o apuramento para o Mundial 2026 ap\u00f3s vencer o grupo na Liga das Na\u00e7\u00f5es.<\/li>\n<\/ul>\n","protected":false},"author":2,"featured_media":407608,"comment_status":"closed","ping_status":"closed","sticky":false,"template":"","format":"standard","meta":{"footnotes":""},"categories":[21,24],"tags":[32,3338,2011,2057,3212,2477],"class_list":["post-407599","post","type-post","status-publish","format-standard","has-post-thumbnail","hentry","category-desporto","category-futebol","tag-futebol","tag-futebol-internacional","tag-liga-das-nacoes","tag-selecao-nacional","tag-selecoes-internacionais","tag-treinadores"],"yoast_head":"<!-- This site is optimized with the Yoast SEO plugin v27.2 - https:\/\/yoast.com\/product\/yoast-seo-wordpress\/ -->\n<title>Graham Potter mant\u00e9m v\u00ednculo com a sele\u00e7\u00e3o sueca at\u00e9 2030 - Portal Tela Portugal<\/title>\n<meta name=\"robots\" content=\"index, follow, max-snippet:-1, max-image-preview:large, max-video-preview:-1\" \/>\n<meta property=\"og:locale\" content=\"pt_PT\" \/>\n<meta property=\"og:type\" content=\"article\" \/>\n<meta property=\"og:title\" content=\"Graham Potter mant\u00e9m v\u00ednculo com a sele\u00e7\u00e3o sueca at\u00e9 2030 - Portal Tela Portugal\" \/>\n<meta property=\"og:description\" content=\"Graham Potter renovou o contrato com a sele\u00e7\u00e3o sueca at\u00e9 2030, dois semanas antes do in\u00edcio dos playoffs para o Mundial de 2026. O acordo foi anunciado pela Federa\u00e7\u00e3o Sueca; Potter assinou no final de outubro de 2025, substituindo Jon Dahl Tomasson. O treinador brit\u00e2nico j\u00e1 orientou a Su\u00e9cia em dois jogos, com uma derrota frente \u00e0 Su\u00ed\u00e7a e um empate com a Eslov\u00e9nia. Na fase de qualifica\u00e7\u00e3o, a Su\u00e9cia encara a Ucr\u00e2nia em Val\u00eancia no dia 26 de mar\u00e7o; se avan\u00e7ar, defronta o vencedor de Pol\u00f3nia vs Alb\u00e2nia em Estocolmo. Tomasson esteve no cargo por um ano e meio, tendo sido despedido em meados de outubro ap\u00f3s resultados fracos; a Su\u00e9cia procura o apuramento para o Mundial 2026 ap\u00f3s vencer o grupo na Liga das Na\u00e7\u00f5es.\" \/>\n<meta property=\"og:url\" content=\"https:\/\/portaltela.pt\/noticias\/2026\/03\/12\/graham-potter-mantem-vinculo-com-a-selecao-sueca-ate-2030\/\" \/>\n<meta property=\"og:site_name\" content=\"Portal Tela Portugal\" \/>\n<meta property=\"article:published_time\" content=\"2026-03-12T16:06:00+00:00\" \/>\n<meta name=\"author\" content=\"Telinha\" \/>\n<meta name=\"twitter:card\" content=\"summary_large_image\" \/>\n<meta name=\"twitter:label1\" content=\"Escrito por\" \/>\n\t<meta name=\"twitter:data1\" content=\"Telinha\" \/>\n\t<meta name=\"twitter:label2\" content=\"Tempo estimado de leitura\" \/>\n\t<meta name=\"twitter:data2\" content=\"1 minuto\" \/>\n<script type=\"application\/ld+json\" class=\"yoast-schema-graph\">{\"@context\":\"https:\/\/schema.org\",\"@graph\":[{\"@type\":\"Article\",\"@id\":\"https:\/\/portaltela.pt\/noticias\/2026\/03\/12\/graham-potter-mantem-vinculo-com-a-selecao-sueca-ate-2030\/#article\",\"isPartOf\":{\"@id\":\"https:\/\/portaltela.pt\/noticias\/2026\/03\/12\/graham-potter-mantem-vinculo-com-a-selecao-sueca-ate-2030\/\"},\"author\":{\"name\":\"Telinha\",\"@id\":\"https:\/\/portaltela.pt\/#\/schema\/person\/c4278d4a6028830caff9ee44b42d32ed\"},\"headline\":\"Graham Potter mant\u00e9m v\u00ednculo com a sele\u00e7\u00e3o sueca at\u00e9 2030\",\"datePublished\":\"2026-03-12T16:06:00+00:00\",\"mainEntityOfPage\":{\"@id\":\"https:\/\/portaltela.pt\/noticias\/2026\/03\/12\/graham-potter-mantem-vinculo-com-a-selecao-sueca-ate-2030\/\"},\"wordCount\":221,\"image\":{\"@id\":\"https:\/\/portaltela.pt\/noticias\/2026\/03\/12\/graham-potter-mantem-vinculo-com-a-selecao-sueca-ate-2030\/#primaryimage\"},\"thumbnailUrl\":\"https:\/\/portaltela.pt\/s.01k8rhncp4jt1\/2026\/03\/img_920x518uu2026-03-12-16-06-03-2426461.jpg\",\"keywords\":[\"futebol\",\"futebol internacional\",\"Liga das Na\u00e7\u00f5es\",\"Sele\u00e7\u00e3o Nacional\",\"sele\u00e7\u00f5es internacionais\",\"treinadores\"],\"articleSection\":[\"Desporto\",\"Futebol\"],\"inLanguage\":\"pt-PT\"},{\"@type\":\"WebPage\",\"@id\":\"https:\/\/portaltela.pt\/noticias\/2026\/03\/12\/graham-potter-mantem-vinculo-com-a-selecao-sueca-ate-2030\/\",\"url\":\"https:\/\/portaltela.pt\/noticias\/2026\/03\/12\/graham-potter-mantem-vinculo-com-a-selecao-sueca-ate-2030\/\",\"name\":\"Graham Potter mant\u00e9m v\u00ednculo com a sele\u00e7\u00e3o sueca at\u00e9 2030 - Portal Tela Portugal\",\"isPartOf\":{\"@id\":\"https:\/\/portaltela.pt\/#website\"},\"primaryImageOfPage\":{\"@id\":\"https:\/\/portaltela.pt\/noticias\/2026\/03\/12\/graham-potter-mantem-vinculo-com-a-selecao-sueca-ate-2030\/#primaryimage\"},\"image\":{\"@id\":\"https:\/\/portaltela.pt\/noticias\/2026\/03\/12\/graham-potter-mantem-vinculo-com-a-selecao-sueca-ate-2030\/#primaryimage\"},\"thumbnailUrl\":\"https:\/\/portaltela.pt\/s.01k8rhncp4jt1\/2026\/03\/img_920x518uu2026-03-12-16-06-03-2426461.jpg\",\"datePublished\":\"2026-03-12T16:06:00+00:00\",\"author\":{\"@id\":\"https:\/\/portaltela.pt\/#\/schema\/person\/c4278d4a6028830caff9ee44b42d32ed\"},\"breadcrumb\":{\"@id\":\"https:\/\/portaltela.pt\/noticias\/2026\/03\/12\/graham-potter-mantem-vinculo-com-a-selecao-sueca-ate-2030\/#breadcrumb\"},\"inLanguage\":\"pt-PT\",\"potentialAction\":[{\"@type\":\"ReadAction\",\"target\":[\"https:\/\/portaltela.pt\/noticias\/2026\/03\/12\/graham-potter-mantem-vinculo-com-a-selecao-sueca-ate-2030\/\"]}]},{\"@type\":\"ImageObject\",\"inLanguage\":\"pt-PT\",\"@id\":\"https:\/\/portaltela.pt\/noticias\/2026\/03\/12\/graham-potter-mantem-vinculo-com-a-selecao-sueca-ate-2030\/#primaryimage\",\"url\":\"https:\/\/portaltela.pt\/s.01k8rhncp4jt1\/2026\/03\/img_920x518uu2026-03-12-16-06-03-2426461.jpg\",\"contentUrl\":\"https:\/\/portaltela.pt\/s.01k8rhncp4jt1\/2026\/03\/img_920x518uu2026-03-12-16-06-03-2426461.jpg\",\"width\":796,\"height\":448,\"caption\":\"Graham Potter renova contrato com a sele\u00e7\u00e3o sueca at\u00e9 2030\"},{\"@type\":\"BreadcrumbList\",\"@id\":\"https:\/\/portaltela.pt\/noticias\/2026\/03\/12\/graham-potter-mantem-vinculo-com-a-selecao-sueca-ate-2030\/#breadcrumb\",\"itemListElement\":[{\"@type\":\"ListItem\",\"position\":1,\"name\":\"In\u00edcio\",\"item\":\"https:\/\/portaltela.pt\/\"},{\"@type\":\"ListItem\",\"position\":2,\"name\":\"Graham Potter mant\u00e9m v\u00ednculo com a sele\u00e7\u00e3o sueca at\u00e9 2030\"}]},{\"@type\":\"WebSite\",\"@id\":\"https:\/\/portaltela.pt\/#website\",\"url\":\"https:\/\/portaltela.pt\/\",\"name\":\"Portal Tela Portugal\",\"description\":\"\",\"potentialAction\":[{\"@type\":\"SearchAction\",\"target\":{\"@type\":\"EntryPoint\",\"urlTemplate\":\"https:\/\/portaltela.pt\/?s={search_term_string}\"},\"query-input\":{\"@type\":\"PropertyValueSpecification\",\"valueRequired\":true,\"valueName\":\"search_term_string\"}}],\"inLanguage\":\"pt-PT\"},{\"@type\":\"Person\",\"@id\":\"https:\/\/portaltela.pt\/#\/schema\/person\/c4278d4a6028830caff9ee44b42d32ed\",\"name\":\"Telinha\",\"image\":{\"@type\":\"ImageObject\",\"inLanguage\":\"pt-PT\",\"@id\":\"https:\/\/portaltela.pt\/s.01k8rhncp4jt1\/2025\/11\/talking-bot-125x125.png\",\"url\":\"https:\/\/portaltela.pt\/s.01k8rhncp4jt1\/2025\/11\/talking-bot-125x125.png\",\"contentUrl\":\"https:\/\/portaltela.pt\/s.01k8rhncp4jt1\/2025\/11\/talking-bot-125x125.png\",\"caption\":\"Telinha\"},\"sameAs\":[\"https:\/\/portaltela.pt\/\"],\"url\":\"https:\/\/portaltela.pt\/por\/367410592786\/\"}]}<\/script>\n<!-- \/ Yoast SEO plugin. -->","yoast_head_json":{"title":"Graham Potter mant\u00e9m v\u00ednculo com a sele\u00e7\u00e3o sueca at\u00e9 2030 - Portal Tela Portugal","robots":{"index":"index","follow":"follow","max-snippet":"max-snippet:-1","max-image-preview":"max-image-preview:large","max-video-preview":"max-video-preview:-1"},"og_locale":"pt_PT","og_type":"article","og_title":"Graham Potter mant\u00e9m v\u00ednculo com a sele\u00e7\u00e3o sueca at\u00e9 2030 - Portal Tela Portugal","og_description":"Graham Potter renovou o contrato com a sele\u00e7\u00e3o sueca at\u00e9 2030, dois semanas antes do in\u00edcio dos playoffs para o Mundial de 2026. O acordo foi anunciado pela Federa\u00e7\u00e3o Sueca; Potter assinou no final de outubro de 2025, substituindo Jon Dahl Tomasson. O treinador brit\u00e2nico j\u00e1 orientou a Su\u00e9cia em dois jogos, com uma derrota frente \u00e0 Su\u00ed\u00e7a e um empate com a Eslov\u00e9nia. Na fase de qualifica\u00e7\u00e3o, a Su\u00e9cia encara a Ucr\u00e2nia em Val\u00eancia no dia 26 de mar\u00e7o; se avan\u00e7ar, defronta o vencedor de Pol\u00f3nia vs Alb\u00e2nia em Estocolmo. Tomasson esteve no cargo por um ano e meio, tendo sido despedido em meados de outubro ap\u00f3s resultados fracos; a Su\u00e9cia procura o apuramento para o Mundial 2026 ap\u00f3s vencer o grupo na Liga das Na\u00e7\u00f5es.","og_url":"https:\/\/portaltela.pt\/noticias\/2026\/03\/12\/graham-potter-mantem-vinculo-com-a-selecao-sueca-ate-2030\/","og_site_name":"Portal Tela Portugal","article_published_time":"2026-03-12T16:06:00+00:00","author":"Telinha","twitter_card":"summary_large_image","twitter_misc":{"Escrito por":"Telinha","Tempo estimado de leitura":"1 minuto"},"schema":{"@context":"https:\/\/schema.org","@graph":[{"@type":"Article","@id":"https:\/\/portaltela.pt\/noticias\/2026\/03\/12\/graham-potter-mantem-vinculo-com-a-selecao-sueca-ate-2030\/#article","isPartOf":{"@id":"https:\/\/portaltela.pt\/noticias\/2026\/03\/12\/graham-potter-mantem-vinculo-com-a-selecao-sueca-ate-2030\/"},"author":{"name":"Telinha","@id":"https:\/\/portaltela.pt\/#\/schema\/person\/c4278d4a6028830caff9ee44b42d32ed"},"headline":"Graham Potter mant\u00e9m v\u00ednculo com a sele\u00e7\u00e3o sueca at\u00e9 2030","datePublished":"2026-03-12T16:06:00+00:00","mainEntityOfPage":{"@id":"https:\/\/portaltela.pt\/noticias\/2026\/03\/12\/graham-potter-mantem-vinculo-com-a-selecao-sueca-ate-2030\/"},"wordCount":221,"image":{"@id":"https:\/\/portaltela.pt\/noticias\/2026\/03\/12\/graham-potter-mantem-vinculo-com-a-selecao-sueca-ate-2030\/#primaryimage"},"thumbnailUrl":"https:\/\/portaltela.pt\/s.01k8rhncp4jt1\/2026\/03\/img_920x518uu2026-03-12-16-06-03-2426461.jpg","keywords":["futebol","futebol internacional","Liga das Na\u00e7\u00f5es","Sele\u00e7\u00e3o Nacional","sele\u00e7\u00f5es internacionais","treinadores"],"articleSection":["Desporto","Futebol"],"inLanguage":"pt-PT"},{"@type":"WebPage","@id":"https:\/\/portaltela.pt\/noticias\/2026\/03\/12\/graham-potter-mantem-vinculo-com-a-selecao-sueca-ate-2030\/","url":"https:\/\/portaltela.pt\/noticias\/2026\/03\/12\/graham-potter-mantem-vinculo-com-a-selecao-sueca-ate-2030\/","name":"Graham Potter mant\u00e9m v\u00ednculo com a sele\u00e7\u00e3o sueca at\u00e9 2030 - Portal Tela Portugal","isPartOf":{"@id":"https:\/\/portaltela.pt\/#website"},"primaryImageOfPage":{"@id":"https:\/\/portaltela.pt\/noticias\/2026\/03\/12\/graham-potter-mantem-vinculo-com-a-selecao-sueca-ate-2030\/#primaryimage"},"image":{"@id":"https:\/\/portaltela.pt\/noticias\/2026\/03\/12\/graham-potter-mantem-vinculo-com-a-selecao-sueca-ate-2030\/#primaryimage"},"thumbnailUrl":"https:\/\/portaltela.pt\/s.01k8rhncp4jt1\/2026\/03\/img_920x518uu2026-03-12-16-06-03-2426461.jpg","datePublished":"2026-03-12T16:06:00+00:00","author":{"@id":"https:\/\/portaltela.pt\/#\/schema\/person\/c4278d4a6028830caff9ee44b42d32ed"},"breadcrumb":{"@id":"https:\/\/portaltela.pt\/noticias\/2026\/03\/12\/graham-potter-mantem-vinculo-com-a-selecao-sueca-ate-2030\/#breadcrumb"},"inLanguage":"pt-PT","potentialAction":[{"@type":"ReadAction","target":["https:\/\/portaltela.pt\/noticias\/2026\/03\/12\/graham-potter-mantem-vinculo-com-a-selecao-sueca-ate-2030\/"]}]},{"@type":"ImageObject","inLanguage":"pt-PT","@id":"https:\/\/portaltela.pt\/noticias\/2026\/03\/12\/graham-potter-mantem-vinculo-com-a-selecao-sueca-ate-2030\/#primaryimage","url":"https:\/\/portaltela.pt\/s.01k8rhncp4jt1\/2026\/03\/img_920x518uu2026-03-12-16-06-03-2426461.jpg","contentUrl":"https:\/\/portaltela.pt\/s.01k8rhncp4jt1\/2026\/03\/img_920x518uu2026-03-12-16-06-03-2426461.jpg","width":796,"height":448,"caption":"Graham Potter renova contrato com a sele\u00e7\u00e3o sueca at\u00e9 2030"},{"@type":"BreadcrumbList","@id":"https:\/\/portaltela.pt\/noticias\/2026\/03\/12\/graham-potter-mantem-vinculo-com-a-selecao-sueca-ate-2030\/#breadcrumb","itemListElement":[{"@type":"ListItem","position":1,"name":"In\u00edcio","item":"https:\/\/portaltela.pt\/"},{"@type":"ListItem","position":2,"name":"Graham Potter mant\u00e9m v\u00ednculo com a sele\u00e7\u00e3o sueca at\u00e9 2030"}]},{"@type":"WebSite","@id":"https:\/\/portaltela.pt\/#website","url":"https:\/\/portaltela.pt\/","name":"Portal Tela Portugal","description":"","potentialAction":[{"@type":"SearchAction","target":{"@type":"EntryPoint","urlTemplate":"https:\/\/portaltela.pt\/?s={search_term_string}"},"query-input":{"@type":"PropertyValueSpecification","valueRequired":true,"valueName":"search_term_string"}}],"inLanguage":"pt-PT"},{"@type":"Person","@id":"https:\/\/portaltela.pt\/#\/schema\/person\/c4278d4a6028830caff9ee44b42d32ed","name":"Telinha","image":{"@type":"ImageObject","inLanguage":"pt-PT","@id":"https:\/\/portaltela.pt\/s.01k8rhncp4jt1\/2025\/11\/talking-bot-125x125.png","url":"https:\/\/portaltela.pt\/s.01k8rhncp4jt1\/2025\/11\/talking-bot-125x125.png","contentUrl":"https:\/\/portaltela.pt\/s.01k8rhncp4jt1\/2025\/11\/talking-bot-125x125.png","caption":"Telinha"},"sameAs":["https:\/\/portaltela.pt\/"],"url":"https:\/\/portaltela.pt\/por\/367410592786\/"}]}},"_links":{"self":[{"href":"https:\/\/portaltela.pt\/api\/wp\/v2\/posts\/407599","targetHints":{"allow":["GET"]}}],"collection":[{"href":"https:\/\/portaltela.pt\/api\/wp\/v2\/posts"}],"about":[{"href":"https:\/\/portaltela.pt\/api\/wp\/v2\/types\/post"}],"author":[{"embeddable":true,"href":"https:\/\/portaltela.pt\/api\/wp\/v2\/users\/2"}],"replies":[{"embeddable":true,"href":"https:\/\/portaltela.pt\/api\/wp\/v2\/comments?post=407599"}],"version-history":[{"count":0,"href":"https:\/\/portaltela.pt\/api\/wp\/v2\/posts\/407599\/revisions"}],"wp:featuredmedia":[{"embeddable":true,"href":"https:\/\/portaltela.pt\/api\/wp\/v2\/media\/407608"}],"wp:attachment":[{"href":"https:\/\/portaltela.pt\/api\/wp\/v2\/media?parent=407599"}],"wp:term":[{"taxonomy":"category","embeddable":true,"href":"https:\/\/portaltela.pt\/api\/wp\/v2\/categories?post=407599"},{"taxonomy":"post_tag","embeddable":true,"href":"https:\/\/portaltela.pt\/api\/wp\/v2\/tags?post=407599"}],"curies":[{"name":"wp","href":"https:\/\/api.w.org\/{rel}","templated":true}]}}