{"id":407598,"date":"2026-03-12T13:06:41","date_gmt":"2026-03-12T16:06:41","guid":{"rendered":"https:\/\/portaltela.pt\/noticias\/2026\/03\/12\/lider-da-sad-do-leixoes-mira-proenca\/"},"modified":"2026-03-12T13:06:41","modified_gmt":"2026-03-12T16:06:41","slug":"lider-da-sad-do-leixoes-mira-proenca","status":"publish","type":"post","link":"https:\/\/portaltela.pt\/desporto\/futebol\/2026\/03\/12\/lider-da-sad-do-leixoes-mira-proenca\/","title":{"rendered":"L\u00edder da SAD do Leix\u00f5es mira Proen\u00e7a"},"content":{"rendered":"<p>Na sequ\u00eancia da pol\u00e9mica em torno do mecanismo de solidariedade da UEFA, os clubes da 2.\u00aa Liga ficaram sem uma parceria financeira que recebiam. A decis\u00e3o foi tomada numa Assembleia Geral da Liga Portugal no in\u00edcio de fevereiro.<\/p>\n<p>O presidente da SAD do Leix\u00f5es, Andr\u00e9 Castro, aponta o dedo a Pedro Proen\u00e7a, atual presidente da Federa\u00e7\u00e3o Portuguesa de Futebol, e sustenta que a mudan\u00e7a prejudica principalmente as estruturas da forma\u00e7\u00e3o do clube.<\/p>\n<p>Segundo Castro, a altera\u00e7\u00e3o foi decidida sem clareza e com impacto negativo a meio da \u00e9poca, justamente numa altura em que os clubes da segunda divis\u00e3o dependiam daquela receita para programas de forma\u00e7\u00e3o. A cr\u00edtica recai sobre a forma como foi conduzido o processo.<\/p>\n<p>O l\u00edder leixonense afirma que a FPF poderia ter mantido o modelo anterior com uma simples comunica\u00e7\u00e3o \u00e0 UEFA, evitando a Assembleia Geral. Diz ainda que o afastamento da solidariedade contraria o consenso necess\u00e1rio no futebol profissional e que a decis\u00e3o n\u00e3o favorece o desenvolvimento sustent\u00e1vel do desporto.<\/p>\n<p>Castro acrescenta que o Leix\u00f5es exige o cumprimento de promessas feitas aos clubes para apoiar a elei\u00e7\u00e3o de quem governa. Entre as reivindica\u00e7\u00f5es, aponta a transfer\u00eancia de verbas de apostas desportivas internacionais, melhoria do servi\u00e7o de arbitragem financiado pelos clubes e coopera\u00e7\u00e3o da Federa\u00e7\u00e3o no aprimoramento do produto desportivo.<\/p>\n<p>Para o Leix\u00f5es, a discuss\u00e3o n\u00e3o deve servir como pretexto para enfrentar individualidades, mas para assegurar justi\u00e7a e transpar\u00eancia no processo. O clube mant\u00e9m a contesta\u00e7\u00e3o p\u00fablica, refor\u00e7ando a necessidade de acordo entre as entidades reguladoras do futebol nacional.<\/p>\n","protected":false},"excerpt":{"rendered":"<ul>\n<li>Andr\u00e9 Castro, presidente da SAD do Leix\u00f5es, critica Pedro Proen\u00e7a e a decis\u00e3o de cortar o mecanismo de solidariedade da UEFA, o que reduziu a receita dos clubes da segunda liga.<\/li>\n<li>A medida foi tomada numa Assembleia Geral da Liga Portugal, no in\u00edcio de fevereiro, durante a controv\u00e9rsia em torno do mecanismo.<\/li>\n<li>Castro diz que o processo foi obscuro e que a mudan\u00e7a prejudica as estruturas de forma\u00e7\u00e3o dos clubes.<\/li>\n<li>Alega que a Federa\u00e7\u00e3o Portuguesa de Futebol deveria ter informado a UEFA da continuidade do modelo anterior, evitando a AG a meio da \u00e9poca.<\/li>\n<li>Exige \u00e0 Liga o cumprimento das promessas feitas, incluindo a transfer\u00eancia de verbas das apostas desportivas internacionais, melhoria do servi\u00e7o de arbitragem e coopera\u00e7\u00e3o da Federa\u00e7\u00e3o, sem condi\u00e7\u00f5es pol\u00edticas.<\/li>\n<\/ul>\n","protected":false},"author":2,"featured_media":407604,"comment_status":"closed","ping_status":"closed","sticky":false,"template":"","format":"standard","meta":{"footnotes":""},"categories":[21,24],"tags":[4175,1289,2705,32,1890,6797],"class_list":["post-407598","post","type-post","status-publish","format-standard","has-post-thumbnail","hentry","category-desporto","category-futebol","tag-2-a-liga","tag-arbitragem","tag-federacao-portuguesa-de-futebol","tag-futebol","tag-leixoes","tag-pedro-proenca"],"yoast_head":"<!-- This site is optimized with the Yoast SEO plugin v27.2 - https:\/\/yoast.com\/product\/yoast-seo-wordpress\/ -->\n<title>L\u00edder da SAD do Leix\u00f5es mira Proen\u00e7a - Portal Tela Portugal<\/title>\n<meta name=\"robots\" content=\"index, follow, max-snippet:-1, max-image-preview:large, max-video-preview:-1\" \/>\n<meta property=\"og:locale\" content=\"pt_PT\" \/>\n<meta property=\"og:type\" content=\"article\" \/>\n<meta property=\"og:title\" content=\"L\u00edder da SAD do Leix\u00f5es mira Proen\u00e7a - Portal Tela Portugal\" \/>\n<meta property=\"og:description\" content=\"Andr\u00e9 Castro, presidente da SAD do Leix\u00f5es, critica Pedro Proen\u00e7a e a decis\u00e3o de cortar o mecanismo de solidariedade da UEFA, o que reduziu a receita dos clubes da segunda liga. A medida foi tomada numa Assembleia Geral da Liga Portugal, no in\u00edcio de fevereiro, durante a controv\u00e9rsia em torno do mecanismo. Castro diz que o processo foi obscuro e que a mudan\u00e7a prejudica as estruturas de forma\u00e7\u00e3o dos clubes. Alega que a Federa\u00e7\u00e3o Portuguesa de Futebol deveria ter informado a UEFA da continuidade do modelo anterior, evitando a AG a meio da \u00e9poca. Exige \u00e0 Liga o cumprimento das promessas feitas, incluindo a transfer\u00eancia de verbas das apostas desportivas internacionais, melhoria do servi\u00e7o de arbitragem e coopera\u00e7\u00e3o da Federa\u00e7\u00e3o, sem condi\u00e7\u00f5es pol\u00edticas.\" \/>\n<meta property=\"og:url\" content=\"https:\/\/portaltela.pt\/noticias\/2026\/03\/12\/lider-da-sad-do-leixoes-mira-proenca\/\" \/>\n<meta property=\"og:site_name\" content=\"Portal Tela Portugal\" \/>\n<meta property=\"article:published_time\" content=\"2026-03-12T16:06:41+00:00\" \/>\n<meta name=\"author\" content=\"Telinha\" \/>\n<meta name=\"twitter:card\" content=\"summary_large_image\" \/>\n<meta name=\"twitter:label1\" content=\"Escrito por\" \/>\n\t<meta name=\"twitter:data1\" content=\"Telinha\" \/>\n\t<meta name=\"twitter:label2\" content=\"Tempo estimado de leitura\" \/>\n\t<meta name=\"twitter:data2\" content=\"1 minuto\" \/>\n<script type=\"application\/ld+json\" class=\"yoast-schema-graph\">{\"@context\":\"https:\/\/schema.org\",\"@graph\":[{\"@type\":\"Article\",\"@id\":\"https:\/\/portaltela.pt\/noticias\/2026\/03\/12\/lider-da-sad-do-leixoes-mira-proenca\/#article\",\"isPartOf\":{\"@id\":\"https:\/\/portaltela.pt\/noticias\/2026\/03\/12\/lider-da-sad-do-leixoes-mira-proenca\/\"},\"author\":{\"name\":\"Telinha\",\"@id\":\"https:\/\/portaltela.pt\/#\/schema\/person\/c4278d4a6028830caff9ee44b42d32ed\"},\"headline\":\"L\u00edder da SAD do Leix\u00f5es mira Proen\u00e7a\",\"datePublished\":\"2026-03-12T16:06:41+00:00\",\"mainEntityOfPage\":{\"@id\":\"https:\/\/portaltela.pt\/noticias\/2026\/03\/12\/lider-da-sad-do-leixoes-mira-proenca\/\"},\"wordCount\":295,\"image\":{\"@id\":\"https:\/\/portaltela.pt\/noticias\/2026\/03\/12\/lider-da-sad-do-leixoes-mira-proenca\/#primaryimage\"},\"thumbnailUrl\":\"https:\/\/portaltela.pt\/s.01k8rhncp4jt1\/2026\/03\/img_920x518uu2025-05-21-18-53-27-2364444-im-639089277835209266.jpg\",\"keywords\":[\"2.\u00aa Liga\",\"arbitragem\",\"Federa\u00e7\u00e3o Portuguesa de Futebol\",\"futebol\",\"Leix\u00f5es\",\"Pedro Proen\u00e7a\"],\"articleSection\":[\"Desporto\",\"Futebol\"],\"inLanguage\":\"pt-PT\"},{\"@type\":\"WebPage\",\"@id\":\"https:\/\/portaltela.pt\/noticias\/2026\/03\/12\/lider-da-sad-do-leixoes-mira-proenca\/\",\"url\":\"https:\/\/portaltela.pt\/noticias\/2026\/03\/12\/lider-da-sad-do-leixoes-mira-proenca\/\",\"name\":\"L\u00edder da SAD do Leix\u00f5es mira Proen\u00e7a - Portal Tela Portugal\",\"isPartOf\":{\"@id\":\"https:\/\/portaltela.pt\/#website\"},\"primaryImageOfPage\":{\"@id\":\"https:\/\/portaltela.pt\/noticias\/2026\/03\/12\/lider-da-sad-do-leixoes-mira-proenca\/#primaryimage\"},\"image\":{\"@id\":\"https:\/\/portaltela.pt\/noticias\/2026\/03\/12\/lider-da-sad-do-leixoes-mira-proenca\/#primaryimage\"},\"thumbnailUrl\":\"https:\/\/portaltela.pt\/s.01k8rhncp4jt1\/2026\/03\/img_920x518uu2025-05-21-18-53-27-2364444-im-639089277835209266.jpg\",\"datePublished\":\"2026-03-12T16:06:41+00:00\",\"author\":{\"@id\":\"https:\/\/portaltela.pt\/#\/schema\/person\/c4278d4a6028830caff9ee44b42d32ed\"},\"breadcrumb\":{\"@id\":\"https:\/\/portaltela.pt\/noticias\/2026\/03\/12\/lider-da-sad-do-leixoes-mira-proenca\/#breadcrumb\"},\"inLanguage\":\"pt-PT\",\"potentialAction\":[{\"@type\":\"ReadAction\",\"target\":[\"https:\/\/portaltela.pt\/noticias\/2026\/03\/12\/lider-da-sad-do-leixoes-mira-proenca\/\"]}]},{\"@type\":\"ImageObject\",\"inLanguage\":\"pt-PT\",\"@id\":\"https:\/\/portaltela.pt\/noticias\/2026\/03\/12\/lider-da-sad-do-leixoes-mira-proenca\/#primaryimage\",\"url\":\"https:\/\/portaltela.pt\/s.01k8rhncp4jt1\/2026\/03\/img_920x518uu2025-05-21-18-53-27-2364444-im-639089277835209266.jpg\",\"contentUrl\":\"https:\/\/portaltela.pt\/s.01k8rhncp4jt1\/2026\/03\/img_920x518uu2025-05-21-18-53-27-2364444-im-639089277835209266.jpg\",\"width\":796,\"height\":448,\"caption\":\"Andr\u00e9 Castro, presidente da SAD do Leix\u00f5es\"},{\"@type\":\"BreadcrumbList\",\"@id\":\"https:\/\/portaltela.pt\/noticias\/2026\/03\/12\/lider-da-sad-do-leixoes-mira-proenca\/#breadcrumb\",\"itemListElement\":[{\"@type\":\"ListItem\",\"position\":1,\"name\":\"In\u00edcio\",\"item\":\"https:\/\/portaltela.pt\/\"},{\"@type\":\"ListItem\",\"position\":2,\"name\":\"L\u00edder da SAD do Leix\u00f5es mira Proen\u00e7a\"}]},{\"@type\":\"WebSite\",\"@id\":\"https:\/\/portaltela.pt\/#website\",\"url\":\"https:\/\/portaltela.pt\/\",\"name\":\"Portal Tela Portugal\",\"description\":\"\",\"potentialAction\":[{\"@type\":\"SearchAction\",\"target\":{\"@type\":\"EntryPoint\",\"urlTemplate\":\"https:\/\/portaltela.pt\/?s={search_term_string}\"},\"query-input\":{\"@type\":\"PropertyValueSpecification\",\"valueRequired\":true,\"valueName\":\"search_term_string\"}}],\"inLanguage\":\"pt-PT\"},{\"@type\":\"Person\",\"@id\":\"https:\/\/portaltela.pt\/#\/schema\/person\/c4278d4a6028830caff9ee44b42d32ed\",\"name\":\"Telinha\",\"image\":{\"@type\":\"ImageObject\",\"inLanguage\":\"pt-PT\",\"@id\":\"https:\/\/portaltela.pt\/s.01k8rhncp4jt1\/2025\/11\/talking-bot-125x125.png\",\"url\":\"https:\/\/portaltela.pt\/s.01k8rhncp4jt1\/2025\/11\/talking-bot-125x125.png\",\"contentUrl\":\"https:\/\/portaltela.pt\/s.01k8rhncp4jt1\/2025\/11\/talking-bot-125x125.png\",\"caption\":\"Telinha\"},\"sameAs\":[\"https:\/\/portaltela.pt\/\"],\"url\":\"https:\/\/portaltela.pt\/por\/367410592786\/\"}]}<\/script>\n<!-- \/ Yoast SEO plugin. -->","yoast_head_json":{"title":"L\u00edder da SAD do Leix\u00f5es mira Proen\u00e7a - Portal Tela Portugal","robots":{"index":"index","follow":"follow","max-snippet":"max-snippet:-1","max-image-preview":"max-image-preview:large","max-video-preview":"max-video-preview:-1"},"og_locale":"pt_PT","og_type":"article","og_title":"L\u00edder da SAD do Leix\u00f5es mira Proen\u00e7a - Portal Tela Portugal","og_description":"Andr\u00e9 Castro, presidente da SAD do Leix\u00f5es, critica Pedro Proen\u00e7a e a decis\u00e3o de cortar o mecanismo de solidariedade da UEFA, o que reduziu a receita dos clubes da segunda liga. A medida foi tomada numa Assembleia Geral da Liga Portugal, no in\u00edcio de fevereiro, durante a controv\u00e9rsia em torno do mecanismo. Castro diz que o processo foi obscuro e que a mudan\u00e7a prejudica as estruturas de forma\u00e7\u00e3o dos clubes. Alega que a Federa\u00e7\u00e3o Portuguesa de Futebol deveria ter informado a UEFA da continuidade do modelo anterior, evitando a AG a meio da \u00e9poca. Exige \u00e0 Liga o cumprimento das promessas feitas, incluindo a transfer\u00eancia de verbas das apostas desportivas internacionais, melhoria do servi\u00e7o de arbitragem e coopera\u00e7\u00e3o da Federa\u00e7\u00e3o, sem condi\u00e7\u00f5es pol\u00edticas.","og_url":"https:\/\/portaltela.pt\/noticias\/2026\/03\/12\/lider-da-sad-do-leixoes-mira-proenca\/","og_site_name":"Portal Tela Portugal","article_published_time":"2026-03-12T16:06:41+00:00","author":"Telinha","twitter_card":"summary_large_image","twitter_misc":{"Escrito por":"Telinha","Tempo estimado de leitura":"1 minuto"},"schema":{"@context":"https:\/\/schema.org","@graph":[{"@type":"Article","@id":"https:\/\/portaltela.pt\/noticias\/2026\/03\/12\/lider-da-sad-do-leixoes-mira-proenca\/#article","isPartOf":{"@id":"https:\/\/portaltela.pt\/noticias\/2026\/03\/12\/lider-da-sad-do-leixoes-mira-proenca\/"},"author":{"name":"Telinha","@id":"https:\/\/portaltela.pt\/#\/schema\/person\/c4278d4a6028830caff9ee44b42d32ed"},"headline":"L\u00edder da SAD do Leix\u00f5es mira Proen\u00e7a","datePublished":"2026-03-12T16:06:41+00:00","mainEntityOfPage":{"@id":"https:\/\/portaltela.pt\/noticias\/2026\/03\/12\/lider-da-sad-do-leixoes-mira-proenca\/"},"wordCount":295,"image":{"@id":"https:\/\/portaltela.pt\/noticias\/2026\/03\/12\/lider-da-sad-do-leixoes-mira-proenca\/#primaryimage"},"thumbnailUrl":"https:\/\/portaltela.pt\/s.01k8rhncp4jt1\/2026\/03\/img_920x518uu2025-05-21-18-53-27-2364444-im-639089277835209266.jpg","keywords":["2.\u00aa Liga","arbitragem","Federa\u00e7\u00e3o Portuguesa de Futebol","futebol","Leix\u00f5es","Pedro Proen\u00e7a"],"articleSection":["Desporto","Futebol"],"inLanguage":"pt-PT"},{"@type":"WebPage","@id":"https:\/\/portaltela.pt\/noticias\/2026\/03\/12\/lider-da-sad-do-leixoes-mira-proenca\/","url":"https:\/\/portaltela.pt\/noticias\/2026\/03\/12\/lider-da-sad-do-leixoes-mira-proenca\/","name":"L\u00edder da SAD do Leix\u00f5es mira Proen\u00e7a - Portal Tela Portugal","isPartOf":{"@id":"https:\/\/portaltela.pt\/#website"},"primaryImageOfPage":{"@id":"https:\/\/portaltela.pt\/noticias\/2026\/03\/12\/lider-da-sad-do-leixoes-mira-proenca\/#primaryimage"},"image":{"@id":"https:\/\/portaltela.pt\/noticias\/2026\/03\/12\/lider-da-sad-do-leixoes-mira-proenca\/#primaryimage"},"thumbnailUrl":"https:\/\/portaltela.pt\/s.01k8rhncp4jt1\/2026\/03\/img_920x518uu2025-05-21-18-53-27-2364444-im-639089277835209266.jpg","datePublished":"2026-03-12T16:06:41+00:00","author":{"@id":"https:\/\/portaltela.pt\/#\/schema\/person\/c4278d4a6028830caff9ee44b42d32ed"},"breadcrumb":{"@id":"https:\/\/portaltela.pt\/noticias\/2026\/03\/12\/lider-da-sad-do-leixoes-mira-proenca\/#breadcrumb"},"inLanguage":"pt-PT","potentialAction":[{"@type":"ReadAction","target":["https:\/\/portaltela.pt\/noticias\/2026\/03\/12\/lider-da-sad-do-leixoes-mira-proenca\/"]}]},{"@type":"ImageObject","inLanguage":"pt-PT","@id":"https:\/\/portaltela.pt\/noticias\/2026\/03\/12\/lider-da-sad-do-leixoes-mira-proenca\/#primaryimage","url":"https:\/\/portaltela.pt\/s.01k8rhncp4jt1\/2026\/03\/img_920x518uu2025-05-21-18-53-27-2364444-im-639089277835209266.jpg","contentUrl":"https:\/\/portaltela.pt\/s.01k8rhncp4jt1\/2026\/03\/img_920x518uu2025-05-21-18-53-27-2364444-im-639089277835209266.jpg","width":796,"height":448,"caption":"Andr\u00e9 Castro, presidente da SAD do Leix\u00f5es"},{"@type":"BreadcrumbList","@id":"https:\/\/portaltela.pt\/noticias\/2026\/03\/12\/lider-da-sad-do-leixoes-mira-proenca\/#breadcrumb","itemListElement":[{"@type":"ListItem","position":1,"name":"In\u00edcio","item":"https:\/\/portaltela.pt\/"},{"@type":"ListItem","position":2,"name":"L\u00edder da SAD do Leix\u00f5es mira Proen\u00e7a"}]},{"@type":"WebSite","@id":"https:\/\/portaltela.pt\/#website","url":"https:\/\/portaltela.pt\/","name":"Portal Tela Portugal","description":"","potentialAction":[{"@type":"SearchAction","target":{"@type":"EntryPoint","urlTemplate":"https:\/\/portaltela.pt\/?s={search_term_string}"},"query-input":{"@type":"PropertyValueSpecification","valueRequired":true,"valueName":"search_term_string"}}],"inLanguage":"pt-PT"},{"@type":"Person","@id":"https:\/\/portaltela.pt\/#\/schema\/person\/c4278d4a6028830caff9ee44b42d32ed","name":"Telinha","image":{"@type":"ImageObject","inLanguage":"pt-PT","@id":"https:\/\/portaltela.pt\/s.01k8rhncp4jt1\/2025\/11\/talking-bot-125x125.png","url":"https:\/\/portaltela.pt\/s.01k8rhncp4jt1\/2025\/11\/talking-bot-125x125.png","contentUrl":"https:\/\/portaltela.pt\/s.01k8rhncp4jt1\/2025\/11\/talking-bot-125x125.png","caption":"Telinha"},"sameAs":["https:\/\/portaltela.pt\/"],"url":"https:\/\/portaltela.pt\/por\/367410592786\/"}]}},"_links":{"self":[{"href":"https:\/\/portaltela.pt\/api\/wp\/v2\/posts\/407598","targetHints":{"allow":["GET"]}}],"collection":[{"href":"https:\/\/portaltela.pt\/api\/wp\/v2\/posts"}],"about":[{"href":"https:\/\/portaltela.pt\/api\/wp\/v2\/types\/post"}],"author":[{"embeddable":true,"href":"https:\/\/portaltela.pt\/api\/wp\/v2\/users\/2"}],"replies":[{"embeddable":true,"href":"https:\/\/portaltela.pt\/api\/wp\/v2\/comments?post=407598"}],"version-history":[{"count":0,"href":"https:\/\/portaltela.pt\/api\/wp\/v2\/posts\/407598\/revisions"}],"wp:featuredmedia":[{"embeddable":true,"href":"https:\/\/portaltela.pt\/api\/wp\/v2\/media\/407604"}],"wp:attachment":[{"href":"https:\/\/portaltela.pt\/api\/wp\/v2\/media?parent=407598"}],"wp:term":[{"taxonomy":"category","embeddable":true,"href":"https:\/\/portaltela.pt\/api\/wp\/v2\/categories?post=407598"},{"taxonomy":"post_tag","embeddable":true,"href":"https:\/\/portaltela.pt\/api\/wp\/v2\/tags?post=407598"}],"curies":[{"name":"wp","href":"https:\/\/api.w.org\/{rel}","templated":true}]}}