{"id":407596,"date":"2026-03-12T13:12:00","date_gmt":"2026-03-12T16:12:00","guid":{"rendered":"https:\/\/portaltela.pt\/noticias\/2026\/03\/12\/erika-hilton-e-a-primeira-mulher-trans-a-presidir-a-comissao-dos-direitos-da-mulher\/"},"modified":"2026-03-12T13:12:00","modified_gmt":"2026-03-12T16:12:00","slug":"erika-hilton-e-a-primeira-mulher-trans-a-presidir-a-comissao-dos-direitos-da-mulher","status":"publish","type":"post","link":"https:\/\/portaltela.pt\/sociedade\/2026\/03\/12\/erika-hilton-e-a-primeira-mulher-trans-a-presidir-a-comissao-dos-direitos-da-mulher\/","title":{"rendered":"Erika Hilton \u00e9 a primeira mulher trans a presidir a comiss\u00e3o dos Direitos da Mulher"},"content":{"rendered":"<p>Erika Hilton tornou-se na quarta-feira, 11 de mar\u00e7o, a primeira mulher transg\u00e9nero a presidir a Comiss\u00e3o de Defesa dos Direitos da Mulher da C\u00e2mara dos Deputados do Brasil. A elei\u00e7\u00e3o ocorreu na capital federal, Bras\u00edlia, ap\u00f3s uma vota\u00e7\u00e3o marcada por tens\u00e3o, com 11 votos a favor e 10 votos em branco.<\/p>\n<p>A nova presid\u00eancia define como prioridades a fiscaliza\u00e7\u00e3o, a rede de prote\u00e7\u00e3o \u00e0s mulheres, as Casas da Mulher Brasileira e o combate \u00e0 viol\u00eancia pol\u00edtica de g\u00e9nero. A gest\u00e3o pretende ainda promover pol\u00edticas de sa\u00fade integral para as mulheres, segundo o site oficial da C\u00e2mara.<\/p>\n<p>Hilton \u00e9 a primeira deputada federal negra e trans eleita no Brasil, tendo obtido 256.903 votos no estado de S\u00e3o Paulo nas elei\u00e7\u00f5es de 2022. A nomea\u00e7\u00e3o provocou cr\u00edticas entre parlamentares da oposi\u00e7\u00e3o, com preocupa\u00e7\u00f5es sobre a representatividade e a dire\u00e7\u00e3o da comiss\u00e3o.<\/p>\n<p>A deputada Laura Carneiro, eleita vice-presidente da comiss\u00e3o, afirmou a inten\u00e7\u00e3o de trabalhar em conjunto com a presid\u00eancia para assegurar o foco no direito e na dignidade de cada mulher no pa\u00eds. As cr\u00edticas, segundo fontes da imprensa, destacaram diverg\u00eancias sobre o papel da comiss\u00e3o na defesa de pautas relacionadas \u00e0s mulheres.<\/p>\n","protected":false},"excerpt":{"rendered":"<ul>\n<li>Erika Hilton tornou-se a primeira mulher transg\u00e9nero a presidir a Comiss\u00e3o de Defesa dos Direitos da Mulher da C\u00e2mara dos Deputados do Brasil, ap\u00f3s uma vota\u00e7\u00e3o realizada a 11 de mar\u00e7o, com 11 votos a favor e 10 votos em branco.<\/li>\n<li>Entre as prioridades da nova presid\u00eancia est\u00e3o a fiscaliza\u00e7\u00e3o, a rede de prote\u00e7\u00e3o e as Casas da Mulher Brasileira, o combate \u00e0 viol\u00eancia pol\u00edtica de g\u00e9nero e a promo\u00e7\u00e3o de pol\u00edticas de sa\u00fade integral para as mulheres.<\/li>\n<li>Hilton \u00e9 a primeira deputada federal negra e trans eleita no Brasil, tendo recebido nas elei\u00e7\u00f5es de 2022 256.903 votos no estado de S\u00e3o Paulo.<\/li>\n<li>Deputadas da oposi\u00e7\u00e3o criticaram a nomea\u00e7\u00e3o, com cr\u00edticas \u00e0 representatividade e ao rumo da comiss\u00e3o, defendendo que a entidade deve zelar pela dignidade da mulher segundo a pr\u00f3pria ess\u00eancia feminina.<\/li>\n<li>A vice-presidente eleita da comiss\u00e3o, Laura Carneiro, afirmou que o foco \u00e9 trabalhar em conjunto para defender o direito e a dignidade de cada mulher no pa\u00eds.<\/li>\n<\/ul>\n","protected":false},"author":2,"featured_media":407603,"comment_status":"closed","ping_status":"closed","sticky":false,"template":"","format":"standard","meta":{"footnotes":""},"categories":[1,6871],"tags":[2547,5282,6391,2701,2832,1165],"class_list":["post-407596","post","type-post","status-publish","format-standard","has-post-thumbnail","hentry","category-noticias","category-sociedade","tag-brasil","tag-direitos-da-mulher","tag-identidade-de-genero-desafios-na-atualidade","tag-mulheres","tag-politica","tag-violencia-de-genero"],"yoast_head":"<!-- This site is optimized with the Yoast SEO plugin v27.2 - https:\/\/yoast.com\/product\/yoast-seo-wordpress\/ -->\n<title>Erika Hilton \u00e9 a primeira mulher trans a presidir a comiss\u00e3o dos Direitos da Mulher - Portal Tela Portugal<\/title>\n<meta name=\"robots\" content=\"index, follow, max-snippet:-1, max-image-preview:large, max-video-preview:-1\" \/>\n<meta property=\"og:locale\" content=\"pt_PT\" \/>\n<meta property=\"og:type\" content=\"article\" \/>\n<meta property=\"og:title\" content=\"Erika Hilton \u00e9 a primeira mulher trans a presidir a comiss\u00e3o dos Direitos da Mulher - Portal Tela Portugal\" \/>\n<meta property=\"og:description\" content=\"Erika Hilton tornou-se a primeira mulher transg\u00e9nero a presidir a Comiss\u00e3o de Defesa dos Direitos da Mulher da C\u00e2mara dos Deputados do Brasil, ap\u00f3s uma vota\u00e7\u00e3o realizada a 11 de mar\u00e7o, com 11 votos a favor e 10 votos em branco. Entre as prioridades da nova presid\u00eancia est\u00e3o a fiscaliza\u00e7\u00e3o, a rede de prote\u00e7\u00e3o e as Casas da Mulher Brasileira, o combate \u00e0 viol\u00eancia pol\u00edtica de g\u00e9nero e a promo\u00e7\u00e3o de pol\u00edticas de sa\u00fade integral para as mulheres. Hilton \u00e9 a primeira deputada federal negra e trans eleita no Brasil, tendo recebido nas elei\u00e7\u00f5es de 2022 256.903 votos no estado de S\u00e3o Paulo. Deputadas da oposi\u00e7\u00e3o criticaram a nomea\u00e7\u00e3o, com cr\u00edticas \u00e0 representatividade e ao rumo da comiss\u00e3o, defendendo que a entidade deve zelar pela dignidade da mulher segundo a pr\u00f3pria ess\u00eancia feminina. A vice-presidente eleita da comiss\u00e3o, Laura Carneiro, afirmou que o foco \u00e9 trabalhar em conjunto para defender o direito e a dignidade de cada mulher no pa\u00eds.\" \/>\n<meta property=\"og:url\" content=\"https:\/\/portaltela.pt\/noticias\/2026\/03\/12\/erika-hilton-e-a-primeira-mulher-trans-a-presidir-a-comissao-dos-direitos-da-mulher\/\" \/>\n<meta property=\"og:site_name\" content=\"Portal Tela Portugal\" \/>\n<meta property=\"article:published_time\" content=\"2026-03-12T16:12:00+00:00\" \/>\n<meta name=\"author\" content=\"Telinha\" \/>\n<meta name=\"twitter:card\" content=\"summary_large_image\" \/>\n<meta name=\"twitter:label1\" content=\"Escrito por\" \/>\n\t<meta name=\"twitter:data1\" content=\"Telinha\" \/>\n\t<meta name=\"twitter:label2\" content=\"Tempo estimado de leitura\" \/>\n\t<meta name=\"twitter:data2\" content=\"1 minuto\" \/>\n<script type=\"application\/ld+json\" class=\"yoast-schema-graph\">{\"@context\":\"https:\/\/schema.org\",\"@graph\":[{\"@type\":\"Article\",\"@id\":\"https:\/\/portaltela.pt\/noticias\/2026\/03\/12\/erika-hilton-e-a-primeira-mulher-trans-a-presidir-a-comissao-dos-direitos-da-mulher\/#article\",\"isPartOf\":{\"@id\":\"https:\/\/portaltela.pt\/noticias\/2026\/03\/12\/erika-hilton-e-a-primeira-mulher-trans-a-presidir-a-comissao-dos-direitos-da-mulher\/\"},\"author\":{\"name\":\"Telinha\",\"@id\":\"https:\/\/portaltela.pt\/#\/schema\/person\/c4278d4a6028830caff9ee44b42d32ed\"},\"headline\":\"Erika Hilton \u00e9 a primeira mulher trans a presidir a comiss\u00e3o dos Direitos da Mulher\",\"datePublished\":\"2026-03-12T16:12:00+00:00\",\"mainEntityOfPage\":{\"@id\":\"https:\/\/portaltela.pt\/noticias\/2026\/03\/12\/erika-hilton-e-a-primeira-mulher-trans-a-presidir-a-comissao-dos-direitos-da-mulher\/\"},\"wordCount\":233,\"image\":{\"@id\":\"https:\/\/portaltela.pt\/noticias\/2026\/03\/12\/erika-hilton-e-a-primeira-mulher-trans-a-presidir-a-comissao-dos-direitos-da-mulher\/#primaryimage\"},\"thumbnailUrl\":\"https:\/\/portaltela.pt\/s.01k8rhncp4jt1\/2026\/03\/image-783.jpg\",\"keywords\":[\"Brasil\",\"Direitos da Mulher\",\"Identidade de g\u00e9nero \u2013 Desafios na Atualidade\",\"Mulheres\",\"pol\u00edtica\",\"viol\u00eancia de g\u00e9nero\"],\"articleSection\":[\"Not\u00edcias\",\"Sociedade\"],\"inLanguage\":\"pt-PT\"},{\"@type\":\"WebPage\",\"@id\":\"https:\/\/portaltela.pt\/noticias\/2026\/03\/12\/erika-hilton-e-a-primeira-mulher-trans-a-presidir-a-comissao-dos-direitos-da-mulher\/\",\"url\":\"https:\/\/portaltela.pt\/noticias\/2026\/03\/12\/erika-hilton-e-a-primeira-mulher-trans-a-presidir-a-comissao-dos-direitos-da-mulher\/\",\"name\":\"Erika Hilton \u00e9 a primeira mulher trans a presidir a comiss\u00e3o dos Direitos da Mulher - Portal Tela Portugal\",\"isPartOf\":{\"@id\":\"https:\/\/portaltela.pt\/#website\"},\"primaryImageOfPage\":{\"@id\":\"https:\/\/portaltela.pt\/noticias\/2026\/03\/12\/erika-hilton-e-a-primeira-mulher-trans-a-presidir-a-comissao-dos-direitos-da-mulher\/#primaryimage\"},\"image\":{\"@id\":\"https:\/\/portaltela.pt\/noticias\/2026\/03\/12\/erika-hilton-e-a-primeira-mulher-trans-a-presidir-a-comissao-dos-direitos-da-mulher\/#primaryimage\"},\"thumbnailUrl\":\"https:\/\/portaltela.pt\/s.01k8rhncp4jt1\/2026\/03\/image-783.jpg\",\"datePublished\":\"2026-03-12T16:12:00+00:00\",\"author\":{\"@id\":\"https:\/\/portaltela.pt\/#\/schema\/person\/c4278d4a6028830caff9ee44b42d32ed\"},\"breadcrumb\":{\"@id\":\"https:\/\/portaltela.pt\/noticias\/2026\/03\/12\/erika-hilton-e-a-primeira-mulher-trans-a-presidir-a-comissao-dos-direitos-da-mulher\/#breadcrumb\"},\"inLanguage\":\"pt-PT\",\"potentialAction\":[{\"@type\":\"ReadAction\",\"target\":[\"https:\/\/portaltela.pt\/noticias\/2026\/03\/12\/erika-hilton-e-a-primeira-mulher-trans-a-presidir-a-comissao-dos-direitos-da-mulher\/\"]}]},{\"@type\":\"ImageObject\",\"inLanguage\":\"pt-PT\",\"@id\":\"https:\/\/portaltela.pt\/noticias\/2026\/03\/12\/erika-hilton-e-a-primeira-mulher-trans-a-presidir-a-comissao-dos-direitos-da-mulher\/#primaryimage\",\"url\":\"https:\/\/portaltela.pt\/s.01k8rhncp4jt1\/2026\/03\/image-783.jpg\",\"contentUrl\":\"https:\/\/portaltela.pt\/s.01k8rhncp4jt1\/2026\/03\/image-783.jpg\",\"width\":796,\"height\":448,\"caption\":\"Erika Hilton\/Instagram\"},{\"@type\":\"BreadcrumbList\",\"@id\":\"https:\/\/portaltela.pt\/noticias\/2026\/03\/12\/erika-hilton-e-a-primeira-mulher-trans-a-presidir-a-comissao-dos-direitos-da-mulher\/#breadcrumb\",\"itemListElement\":[{\"@type\":\"ListItem\",\"position\":1,\"name\":\"In\u00edcio\",\"item\":\"https:\/\/portaltela.pt\/\"},{\"@type\":\"ListItem\",\"position\":2,\"name\":\"Erika Hilton \u00e9 a primeira mulher trans a presidir a comiss\u00e3o dos Direitos da Mulher\"}]},{\"@type\":\"WebSite\",\"@id\":\"https:\/\/portaltela.pt\/#website\",\"url\":\"https:\/\/portaltela.pt\/\",\"name\":\"Portal Tela Portugal\",\"description\":\"\",\"potentialAction\":[{\"@type\":\"SearchAction\",\"target\":{\"@type\":\"EntryPoint\",\"urlTemplate\":\"https:\/\/portaltela.pt\/?s={search_term_string}\"},\"query-input\":{\"@type\":\"PropertyValueSpecification\",\"valueRequired\":true,\"valueName\":\"search_term_string\"}}],\"inLanguage\":\"pt-PT\"},{\"@type\":\"Person\",\"@id\":\"https:\/\/portaltela.pt\/#\/schema\/person\/c4278d4a6028830caff9ee44b42d32ed\",\"name\":\"Telinha\",\"image\":{\"@type\":\"ImageObject\",\"inLanguage\":\"pt-PT\",\"@id\":\"https:\/\/portaltela.pt\/s.01k8rhncp4jt1\/2025\/11\/talking-bot-125x125.png\",\"url\":\"https:\/\/portaltela.pt\/s.01k8rhncp4jt1\/2025\/11\/talking-bot-125x125.png\",\"contentUrl\":\"https:\/\/portaltela.pt\/s.01k8rhncp4jt1\/2025\/11\/talking-bot-125x125.png\",\"caption\":\"Telinha\"},\"sameAs\":[\"https:\/\/portaltela.pt\/\"],\"url\":\"https:\/\/portaltela.pt\/por\/367410592786\/\"}]}<\/script>\n<!-- \/ Yoast SEO plugin. -->","yoast_head_json":{"title":"Erika Hilton \u00e9 a primeira mulher trans a presidir a comiss\u00e3o dos Direitos da Mulher - Portal Tela Portugal","robots":{"index":"index","follow":"follow","max-snippet":"max-snippet:-1","max-image-preview":"max-image-preview:large","max-video-preview":"max-video-preview:-1"},"og_locale":"pt_PT","og_type":"article","og_title":"Erika Hilton \u00e9 a primeira mulher trans a presidir a comiss\u00e3o dos Direitos da Mulher - Portal Tela Portugal","og_description":"Erika Hilton tornou-se a primeira mulher transg\u00e9nero a presidir a Comiss\u00e3o de Defesa dos Direitos da Mulher da C\u00e2mara dos Deputados do Brasil, ap\u00f3s uma vota\u00e7\u00e3o realizada a 11 de mar\u00e7o, com 11 votos a favor e 10 votos em branco. Entre as prioridades da nova presid\u00eancia est\u00e3o a fiscaliza\u00e7\u00e3o, a rede de prote\u00e7\u00e3o e as Casas da Mulher Brasileira, o combate \u00e0 viol\u00eancia pol\u00edtica de g\u00e9nero e a promo\u00e7\u00e3o de pol\u00edticas de sa\u00fade integral para as mulheres. Hilton \u00e9 a primeira deputada federal negra e trans eleita no Brasil, tendo recebido nas elei\u00e7\u00f5es de 2022 256.903 votos no estado de S\u00e3o Paulo. Deputadas da oposi\u00e7\u00e3o criticaram a nomea\u00e7\u00e3o, com cr\u00edticas \u00e0 representatividade e ao rumo da comiss\u00e3o, defendendo que a entidade deve zelar pela dignidade da mulher segundo a pr\u00f3pria ess\u00eancia feminina. A vice-presidente eleita da comiss\u00e3o, Laura Carneiro, afirmou que o foco \u00e9 trabalhar em conjunto para defender o direito e a dignidade de cada mulher no pa\u00eds.","og_url":"https:\/\/portaltela.pt\/noticias\/2026\/03\/12\/erika-hilton-e-a-primeira-mulher-trans-a-presidir-a-comissao-dos-direitos-da-mulher\/","og_site_name":"Portal Tela Portugal","article_published_time":"2026-03-12T16:12:00+00:00","author":"Telinha","twitter_card":"summary_large_image","twitter_misc":{"Escrito por":"Telinha","Tempo estimado de leitura":"1 minuto"},"schema":{"@context":"https:\/\/schema.org","@graph":[{"@type":"Article","@id":"https:\/\/portaltela.pt\/noticias\/2026\/03\/12\/erika-hilton-e-a-primeira-mulher-trans-a-presidir-a-comissao-dos-direitos-da-mulher\/#article","isPartOf":{"@id":"https:\/\/portaltela.pt\/noticias\/2026\/03\/12\/erika-hilton-e-a-primeira-mulher-trans-a-presidir-a-comissao-dos-direitos-da-mulher\/"},"author":{"name":"Telinha","@id":"https:\/\/portaltela.pt\/#\/schema\/person\/c4278d4a6028830caff9ee44b42d32ed"},"headline":"Erika Hilton \u00e9 a primeira mulher trans a presidir a comiss\u00e3o dos Direitos da Mulher","datePublished":"2026-03-12T16:12:00+00:00","mainEntityOfPage":{"@id":"https:\/\/portaltela.pt\/noticias\/2026\/03\/12\/erika-hilton-e-a-primeira-mulher-trans-a-presidir-a-comissao-dos-direitos-da-mulher\/"},"wordCount":233,"image":{"@id":"https:\/\/portaltela.pt\/noticias\/2026\/03\/12\/erika-hilton-e-a-primeira-mulher-trans-a-presidir-a-comissao-dos-direitos-da-mulher\/#primaryimage"},"thumbnailUrl":"https:\/\/portaltela.pt\/s.01k8rhncp4jt1\/2026\/03\/image-783.jpg","keywords":["Brasil","Direitos da Mulher","Identidade de g\u00e9nero \u2013 Desafios na Atualidade","Mulheres","pol\u00edtica","viol\u00eancia de g\u00e9nero"],"articleSection":["Not\u00edcias","Sociedade"],"inLanguage":"pt-PT"},{"@type":"WebPage","@id":"https:\/\/portaltela.pt\/noticias\/2026\/03\/12\/erika-hilton-e-a-primeira-mulher-trans-a-presidir-a-comissao-dos-direitos-da-mulher\/","url":"https:\/\/portaltela.pt\/noticias\/2026\/03\/12\/erika-hilton-e-a-primeira-mulher-trans-a-presidir-a-comissao-dos-direitos-da-mulher\/","name":"Erika Hilton \u00e9 a primeira mulher trans a presidir a comiss\u00e3o dos Direitos da Mulher - Portal Tela Portugal","isPartOf":{"@id":"https:\/\/portaltela.pt\/#website"},"primaryImageOfPage":{"@id":"https:\/\/portaltela.pt\/noticias\/2026\/03\/12\/erika-hilton-e-a-primeira-mulher-trans-a-presidir-a-comissao-dos-direitos-da-mulher\/#primaryimage"},"image":{"@id":"https:\/\/portaltela.pt\/noticias\/2026\/03\/12\/erika-hilton-e-a-primeira-mulher-trans-a-presidir-a-comissao-dos-direitos-da-mulher\/#primaryimage"},"thumbnailUrl":"https:\/\/portaltela.pt\/s.01k8rhncp4jt1\/2026\/03\/image-783.jpg","datePublished":"2026-03-12T16:12:00+00:00","author":{"@id":"https:\/\/portaltela.pt\/#\/schema\/person\/c4278d4a6028830caff9ee44b42d32ed"},"breadcrumb":{"@id":"https:\/\/portaltela.pt\/noticias\/2026\/03\/12\/erika-hilton-e-a-primeira-mulher-trans-a-presidir-a-comissao-dos-direitos-da-mulher\/#breadcrumb"},"inLanguage":"pt-PT","potentialAction":[{"@type":"ReadAction","target":["https:\/\/portaltela.pt\/noticias\/2026\/03\/12\/erika-hilton-e-a-primeira-mulher-trans-a-presidir-a-comissao-dos-direitos-da-mulher\/"]}]},{"@type":"ImageObject","inLanguage":"pt-PT","@id":"https:\/\/portaltela.pt\/noticias\/2026\/03\/12\/erika-hilton-e-a-primeira-mulher-trans-a-presidir-a-comissao-dos-direitos-da-mulher\/#primaryimage","url":"https:\/\/portaltela.pt\/s.01k8rhncp4jt1\/2026\/03\/image-783.jpg","contentUrl":"https:\/\/portaltela.pt\/s.01k8rhncp4jt1\/2026\/03\/image-783.jpg","width":796,"height":448,"caption":"Erika Hilton\/Instagram"},{"@type":"BreadcrumbList","@id":"https:\/\/portaltela.pt\/noticias\/2026\/03\/12\/erika-hilton-e-a-primeira-mulher-trans-a-presidir-a-comissao-dos-direitos-da-mulher\/#breadcrumb","itemListElement":[{"@type":"ListItem","position":1,"name":"In\u00edcio","item":"https:\/\/portaltela.pt\/"},{"@type":"ListItem","position":2,"name":"Erika Hilton \u00e9 a primeira mulher trans a presidir a comiss\u00e3o dos Direitos da Mulher"}]},{"@type":"WebSite","@id":"https:\/\/portaltela.pt\/#website","url":"https:\/\/portaltela.pt\/","name":"Portal Tela Portugal","description":"","potentialAction":[{"@type":"SearchAction","target":{"@type":"EntryPoint","urlTemplate":"https:\/\/portaltela.pt\/?s={search_term_string}"},"query-input":{"@type":"PropertyValueSpecification","valueRequired":true,"valueName":"search_term_string"}}],"inLanguage":"pt-PT"},{"@type":"Person","@id":"https:\/\/portaltela.pt\/#\/schema\/person\/c4278d4a6028830caff9ee44b42d32ed","name":"Telinha","image":{"@type":"ImageObject","inLanguage":"pt-PT","@id":"https:\/\/portaltela.pt\/s.01k8rhncp4jt1\/2025\/11\/talking-bot-125x125.png","url":"https:\/\/portaltela.pt\/s.01k8rhncp4jt1\/2025\/11\/talking-bot-125x125.png","contentUrl":"https:\/\/portaltela.pt\/s.01k8rhncp4jt1\/2025\/11\/talking-bot-125x125.png","caption":"Telinha"},"sameAs":["https:\/\/portaltela.pt\/"],"url":"https:\/\/portaltela.pt\/por\/367410592786\/"}]}},"_links":{"self":[{"href":"https:\/\/portaltela.pt\/api\/wp\/v2\/posts\/407596","targetHints":{"allow":["GET"]}}],"collection":[{"href":"https:\/\/portaltela.pt\/api\/wp\/v2\/posts"}],"about":[{"href":"https:\/\/portaltela.pt\/api\/wp\/v2\/types\/post"}],"author":[{"embeddable":true,"href":"https:\/\/portaltela.pt\/api\/wp\/v2\/users\/2"}],"replies":[{"embeddable":true,"href":"https:\/\/portaltela.pt\/api\/wp\/v2\/comments?post=407596"}],"version-history":[{"count":0,"href":"https:\/\/portaltela.pt\/api\/wp\/v2\/posts\/407596\/revisions"}],"wp:featuredmedia":[{"embeddable":true,"href":"https:\/\/portaltela.pt\/api\/wp\/v2\/media\/407603"}],"wp:attachment":[{"href":"https:\/\/portaltela.pt\/api\/wp\/v2\/media?parent=407596"}],"wp:term":[{"taxonomy":"category","embeddable":true,"href":"https:\/\/portaltela.pt\/api\/wp\/v2\/categories?post=407596"},{"taxonomy":"post_tag","embeddable":true,"href":"https:\/\/portaltela.pt\/api\/wp\/v2\/tags?post=407596"}],"curies":[{"name":"wp","href":"https:\/\/api.w.org\/{rel}","templated":true}]}}