{"id":407595,"date":"2026-03-12T13:11:36","date_gmt":"2026-03-12T16:11:36","guid":{"rendered":"https:\/\/portaltela.pt\/noticias\/2026\/03\/12\/teresa-bonvalot-esta-a-tres-heats-da-qualificacao-para-o-world-tour-2026\/"},"modified":"2026-03-12T13:11:36","modified_gmt":"2026-03-12T16:11:36","slug":"teresa-bonvalot-esta-a-tres-heats-da-qualificacao-para-o-world-tour-2026","status":"publish","type":"post","link":"https:\/\/portaltela.pt\/desporto\/futebol\/2026\/03\/12\/teresa-bonvalot-esta-a-tres-heats-da-qualificacao-para-o-world-tour-2026\/","title":{"rendered":"Teresa Bonvalot est\u00e1 a tr\u00eas heats da qualifica\u00e7\u00e3o para o World Tour 2026"},"content":{"rendered":"<p>Teresa Bonvalot est\u00e1 a tr\u00eas heats de carimbar a qualifica\u00e7\u00e3o para o World Tour 2026, ainda sem ter entrado na \u00e1gua no Newcastle Surfest, derradeira etapa do Challenger Series 2025\/26. A prova decorre na Austr\u00e1lia, com v\u00e1rias candidatas a eliminadas nas rondas anteriores a abrir caminho \u00e0 portuguesa.<\/p>\n<p>A campe\u00e3 nacional chegou a Newcastle em 13\u00ba lugar no ranking e precisava de vencer para evitar depender de terceiros. Com tr\u00eas vagas para o World Tour, a elimina\u00e7\u00e3o de rivais abriu-lhe espa\u00e7o para avan\u00e7ar nas contas da qualifica\u00e7\u00e3o.<\/p>\n<p>Bonvalot est\u00e1 nos oitavos-de-final, frente \u00e0 australiana Sophie McCulloch. Vencer poder\u00e1 coloc\u00e1-la em posi\u00e7\u00e3o de chegar \u00e0s meias-finais ou \u00e0 final, dependendo de resultados de outras jogadoras e do desempenho da pr\u00f3pria. O rasto de pontos poder\u00e1 coloc\u00e1-la entre 5.\u00ba e 6.\u00ba no ranking, ou ainda acima, se alcan\u00e7ar a final.<\/p>\n<h3>Situa\u00e7\u00e3o atual e perspetivas<\/h3>\n<p>Quem segue na corrida \u00e9 Ana Lelior, Alyssa Spencer, Kirra Pinkerton e Ellie Harrison, ainda em prova. A posi\u00e7\u00e3o de Bonvalot depende tamb\u00e9m de desfechos entre estas rivais at\u00e9 \u00e0s meias-finais ou final. Caso chegue \u00e0 final, fica automaticamente qualificada.<\/p>\n<p>Se Bonvalot avan\u00e7ar para as meias-finais, pode depender de outras surfistas para confirmar a vaga, dependendo dos cen\u00e1rios de pontos. A progress\u00e3o at\u00e9 \u00e0 final oferece uma maior margem para assegurar a qualifica\u00e7\u00e3o, mesmo sem vencer o Newcastle.<\/p>\n<p>O torneio segue com as decis\u00f5es j\u00e1 nesta madrugada em Portugal Continental, entre oitavos-de-final e quartos-de-final. O Newcastle Surfest encerra as decis\u00f5es na categoria feminina ap\u00f3s a meia-noite, com impactos diretos na composi\u00e7\u00e3o do World Tour 2026.<\/p>\n<h3>Contexto de contexto<\/h3>\n<p>Caso Bonvalot alcance a qualifica\u00e7\u00e3o, Portugal passa a ter tr\u00eas surfistas na elite mundial feminina na pr\u00f3xima \u00e9poca, juntando-se a Yolanda Hopkins e Kika Veselko, j\u00e1 apuradas. Esta evolu\u00e7\u00e3o encerra um cap\u00edtulo marcante para o surf nacional feminino, ap\u00f3s hist\u00f3ricos recentes.<\/p>\n","protected":false},"excerpt":{"rendered":"<ul>\n<li>Teresa Bonvalot est\u00e1 a tr\u00eas heats de carimbar a qualifica\u00e7\u00e3o para o World Tour 2026, no Newcastle Surfest, \u00faltima etapa do Challenger Series 2025\/26.<\/li>\n<li>A campe\u00e3 nacional entrou no Newcastle a 11.\u00ba no ranking, com 17 745 pontos, a 1 840 da posi\u00e7\u00e3o que fecha o top sete, ap\u00f3s a elimina\u00e7\u00e3o de uma candidata direta.<\/li>\n<li>O caminho passa por vencer os oitavos-de-final frente a Sophie McCulloch; nesta fase j\u00e1 fica garantida matematicamente a qualifica\u00e7\u00e3o se alcan\u00e7ar a final.<\/li>\n<li>A qualifica\u00e7\u00e3o depende ainda de resultados de outras surfistas, pelo que h\u00e1 v\u00e1rias combina\u00e7\u00f5es poss\u00edveis conforme avan\u00e7am as rondas at\u00e9 \u00e0s meias-finais e \u00e0 final.<\/li>\n<li>Se chegar \u00e0 final, Bonvalot fica j\u00e1 com 22 225 pontos e pode ficar entre os cinco primeiros, mantendo as hip\u00f3teses abertas at\u00e9 ao final do evento.<\/li>\n<\/ul>\n","protected":false},"author":2,"featured_media":407606,"comment_status":"closed","ping_status":"closed","sticky":false,"template":"","format":"standard","meta":{"footnotes":""},"categories":[21,24],"tags":[2463,152,1242,1014,6610,5902],"class_list":["post-407595","post","type-post","status-publish","format-standard","has-post-thumbnail","hentry","category-desporto","category-futebol","tag-competicao-internacional","tag-desporto","tag-feminino","tag-portugal","tag-ranking-internacional","tag-world-tour"],"yoast_head":"<!-- This site is optimized with the Yoast SEO plugin v27.2 - https:\/\/yoast.com\/product\/yoast-seo-wordpress\/ -->\n<title>Teresa Bonvalot est\u00e1 a tr\u00eas heats da qualifica\u00e7\u00e3o para o World Tour 2026 - Portal Tela Portugal<\/title>\n<meta name=\"robots\" content=\"index, follow, max-snippet:-1, max-image-preview:large, max-video-preview:-1\" \/>\n<meta property=\"og:locale\" content=\"pt_PT\" \/>\n<meta property=\"og:type\" content=\"article\" \/>\n<meta property=\"og:title\" content=\"Teresa Bonvalot est\u00e1 a tr\u00eas heats da qualifica\u00e7\u00e3o para o World Tour 2026 - Portal Tela Portugal\" \/>\n<meta property=\"og:description\" content=\"Teresa Bonvalot est\u00e1 a tr\u00eas heats de carimbar a qualifica\u00e7\u00e3o para o World Tour 2026, no Newcastle Surfest, \u00faltima etapa do Challenger Series 2025\/26. A campe\u00e3 nacional entrou no Newcastle a 11.\u00ba no ranking, com 17 745 pontos, a 1 840 da posi\u00e7\u00e3o que fecha o top sete, ap\u00f3s a elimina\u00e7\u00e3o de uma candidata direta. O caminho passa por vencer os oitavos-de-final frente a Sophie McCulloch; nesta fase j\u00e1 fica garantida matematicamente a qualifica\u00e7\u00e3o se alcan\u00e7ar a final. A qualifica\u00e7\u00e3o depende ainda de resultados de outras surfistas, pelo que h\u00e1 v\u00e1rias combina\u00e7\u00f5es poss\u00edveis conforme avan\u00e7am as rondas at\u00e9 \u00e0s meias-finais e \u00e0 final. Se chegar \u00e0 final, Bonvalot fica j\u00e1 com 22 225 pontos e pode ficar entre os cinco primeiros, mantendo as hip\u00f3teses abertas at\u00e9 ao final do evento.\" \/>\n<meta property=\"og:url\" content=\"https:\/\/portaltela.pt\/noticias\/2026\/03\/12\/teresa-bonvalot-esta-a-tres-heats-da-qualificacao-para-o-world-tour-2026\/\" \/>\n<meta property=\"og:site_name\" content=\"Portal Tela Portugal\" \/>\n<meta property=\"article:published_time\" content=\"2026-03-12T16:11:36+00:00\" \/>\n<meta name=\"author\" content=\"Telinha\" \/>\n<meta name=\"twitter:card\" content=\"summary_large_image\" \/>\n<meta name=\"twitter:label1\" content=\"Escrito por\" \/>\n\t<meta name=\"twitter:data1\" content=\"Telinha\" \/>\n\t<meta name=\"twitter:label2\" content=\"Tempo estimado de leitura\" \/>\n\t<meta name=\"twitter:data2\" content=\"2 minutos\" \/>\n<script type=\"application\/ld+json\" class=\"yoast-schema-graph\">{\"@context\":\"https:\/\/schema.org\",\"@graph\":[{\"@type\":\"Article\",\"@id\":\"https:\/\/portaltela.pt\/noticias\/2026\/03\/12\/teresa-bonvalot-esta-a-tres-heats-da-qualificacao-para-o-world-tour-2026\/#article\",\"isPartOf\":{\"@id\":\"https:\/\/portaltela.pt\/noticias\/2026\/03\/12\/teresa-bonvalot-esta-a-tres-heats-da-qualificacao-para-o-world-tour-2026\/\"},\"author\":{\"name\":\"Telinha\",\"@id\":\"https:\/\/portaltela.pt\/#\/schema\/person\/c4278d4a6028830caff9ee44b42d32ed\"},\"headline\":\"Teresa Bonvalot est\u00e1 a tr\u00eas heats da qualifica\u00e7\u00e3o para o World Tour 2026\",\"datePublished\":\"2026-03-12T16:11:36+00:00\",\"mainEntityOfPage\":{\"@id\":\"https:\/\/portaltela.pt\/noticias\/2026\/03\/12\/teresa-bonvalot-esta-a-tres-heats-da-qualificacao-para-o-world-tour-2026\/\"},\"wordCount\":335,\"image\":{\"@id\":\"https:\/\/portaltela.pt\/noticias\/2026\/03\/12\/teresa-bonvalot-esta-a-tres-heats-da-qualificacao-para-o-world-tour-2026\/#primaryimage\"},\"thumbnailUrl\":\"https:\/\/portaltela.pt\/s.01k8rhncp4jt1\/2026\/03\/img_920x518uu2026-03-12-16-11-17-2426462.jpg\",\"keywords\":[\"competi\u00e7\u00e3o internacional\",\"desporto\",\"feminino\",\"Portugal\",\"ranking internacional\",\"World Tour\"],\"articleSection\":[\"Desporto\",\"Futebol\"],\"inLanguage\":\"pt-PT\"},{\"@type\":\"WebPage\",\"@id\":\"https:\/\/portaltela.pt\/noticias\/2026\/03\/12\/teresa-bonvalot-esta-a-tres-heats-da-qualificacao-para-o-world-tour-2026\/\",\"url\":\"https:\/\/portaltela.pt\/noticias\/2026\/03\/12\/teresa-bonvalot-esta-a-tres-heats-da-qualificacao-para-o-world-tour-2026\/\",\"name\":\"Teresa Bonvalot est\u00e1 a tr\u00eas heats da qualifica\u00e7\u00e3o para o World Tour 2026 - Portal Tela Portugal\",\"isPartOf\":{\"@id\":\"https:\/\/portaltela.pt\/#website\"},\"primaryImageOfPage\":{\"@id\":\"https:\/\/portaltela.pt\/noticias\/2026\/03\/12\/teresa-bonvalot-esta-a-tres-heats-da-qualificacao-para-o-world-tour-2026\/#primaryimage\"},\"image\":{\"@id\":\"https:\/\/portaltela.pt\/noticias\/2026\/03\/12\/teresa-bonvalot-esta-a-tres-heats-da-qualificacao-para-o-world-tour-2026\/#primaryimage\"},\"thumbnailUrl\":\"https:\/\/portaltela.pt\/s.01k8rhncp4jt1\/2026\/03\/img_920x518uu2026-03-12-16-11-17-2426462.jpg\",\"datePublished\":\"2026-03-12T16:11:36+00:00\",\"author\":{\"@id\":\"https:\/\/portaltela.pt\/#\/schema\/person\/c4278d4a6028830caff9ee44b42d32ed\"},\"breadcrumb\":{\"@id\":\"https:\/\/portaltela.pt\/noticias\/2026\/03\/12\/teresa-bonvalot-esta-a-tres-heats-da-qualificacao-para-o-world-tour-2026\/#breadcrumb\"},\"inLanguage\":\"pt-PT\",\"potentialAction\":[{\"@type\":\"ReadAction\",\"target\":[\"https:\/\/portaltela.pt\/noticias\/2026\/03\/12\/teresa-bonvalot-esta-a-tres-heats-da-qualificacao-para-o-world-tour-2026\/\"]}]},{\"@type\":\"ImageObject\",\"inLanguage\":\"pt-PT\",\"@id\":\"https:\/\/portaltela.pt\/noticias\/2026\/03\/12\/teresa-bonvalot-esta-a-tres-heats-da-qualificacao-para-o-world-tour-2026\/#primaryimage\",\"url\":\"https:\/\/portaltela.pt\/s.01k8rhncp4jt1\/2026\/03\/img_920x518uu2026-03-12-16-11-17-2426462.jpg\",\"contentUrl\":\"https:\/\/portaltela.pt\/s.01k8rhncp4jt1\/2026\/03\/img_920x518uu2026-03-12-16-11-17-2426462.jpg\",\"width\":796,\"height\":448,\"caption\":\"Teresa Bonvalot\"},{\"@type\":\"BreadcrumbList\",\"@id\":\"https:\/\/portaltela.pt\/noticias\/2026\/03\/12\/teresa-bonvalot-esta-a-tres-heats-da-qualificacao-para-o-world-tour-2026\/#breadcrumb\",\"itemListElement\":[{\"@type\":\"ListItem\",\"position\":1,\"name\":\"In\u00edcio\",\"item\":\"https:\/\/portaltela.pt\/\"},{\"@type\":\"ListItem\",\"position\":2,\"name\":\"Teresa Bonvalot est\u00e1 a tr\u00eas heats da qualifica\u00e7\u00e3o para o World Tour 2026\"}]},{\"@type\":\"WebSite\",\"@id\":\"https:\/\/portaltela.pt\/#website\",\"url\":\"https:\/\/portaltela.pt\/\",\"name\":\"Portal Tela Portugal\",\"description\":\"\",\"potentialAction\":[{\"@type\":\"SearchAction\",\"target\":{\"@type\":\"EntryPoint\",\"urlTemplate\":\"https:\/\/portaltela.pt\/?s={search_term_string}\"},\"query-input\":{\"@type\":\"PropertyValueSpecification\",\"valueRequired\":true,\"valueName\":\"search_term_string\"}}],\"inLanguage\":\"pt-PT\"},{\"@type\":\"Person\",\"@id\":\"https:\/\/portaltela.pt\/#\/schema\/person\/c4278d4a6028830caff9ee44b42d32ed\",\"name\":\"Telinha\",\"image\":{\"@type\":\"ImageObject\",\"inLanguage\":\"pt-PT\",\"@id\":\"https:\/\/portaltela.pt\/s.01k8rhncp4jt1\/2025\/11\/talking-bot-125x125.png\",\"url\":\"https:\/\/portaltela.pt\/s.01k8rhncp4jt1\/2025\/11\/talking-bot-125x125.png\",\"contentUrl\":\"https:\/\/portaltela.pt\/s.01k8rhncp4jt1\/2025\/11\/talking-bot-125x125.png\",\"caption\":\"Telinha\"},\"sameAs\":[\"https:\/\/portaltela.pt\/\"],\"url\":\"https:\/\/portaltela.pt\/por\/367410592786\/\"}]}<\/script>\n<!-- \/ Yoast SEO plugin. -->","yoast_head_json":{"title":"Teresa Bonvalot est\u00e1 a tr\u00eas heats da qualifica\u00e7\u00e3o para o World Tour 2026 - Portal Tela Portugal","robots":{"index":"index","follow":"follow","max-snippet":"max-snippet:-1","max-image-preview":"max-image-preview:large","max-video-preview":"max-video-preview:-1"},"og_locale":"pt_PT","og_type":"article","og_title":"Teresa Bonvalot est\u00e1 a tr\u00eas heats da qualifica\u00e7\u00e3o para o World Tour 2026 - Portal Tela Portugal","og_description":"Teresa Bonvalot est\u00e1 a tr\u00eas heats de carimbar a qualifica\u00e7\u00e3o para o World Tour 2026, no Newcastle Surfest, \u00faltima etapa do Challenger Series 2025\/26. A campe\u00e3 nacional entrou no Newcastle a 11.\u00ba no ranking, com 17 745 pontos, a 1 840 da posi\u00e7\u00e3o que fecha o top sete, ap\u00f3s a elimina\u00e7\u00e3o de uma candidata direta. O caminho passa por vencer os oitavos-de-final frente a Sophie McCulloch; nesta fase j\u00e1 fica garantida matematicamente a qualifica\u00e7\u00e3o se alcan\u00e7ar a final. A qualifica\u00e7\u00e3o depende ainda de resultados de outras surfistas, pelo que h\u00e1 v\u00e1rias combina\u00e7\u00f5es poss\u00edveis conforme avan\u00e7am as rondas at\u00e9 \u00e0s meias-finais e \u00e0 final. Se chegar \u00e0 final, Bonvalot fica j\u00e1 com 22 225 pontos e pode ficar entre os cinco primeiros, mantendo as hip\u00f3teses abertas at\u00e9 ao final do evento.","og_url":"https:\/\/portaltela.pt\/noticias\/2026\/03\/12\/teresa-bonvalot-esta-a-tres-heats-da-qualificacao-para-o-world-tour-2026\/","og_site_name":"Portal Tela Portugal","article_published_time":"2026-03-12T16:11:36+00:00","author":"Telinha","twitter_card":"summary_large_image","twitter_misc":{"Escrito por":"Telinha","Tempo estimado de leitura":"2 minutos"},"schema":{"@context":"https:\/\/schema.org","@graph":[{"@type":"Article","@id":"https:\/\/portaltela.pt\/noticias\/2026\/03\/12\/teresa-bonvalot-esta-a-tres-heats-da-qualificacao-para-o-world-tour-2026\/#article","isPartOf":{"@id":"https:\/\/portaltela.pt\/noticias\/2026\/03\/12\/teresa-bonvalot-esta-a-tres-heats-da-qualificacao-para-o-world-tour-2026\/"},"author":{"name":"Telinha","@id":"https:\/\/portaltela.pt\/#\/schema\/person\/c4278d4a6028830caff9ee44b42d32ed"},"headline":"Teresa Bonvalot est\u00e1 a tr\u00eas heats da qualifica\u00e7\u00e3o para o World Tour 2026","datePublished":"2026-03-12T16:11:36+00:00","mainEntityOfPage":{"@id":"https:\/\/portaltela.pt\/noticias\/2026\/03\/12\/teresa-bonvalot-esta-a-tres-heats-da-qualificacao-para-o-world-tour-2026\/"},"wordCount":335,"image":{"@id":"https:\/\/portaltela.pt\/noticias\/2026\/03\/12\/teresa-bonvalot-esta-a-tres-heats-da-qualificacao-para-o-world-tour-2026\/#primaryimage"},"thumbnailUrl":"https:\/\/portaltela.pt\/s.01k8rhncp4jt1\/2026\/03\/img_920x518uu2026-03-12-16-11-17-2426462.jpg","keywords":["competi\u00e7\u00e3o internacional","desporto","feminino","Portugal","ranking internacional","World Tour"],"articleSection":["Desporto","Futebol"],"inLanguage":"pt-PT"},{"@type":"WebPage","@id":"https:\/\/portaltela.pt\/noticias\/2026\/03\/12\/teresa-bonvalot-esta-a-tres-heats-da-qualificacao-para-o-world-tour-2026\/","url":"https:\/\/portaltela.pt\/noticias\/2026\/03\/12\/teresa-bonvalot-esta-a-tres-heats-da-qualificacao-para-o-world-tour-2026\/","name":"Teresa Bonvalot est\u00e1 a tr\u00eas heats da qualifica\u00e7\u00e3o para o World Tour 2026 - Portal Tela Portugal","isPartOf":{"@id":"https:\/\/portaltela.pt\/#website"},"primaryImageOfPage":{"@id":"https:\/\/portaltela.pt\/noticias\/2026\/03\/12\/teresa-bonvalot-esta-a-tres-heats-da-qualificacao-para-o-world-tour-2026\/#primaryimage"},"image":{"@id":"https:\/\/portaltela.pt\/noticias\/2026\/03\/12\/teresa-bonvalot-esta-a-tres-heats-da-qualificacao-para-o-world-tour-2026\/#primaryimage"},"thumbnailUrl":"https:\/\/portaltela.pt\/s.01k8rhncp4jt1\/2026\/03\/img_920x518uu2026-03-12-16-11-17-2426462.jpg","datePublished":"2026-03-12T16:11:36+00:00","author":{"@id":"https:\/\/portaltela.pt\/#\/schema\/person\/c4278d4a6028830caff9ee44b42d32ed"},"breadcrumb":{"@id":"https:\/\/portaltela.pt\/noticias\/2026\/03\/12\/teresa-bonvalot-esta-a-tres-heats-da-qualificacao-para-o-world-tour-2026\/#breadcrumb"},"inLanguage":"pt-PT","potentialAction":[{"@type":"ReadAction","target":["https:\/\/portaltela.pt\/noticias\/2026\/03\/12\/teresa-bonvalot-esta-a-tres-heats-da-qualificacao-para-o-world-tour-2026\/"]}]},{"@type":"ImageObject","inLanguage":"pt-PT","@id":"https:\/\/portaltela.pt\/noticias\/2026\/03\/12\/teresa-bonvalot-esta-a-tres-heats-da-qualificacao-para-o-world-tour-2026\/#primaryimage","url":"https:\/\/portaltela.pt\/s.01k8rhncp4jt1\/2026\/03\/img_920x518uu2026-03-12-16-11-17-2426462.jpg","contentUrl":"https:\/\/portaltela.pt\/s.01k8rhncp4jt1\/2026\/03\/img_920x518uu2026-03-12-16-11-17-2426462.jpg","width":796,"height":448,"caption":"Teresa Bonvalot"},{"@type":"BreadcrumbList","@id":"https:\/\/portaltela.pt\/noticias\/2026\/03\/12\/teresa-bonvalot-esta-a-tres-heats-da-qualificacao-para-o-world-tour-2026\/#breadcrumb","itemListElement":[{"@type":"ListItem","position":1,"name":"In\u00edcio","item":"https:\/\/portaltela.pt\/"},{"@type":"ListItem","position":2,"name":"Teresa Bonvalot est\u00e1 a tr\u00eas heats da qualifica\u00e7\u00e3o para o World Tour 2026"}]},{"@type":"WebSite","@id":"https:\/\/portaltela.pt\/#website","url":"https:\/\/portaltela.pt\/","name":"Portal Tela Portugal","description":"","potentialAction":[{"@type":"SearchAction","target":{"@type":"EntryPoint","urlTemplate":"https:\/\/portaltela.pt\/?s={search_term_string}"},"query-input":{"@type":"PropertyValueSpecification","valueRequired":true,"valueName":"search_term_string"}}],"inLanguage":"pt-PT"},{"@type":"Person","@id":"https:\/\/portaltela.pt\/#\/schema\/person\/c4278d4a6028830caff9ee44b42d32ed","name":"Telinha","image":{"@type":"ImageObject","inLanguage":"pt-PT","@id":"https:\/\/portaltela.pt\/s.01k8rhncp4jt1\/2025\/11\/talking-bot-125x125.png","url":"https:\/\/portaltela.pt\/s.01k8rhncp4jt1\/2025\/11\/talking-bot-125x125.png","contentUrl":"https:\/\/portaltela.pt\/s.01k8rhncp4jt1\/2025\/11\/talking-bot-125x125.png","caption":"Telinha"},"sameAs":["https:\/\/portaltela.pt\/"],"url":"https:\/\/portaltela.pt\/por\/367410592786\/"}]}},"_links":{"self":[{"href":"https:\/\/portaltela.pt\/api\/wp\/v2\/posts\/407595","targetHints":{"allow":["GET"]}}],"collection":[{"href":"https:\/\/portaltela.pt\/api\/wp\/v2\/posts"}],"about":[{"href":"https:\/\/portaltela.pt\/api\/wp\/v2\/types\/post"}],"author":[{"embeddable":true,"href":"https:\/\/portaltela.pt\/api\/wp\/v2\/users\/2"}],"replies":[{"embeddable":true,"href":"https:\/\/portaltela.pt\/api\/wp\/v2\/comments?post=407595"}],"version-history":[{"count":0,"href":"https:\/\/portaltela.pt\/api\/wp\/v2\/posts\/407595\/revisions"}],"wp:featuredmedia":[{"embeddable":true,"href":"https:\/\/portaltela.pt\/api\/wp\/v2\/media\/407606"}],"wp:attachment":[{"href":"https:\/\/portaltela.pt\/api\/wp\/v2\/media?parent=407595"}],"wp:term":[{"taxonomy":"category","embeddable":true,"href":"https:\/\/portaltela.pt\/api\/wp\/v2\/categories?post=407595"},{"taxonomy":"post_tag","embeddable":true,"href":"https:\/\/portaltela.pt\/api\/wp\/v2\/tags?post=407595"}],"curies":[{"name":"wp","href":"https:\/\/api.w.org\/{rel}","templated":true}]}}