{"id":407593,"date":"2026-03-12T13:07:04","date_gmt":"2026-03-12T16:07:04","guid":{"rendered":"https:\/\/portaltela.pt\/noticias\/2026\/03\/12\/telescopio-solar-portugues-sera-instalado-no-deserto-do-chile-2\/"},"modified":"2026-03-12T13:07:04","modified_gmt":"2026-03-12T16:07:04","slug":"telescopio-solar-portugues-sera-instalado-no-deserto-do-chile-2","status":"publish","type":"post","link":"https:\/\/portaltela.pt\/noticias\/2026\/03\/12\/telescopio-solar-portugues-sera-instalado-no-deserto-do-chile-2\/","title":{"rendered":"Telesc\u00f3pio solar portugu\u00eas ser\u00e1 instalado no deserto do Chile"},"content":{"rendered":"<p>O telescope POET, desenvolvido em Portugal, ser\u00e1 instalado no deserto do Chile para observa\u00e7\u00f5es solares de alta resolu\u00e7\u00e3o. Doze investigadores portugueses v\u00e3o conduzir a instala\u00e7\u00e3o, com observa\u00e7\u00f5es a serem controladas remotamente a partir de Portugal.<\/p>\n<p>A equipa, do Instituto de Astrof\u00edsica e Ci\u00eancias do Espa\u00e7o e de universidades de Lisboa e do Porto, parte no fim de semana para o Observat\u00f3rio do Paranal, no Atacama. O trabalho deve durar tr\u00eas semanas e ficar pronto para recolha de dados.<\/p>\n<h3>Detalhes da conce\u00e7\u00e3o e do local<\/h3>\n<p>O equipamento foi constru\u00eddo em parte nos laborat\u00f3rios de Ci\u00eancias da ULisboa, com parte da estrutura fabricada em It\u00e1lia. O objetivo \u00e9 iniciar a recolha de dados em 8 de abril, para estudar o Sol, exoplanetas e sistemas estelares semelhantes \u00e0 Terra.<\/p>\n<p>O POET permite observar a luz solar com um n\u00edvel de detalhe in\u00e9dito, servindo de refer\u00eancia para entender fen\u00f3menos estelares. Os investigadores afirmam que o observat\u00f3rio Paranal manter\u00e1 as demais observa\u00e7\u00f5es noturnas, enquanto este instrumento opera de dia.<\/p>\n<h3>Objetivos cient\u00edficos<\/h3>\n<p>Os cientistas pretendem aprofundar o conhecimento sobre o nosso Sol e sobre exoplanetas de interesse. Ainda que j\u00e1 exista n\u00fameros consider\u00e1veis de exoplanetas detectados, o foco est\u00e1 naqueles com maior probabilidade de possivelmente abrigar vida.<\/p>\n<p>O projeto aposta na observa\u00e7\u00e3o de estrelas e sistemas que se assemelham \u00e0 Terra, para ampliar a compreens\u00e3o de condi\u00e7\u00f5es que permitam a habitabilidade. O POET \u00e9 descrito como \u00fanico pela sua capacidade de observar a luz solar com tanta precis\u00e3o.<\/p>\n<p>O engenheiro Alexandre Cabral sublinha que o m\u00e9todo combina observa\u00e7\u00e3o remota com controlo a partir de Portugal, reduzindo a necessidade de desloca\u00e7\u00f5es frequentes. O desenvolvimento envolve tecnologia que j\u00e1 influenciou sensores em c\u00e2maras de telem\u00f3vel.<\/p>\n","protected":false},"excerpt":{"rendered":"<ul>\n<li>Doze investigadores portugueses v\u00e3o instalar no deserto do Chile o telesc\u00f3pio solar POET, operado remotamente a partir de Portugal, no Observat\u00f3rio do Paranal, em Atacama.<\/li>\n<li>A instala\u00e7\u00e3o, que dura tr\u00eas semanas, acontece junto dos atuais telesc\u00f3pios do Paranal e permitir\u00e1 observa\u00e7\u00f5es de elevada resolu\u00e7\u00e3o.<\/li>\n<li>O equipamento foi desenvolvido em parte nos laborat\u00f3rios de Ci\u00eancias da Universidade de Lisboa, com parte da estrutura fabricada em It\u00e1lia.<\/li>\n<li>O objetivo \u00e9 come\u00e7ar a recolher os primeiros dados em 8 de abril e contribuir para perceber melhor o Sol, bem como exoplanetas e sistemas estelares parecidos com a Terra.<\/li>\n<li>O telesc\u00f3pio ficar\u00e1 a 2.600 metros de altitude e ser\u00e1 o \u00fanico capaz de observar a luz solar com esse n\u00edvel de precis\u00e3o, segundo os investigadores.<\/li>\n<\/ul>\n","protected":false},"author":2,"featured_media":407600,"comment_status":"closed","ping_status":"closed","sticky":false,"template":"","format":"standard","meta":{"footnotes":""},"categories":[1],"tags":[1992,215,4745,1014,153,58],"class_list":["post-407593","post","type-post","status-publish","format-standard","has-post-thumbnail","hentry","category-noticias","tag-ciencia","tag-investigacao","tag-observacoes-internacionais","tag-portugal","tag-tecnologia","tag-universidades"],"yoast_head":"<!-- This site is optimized with the Yoast SEO plugin v27.2 - https:\/\/yoast.com\/product\/yoast-seo-wordpress\/ -->\n<title>Telesc\u00f3pio solar portugu\u00eas ser\u00e1 instalado no deserto do Chile - Portal Tela Portugal<\/title>\n<meta name=\"robots\" content=\"index, follow, max-snippet:-1, max-image-preview:large, max-video-preview:-1\" \/>\n<meta property=\"og:locale\" content=\"pt_PT\" \/>\n<meta property=\"og:type\" content=\"article\" \/>\n<meta property=\"og:title\" content=\"Telesc\u00f3pio solar portugu\u00eas ser\u00e1 instalado no deserto do Chile - Portal Tela Portugal\" \/>\n<meta property=\"og:description\" content=\"Doze investigadores portugueses v\u00e3o instalar no deserto do Chile o telesc\u00f3pio solar POET, operado remotamente a partir de Portugal, no Observat\u00f3rio do Paranal, em Atacama. A instala\u00e7\u00e3o, que dura tr\u00eas semanas, acontece junto dos atuais telesc\u00f3pios do Paranal e permitir\u00e1 observa\u00e7\u00f5es de elevada resolu\u00e7\u00e3o. O equipamento foi desenvolvido em parte nos laborat\u00f3rios de Ci\u00eancias da Universidade de Lisboa, com parte da estrutura fabricada em It\u00e1lia. O objetivo \u00e9 come\u00e7ar a recolher os primeiros dados em 8 de abril e contribuir para perceber melhor o Sol, bem como exoplanetas e sistemas estelares parecidos com a Terra. O telesc\u00f3pio ficar\u00e1 a 2.600 metros de altitude e ser\u00e1 o \u00fanico capaz de observar a luz solar com esse n\u00edvel de precis\u00e3o, segundo os investigadores.\" \/>\n<meta property=\"og:url\" content=\"https:\/\/portaltela.pt\/noticias\/2026\/03\/12\/telescopio-solar-portugues-sera-instalado-no-deserto-do-chile-2\/\" \/>\n<meta property=\"og:site_name\" content=\"Portal Tela Portugal\" \/>\n<meta property=\"article:published_time\" content=\"2026-03-12T16:07:04+00:00\" \/>\n<meta name=\"author\" content=\"Telinha\" \/>\n<meta name=\"twitter:card\" content=\"summary_large_image\" \/>\n<meta name=\"twitter:label1\" content=\"Escrito por\" \/>\n\t<meta name=\"twitter:data1\" content=\"Telinha\" \/>\n\t<meta name=\"twitter:label2\" content=\"Tempo estimado de leitura\" \/>\n\t<meta name=\"twitter:data2\" content=\"2 minutos\" \/>\n<script type=\"application\/ld+json\" class=\"yoast-schema-graph\">{\"@context\":\"https:\/\/schema.org\",\"@graph\":[{\"@type\":\"Article\",\"@id\":\"https:\/\/portaltela.pt\/noticias\/2026\/03\/12\/telescopio-solar-portugues-sera-instalado-no-deserto-do-chile-2\/#article\",\"isPartOf\":{\"@id\":\"https:\/\/portaltela.pt\/noticias\/2026\/03\/12\/telescopio-solar-portugues-sera-instalado-no-deserto-do-chile-2\/\"},\"author\":{\"name\":\"Telinha\",\"@id\":\"https:\/\/portaltela.pt\/#\/schema\/person\/c4278d4a6028830caff9ee44b42d32ed\"},\"headline\":\"Telesc\u00f3pio solar portugu\u00eas ser\u00e1 instalado no deserto do Chile\",\"datePublished\":\"2026-03-12T16:07:04+00:00\",\"mainEntityOfPage\":{\"@id\":\"https:\/\/portaltela.pt\/noticias\/2026\/03\/12\/telescopio-solar-portugues-sera-instalado-no-deserto-do-chile-2\/\"},\"wordCount\":316,\"image\":{\"@id\":\"https:\/\/portaltela.pt\/noticias\/2026\/03\/12\/telescopio-solar-portugues-sera-instalado-no-deserto-do-chile-2\/#primaryimage\"},\"thumbnailUrl\":\"https:\/\/portaltela.pt\/s.01k8rhncp4jt1\/2026\/03\/img_1280x721uu2017-09-26-08-34-00-671067.jpg\",\"keywords\":[\"ci\u00eancia\",\"investiga\u00e7\u00e3o\",\"observa\u00e7\u00f5es internacionais\",\"Portugal\",\"tecnologia\",\"universidades\"],\"articleSection\":[\"Not\u00edcias\"],\"inLanguage\":\"pt-PT\"},{\"@type\":\"WebPage\",\"@id\":\"https:\/\/portaltela.pt\/noticias\/2026\/03\/12\/telescopio-solar-portugues-sera-instalado-no-deserto-do-chile-2\/\",\"url\":\"https:\/\/portaltela.pt\/noticias\/2026\/03\/12\/telescopio-solar-portugues-sera-instalado-no-deserto-do-chile-2\/\",\"name\":\"Telesc\u00f3pio solar portugu\u00eas ser\u00e1 instalado no deserto do Chile - Portal Tela Portugal\",\"isPartOf\":{\"@id\":\"https:\/\/portaltela.pt\/#website\"},\"primaryImageOfPage\":{\"@id\":\"https:\/\/portaltela.pt\/noticias\/2026\/03\/12\/telescopio-solar-portugues-sera-instalado-no-deserto-do-chile-2\/#primaryimage\"},\"image\":{\"@id\":\"https:\/\/portaltela.pt\/noticias\/2026\/03\/12\/telescopio-solar-portugues-sera-instalado-no-deserto-do-chile-2\/#primaryimage\"},\"thumbnailUrl\":\"https:\/\/portaltela.pt\/s.01k8rhncp4jt1\/2026\/03\/img_1280x721uu2017-09-26-08-34-00-671067.jpg\",\"datePublished\":\"2026-03-12T16:07:04+00:00\",\"author\":{\"@id\":\"https:\/\/portaltela.pt\/#\/schema\/person\/c4278d4a6028830caff9ee44b42d32ed\"},\"breadcrumb\":{\"@id\":\"https:\/\/portaltela.pt\/noticias\/2026\/03\/12\/telescopio-solar-portugues-sera-instalado-no-deserto-do-chile-2\/#breadcrumb\"},\"inLanguage\":\"pt-PT\",\"potentialAction\":[{\"@type\":\"ReadAction\",\"target\":[\"https:\/\/portaltela.pt\/noticias\/2026\/03\/12\/telescopio-solar-portugues-sera-instalado-no-deserto-do-chile-2\/\"]}]},{\"@type\":\"ImageObject\",\"inLanguage\":\"pt-PT\",\"@id\":\"https:\/\/portaltela.pt\/noticias\/2026\/03\/12\/telescopio-solar-portugues-sera-instalado-no-deserto-do-chile-2\/#primaryimage\",\"url\":\"https:\/\/portaltela.pt\/s.01k8rhncp4jt1\/2026\/03\/img_1280x721uu2017-09-26-08-34-00-671067.jpg\",\"contentUrl\":\"https:\/\/portaltela.pt\/s.01k8rhncp4jt1\/2026\/03\/img_1280x721uu2017-09-26-08-34-00-671067.jpg\",\"width\":796,\"height\":448,\"caption\":\"Sol\"},{\"@type\":\"BreadcrumbList\",\"@id\":\"https:\/\/portaltela.pt\/noticias\/2026\/03\/12\/telescopio-solar-portugues-sera-instalado-no-deserto-do-chile-2\/#breadcrumb\",\"itemListElement\":[{\"@type\":\"ListItem\",\"position\":1,\"name\":\"In\u00edcio\",\"item\":\"https:\/\/portaltela.pt\/\"},{\"@type\":\"ListItem\",\"position\":2,\"name\":\"Telesc\u00f3pio solar portugu\u00eas ser\u00e1 instalado no deserto do Chile\"}]},{\"@type\":\"WebSite\",\"@id\":\"https:\/\/portaltela.pt\/#website\",\"url\":\"https:\/\/portaltela.pt\/\",\"name\":\"Portal Tela Portugal\",\"description\":\"\",\"potentialAction\":[{\"@type\":\"SearchAction\",\"target\":{\"@type\":\"EntryPoint\",\"urlTemplate\":\"https:\/\/portaltela.pt\/?s={search_term_string}\"},\"query-input\":{\"@type\":\"PropertyValueSpecification\",\"valueRequired\":true,\"valueName\":\"search_term_string\"}}],\"inLanguage\":\"pt-PT\"},{\"@type\":\"Person\",\"@id\":\"https:\/\/portaltela.pt\/#\/schema\/person\/c4278d4a6028830caff9ee44b42d32ed\",\"name\":\"Telinha\",\"image\":{\"@type\":\"ImageObject\",\"inLanguage\":\"pt-PT\",\"@id\":\"https:\/\/portaltela.pt\/s.01k8rhncp4jt1\/2025\/11\/talking-bot-125x125.png\",\"url\":\"https:\/\/portaltela.pt\/s.01k8rhncp4jt1\/2025\/11\/talking-bot-125x125.png\",\"contentUrl\":\"https:\/\/portaltela.pt\/s.01k8rhncp4jt1\/2025\/11\/talking-bot-125x125.png\",\"caption\":\"Telinha\"},\"sameAs\":[\"https:\/\/portaltela.pt\/\"],\"url\":\"https:\/\/portaltela.pt\/por\/367410592786\/\"}]}<\/script>\n<!-- \/ Yoast SEO plugin. -->","yoast_head_json":{"title":"Telesc\u00f3pio solar portugu\u00eas ser\u00e1 instalado no deserto do Chile - Portal Tela Portugal","robots":{"index":"index","follow":"follow","max-snippet":"max-snippet:-1","max-image-preview":"max-image-preview:large","max-video-preview":"max-video-preview:-1"},"og_locale":"pt_PT","og_type":"article","og_title":"Telesc\u00f3pio solar portugu\u00eas ser\u00e1 instalado no deserto do Chile - Portal Tela Portugal","og_description":"Doze investigadores portugueses v\u00e3o instalar no deserto do Chile o telesc\u00f3pio solar POET, operado remotamente a partir de Portugal, no Observat\u00f3rio do Paranal, em Atacama. A instala\u00e7\u00e3o, que dura tr\u00eas semanas, acontece junto dos atuais telesc\u00f3pios do Paranal e permitir\u00e1 observa\u00e7\u00f5es de elevada resolu\u00e7\u00e3o. O equipamento foi desenvolvido em parte nos laborat\u00f3rios de Ci\u00eancias da Universidade de Lisboa, com parte da estrutura fabricada em It\u00e1lia. O objetivo \u00e9 come\u00e7ar a recolher os primeiros dados em 8 de abril e contribuir para perceber melhor o Sol, bem como exoplanetas e sistemas estelares parecidos com a Terra. O telesc\u00f3pio ficar\u00e1 a 2.600 metros de altitude e ser\u00e1 o \u00fanico capaz de observar a luz solar com esse n\u00edvel de precis\u00e3o, segundo os investigadores.","og_url":"https:\/\/portaltela.pt\/noticias\/2026\/03\/12\/telescopio-solar-portugues-sera-instalado-no-deserto-do-chile-2\/","og_site_name":"Portal Tela Portugal","article_published_time":"2026-03-12T16:07:04+00:00","author":"Telinha","twitter_card":"summary_large_image","twitter_misc":{"Escrito por":"Telinha","Tempo estimado de leitura":"2 minutos"},"schema":{"@context":"https:\/\/schema.org","@graph":[{"@type":"Article","@id":"https:\/\/portaltela.pt\/noticias\/2026\/03\/12\/telescopio-solar-portugues-sera-instalado-no-deserto-do-chile-2\/#article","isPartOf":{"@id":"https:\/\/portaltela.pt\/noticias\/2026\/03\/12\/telescopio-solar-portugues-sera-instalado-no-deserto-do-chile-2\/"},"author":{"name":"Telinha","@id":"https:\/\/portaltela.pt\/#\/schema\/person\/c4278d4a6028830caff9ee44b42d32ed"},"headline":"Telesc\u00f3pio solar portugu\u00eas ser\u00e1 instalado no deserto do Chile","datePublished":"2026-03-12T16:07:04+00:00","mainEntityOfPage":{"@id":"https:\/\/portaltela.pt\/noticias\/2026\/03\/12\/telescopio-solar-portugues-sera-instalado-no-deserto-do-chile-2\/"},"wordCount":316,"image":{"@id":"https:\/\/portaltela.pt\/noticias\/2026\/03\/12\/telescopio-solar-portugues-sera-instalado-no-deserto-do-chile-2\/#primaryimage"},"thumbnailUrl":"https:\/\/portaltela.pt\/s.01k8rhncp4jt1\/2026\/03\/img_1280x721uu2017-09-26-08-34-00-671067.jpg","keywords":["ci\u00eancia","investiga\u00e7\u00e3o","observa\u00e7\u00f5es internacionais","Portugal","tecnologia","universidades"],"articleSection":["Not\u00edcias"],"inLanguage":"pt-PT"},{"@type":"WebPage","@id":"https:\/\/portaltela.pt\/noticias\/2026\/03\/12\/telescopio-solar-portugues-sera-instalado-no-deserto-do-chile-2\/","url":"https:\/\/portaltela.pt\/noticias\/2026\/03\/12\/telescopio-solar-portugues-sera-instalado-no-deserto-do-chile-2\/","name":"Telesc\u00f3pio solar portugu\u00eas ser\u00e1 instalado no deserto do Chile - Portal Tela Portugal","isPartOf":{"@id":"https:\/\/portaltela.pt\/#website"},"primaryImageOfPage":{"@id":"https:\/\/portaltela.pt\/noticias\/2026\/03\/12\/telescopio-solar-portugues-sera-instalado-no-deserto-do-chile-2\/#primaryimage"},"image":{"@id":"https:\/\/portaltela.pt\/noticias\/2026\/03\/12\/telescopio-solar-portugues-sera-instalado-no-deserto-do-chile-2\/#primaryimage"},"thumbnailUrl":"https:\/\/portaltela.pt\/s.01k8rhncp4jt1\/2026\/03\/img_1280x721uu2017-09-26-08-34-00-671067.jpg","datePublished":"2026-03-12T16:07:04+00:00","author":{"@id":"https:\/\/portaltela.pt\/#\/schema\/person\/c4278d4a6028830caff9ee44b42d32ed"},"breadcrumb":{"@id":"https:\/\/portaltela.pt\/noticias\/2026\/03\/12\/telescopio-solar-portugues-sera-instalado-no-deserto-do-chile-2\/#breadcrumb"},"inLanguage":"pt-PT","potentialAction":[{"@type":"ReadAction","target":["https:\/\/portaltela.pt\/noticias\/2026\/03\/12\/telescopio-solar-portugues-sera-instalado-no-deserto-do-chile-2\/"]}]},{"@type":"ImageObject","inLanguage":"pt-PT","@id":"https:\/\/portaltela.pt\/noticias\/2026\/03\/12\/telescopio-solar-portugues-sera-instalado-no-deserto-do-chile-2\/#primaryimage","url":"https:\/\/portaltela.pt\/s.01k8rhncp4jt1\/2026\/03\/img_1280x721uu2017-09-26-08-34-00-671067.jpg","contentUrl":"https:\/\/portaltela.pt\/s.01k8rhncp4jt1\/2026\/03\/img_1280x721uu2017-09-26-08-34-00-671067.jpg","width":796,"height":448,"caption":"Sol"},{"@type":"BreadcrumbList","@id":"https:\/\/portaltela.pt\/noticias\/2026\/03\/12\/telescopio-solar-portugues-sera-instalado-no-deserto-do-chile-2\/#breadcrumb","itemListElement":[{"@type":"ListItem","position":1,"name":"In\u00edcio","item":"https:\/\/portaltela.pt\/"},{"@type":"ListItem","position":2,"name":"Telesc\u00f3pio solar portugu\u00eas ser\u00e1 instalado no deserto do Chile"}]},{"@type":"WebSite","@id":"https:\/\/portaltela.pt\/#website","url":"https:\/\/portaltela.pt\/","name":"Portal Tela Portugal","description":"","potentialAction":[{"@type":"SearchAction","target":{"@type":"EntryPoint","urlTemplate":"https:\/\/portaltela.pt\/?s={search_term_string}"},"query-input":{"@type":"PropertyValueSpecification","valueRequired":true,"valueName":"search_term_string"}}],"inLanguage":"pt-PT"},{"@type":"Person","@id":"https:\/\/portaltela.pt\/#\/schema\/person\/c4278d4a6028830caff9ee44b42d32ed","name":"Telinha","image":{"@type":"ImageObject","inLanguage":"pt-PT","@id":"https:\/\/portaltela.pt\/s.01k8rhncp4jt1\/2025\/11\/talking-bot-125x125.png","url":"https:\/\/portaltela.pt\/s.01k8rhncp4jt1\/2025\/11\/talking-bot-125x125.png","contentUrl":"https:\/\/portaltela.pt\/s.01k8rhncp4jt1\/2025\/11\/talking-bot-125x125.png","caption":"Telinha"},"sameAs":["https:\/\/portaltela.pt\/"],"url":"https:\/\/portaltela.pt\/por\/367410592786\/"}]}},"_links":{"self":[{"href":"https:\/\/portaltela.pt\/api\/wp\/v2\/posts\/407593","targetHints":{"allow":["GET"]}}],"collection":[{"href":"https:\/\/portaltela.pt\/api\/wp\/v2\/posts"}],"about":[{"href":"https:\/\/portaltela.pt\/api\/wp\/v2\/types\/post"}],"author":[{"embeddable":true,"href":"https:\/\/portaltela.pt\/api\/wp\/v2\/users\/2"}],"replies":[{"embeddable":true,"href":"https:\/\/portaltela.pt\/api\/wp\/v2\/comments?post=407593"}],"version-history":[{"count":0,"href":"https:\/\/portaltela.pt\/api\/wp\/v2\/posts\/407593\/revisions"}],"wp:featuredmedia":[{"embeddable":true,"href":"https:\/\/portaltela.pt\/api\/wp\/v2\/media\/407600"}],"wp:attachment":[{"href":"https:\/\/portaltela.pt\/api\/wp\/v2\/media?parent=407593"}],"wp:term":[{"taxonomy":"category","embeddable":true,"href":"https:\/\/portaltela.pt\/api\/wp\/v2\/categories?post=407593"},{"taxonomy":"post_tag","embeddable":true,"href":"https:\/\/portaltela.pt\/api\/wp\/v2\/tags?post=407593"}],"curies":[{"name":"wp","href":"https:\/\/api.w.org\/{rel}","templated":true}]}}