{"id":407592,"date":"2026-03-12T13:03:27","date_gmt":"2026-03-12T16:03:27","guid":{"rendered":"https:\/\/portaltela.pt\/noticias\/2026\/03\/12\/feirense-inicia-investigacao-interna-apos-suspensao-da-equipa-de-ciclismo\/"},"modified":"2026-03-12T13:03:27","modified_gmt":"2026-03-12T16:03:27","slug":"feirense-inicia-investigacao-interna-apos-suspensao-da-equipa-de-ciclismo","status":"publish","type":"post","link":"https:\/\/portaltela.pt\/desporto\/futebol\/2026\/03\/12\/feirense-inicia-investigacao-interna-apos-suspensao-da-equipa-de-ciclismo\/","title":{"rendered":"Feirense inicia investiga\u00e7\u00e3o interna ap\u00f3s suspens\u00e3o da equipa de ciclismo"},"content":{"rendered":"<p>O Feirense vai iniciar de imediato uma investiga\u00e7\u00e3o interna ap\u00f3s a suspens\u00e3o de 22 dias da equipa de ciclismo Feirense-Beeceler. A san\u00e7\u00e3o decorre de tr\u00eas casos de anomalias no passaporte biol\u00f3gico registados ao longo de 12 meses.<\/p>\n<p>A Ag\u00eancia Internacional de Testes confirmou a suspens\u00e3o entre 22 de mar\u00e7o e 12 de abril. Os casos envolvem ex-atletas da equipa, apurando-se que as irregularidades ocorreram em per\u00edodos anteriores.<\/p>\n<h3>Investiga\u00e7\u00e3o interna<\/h3>\n<p>O clube salienta que n\u00e3o tolera dopagem e que, na eventualidade de prova de viola\u00e7\u00e3o deliberada, a modalidade ser\u00e1 suspensa pela Dire\u00e7\u00e3o do Feirense. A dire\u00e7\u00e3o refor\u00e7a a integridade como prioridade institucional.<\/p>\n<p>Caso existam responsabilidades individuais identificadas, o Feirense reserva-se ao direito de agir judicialmente para defender a reputa\u00e7\u00e3o e os valores do clube. O comunicado sublinha ainda os 108 anos de hist\u00f3ria e \u00e9tica desportiva.<\/p>\n<h3>Contexto dos casos<\/h3>\n<p>Segundo a ITA, as anomalias no passaporte biol\u00f3gico envolveram Venceslau Fernandes, Ant\u00f3nio Carvalho e Barry Miller, notificados pela ADoP entre 2024 e 2025. Fernandes e Carvalho j\u00e1 cumprem suspens\u00f5es significativas.<\/p>\n<p>Carvalho enfrenta uma pena de quatro anos at\u00e9 novembro de 2029; Fernandes tem uma suspens\u00e3o de seis anos at\u00e9 novembro de 2030. Miller n\u00e3o est\u00e1 atualmente a competir pela equipa, e o clube afirma que n\u00e3o tinha conhecimento de irregularidades anteriores.<\/p>\n<h3>Situa\u00e7\u00e3o atual do clube<\/h3>\n<p>O Feirense refor\u00e7a que dois dos atletas implicados j\u00e1 n\u00e3o integram a equipa h\u00e1 v\u00e1rios anos. O clube afirma ter actuado de forma diligente, garantindo que a integridade desportiva continua a orientar cada decis\u00e3o.<\/p>\n","protected":false},"excerpt":{"rendered":"<ul>\n<li>A Feirense-Beeceler vai cumprir uma suspens\u00e3o de 22 dias entre 22 de mar\u00e7o e 12 de abril, ap\u00f3s tr\u00eas casos de anomalias no passaporte biol\u00f3gico no per\u00edodo de 12 meses (2022-2023), segundo a Ag\u00eancia Internacional de Testes.<\/li>\n<li>O clube anunciou j\u00e1 iniciar uma investiga\u00e7\u00e3o interna para apurar responsabilidades, caso haja prova de viola\u00e7\u00e3o deliberada das regras.<\/li>\n<li>O Feirense afirma repudiar a dopagem e garante que, se existir prova de viola\u00e7\u00e3o deliberada, a modalidade ser\u00e1 suspensa de imediato pela dire\u00e7\u00e3o do clube.<\/li>\n<li>Os casos envolvem Venceslau Fernandes, Ant\u00f3nio Carvalho e Barry Miller; Fernandes e Carvalho j\u00e1 cumprem suspens\u00f5es, com puni\u00e7\u00f5es de seis anos para Fernandes e quatro anos para Carvalho.<\/li>\n<li>O clube esclarece que dois dos ciclistas ligados aos processos j\u00e1 n\u00e3o integram a equipa e que n\u00e3o houve conhecimento ou comunica\u00e7\u00e3o pr\u00e9via de anomalias sobre esses atletas.<\/li>\n<\/ul>\n","protected":false},"author":2,"featured_media":407601,"comment_status":"closed","ping_status":"closed","sticky":false,"template":"","format":"standard","meta":{"footnotes":""},"categories":[21,24],"tags":[923,152,186,233,4331,215],"class_list":["post-407592","post","type-post","status-publish","format-standard","has-post-thumbnail","hentry","category-desporto","category-futebol","tag-ciclismo","tag-desporto","tag-desportos","tag-etica-desportiva","tag-feirense","tag-investigacao"],"yoast_head":"<!-- This site is optimized with the Yoast SEO plugin v27.2 - https:\/\/yoast.com\/product\/yoast-seo-wordpress\/ -->\n<title>Feirense inicia investiga\u00e7\u00e3o interna ap\u00f3s suspens\u00e3o da equipa de ciclismo - Portal Tela Portugal<\/title>\n<meta name=\"robots\" content=\"index, follow, max-snippet:-1, max-image-preview:large, max-video-preview:-1\" \/>\n<meta property=\"og:locale\" content=\"pt_PT\" \/>\n<meta property=\"og:type\" content=\"article\" \/>\n<meta property=\"og:title\" content=\"Feirense inicia investiga\u00e7\u00e3o interna ap\u00f3s suspens\u00e3o da equipa de ciclismo - Portal Tela Portugal\" \/>\n<meta property=\"og:description\" content=\"A Feirense-Beeceler vai cumprir uma suspens\u00e3o de 22 dias entre 22 de mar\u00e7o e 12 de abril, ap\u00f3s tr\u00eas casos de anomalias no passaporte biol\u00f3gico no per\u00edodo de 12 meses (2022-2023), segundo a Ag\u00eancia Internacional de Testes. O clube anunciou j\u00e1 iniciar uma investiga\u00e7\u00e3o interna para apurar responsabilidades, caso haja prova de viola\u00e7\u00e3o deliberada das regras. O Feirense afirma repudiar a dopagem e garante que, se existir prova de viola\u00e7\u00e3o deliberada, a modalidade ser\u00e1 suspensa de imediato pela dire\u00e7\u00e3o do clube. Os casos envolvem Venceslau Fernandes, Ant\u00f3nio Carvalho e Barry Miller; Fernandes e Carvalho j\u00e1 cumprem suspens\u00f5es, com puni\u00e7\u00f5es de seis anos para Fernandes e quatro anos para Carvalho. O clube esclarece que dois dos ciclistas ligados aos processos j\u00e1 n\u00e3o integram a equipa e que n\u00e3o houve conhecimento ou comunica\u00e7\u00e3o pr\u00e9via de anomalias sobre esses atletas.\" \/>\n<meta property=\"og:url\" content=\"https:\/\/portaltela.pt\/noticias\/2026\/03\/12\/feirense-inicia-investigacao-interna-apos-suspensao-da-equipa-de-ciclismo\/\" \/>\n<meta property=\"og:site_name\" content=\"Portal Tela Portugal\" \/>\n<meta property=\"article:published_time\" content=\"2026-03-12T16:03:27+00:00\" \/>\n<meta name=\"author\" content=\"Telinha\" \/>\n<meta name=\"twitter:card\" content=\"summary_large_image\" \/>\n<meta name=\"twitter:label1\" content=\"Escrito por\" \/>\n\t<meta name=\"twitter:data1\" content=\"Telinha\" \/>\n\t<meta name=\"twitter:label2\" content=\"Tempo estimado de leitura\" \/>\n\t<meta name=\"twitter:data2\" content=\"1 minuto\" \/>\n<script type=\"application\/ld+json\" class=\"yoast-schema-graph\">{\"@context\":\"https:\/\/schema.org\",\"@graph\":[{\"@type\":\"Article\",\"@id\":\"https:\/\/portaltela.pt\/noticias\/2026\/03\/12\/feirense-inicia-investigacao-interna-apos-suspensao-da-equipa-de-ciclismo\/#article\",\"isPartOf\":{\"@id\":\"https:\/\/portaltela.pt\/noticias\/2026\/03\/12\/feirense-inicia-investigacao-interna-apos-suspensao-da-equipa-de-ciclismo\/\"},\"author\":{\"name\":\"Telinha\",\"@id\":\"https:\/\/portaltela.pt\/#\/schema\/person\/c4278d4a6028830caff9ee44b42d32ed\"},\"headline\":\"Feirense inicia investiga\u00e7\u00e3o interna ap\u00f3s suspens\u00e3o da equipa de ciclismo\",\"datePublished\":\"2026-03-12T16:03:27+00:00\",\"mainEntityOfPage\":{\"@id\":\"https:\/\/portaltela.pt\/noticias\/2026\/03\/12\/feirense-inicia-investigacao-interna-apos-suspensao-da-equipa-de-ciclismo\/\"},\"wordCount\":280,\"image\":{\"@id\":\"https:\/\/portaltela.pt\/noticias\/2026\/03\/12\/feirense-inicia-investigacao-interna-apos-suspensao-da-equipa-de-ciclismo\/#primaryimage\"},\"thumbnailUrl\":\"https:\/\/portaltela.pt\/s.01k8rhncp4jt1\/2026\/03\/img_920x518uu2025-12-17-16-47-00-2409736.jpg\",\"keywords\":[\"ciclismo\",\"desporto\",\"desportos\",\"\u00c9tica Desportiva\",\"Feirense\",\"investiga\u00e7\u00e3o\"],\"articleSection\":[\"Desporto\",\"Futebol\"],\"inLanguage\":\"pt-PT\"},{\"@type\":\"WebPage\",\"@id\":\"https:\/\/portaltela.pt\/noticias\/2026\/03\/12\/feirense-inicia-investigacao-interna-apos-suspensao-da-equipa-de-ciclismo\/\",\"url\":\"https:\/\/portaltela.pt\/noticias\/2026\/03\/12\/feirense-inicia-investigacao-interna-apos-suspensao-da-equipa-de-ciclismo\/\",\"name\":\"Feirense inicia investiga\u00e7\u00e3o interna ap\u00f3s suspens\u00e3o da equipa de ciclismo - Portal Tela Portugal\",\"isPartOf\":{\"@id\":\"https:\/\/portaltela.pt\/#website\"},\"primaryImageOfPage\":{\"@id\":\"https:\/\/portaltela.pt\/noticias\/2026\/03\/12\/feirense-inicia-investigacao-interna-apos-suspensao-da-equipa-de-ciclismo\/#primaryimage\"},\"image\":{\"@id\":\"https:\/\/portaltela.pt\/noticias\/2026\/03\/12\/feirense-inicia-investigacao-interna-apos-suspensao-da-equipa-de-ciclismo\/#primaryimage\"},\"thumbnailUrl\":\"https:\/\/portaltela.pt\/s.01k8rhncp4jt1\/2026\/03\/img_920x518uu2025-12-17-16-47-00-2409736.jpg\",\"datePublished\":\"2026-03-12T16:03:27+00:00\",\"author\":{\"@id\":\"https:\/\/portaltela.pt\/#\/schema\/person\/c4278d4a6028830caff9ee44b42d32ed\"},\"breadcrumb\":{\"@id\":\"https:\/\/portaltela.pt\/noticias\/2026\/03\/12\/feirense-inicia-investigacao-interna-apos-suspensao-da-equipa-de-ciclismo\/#breadcrumb\"},\"inLanguage\":\"pt-PT\",\"potentialAction\":[{\"@type\":\"ReadAction\",\"target\":[\"https:\/\/portaltela.pt\/noticias\/2026\/03\/12\/feirense-inicia-investigacao-interna-apos-suspensao-da-equipa-de-ciclismo\/\"]}]},{\"@type\":\"ImageObject\",\"inLanguage\":\"pt-PT\",\"@id\":\"https:\/\/portaltela.pt\/noticias\/2026\/03\/12\/feirense-inicia-investigacao-interna-apos-suspensao-da-equipa-de-ciclismo\/#primaryimage\",\"url\":\"https:\/\/portaltela.pt\/s.01k8rhncp4jt1\/2026\/03\/img_920x518uu2025-12-17-16-47-00-2409736.jpg\",\"contentUrl\":\"https:\/\/portaltela.pt\/s.01k8rhncp4jt1\/2026\/03\/img_920x518uu2025-12-17-16-47-00-2409736.jpg\",\"width\":796,\"height\":448,\"caption\":\"Ant\u00f3nio Carvalho enfrenta suspens\u00e3o por irregularidades no passaporte biol\u00f3gico\"},{\"@type\":\"BreadcrumbList\",\"@id\":\"https:\/\/portaltela.pt\/noticias\/2026\/03\/12\/feirense-inicia-investigacao-interna-apos-suspensao-da-equipa-de-ciclismo\/#breadcrumb\",\"itemListElement\":[{\"@type\":\"ListItem\",\"position\":1,\"name\":\"In\u00edcio\",\"item\":\"https:\/\/portaltela.pt\/\"},{\"@type\":\"ListItem\",\"position\":2,\"name\":\"Feirense inicia investiga\u00e7\u00e3o interna ap\u00f3s suspens\u00e3o da equipa de ciclismo\"}]},{\"@type\":\"WebSite\",\"@id\":\"https:\/\/portaltela.pt\/#website\",\"url\":\"https:\/\/portaltela.pt\/\",\"name\":\"Portal Tela Portugal\",\"description\":\"\",\"potentialAction\":[{\"@type\":\"SearchAction\",\"target\":{\"@type\":\"EntryPoint\",\"urlTemplate\":\"https:\/\/portaltela.pt\/?s={search_term_string}\"},\"query-input\":{\"@type\":\"PropertyValueSpecification\",\"valueRequired\":true,\"valueName\":\"search_term_string\"}}],\"inLanguage\":\"pt-PT\"},{\"@type\":\"Person\",\"@id\":\"https:\/\/portaltela.pt\/#\/schema\/person\/c4278d4a6028830caff9ee44b42d32ed\",\"name\":\"Telinha\",\"image\":{\"@type\":\"ImageObject\",\"inLanguage\":\"pt-PT\",\"@id\":\"https:\/\/portaltela.pt\/s.01k8rhncp4jt1\/2025\/11\/talking-bot-125x125.png\",\"url\":\"https:\/\/portaltela.pt\/s.01k8rhncp4jt1\/2025\/11\/talking-bot-125x125.png\",\"contentUrl\":\"https:\/\/portaltela.pt\/s.01k8rhncp4jt1\/2025\/11\/talking-bot-125x125.png\",\"caption\":\"Telinha\"},\"sameAs\":[\"https:\/\/portaltela.pt\/\"],\"url\":\"https:\/\/portaltela.pt\/por\/367410592786\/\"}]}<\/script>\n<!-- \/ Yoast SEO plugin. -->","yoast_head_json":{"title":"Feirense inicia investiga\u00e7\u00e3o interna ap\u00f3s suspens\u00e3o da equipa de ciclismo - Portal Tela Portugal","robots":{"index":"index","follow":"follow","max-snippet":"max-snippet:-1","max-image-preview":"max-image-preview:large","max-video-preview":"max-video-preview:-1"},"og_locale":"pt_PT","og_type":"article","og_title":"Feirense inicia investiga\u00e7\u00e3o interna ap\u00f3s suspens\u00e3o da equipa de ciclismo - Portal Tela Portugal","og_description":"A Feirense-Beeceler vai cumprir uma suspens\u00e3o de 22 dias entre 22 de mar\u00e7o e 12 de abril, ap\u00f3s tr\u00eas casos de anomalias no passaporte biol\u00f3gico no per\u00edodo de 12 meses (2022-2023), segundo a Ag\u00eancia Internacional de Testes. O clube anunciou j\u00e1 iniciar uma investiga\u00e7\u00e3o interna para apurar responsabilidades, caso haja prova de viola\u00e7\u00e3o deliberada das regras. O Feirense afirma repudiar a dopagem e garante que, se existir prova de viola\u00e7\u00e3o deliberada, a modalidade ser\u00e1 suspensa de imediato pela dire\u00e7\u00e3o do clube. Os casos envolvem Venceslau Fernandes, Ant\u00f3nio Carvalho e Barry Miller; Fernandes e Carvalho j\u00e1 cumprem suspens\u00f5es, com puni\u00e7\u00f5es de seis anos para Fernandes e quatro anos para Carvalho. O clube esclarece que dois dos ciclistas ligados aos processos j\u00e1 n\u00e3o integram a equipa e que n\u00e3o houve conhecimento ou comunica\u00e7\u00e3o pr\u00e9via de anomalias sobre esses atletas.","og_url":"https:\/\/portaltela.pt\/noticias\/2026\/03\/12\/feirense-inicia-investigacao-interna-apos-suspensao-da-equipa-de-ciclismo\/","og_site_name":"Portal Tela Portugal","article_published_time":"2026-03-12T16:03:27+00:00","author":"Telinha","twitter_card":"summary_large_image","twitter_misc":{"Escrito por":"Telinha","Tempo estimado de leitura":"1 minuto"},"schema":{"@context":"https:\/\/schema.org","@graph":[{"@type":"Article","@id":"https:\/\/portaltela.pt\/noticias\/2026\/03\/12\/feirense-inicia-investigacao-interna-apos-suspensao-da-equipa-de-ciclismo\/#article","isPartOf":{"@id":"https:\/\/portaltela.pt\/noticias\/2026\/03\/12\/feirense-inicia-investigacao-interna-apos-suspensao-da-equipa-de-ciclismo\/"},"author":{"name":"Telinha","@id":"https:\/\/portaltela.pt\/#\/schema\/person\/c4278d4a6028830caff9ee44b42d32ed"},"headline":"Feirense inicia investiga\u00e7\u00e3o interna ap\u00f3s suspens\u00e3o da equipa de ciclismo","datePublished":"2026-03-12T16:03:27+00:00","mainEntityOfPage":{"@id":"https:\/\/portaltela.pt\/noticias\/2026\/03\/12\/feirense-inicia-investigacao-interna-apos-suspensao-da-equipa-de-ciclismo\/"},"wordCount":280,"image":{"@id":"https:\/\/portaltela.pt\/noticias\/2026\/03\/12\/feirense-inicia-investigacao-interna-apos-suspensao-da-equipa-de-ciclismo\/#primaryimage"},"thumbnailUrl":"https:\/\/portaltela.pt\/s.01k8rhncp4jt1\/2026\/03\/img_920x518uu2025-12-17-16-47-00-2409736.jpg","keywords":["ciclismo","desporto","desportos","\u00c9tica Desportiva","Feirense","investiga\u00e7\u00e3o"],"articleSection":["Desporto","Futebol"],"inLanguage":"pt-PT"},{"@type":"WebPage","@id":"https:\/\/portaltela.pt\/noticias\/2026\/03\/12\/feirense-inicia-investigacao-interna-apos-suspensao-da-equipa-de-ciclismo\/","url":"https:\/\/portaltela.pt\/noticias\/2026\/03\/12\/feirense-inicia-investigacao-interna-apos-suspensao-da-equipa-de-ciclismo\/","name":"Feirense inicia investiga\u00e7\u00e3o interna ap\u00f3s suspens\u00e3o da equipa de ciclismo - Portal Tela Portugal","isPartOf":{"@id":"https:\/\/portaltela.pt\/#website"},"primaryImageOfPage":{"@id":"https:\/\/portaltela.pt\/noticias\/2026\/03\/12\/feirense-inicia-investigacao-interna-apos-suspensao-da-equipa-de-ciclismo\/#primaryimage"},"image":{"@id":"https:\/\/portaltela.pt\/noticias\/2026\/03\/12\/feirense-inicia-investigacao-interna-apos-suspensao-da-equipa-de-ciclismo\/#primaryimage"},"thumbnailUrl":"https:\/\/portaltela.pt\/s.01k8rhncp4jt1\/2026\/03\/img_920x518uu2025-12-17-16-47-00-2409736.jpg","datePublished":"2026-03-12T16:03:27+00:00","author":{"@id":"https:\/\/portaltela.pt\/#\/schema\/person\/c4278d4a6028830caff9ee44b42d32ed"},"breadcrumb":{"@id":"https:\/\/portaltela.pt\/noticias\/2026\/03\/12\/feirense-inicia-investigacao-interna-apos-suspensao-da-equipa-de-ciclismo\/#breadcrumb"},"inLanguage":"pt-PT","potentialAction":[{"@type":"ReadAction","target":["https:\/\/portaltela.pt\/noticias\/2026\/03\/12\/feirense-inicia-investigacao-interna-apos-suspensao-da-equipa-de-ciclismo\/"]}]},{"@type":"ImageObject","inLanguage":"pt-PT","@id":"https:\/\/portaltela.pt\/noticias\/2026\/03\/12\/feirense-inicia-investigacao-interna-apos-suspensao-da-equipa-de-ciclismo\/#primaryimage","url":"https:\/\/portaltela.pt\/s.01k8rhncp4jt1\/2026\/03\/img_920x518uu2025-12-17-16-47-00-2409736.jpg","contentUrl":"https:\/\/portaltela.pt\/s.01k8rhncp4jt1\/2026\/03\/img_920x518uu2025-12-17-16-47-00-2409736.jpg","width":796,"height":448,"caption":"Ant\u00f3nio Carvalho enfrenta suspens\u00e3o por irregularidades no passaporte biol\u00f3gico"},{"@type":"BreadcrumbList","@id":"https:\/\/portaltela.pt\/noticias\/2026\/03\/12\/feirense-inicia-investigacao-interna-apos-suspensao-da-equipa-de-ciclismo\/#breadcrumb","itemListElement":[{"@type":"ListItem","position":1,"name":"In\u00edcio","item":"https:\/\/portaltela.pt\/"},{"@type":"ListItem","position":2,"name":"Feirense inicia investiga\u00e7\u00e3o interna ap\u00f3s suspens\u00e3o da equipa de ciclismo"}]},{"@type":"WebSite","@id":"https:\/\/portaltela.pt\/#website","url":"https:\/\/portaltela.pt\/","name":"Portal Tela Portugal","description":"","potentialAction":[{"@type":"SearchAction","target":{"@type":"EntryPoint","urlTemplate":"https:\/\/portaltela.pt\/?s={search_term_string}"},"query-input":{"@type":"PropertyValueSpecification","valueRequired":true,"valueName":"search_term_string"}}],"inLanguage":"pt-PT"},{"@type":"Person","@id":"https:\/\/portaltela.pt\/#\/schema\/person\/c4278d4a6028830caff9ee44b42d32ed","name":"Telinha","image":{"@type":"ImageObject","inLanguage":"pt-PT","@id":"https:\/\/portaltela.pt\/s.01k8rhncp4jt1\/2025\/11\/talking-bot-125x125.png","url":"https:\/\/portaltela.pt\/s.01k8rhncp4jt1\/2025\/11\/talking-bot-125x125.png","contentUrl":"https:\/\/portaltela.pt\/s.01k8rhncp4jt1\/2025\/11\/talking-bot-125x125.png","caption":"Telinha"},"sameAs":["https:\/\/portaltela.pt\/"],"url":"https:\/\/portaltela.pt\/por\/367410592786\/"}]}},"_links":{"self":[{"href":"https:\/\/portaltela.pt\/api\/wp\/v2\/posts\/407592","targetHints":{"allow":["GET"]}}],"collection":[{"href":"https:\/\/portaltela.pt\/api\/wp\/v2\/posts"}],"about":[{"href":"https:\/\/portaltela.pt\/api\/wp\/v2\/types\/post"}],"author":[{"embeddable":true,"href":"https:\/\/portaltela.pt\/api\/wp\/v2\/users\/2"}],"replies":[{"embeddable":true,"href":"https:\/\/portaltela.pt\/api\/wp\/v2\/comments?post=407592"}],"version-history":[{"count":0,"href":"https:\/\/portaltela.pt\/api\/wp\/v2\/posts\/407592\/revisions"}],"wp:featuredmedia":[{"embeddable":true,"href":"https:\/\/portaltela.pt\/api\/wp\/v2\/media\/407601"}],"wp:attachment":[{"href":"https:\/\/portaltela.pt\/api\/wp\/v2\/media?parent=407592"}],"wp:term":[{"taxonomy":"category","embeddable":true,"href":"https:\/\/portaltela.pt\/api\/wp\/v2\/categories?post=407592"},{"taxonomy":"post_tag","embeddable":true,"href":"https:\/\/portaltela.pt\/api\/wp\/v2\/tags?post=407592"}],"curies":[{"name":"wp","href":"https:\/\/api.w.org\/{rel}","templated":true}]}}