{"id":407555,"date":"2026-03-12T12:32:26","date_gmt":"2026-03-12T15:32:26","guid":{"rendered":"https:\/\/portaltela.pt\/noticias\/2026\/03\/12\/farmacias-defendem-alargar-vacina-da-gripe-de-dose-elevada-a-maiores-de-65-anos\/"},"modified":"2026-03-12T12:32:26","modified_gmt":"2026-03-12T15:32:26","slug":"farmacias-defendem-alargar-vacina-da-gripe-de-dose-elevada-a-maiores-de-65-anos","status":"publish","type":"post","link":"https:\/\/portaltela.pt\/saude\/2026\/03\/12\/farmacias-defendem-alargar-vacina-da-gripe-de-dose-elevada-a-maiores-de-65-anos\/","title":{"rendered":"Farm\u00e1cias defendem alargar vacina da gripe de dose elevada a maiores de 65 anos"},"content":{"rendered":"<p>A Associa\u00e7\u00e3o de Farm\u00e1cias de Portugal (AFP) defende o alargamento da vacina da gripe de dose elevada a pessoas com 65 anos ou mais. A proposta visa refor\u00e7ar a prote\u00e7\u00e3o da popula\u00e7\u00e3o mais vulner\u00e1vel e reduzir internamentos associados \u00e0 gripe, segundo o sindicato.<\/p>\n<p>Em comunicado, a AFP aponta que a medida pode aumentar a efic\u00e1cia global das estrat\u00e9gias de vacina\u00e7\u00e3o e diminuir complica\u00e7\u00f5es graves entre utentes de maior idade. A associa\u00e7\u00e3o cita estudos recentes e declara\u00e7\u00f5es de especialistas na \u00e1rea de sa\u00fade para sustentar a posi\u00e7\u00e3o.<\/p>\n<p>Atualmente, na \u00e9poca 2024\/2025, a vacina de dose elevada est\u00e1 dispon\u00edvel gratuitamente nos centros de sa\u00fade para pessoas com 85 ou mais anos, bem como para utentes de estabelecimentos de cuidados continuados e da Rede Nacional de Cuidados Continuados Integrados.<\/p>\n<p>As farm\u00e1cias comunit\u00e1rias s\u00e3o descritas pela AFP como parte crucial da cobertura vacinal, oferecendo proximidade, conveni\u00eancia e acesso facilitado a milhares de pessoas. A vacina \u00e9 administrada por profissionais qualificados nesses estabelecimentos.<\/p>\n<p>Contudo, a AFP lamenta que a dose elevada n\u00e3o esteja dispon\u00edvel para administra\u00e7\u00e3o aos adultos entre os 65 e os 84 anos, o que reduz o potencial de prote\u00e7\u00e3o nessa faixa et\u00e1ria. A associa\u00e7\u00e3o defende que as farm\u00e1cias possam administrar a vacina a utentes nessa faixa et\u00e1ria.<\/p>\n<p>Dados da Dire\u00e7\u00e3o-Geral da Sa\u00fade indicam que, entre 23 de setembro e 8 de mar\u00e7o, 2.561.656 pessoas foram vacinadas contra a gripe, com mais de 1,1 milh\u00f5es a escolherem farm\u00e1cias. Entre os idosos com 85 ou mais anos, a taxa de vacina\u00e7\u00e3o situa-se nos 87,88% (300.259 pessoas).<\/p>\n<p>No final de setembro, v\u00e1rias associa\u00e7\u00f5es de doentes j\u00e1 tinham enfatizado a import\u00e2ncia da vacina\u00e7\u00e3o para grupos de risco, defendendo a prioridade das vacinas de dose elevada para todas as pessoas a partir dos 65 anos.<\/p>\n","protected":false},"excerpt":{"rendered":"<ul>\n<li>A Associa\u00e7\u00e3o de Farm\u00e1cias de Portugal defende alargar a vacina da gripe de dose elevada a pessoas a partir dos 65 anos, para proteger a popula\u00e7\u00e3o mais vulner\u00e1vel e reduzir internamentos.<\/li>\n<li>A vacina de dose elevada continua a estar dispon\u00edvel gratuitamente nos centros de sa\u00fade para quem tem 85 anos ou mais, bem como para utentes de estabelecimentos residenciais para idosos e da Rede Nacional de Cuidados Continuados Integrados.<\/li>\n<li>A AFP cita estudos recentes e declara\u00e7\u00f5es de especialistas que indicam vantagens da dose elevada na popula\u00e7\u00e3o idosa, refor\u00e7ando a resposta imunit\u00e1ria e a redu\u00e7\u00e3o de complica\u00e7\u00f5es da gripe.<\/li>\n<li>As farm\u00e1cias comunit\u00e1rias s\u00e3o destacadas como papel importante na melhoria da cobertura vacinal, devido \u00e0 proximidade, conveni\u00eancia e acesso facilitado.<\/li>\n<li>A associa\u00e7\u00e3o lamenta que a dose elevada ainda n\u00e3o esteja dispon\u00edvel para administra\u00e7\u00e3o a pessoas entre 65 e 84 anos, defendendo que as farm\u00e1cias possam atuar como local privilegiado de vacina\u00e7\u00e3o para os 84 anos ou mais.<\/li>\n<\/ul>\n","protected":false},"author":2,"featured_media":407558,"comment_status":"closed","ping_status":"closed","sticky":false,"template":"","format":"standard","meta":{"footnotes":""},"categories":[1,6745],"tags":[5762,3664,2736,1014,271,3949],"class_list":["post-407555","post","type-post","status-publish","format-standard","has-post-thumbnail","hentry","category-noticias","category-saude","tag-farmacia-comunitaria","tag-farmacias","tag-idosos","tag-portugal","tag-saude-publica","tag-vacinacoes"],"yoast_head":"<!-- This site is optimized with the Yoast SEO plugin v27.2 - https:\/\/yoast.com\/product\/yoast-seo-wordpress\/ -->\n<title>Farm\u00e1cias defendem alargar vacina da gripe de dose elevada a maiores de 65 anos - Portal Tela Portugal<\/title>\n<meta name=\"robots\" content=\"index, follow, max-snippet:-1, max-image-preview:large, max-video-preview:-1\" \/>\n<meta property=\"og:locale\" content=\"pt_PT\" \/>\n<meta property=\"og:type\" content=\"article\" \/>\n<meta property=\"og:title\" content=\"Farm\u00e1cias defendem alargar vacina da gripe de dose elevada a maiores de 65 anos - Portal Tela Portugal\" \/>\n<meta property=\"og:description\" content=\"A Associa\u00e7\u00e3o de Farm\u00e1cias de Portugal defende alargar a vacina da gripe de dose elevada a pessoas a partir dos 65 anos, para proteger a popula\u00e7\u00e3o mais vulner\u00e1vel e reduzir internamentos. A vacina de dose elevada continua a estar dispon\u00edvel gratuitamente nos centros de sa\u00fade para quem tem 85 anos ou mais, bem como para utentes de estabelecimentos residenciais para idosos e da Rede Nacional de Cuidados Continuados Integrados. A AFP cita estudos recentes e declara\u00e7\u00f5es de especialistas que indicam vantagens da dose elevada na popula\u00e7\u00e3o idosa, refor\u00e7ando a resposta imunit\u00e1ria e a redu\u00e7\u00e3o de complica\u00e7\u00f5es da gripe. As farm\u00e1cias comunit\u00e1rias s\u00e3o destacadas como papel importante na melhoria da cobertura vacinal, devido \u00e0 proximidade, conveni\u00eancia e acesso facilitado. A associa\u00e7\u00e3o lamenta que a dose elevada ainda n\u00e3o esteja dispon\u00edvel para administra\u00e7\u00e3o a pessoas entre 65 e 84 anos, defendendo que as farm\u00e1cias possam atuar como local privilegiado de vacina\u00e7\u00e3o para os 84 anos ou mais.\" \/>\n<meta property=\"og:url\" content=\"https:\/\/portaltela.pt\/noticias\/2026\/03\/12\/farmacias-defendem-alargar-vacina-da-gripe-de-dose-elevada-a-maiores-de-65-anos\/\" \/>\n<meta property=\"og:site_name\" content=\"Portal Tela Portugal\" \/>\n<meta property=\"article:published_time\" content=\"2026-03-12T15:32:26+00:00\" \/>\n<meta name=\"author\" content=\"Telinha\" \/>\n<meta name=\"twitter:card\" content=\"summary_large_image\" \/>\n<meta name=\"twitter:label1\" content=\"Escrito por\" \/>\n\t<meta name=\"twitter:data1\" content=\"Telinha\" \/>\n\t<meta name=\"twitter:label2\" content=\"Tempo estimado de leitura\" \/>\n\t<meta name=\"twitter:data2\" content=\"2 minutos\" \/>\n<script type=\"application\/ld+json\" class=\"yoast-schema-graph\">{\"@context\":\"https:\/\/schema.org\",\"@graph\":[{\"@type\":\"Article\",\"@id\":\"https:\/\/portaltela.pt\/noticias\/2026\/03\/12\/farmacias-defendem-alargar-vacina-da-gripe-de-dose-elevada-a-maiores-de-65-anos\/#article\",\"isPartOf\":{\"@id\":\"https:\/\/portaltela.pt\/noticias\/2026\/03\/12\/farmacias-defendem-alargar-vacina-da-gripe-de-dose-elevada-a-maiores-de-65-anos\/\"},\"author\":{\"name\":\"Telinha\",\"@id\":\"https:\/\/portaltela.pt\/#\/schema\/person\/c4278d4a6028830caff9ee44b42d32ed\"},\"headline\":\"Farm\u00e1cias defendem alargar vacina da gripe de dose elevada a maiores de 65 anos\",\"datePublished\":\"2026-03-12T15:32:26+00:00\",\"mainEntityOfPage\":{\"@id\":\"https:\/\/portaltela.pt\/noticias\/2026\/03\/12\/farmacias-defendem-alargar-vacina-da-gripe-de-dose-elevada-a-maiores-de-65-anos\/\"},\"wordCount\":325,\"image\":{\"@id\":\"https:\/\/portaltela.pt\/noticias\/2026\/03\/12\/farmacias-defendem-alargar-vacina-da-gripe-de-dose-elevada-a-maiores-de-65-anos\/#primaryimage\"},\"thumbnailUrl\":\"https:\/\/portaltela.pt\/s.01k8rhncp4jt1\/2026\/03\/img_1500x1000uu2025-12-12-23-24-34-2254194.jpg\",\"keywords\":[\"farm\u00e1cia comunit\u00e1ria\",\"farm\u00e1cias\",\"idosos\",\"Portugal\",\"sa\u00fade p\u00fablica\",\"vacina\u00e7\u00f5es\"],\"articleSection\":[\"Not\u00edcias\",\"Sa\u00fade\"],\"inLanguage\":\"pt-PT\"},{\"@type\":\"WebPage\",\"@id\":\"https:\/\/portaltela.pt\/noticias\/2026\/03\/12\/farmacias-defendem-alargar-vacina-da-gripe-de-dose-elevada-a-maiores-de-65-anos\/\",\"url\":\"https:\/\/portaltela.pt\/noticias\/2026\/03\/12\/farmacias-defendem-alargar-vacina-da-gripe-de-dose-elevada-a-maiores-de-65-anos\/\",\"name\":\"Farm\u00e1cias defendem alargar vacina da gripe de dose elevada a maiores de 65 anos - Portal Tela Portugal\",\"isPartOf\":{\"@id\":\"https:\/\/portaltela.pt\/#website\"},\"primaryImageOfPage\":{\"@id\":\"https:\/\/portaltela.pt\/noticias\/2026\/03\/12\/farmacias-defendem-alargar-vacina-da-gripe-de-dose-elevada-a-maiores-de-65-anos\/#primaryimage\"},\"image\":{\"@id\":\"https:\/\/portaltela.pt\/noticias\/2026\/03\/12\/farmacias-defendem-alargar-vacina-da-gripe-de-dose-elevada-a-maiores-de-65-anos\/#primaryimage\"},\"thumbnailUrl\":\"https:\/\/portaltela.pt\/s.01k8rhncp4jt1\/2026\/03\/img_1500x1000uu2025-12-12-23-24-34-2254194.jpg\",\"datePublished\":\"2026-03-12T15:32:26+00:00\",\"author\":{\"@id\":\"https:\/\/portaltela.pt\/#\/schema\/person\/c4278d4a6028830caff9ee44b42d32ed\"},\"breadcrumb\":{\"@id\":\"https:\/\/portaltela.pt\/noticias\/2026\/03\/12\/farmacias-defendem-alargar-vacina-da-gripe-de-dose-elevada-a-maiores-de-65-anos\/#breadcrumb\"},\"inLanguage\":\"pt-PT\",\"potentialAction\":[{\"@type\":\"ReadAction\",\"target\":[\"https:\/\/portaltela.pt\/noticias\/2026\/03\/12\/farmacias-defendem-alargar-vacina-da-gripe-de-dose-elevada-a-maiores-de-65-anos\/\"]}]},{\"@type\":\"ImageObject\",\"inLanguage\":\"pt-PT\",\"@id\":\"https:\/\/portaltela.pt\/noticias\/2026\/03\/12\/farmacias-defendem-alargar-vacina-da-gripe-de-dose-elevada-a-maiores-de-65-anos\/#primaryimage\",\"url\":\"https:\/\/portaltela.pt\/s.01k8rhncp4jt1\/2026\/03\/img_1500x1000uu2025-12-12-23-24-34-2254194.jpg\",\"contentUrl\":\"https:\/\/portaltela.pt\/s.01k8rhncp4jt1\/2026\/03\/img_1500x1000uu2025-12-12-23-24-34-2254194.jpg\",\"width\":796,\"height\":448,\"caption\":\"Vacina reduz riscos causados pela gripe\"},{\"@type\":\"BreadcrumbList\",\"@id\":\"https:\/\/portaltela.pt\/noticias\/2026\/03\/12\/farmacias-defendem-alargar-vacina-da-gripe-de-dose-elevada-a-maiores-de-65-anos\/#breadcrumb\",\"itemListElement\":[{\"@type\":\"ListItem\",\"position\":1,\"name\":\"In\u00edcio\",\"item\":\"https:\/\/portaltela.pt\/\"},{\"@type\":\"ListItem\",\"position\":2,\"name\":\"Farm\u00e1cias defendem alargar vacina da gripe de dose elevada a maiores de 65 anos\"}]},{\"@type\":\"WebSite\",\"@id\":\"https:\/\/portaltela.pt\/#website\",\"url\":\"https:\/\/portaltela.pt\/\",\"name\":\"Portal Tela Portugal\",\"description\":\"\",\"potentialAction\":[{\"@type\":\"SearchAction\",\"target\":{\"@type\":\"EntryPoint\",\"urlTemplate\":\"https:\/\/portaltela.pt\/?s={search_term_string}\"},\"query-input\":{\"@type\":\"PropertyValueSpecification\",\"valueRequired\":true,\"valueName\":\"search_term_string\"}}],\"inLanguage\":\"pt-PT\"},{\"@type\":\"Person\",\"@id\":\"https:\/\/portaltela.pt\/#\/schema\/person\/c4278d4a6028830caff9ee44b42d32ed\",\"name\":\"Telinha\",\"image\":{\"@type\":\"ImageObject\",\"inLanguage\":\"pt-PT\",\"@id\":\"https:\/\/portaltela.pt\/s.01k8rhncp4jt1\/2025\/11\/talking-bot-125x125.png\",\"url\":\"https:\/\/portaltela.pt\/s.01k8rhncp4jt1\/2025\/11\/talking-bot-125x125.png\",\"contentUrl\":\"https:\/\/portaltela.pt\/s.01k8rhncp4jt1\/2025\/11\/talking-bot-125x125.png\",\"caption\":\"Telinha\"},\"sameAs\":[\"https:\/\/portaltela.pt\/\"],\"url\":\"https:\/\/portaltela.pt\/por\/367410592786\/\"}]}<\/script>\n<!-- \/ Yoast SEO plugin. -->","yoast_head_json":{"title":"Farm\u00e1cias defendem alargar vacina da gripe de dose elevada a maiores de 65 anos - Portal Tela Portugal","robots":{"index":"index","follow":"follow","max-snippet":"max-snippet:-1","max-image-preview":"max-image-preview:large","max-video-preview":"max-video-preview:-1"},"og_locale":"pt_PT","og_type":"article","og_title":"Farm\u00e1cias defendem alargar vacina da gripe de dose elevada a maiores de 65 anos - Portal Tela Portugal","og_description":"A Associa\u00e7\u00e3o de Farm\u00e1cias de Portugal defende alargar a vacina da gripe de dose elevada a pessoas a partir dos 65 anos, para proteger a popula\u00e7\u00e3o mais vulner\u00e1vel e reduzir internamentos. A vacina de dose elevada continua a estar dispon\u00edvel gratuitamente nos centros de sa\u00fade para quem tem 85 anos ou mais, bem como para utentes de estabelecimentos residenciais para idosos e da Rede Nacional de Cuidados Continuados Integrados. A AFP cita estudos recentes e declara\u00e7\u00f5es de especialistas que indicam vantagens da dose elevada na popula\u00e7\u00e3o idosa, refor\u00e7ando a resposta imunit\u00e1ria e a redu\u00e7\u00e3o de complica\u00e7\u00f5es da gripe. As farm\u00e1cias comunit\u00e1rias s\u00e3o destacadas como papel importante na melhoria da cobertura vacinal, devido \u00e0 proximidade, conveni\u00eancia e acesso facilitado. A associa\u00e7\u00e3o lamenta que a dose elevada ainda n\u00e3o esteja dispon\u00edvel para administra\u00e7\u00e3o a pessoas entre 65 e 84 anos, defendendo que as farm\u00e1cias possam atuar como local privilegiado de vacina\u00e7\u00e3o para os 84 anos ou mais.","og_url":"https:\/\/portaltela.pt\/noticias\/2026\/03\/12\/farmacias-defendem-alargar-vacina-da-gripe-de-dose-elevada-a-maiores-de-65-anos\/","og_site_name":"Portal Tela Portugal","article_published_time":"2026-03-12T15:32:26+00:00","author":"Telinha","twitter_card":"summary_large_image","twitter_misc":{"Escrito por":"Telinha","Tempo estimado de leitura":"2 minutos"},"schema":{"@context":"https:\/\/schema.org","@graph":[{"@type":"Article","@id":"https:\/\/portaltela.pt\/noticias\/2026\/03\/12\/farmacias-defendem-alargar-vacina-da-gripe-de-dose-elevada-a-maiores-de-65-anos\/#article","isPartOf":{"@id":"https:\/\/portaltela.pt\/noticias\/2026\/03\/12\/farmacias-defendem-alargar-vacina-da-gripe-de-dose-elevada-a-maiores-de-65-anos\/"},"author":{"name":"Telinha","@id":"https:\/\/portaltela.pt\/#\/schema\/person\/c4278d4a6028830caff9ee44b42d32ed"},"headline":"Farm\u00e1cias defendem alargar vacina da gripe de dose elevada a maiores de 65 anos","datePublished":"2026-03-12T15:32:26+00:00","mainEntityOfPage":{"@id":"https:\/\/portaltela.pt\/noticias\/2026\/03\/12\/farmacias-defendem-alargar-vacina-da-gripe-de-dose-elevada-a-maiores-de-65-anos\/"},"wordCount":325,"image":{"@id":"https:\/\/portaltela.pt\/noticias\/2026\/03\/12\/farmacias-defendem-alargar-vacina-da-gripe-de-dose-elevada-a-maiores-de-65-anos\/#primaryimage"},"thumbnailUrl":"https:\/\/portaltela.pt\/s.01k8rhncp4jt1\/2026\/03\/img_1500x1000uu2025-12-12-23-24-34-2254194.jpg","keywords":["farm\u00e1cia comunit\u00e1ria","farm\u00e1cias","idosos","Portugal","sa\u00fade p\u00fablica","vacina\u00e7\u00f5es"],"articleSection":["Not\u00edcias","Sa\u00fade"],"inLanguage":"pt-PT"},{"@type":"WebPage","@id":"https:\/\/portaltela.pt\/noticias\/2026\/03\/12\/farmacias-defendem-alargar-vacina-da-gripe-de-dose-elevada-a-maiores-de-65-anos\/","url":"https:\/\/portaltela.pt\/noticias\/2026\/03\/12\/farmacias-defendem-alargar-vacina-da-gripe-de-dose-elevada-a-maiores-de-65-anos\/","name":"Farm\u00e1cias defendem alargar vacina da gripe de dose elevada a maiores de 65 anos - Portal Tela Portugal","isPartOf":{"@id":"https:\/\/portaltela.pt\/#website"},"primaryImageOfPage":{"@id":"https:\/\/portaltela.pt\/noticias\/2026\/03\/12\/farmacias-defendem-alargar-vacina-da-gripe-de-dose-elevada-a-maiores-de-65-anos\/#primaryimage"},"image":{"@id":"https:\/\/portaltela.pt\/noticias\/2026\/03\/12\/farmacias-defendem-alargar-vacina-da-gripe-de-dose-elevada-a-maiores-de-65-anos\/#primaryimage"},"thumbnailUrl":"https:\/\/portaltela.pt\/s.01k8rhncp4jt1\/2026\/03\/img_1500x1000uu2025-12-12-23-24-34-2254194.jpg","datePublished":"2026-03-12T15:32:26+00:00","author":{"@id":"https:\/\/portaltela.pt\/#\/schema\/person\/c4278d4a6028830caff9ee44b42d32ed"},"breadcrumb":{"@id":"https:\/\/portaltela.pt\/noticias\/2026\/03\/12\/farmacias-defendem-alargar-vacina-da-gripe-de-dose-elevada-a-maiores-de-65-anos\/#breadcrumb"},"inLanguage":"pt-PT","potentialAction":[{"@type":"ReadAction","target":["https:\/\/portaltela.pt\/noticias\/2026\/03\/12\/farmacias-defendem-alargar-vacina-da-gripe-de-dose-elevada-a-maiores-de-65-anos\/"]}]},{"@type":"ImageObject","inLanguage":"pt-PT","@id":"https:\/\/portaltela.pt\/noticias\/2026\/03\/12\/farmacias-defendem-alargar-vacina-da-gripe-de-dose-elevada-a-maiores-de-65-anos\/#primaryimage","url":"https:\/\/portaltela.pt\/s.01k8rhncp4jt1\/2026\/03\/img_1500x1000uu2025-12-12-23-24-34-2254194.jpg","contentUrl":"https:\/\/portaltela.pt\/s.01k8rhncp4jt1\/2026\/03\/img_1500x1000uu2025-12-12-23-24-34-2254194.jpg","width":796,"height":448,"caption":"Vacina reduz riscos causados pela gripe"},{"@type":"BreadcrumbList","@id":"https:\/\/portaltela.pt\/noticias\/2026\/03\/12\/farmacias-defendem-alargar-vacina-da-gripe-de-dose-elevada-a-maiores-de-65-anos\/#breadcrumb","itemListElement":[{"@type":"ListItem","position":1,"name":"In\u00edcio","item":"https:\/\/portaltela.pt\/"},{"@type":"ListItem","position":2,"name":"Farm\u00e1cias defendem alargar vacina da gripe de dose elevada a maiores de 65 anos"}]},{"@type":"WebSite","@id":"https:\/\/portaltela.pt\/#website","url":"https:\/\/portaltela.pt\/","name":"Portal Tela Portugal","description":"","potentialAction":[{"@type":"SearchAction","target":{"@type":"EntryPoint","urlTemplate":"https:\/\/portaltela.pt\/?s={search_term_string}"},"query-input":{"@type":"PropertyValueSpecification","valueRequired":true,"valueName":"search_term_string"}}],"inLanguage":"pt-PT"},{"@type":"Person","@id":"https:\/\/portaltela.pt\/#\/schema\/person\/c4278d4a6028830caff9ee44b42d32ed","name":"Telinha","image":{"@type":"ImageObject","inLanguage":"pt-PT","@id":"https:\/\/portaltela.pt\/s.01k8rhncp4jt1\/2025\/11\/talking-bot-125x125.png","url":"https:\/\/portaltela.pt\/s.01k8rhncp4jt1\/2025\/11\/talking-bot-125x125.png","contentUrl":"https:\/\/portaltela.pt\/s.01k8rhncp4jt1\/2025\/11\/talking-bot-125x125.png","caption":"Telinha"},"sameAs":["https:\/\/portaltela.pt\/"],"url":"https:\/\/portaltela.pt\/por\/367410592786\/"}]}},"_links":{"self":[{"href":"https:\/\/portaltela.pt\/api\/wp\/v2\/posts\/407555","targetHints":{"allow":["GET"]}}],"collection":[{"href":"https:\/\/portaltela.pt\/api\/wp\/v2\/posts"}],"about":[{"href":"https:\/\/portaltela.pt\/api\/wp\/v2\/types\/post"}],"author":[{"embeddable":true,"href":"https:\/\/portaltela.pt\/api\/wp\/v2\/users\/2"}],"replies":[{"embeddable":true,"href":"https:\/\/portaltela.pt\/api\/wp\/v2\/comments?post=407555"}],"version-history":[{"count":0,"href":"https:\/\/portaltela.pt\/api\/wp\/v2\/posts\/407555\/revisions"}],"wp:featuredmedia":[{"embeddable":true,"href":"https:\/\/portaltela.pt\/api\/wp\/v2\/media\/407558"}],"wp:attachment":[{"href":"https:\/\/portaltela.pt\/api\/wp\/v2\/media?parent=407555"}],"wp:term":[{"taxonomy":"category","embeddable":true,"href":"https:\/\/portaltela.pt\/api\/wp\/v2\/categories?post=407555"},{"taxonomy":"post_tag","embeddable":true,"href":"https:\/\/portaltela.pt\/api\/wp\/v2\/tags?post=407555"}],"curies":[{"name":"wp","href":"https:\/\/api.w.org\/{rel}","templated":true}]}}