{"id":407513,"date":"2026-03-12T12:03:42","date_gmt":"2026-03-12T15:03:42","guid":{"rendered":"https:\/\/portaltela.pt\/noticias\/2026\/03\/12\/advogada-e-jurista-reivindicam-150-mil-euros-a-camara-da-povoa-de-varzim\/"},"modified":"2026-03-12T12:03:42","modified_gmt":"2026-03-12T15:03:42","slug":"advogada-e-jurista-reivindicam-150-mil-euros-a-camara-da-povoa-de-varzim","status":"publish","type":"post","link":"https:\/\/portaltela.pt\/justica\/2026\/03\/12\/advogada-e-jurista-reivindicam-150-mil-euros-a-camara-da-povoa-de-varzim\/","title":{"rendered":"Advogada e jurista reivindicam 150 mil euros \u00e0 C\u00e2mara da P\u00f3voa de Varzim"},"content":{"rendered":"<p>A C\u00e2mara da P\u00f3voa de Varzim est\u00e1 envolvida numa disputa financeira com uma dupla de advogadas que reclama mais de 150 mil euros em honor\u00e1rios. A d\u00edvida resulta de trabalhos de expropria\u00e7\u00e3o associados a obras rodovi\u00e1rias iniciadas em 2005. O processo envolve mais de 70 pedidos.<\/p>\n<p>As alega\u00e7\u00f5es foram apresentadas pela advogada L\u00eddia Branco e pela jurista Isabel Correia, em comunicado enviado \u00e0 Lusa. O montante queixado \u00e9 superior a 150 mil euros sem juros, relacionado com expropria\u00e7\u00f5es para a liga\u00e7\u00e3o entre a EN206 e o IC1 (Via B).<\/p>\n<h3>Contexto procesual<\/h3>\n<p>A presidente da C\u00e2mara, Andrea Silva, disse ter entrado na gest\u00e3o municipal recentemente e que desconhecia o caso at\u00e9 agora. A autarquia contesta o valor reclamado, afirmando aguardar pela pron\u00fancia do tribunal.<\/p>\n<p>Segundo as profissionais, os trabalhos come\u00e7aram em 2005 e estiveram praticamente conclu\u00eddos em 2006, com a liga\u00e7\u00e3o j\u00e1 em funcionamento h\u00e1 anos. O documento aponta cr\u00edticas \u00e0 anterior administra\u00e7\u00e3o pela postura perante o pagamento.<\/p>\n<h3>Processo e evolu\u00e7\u00f5es<\/h3>\n<p>As advogadas indicam que o caso serviu de processo-piloto para v\u00e1rias a\u00e7\u00f5es de expropria\u00e7\u00e3o. Em janeiro de 2017, o TAF do Porto decidiu a favor do cons\u00f3rcio de advogadas, determinando o pagamento do processo correspondente.<\/p>\n<p>Ap\u00f3s essa decis\u00e3o, as autoras tentaram um acordo para liquidar o restante montante e evitar novas a\u00e7\u00f5es, sem sucesso. Em 2019 avan\u00e7aram com a\u00e7\u00f5es adicionais, aguardando decis\u00e3o do TAF do Porto.<\/p>\n<h3>Situa\u00e7\u00e3o atual e contactos<\/h3>\n<p>As advogadas afirmam ter contactado o atual executivo municipal por e-mail no in\u00edcio de fevereiro, sem resposta at\u00e9 ao momento. Mant\u00eam disponibilidade para retomar negocia\u00e7\u00f5es, desde que haja melhoria de entendimento.<\/p>\n","protected":false},"excerpt":{"rendered":"<ul>\n<li>Advogadas L\u00eddia Branco e Isabel Correia reclamam \u00e0 C\u00e2mara da P\u00f3voa de Varzim o pagamento de mais de cento e cinquenta mil euros, relativos a honor\u00e1rios de expropria\u00e7\u00f5es ligadas a obras rodovi\u00e1rias iniciadas em dois mil e cinco.<\/li>\n<li>O montante envolve trabalhos associados a mais de setenta processos de expropria\u00e7\u00e3o, ligados \u00e0 interliga\u00e7\u00e3o da Estrada Nacional doiscentos e seis e ao acesso ao Itiner\u00e1rio Complementar um, Via B.<\/li>\n<li>A C\u00e2mara Municipal afirma n\u00e3o concordar com o valor reclamado e aguarda serenamente a pron\u00fancia do tribunal sobre o processo.<\/li>\n<li>Em janeiro de dois mil e dezassete, o Tribunal Administrativo e Fiscal do Porto deu ganho ao cons\u00f3rcio de advogadas, determinando o pagamento relativo a esse processo-piloto.<\/li>\n<li>As advogadas continuam dispon\u00edveis para retomar negocia\u00e7\u00f5es, mantendo que tentaram acordos ao longo dos anos e que, em dois mil e dezanove, deram in\u00edcio a a\u00e7\u00f5es judiciais restantes.<\/li>\n<\/ul>\n","protected":false},"author":2,"featured_media":407517,"comment_status":"closed","ping_status":"closed","sticky":false,"template":"","format":"standard","meta":{"footnotes":""},"categories":[6815],"tags":[6618,5449,4254,803,5691,3343],"class_list":["post-407513","post","type-post","status-publish","format-standard","has-post-thumbnail","hentry","category-justica","tag-advogados","tag-camara-municipal","tag-expropriacoes","tag-justica","tag-obras","tag-povoa-de-varzim"],"yoast_head":"<!-- This site is optimized with the Yoast SEO plugin v27.2 - https:\/\/yoast.com\/product\/yoast-seo-wordpress\/ -->\n<title>Advogada e jurista reivindicam 150 mil euros \u00e0 C\u00e2mara da P\u00f3voa de Varzim - Portal Tela Portugal<\/title>\n<meta name=\"robots\" content=\"index, follow, max-snippet:-1, max-image-preview:large, max-video-preview:-1\" \/>\n<meta property=\"og:locale\" content=\"pt_PT\" \/>\n<meta property=\"og:type\" content=\"article\" \/>\n<meta property=\"og:title\" content=\"Advogada e jurista reivindicam 150 mil euros \u00e0 C\u00e2mara da P\u00f3voa de Varzim - Portal Tela Portugal\" \/>\n<meta property=\"og:description\" content=\"Advogadas L\u00eddia Branco e Isabel Correia reclamam \u00e0 C\u00e2mara da P\u00f3voa de Varzim o pagamento de mais de cento e cinquenta mil euros, relativos a honor\u00e1rios de expropria\u00e7\u00f5es ligadas a obras rodovi\u00e1rias iniciadas em dois mil e cinco. O montante envolve trabalhos associados a mais de setenta processos de expropria\u00e7\u00e3o, ligados \u00e0 interliga\u00e7\u00e3o da Estrada Nacional doiscentos e seis e ao acesso ao Itiner\u00e1rio Complementar um, Via B. A C\u00e2mara Municipal afirma n\u00e3o concordar com o valor reclamado e aguarda serenamente a pron\u00fancia do tribunal sobre o processo. Em janeiro de dois mil e dezassete, o Tribunal Administrativo e Fiscal do Porto deu ganho ao cons\u00f3rcio de advogadas, determinando o pagamento relativo a esse processo-piloto. As advogadas continuam dispon\u00edveis para retomar negocia\u00e7\u00f5es, mantendo que tentaram acordos ao longo dos anos e que, em dois mil e dezanove, deram in\u00edcio a a\u00e7\u00f5es judiciais restantes.\" \/>\n<meta property=\"og:url\" content=\"https:\/\/portaltela.pt\/noticias\/2026\/03\/12\/advogada-e-jurista-reivindicam-150-mil-euros-a-camara-da-povoa-de-varzim\/\" \/>\n<meta property=\"og:site_name\" content=\"Portal Tela Portugal\" \/>\n<meta property=\"article:published_time\" content=\"2026-03-12T15:03:42+00:00\" \/>\n<meta name=\"author\" content=\"Telinha\" \/>\n<meta name=\"twitter:card\" content=\"summary_large_image\" \/>\n<meta name=\"twitter:label1\" content=\"Escrito por\" \/>\n\t<meta name=\"twitter:data1\" content=\"Telinha\" \/>\n\t<meta name=\"twitter:label2\" content=\"Tempo estimado de leitura\" \/>\n\t<meta name=\"twitter:data2\" content=\"1 minuto\" \/>\n<script type=\"application\/ld+json\" class=\"yoast-schema-graph\">{\"@context\":\"https:\/\/schema.org\",\"@graph\":[{\"@type\":\"Article\",\"@id\":\"https:\/\/portaltela.pt\/noticias\/2026\/03\/12\/advogada-e-jurista-reivindicam-150-mil-euros-a-camara-da-povoa-de-varzim\/#article\",\"isPartOf\":{\"@id\":\"https:\/\/portaltela.pt\/noticias\/2026\/03\/12\/advogada-e-jurista-reivindicam-150-mil-euros-a-camara-da-povoa-de-varzim\/\"},\"author\":{\"name\":\"Telinha\",\"@id\":\"https:\/\/portaltela.pt\/#\/schema\/person\/c4278d4a6028830caff9ee44b42d32ed\"},\"headline\":\"Advogada e jurista reivindicam 150 mil euros \u00e0 C\u00e2mara da P\u00f3voa de Varzim\",\"datePublished\":\"2026-03-12T15:03:42+00:00\",\"mainEntityOfPage\":{\"@id\":\"https:\/\/portaltela.pt\/noticias\/2026\/03\/12\/advogada-e-jurista-reivindicam-150-mil-euros-a-camara-da-povoa-de-varzim\/\"},\"wordCount\":296,\"image\":{\"@id\":\"https:\/\/portaltela.pt\/noticias\/2026\/03\/12\/advogada-e-jurista-reivindicam-150-mil-euros-a-camara-da-povoa-de-varzim\/#primaryimage\"},\"thumbnailUrl\":\"https:\/\/portaltela.pt\/s.01k8rhncp4jt1\/2026\/03\/img_1500x1000uu2022-09-28-18-50-25-1188492.jpg\",\"keywords\":[\"Advogados\",\"C\u00e2mara Municipal\",\"expropria\u00e7\u00f5es\",\"justi\u00e7a\",\"obras\",\"P\u00f3voa de Varzim\"],\"articleSection\":[\"Justi\u00e7a\"],\"inLanguage\":\"pt-PT\"},{\"@type\":\"WebPage\",\"@id\":\"https:\/\/portaltela.pt\/noticias\/2026\/03\/12\/advogada-e-jurista-reivindicam-150-mil-euros-a-camara-da-povoa-de-varzim\/\",\"url\":\"https:\/\/portaltela.pt\/noticias\/2026\/03\/12\/advogada-e-jurista-reivindicam-150-mil-euros-a-camara-da-povoa-de-varzim\/\",\"name\":\"Advogada e jurista reivindicam 150 mil euros \u00e0 C\u00e2mara da P\u00f3voa de Varzim - Portal Tela Portugal\",\"isPartOf\":{\"@id\":\"https:\/\/portaltela.pt\/#website\"},\"primaryImageOfPage\":{\"@id\":\"https:\/\/portaltela.pt\/noticias\/2026\/03\/12\/advogada-e-jurista-reivindicam-150-mil-euros-a-camara-da-povoa-de-varzim\/#primaryimage\"},\"image\":{\"@id\":\"https:\/\/portaltela.pt\/noticias\/2026\/03\/12\/advogada-e-jurista-reivindicam-150-mil-euros-a-camara-da-povoa-de-varzim\/#primaryimage\"},\"thumbnailUrl\":\"https:\/\/portaltela.pt\/s.01k8rhncp4jt1\/2026\/03\/img_1500x1000uu2022-09-28-18-50-25-1188492.jpg\",\"datePublished\":\"2026-03-12T15:03:42+00:00\",\"author\":{\"@id\":\"https:\/\/portaltela.pt\/#\/schema\/person\/c4278d4a6028830caff9ee44b42d32ed\"},\"breadcrumb\":{\"@id\":\"https:\/\/portaltela.pt\/noticias\/2026\/03\/12\/advogada-e-jurista-reivindicam-150-mil-euros-a-camara-da-povoa-de-varzim\/#breadcrumb\"},\"inLanguage\":\"pt-PT\",\"potentialAction\":[{\"@type\":\"ReadAction\",\"target\":[\"https:\/\/portaltela.pt\/noticias\/2026\/03\/12\/advogada-e-jurista-reivindicam-150-mil-euros-a-camara-da-povoa-de-varzim\/\"]}]},{\"@type\":\"ImageObject\",\"inLanguage\":\"pt-PT\",\"@id\":\"https:\/\/portaltela.pt\/noticias\/2026\/03\/12\/advogada-e-jurista-reivindicam-150-mil-euros-a-camara-da-povoa-de-varzim\/#primaryimage\",\"url\":\"https:\/\/portaltela.pt\/s.01k8rhncp4jt1\/2026\/03\/img_1500x1000uu2022-09-28-18-50-25-1188492.jpg\",\"contentUrl\":\"https:\/\/portaltela.pt\/s.01k8rhncp4jt1\/2026\/03\/img_1500x1000uu2022-09-28-18-50-25-1188492.jpg\",\"width\":796,\"height\":448,\"caption\":\"C\u00e2mara Municipal P\u00f3voa de Varzim\"},{\"@type\":\"BreadcrumbList\",\"@id\":\"https:\/\/portaltela.pt\/noticias\/2026\/03\/12\/advogada-e-jurista-reivindicam-150-mil-euros-a-camara-da-povoa-de-varzim\/#breadcrumb\",\"itemListElement\":[{\"@type\":\"ListItem\",\"position\":1,\"name\":\"In\u00edcio\",\"item\":\"https:\/\/portaltela.pt\/\"},{\"@type\":\"ListItem\",\"position\":2,\"name\":\"Advogada e jurista reivindicam 150 mil euros \u00e0 C\u00e2mara da P\u00f3voa de Varzim\"}]},{\"@type\":\"WebSite\",\"@id\":\"https:\/\/portaltela.pt\/#website\",\"url\":\"https:\/\/portaltela.pt\/\",\"name\":\"Portal Tela Portugal\",\"description\":\"\",\"potentialAction\":[{\"@type\":\"SearchAction\",\"target\":{\"@type\":\"EntryPoint\",\"urlTemplate\":\"https:\/\/portaltela.pt\/?s={search_term_string}\"},\"query-input\":{\"@type\":\"PropertyValueSpecification\",\"valueRequired\":true,\"valueName\":\"search_term_string\"}}],\"inLanguage\":\"pt-PT\"},{\"@type\":\"Person\",\"@id\":\"https:\/\/portaltela.pt\/#\/schema\/person\/c4278d4a6028830caff9ee44b42d32ed\",\"name\":\"Telinha\",\"image\":{\"@type\":\"ImageObject\",\"inLanguage\":\"pt-PT\",\"@id\":\"https:\/\/portaltela.pt\/s.01k8rhncp4jt1\/2025\/11\/talking-bot-125x125.png\",\"url\":\"https:\/\/portaltela.pt\/s.01k8rhncp4jt1\/2025\/11\/talking-bot-125x125.png\",\"contentUrl\":\"https:\/\/portaltela.pt\/s.01k8rhncp4jt1\/2025\/11\/talking-bot-125x125.png\",\"caption\":\"Telinha\"},\"sameAs\":[\"https:\/\/portaltela.pt\/\"],\"url\":\"https:\/\/portaltela.pt\/por\/367410592786\/\"}]}<\/script>\n<!-- \/ Yoast SEO plugin. -->","yoast_head_json":{"title":"Advogada e jurista reivindicam 150 mil euros \u00e0 C\u00e2mara da P\u00f3voa de Varzim - Portal Tela Portugal","robots":{"index":"index","follow":"follow","max-snippet":"max-snippet:-1","max-image-preview":"max-image-preview:large","max-video-preview":"max-video-preview:-1"},"og_locale":"pt_PT","og_type":"article","og_title":"Advogada e jurista reivindicam 150 mil euros \u00e0 C\u00e2mara da P\u00f3voa de Varzim - Portal Tela Portugal","og_description":"Advogadas L\u00eddia Branco e Isabel Correia reclamam \u00e0 C\u00e2mara da P\u00f3voa de Varzim o pagamento de mais de cento e cinquenta mil euros, relativos a honor\u00e1rios de expropria\u00e7\u00f5es ligadas a obras rodovi\u00e1rias iniciadas em dois mil e cinco. O montante envolve trabalhos associados a mais de setenta processos de expropria\u00e7\u00e3o, ligados \u00e0 interliga\u00e7\u00e3o da Estrada Nacional doiscentos e seis e ao acesso ao Itiner\u00e1rio Complementar um, Via B. A C\u00e2mara Municipal afirma n\u00e3o concordar com o valor reclamado e aguarda serenamente a pron\u00fancia do tribunal sobre o processo. Em janeiro de dois mil e dezassete, o Tribunal Administrativo e Fiscal do Porto deu ganho ao cons\u00f3rcio de advogadas, determinando o pagamento relativo a esse processo-piloto. As advogadas continuam dispon\u00edveis para retomar negocia\u00e7\u00f5es, mantendo que tentaram acordos ao longo dos anos e que, em dois mil e dezanove, deram in\u00edcio a a\u00e7\u00f5es judiciais restantes.","og_url":"https:\/\/portaltela.pt\/noticias\/2026\/03\/12\/advogada-e-jurista-reivindicam-150-mil-euros-a-camara-da-povoa-de-varzim\/","og_site_name":"Portal Tela Portugal","article_published_time":"2026-03-12T15:03:42+00:00","author":"Telinha","twitter_card":"summary_large_image","twitter_misc":{"Escrito por":"Telinha","Tempo estimado de leitura":"1 minuto"},"schema":{"@context":"https:\/\/schema.org","@graph":[{"@type":"Article","@id":"https:\/\/portaltela.pt\/noticias\/2026\/03\/12\/advogada-e-jurista-reivindicam-150-mil-euros-a-camara-da-povoa-de-varzim\/#article","isPartOf":{"@id":"https:\/\/portaltela.pt\/noticias\/2026\/03\/12\/advogada-e-jurista-reivindicam-150-mil-euros-a-camara-da-povoa-de-varzim\/"},"author":{"name":"Telinha","@id":"https:\/\/portaltela.pt\/#\/schema\/person\/c4278d4a6028830caff9ee44b42d32ed"},"headline":"Advogada e jurista reivindicam 150 mil euros \u00e0 C\u00e2mara da P\u00f3voa de Varzim","datePublished":"2026-03-12T15:03:42+00:00","mainEntityOfPage":{"@id":"https:\/\/portaltela.pt\/noticias\/2026\/03\/12\/advogada-e-jurista-reivindicam-150-mil-euros-a-camara-da-povoa-de-varzim\/"},"wordCount":296,"image":{"@id":"https:\/\/portaltela.pt\/noticias\/2026\/03\/12\/advogada-e-jurista-reivindicam-150-mil-euros-a-camara-da-povoa-de-varzim\/#primaryimage"},"thumbnailUrl":"https:\/\/portaltela.pt\/s.01k8rhncp4jt1\/2026\/03\/img_1500x1000uu2022-09-28-18-50-25-1188492.jpg","keywords":["Advogados","C\u00e2mara Municipal","expropria\u00e7\u00f5es","justi\u00e7a","obras","P\u00f3voa de Varzim"],"articleSection":["Justi\u00e7a"],"inLanguage":"pt-PT"},{"@type":"WebPage","@id":"https:\/\/portaltela.pt\/noticias\/2026\/03\/12\/advogada-e-jurista-reivindicam-150-mil-euros-a-camara-da-povoa-de-varzim\/","url":"https:\/\/portaltela.pt\/noticias\/2026\/03\/12\/advogada-e-jurista-reivindicam-150-mil-euros-a-camara-da-povoa-de-varzim\/","name":"Advogada e jurista reivindicam 150 mil euros \u00e0 C\u00e2mara da P\u00f3voa de Varzim - Portal Tela Portugal","isPartOf":{"@id":"https:\/\/portaltela.pt\/#website"},"primaryImageOfPage":{"@id":"https:\/\/portaltela.pt\/noticias\/2026\/03\/12\/advogada-e-jurista-reivindicam-150-mil-euros-a-camara-da-povoa-de-varzim\/#primaryimage"},"image":{"@id":"https:\/\/portaltela.pt\/noticias\/2026\/03\/12\/advogada-e-jurista-reivindicam-150-mil-euros-a-camara-da-povoa-de-varzim\/#primaryimage"},"thumbnailUrl":"https:\/\/portaltela.pt\/s.01k8rhncp4jt1\/2026\/03\/img_1500x1000uu2022-09-28-18-50-25-1188492.jpg","datePublished":"2026-03-12T15:03:42+00:00","author":{"@id":"https:\/\/portaltela.pt\/#\/schema\/person\/c4278d4a6028830caff9ee44b42d32ed"},"breadcrumb":{"@id":"https:\/\/portaltela.pt\/noticias\/2026\/03\/12\/advogada-e-jurista-reivindicam-150-mil-euros-a-camara-da-povoa-de-varzim\/#breadcrumb"},"inLanguage":"pt-PT","potentialAction":[{"@type":"ReadAction","target":["https:\/\/portaltela.pt\/noticias\/2026\/03\/12\/advogada-e-jurista-reivindicam-150-mil-euros-a-camara-da-povoa-de-varzim\/"]}]},{"@type":"ImageObject","inLanguage":"pt-PT","@id":"https:\/\/portaltela.pt\/noticias\/2026\/03\/12\/advogada-e-jurista-reivindicam-150-mil-euros-a-camara-da-povoa-de-varzim\/#primaryimage","url":"https:\/\/portaltela.pt\/s.01k8rhncp4jt1\/2026\/03\/img_1500x1000uu2022-09-28-18-50-25-1188492.jpg","contentUrl":"https:\/\/portaltela.pt\/s.01k8rhncp4jt1\/2026\/03\/img_1500x1000uu2022-09-28-18-50-25-1188492.jpg","width":796,"height":448,"caption":"C\u00e2mara Municipal P\u00f3voa de Varzim"},{"@type":"BreadcrumbList","@id":"https:\/\/portaltela.pt\/noticias\/2026\/03\/12\/advogada-e-jurista-reivindicam-150-mil-euros-a-camara-da-povoa-de-varzim\/#breadcrumb","itemListElement":[{"@type":"ListItem","position":1,"name":"In\u00edcio","item":"https:\/\/portaltela.pt\/"},{"@type":"ListItem","position":2,"name":"Advogada e jurista reivindicam 150 mil euros \u00e0 C\u00e2mara da P\u00f3voa de Varzim"}]},{"@type":"WebSite","@id":"https:\/\/portaltela.pt\/#website","url":"https:\/\/portaltela.pt\/","name":"Portal Tela Portugal","description":"","potentialAction":[{"@type":"SearchAction","target":{"@type":"EntryPoint","urlTemplate":"https:\/\/portaltela.pt\/?s={search_term_string}"},"query-input":{"@type":"PropertyValueSpecification","valueRequired":true,"valueName":"search_term_string"}}],"inLanguage":"pt-PT"},{"@type":"Person","@id":"https:\/\/portaltela.pt\/#\/schema\/person\/c4278d4a6028830caff9ee44b42d32ed","name":"Telinha","image":{"@type":"ImageObject","inLanguage":"pt-PT","@id":"https:\/\/portaltela.pt\/s.01k8rhncp4jt1\/2025\/11\/talking-bot-125x125.png","url":"https:\/\/portaltela.pt\/s.01k8rhncp4jt1\/2025\/11\/talking-bot-125x125.png","contentUrl":"https:\/\/portaltela.pt\/s.01k8rhncp4jt1\/2025\/11\/talking-bot-125x125.png","caption":"Telinha"},"sameAs":["https:\/\/portaltela.pt\/"],"url":"https:\/\/portaltela.pt\/por\/367410592786\/"}]}},"_links":{"self":[{"href":"https:\/\/portaltela.pt\/api\/wp\/v2\/posts\/407513","targetHints":{"allow":["GET"]}}],"collection":[{"href":"https:\/\/portaltela.pt\/api\/wp\/v2\/posts"}],"about":[{"href":"https:\/\/portaltela.pt\/api\/wp\/v2\/types\/post"}],"author":[{"embeddable":true,"href":"https:\/\/portaltela.pt\/api\/wp\/v2\/users\/2"}],"replies":[{"embeddable":true,"href":"https:\/\/portaltela.pt\/api\/wp\/v2\/comments?post=407513"}],"version-history":[{"count":0,"href":"https:\/\/portaltela.pt\/api\/wp\/v2\/posts\/407513\/revisions"}],"wp:featuredmedia":[{"embeddable":true,"href":"https:\/\/portaltela.pt\/api\/wp\/v2\/media\/407517"}],"wp:attachment":[{"href":"https:\/\/portaltela.pt\/api\/wp\/v2\/media?parent=407513"}],"wp:term":[{"taxonomy":"category","embeddable":true,"href":"https:\/\/portaltela.pt\/api\/wp\/v2\/categories?post=407513"},{"taxonomy":"post_tag","embeddable":true,"href":"https:\/\/portaltela.pt\/api\/wp\/v2\/tags?post=407513"}],"curies":[{"name":"wp","href":"https:\/\/api.w.org\/{rel}","templated":true}]}}