{"id":407512,"date":"2026-03-12T12:11:00","date_gmt":"2026-03-12T15:11:00","guid":{"rendered":"https:\/\/portaltela.pt\/noticias\/2026\/03\/12\/mau-tempo-provoca-prejuizos-de-152-milhoes-em-equipamentos-de-coimbra\/"},"modified":"2026-03-12T12:11:00","modified_gmt":"2026-03-12T15:11:00","slug":"mau-tempo-provoca-prejuizos-de-152-milhoes-em-equipamentos-de-coimbra","status":"publish","type":"post","link":"https:\/\/portaltela.pt\/noticias\/2026\/03\/12\/mau-tempo-provoca-prejuizos-de-152-milhoes-em-equipamentos-de-coimbra\/","title":{"rendered":"Mau tempo provoca preju\u00edzos de 15,2 milh\u00f5es em equipamentos de Coimbra"},"content":{"rendered":"<p>A cidade de Coimbra regista preju\u00edzos no valor de 15,2 milh\u00f5es de euros em equipamentos e infraestruturas municipais, consequ\u00eancia direta de epis\u00f3dios de mau tempo que afetaram a regi\u00e3o. A C\u00e2mara Municipal confirma o montante estimado e alerta para a complexidade do processo de avalia\u00e7\u00e3o.<\/p>\n<p>Segundo fontes municipais, os danos incidem sobre \u00e1reas-chave como vias de circula\u00e7\u00e3o, ilumina\u00e7\u00e3o p\u00fablica, saneamento e equipamentos desportivos. A juventude e os servi\u00e7os municipais n\u00e3o foram poupados, apontando para uma recupera\u00e7\u00e3o de curto a m\u00e9dio prazo.<\/p>\n<p>O procedimento de avalia\u00e7\u00e3o est\u00e1 a decorrer, envolvendo per\u00edcias t\u00e9cnicas e pedidos de apoio a fundos de mitiga\u00e7\u00e3o. O objetivo \u00e9 obter um balan\u00e7o final atualizado o mais rapidamente poss\u00edvel e come\u00e7ar as interven\u00e7\u00f5es necess\u00e1rias.<\/p>\n","protected":false},"excerpt":{"rendered":"<ul>\n<li>Coimbra regista preju\u00edzos de 15,2 milh\u00f5es de euros em equipamentos e infraestruturas municipais devido ao mau tempo.<\/li>\n<li>Os danos verificam-se em equipamentos urbanos e infraestruturas do munic\u00edpio.<\/li>\n<li>A not\u00edcia completa est\u00e1 dispon\u00edvel apenas para subscritores.<\/li>\n<li>(Informa\u00e7\u00e3o adicional n\u00e3o inclu\u00edda no conte\u00fado fornecido).<\/li>\n<\/ul>\n","protected":false},"author":2,"featured_media":407515,"comment_status":"closed","ping_status":"closed","sticky":false,"template":"","format":"standard","meta":{"footnotes":""},"categories":[1],"tags":[5050,1070,258,320,1123,5537],"class_list":["post-407512","post","type-post","status-publish","format-standard","has-post-thumbnail","hentry","category-noticias","tag-calamidades-publicas","tag-coimbra","tag-infraestruturas","tag-protecao-civil","tag-saneamento","tag-vias-cortadas"],"yoast_head":"<!-- This site is optimized with the Yoast SEO plugin v27.2 - https:\/\/yoast.com\/product\/yoast-seo-wordpress\/ -->\n<title>Mau tempo provoca preju\u00edzos de 15,2 milh\u00f5es em equipamentos de Coimbra - Portal Tela Portugal<\/title>\n<meta name=\"robots\" content=\"index, follow, max-snippet:-1, max-image-preview:large, max-video-preview:-1\" \/>\n<meta property=\"og:locale\" content=\"pt_PT\" \/>\n<meta property=\"og:type\" content=\"article\" \/>\n<meta property=\"og:title\" content=\"Mau tempo provoca preju\u00edzos de 15,2 milh\u00f5es em equipamentos de Coimbra - Portal Tela Portugal\" \/>\n<meta property=\"og:description\" content=\"Coimbra regista preju\u00edzos de 15,2 milh\u00f5es de euros em equipamentos e infraestruturas municipais devido ao mau tempo. Os danos verificam-se em equipamentos urbanos e infraestruturas do munic\u00edpio. A not\u00edcia completa est\u00e1 dispon\u00edvel apenas para subscritores. (Informa\u00e7\u00e3o adicional n\u00e3o inclu\u00edda no conte\u00fado fornecido).\" \/>\n<meta property=\"og:url\" content=\"https:\/\/portaltela.pt\/noticias\/2026\/03\/12\/mau-tempo-provoca-prejuizos-de-152-milhoes-em-equipamentos-de-coimbra\/\" \/>\n<meta property=\"og:site_name\" content=\"Portal Tela Portugal\" \/>\n<meta property=\"article:published_time\" content=\"2026-03-12T15:11:00+00:00\" \/>\n<meta name=\"author\" content=\"Telinha\" \/>\n<meta name=\"twitter:card\" content=\"summary_large_image\" \/>\n<meta name=\"twitter:label1\" content=\"Escrito por\" \/>\n\t<meta name=\"twitter:data1\" content=\"Telinha\" \/>\n\t<meta name=\"twitter:label2\" content=\"Tempo estimado de leitura\" \/>\n\t<meta name=\"twitter:data2\" content=\"1 minuto\" \/>\n<script type=\"application\/ld+json\" class=\"yoast-schema-graph\">{\"@context\":\"https:\/\/schema.org\",\"@graph\":[{\"@type\":\"Article\",\"@id\":\"https:\/\/portaltela.pt\/noticias\/2026\/03\/12\/mau-tempo-provoca-prejuizos-de-152-milhoes-em-equipamentos-de-coimbra\/#article\",\"isPartOf\":{\"@id\":\"https:\/\/portaltela.pt\/noticias\/2026\/03\/12\/mau-tempo-provoca-prejuizos-de-152-milhoes-em-equipamentos-de-coimbra\/\"},\"author\":{\"name\":\"Telinha\",\"@id\":\"https:\/\/portaltela.pt\/#\/schema\/person\/c4278d4a6028830caff9ee44b42d32ed\"},\"headline\":\"Mau tempo provoca preju\u00edzos de 15,2 milh\u00f5es em equipamentos de Coimbra\",\"datePublished\":\"2026-03-12T15:11:00+00:00\",\"mainEntityOfPage\":{\"@id\":\"https:\/\/portaltela.pt\/noticias\/2026\/03\/12\/mau-tempo-provoca-prejuizos-de-152-milhoes-em-equipamentos-de-coimbra\/\"},\"wordCount\":149,\"image\":{\"@id\":\"https:\/\/portaltela.pt\/noticias\/2026\/03\/12\/mau-tempo-provoca-prejuizos-de-152-milhoes-em-equipamentos-de-coimbra\/#primaryimage\"},\"thumbnailUrl\":\"https:\/\/portaltela.pt\/s.01k8rhncp4jt1\/2026\/03\/CACHE_780X1200_ANALOG_WATERMARKED_46576118_5711005_16022026014846.jpg\",\"keywords\":[\"calamidades p\u00fablicas\",\"Coimbra\",\"infraestruturas\",\"prote\u00e7\u00e3o civil\",\"saneamento\",\"vias cortadas\"],\"articleSection\":[\"Not\u00edcias\"],\"inLanguage\":\"pt-PT\"},{\"@type\":\"WebPage\",\"@id\":\"https:\/\/portaltela.pt\/noticias\/2026\/03\/12\/mau-tempo-provoca-prejuizos-de-152-milhoes-em-equipamentos-de-coimbra\/\",\"url\":\"https:\/\/portaltela.pt\/noticias\/2026\/03\/12\/mau-tempo-provoca-prejuizos-de-152-milhoes-em-equipamentos-de-coimbra\/\",\"name\":\"Mau tempo provoca preju\u00edzos de 15,2 milh\u00f5es em equipamentos de Coimbra - Portal Tela Portugal\",\"isPartOf\":{\"@id\":\"https:\/\/portaltela.pt\/#website\"},\"primaryImageOfPage\":{\"@id\":\"https:\/\/portaltela.pt\/noticias\/2026\/03\/12\/mau-tempo-provoca-prejuizos-de-152-milhoes-em-equipamentos-de-coimbra\/#primaryimage\"},\"image\":{\"@id\":\"https:\/\/portaltela.pt\/noticias\/2026\/03\/12\/mau-tempo-provoca-prejuizos-de-152-milhoes-em-equipamentos-de-coimbra\/#primaryimage\"},\"thumbnailUrl\":\"https:\/\/portaltela.pt\/s.01k8rhncp4jt1\/2026\/03\/CACHE_780X1200_ANALOG_WATERMARKED_46576118_5711005_16022026014846.jpg\",\"datePublished\":\"2026-03-12T15:11:00+00:00\",\"author\":{\"@id\":\"https:\/\/portaltela.pt\/#\/schema\/person\/c4278d4a6028830caff9ee44b42d32ed\"},\"breadcrumb\":{\"@id\":\"https:\/\/portaltela.pt\/noticias\/2026\/03\/12\/mau-tempo-provoca-prejuizos-de-152-milhoes-em-equipamentos-de-coimbra\/#breadcrumb\"},\"inLanguage\":\"pt-PT\",\"potentialAction\":[{\"@type\":\"ReadAction\",\"target\":[\"https:\/\/portaltela.pt\/noticias\/2026\/03\/12\/mau-tempo-provoca-prejuizos-de-152-milhoes-em-equipamentos-de-coimbra\/\"]}]},{\"@type\":\"ImageObject\",\"inLanguage\":\"pt-PT\",\"@id\":\"https:\/\/portaltela.pt\/noticias\/2026\/03\/12\/mau-tempo-provoca-prejuizos-de-152-milhoes-em-equipamentos-de-coimbra\/#primaryimage\",\"url\":\"https:\/\/portaltela.pt\/s.01k8rhncp4jt1\/2026\/03\/CACHE_780X1200_ANALOG_WATERMARKED_46576118_5711005_16022026014846.jpg\",\"contentUrl\":\"https:\/\/portaltela.pt\/s.01k8rhncp4jt1\/2026\/03\/CACHE_780X1200_ANALOG_WATERMARKED_46576118_5711005_16022026014846.jpg\",\"width\":796,\"height\":448,\"caption\":\"Coimbra com preju\u00edzos de 15,2 ME em equipamentos e infraestruturas municipais devido ao mau tempo\"},{\"@type\":\"BreadcrumbList\",\"@id\":\"https:\/\/portaltela.pt\/noticias\/2026\/03\/12\/mau-tempo-provoca-prejuizos-de-152-milhoes-em-equipamentos-de-coimbra\/#breadcrumb\",\"itemListElement\":[{\"@type\":\"ListItem\",\"position\":1,\"name\":\"In\u00edcio\",\"item\":\"https:\/\/portaltela.pt\/\"},{\"@type\":\"ListItem\",\"position\":2,\"name\":\"Mau tempo provoca preju\u00edzos de 15,2 milh\u00f5es em equipamentos de Coimbra\"}]},{\"@type\":\"WebSite\",\"@id\":\"https:\/\/portaltela.pt\/#website\",\"url\":\"https:\/\/portaltela.pt\/\",\"name\":\"Portal Tela Portugal\",\"description\":\"\",\"potentialAction\":[{\"@type\":\"SearchAction\",\"target\":{\"@type\":\"EntryPoint\",\"urlTemplate\":\"https:\/\/portaltela.pt\/?s={search_term_string}\"},\"query-input\":{\"@type\":\"PropertyValueSpecification\",\"valueRequired\":true,\"valueName\":\"search_term_string\"}}],\"inLanguage\":\"pt-PT\"},{\"@type\":\"Person\",\"@id\":\"https:\/\/portaltela.pt\/#\/schema\/person\/c4278d4a6028830caff9ee44b42d32ed\",\"name\":\"Telinha\",\"image\":{\"@type\":\"ImageObject\",\"inLanguage\":\"pt-PT\",\"@id\":\"https:\/\/portaltela.pt\/s.01k8rhncp4jt1\/2025\/11\/talking-bot-125x125.png\",\"url\":\"https:\/\/portaltela.pt\/s.01k8rhncp4jt1\/2025\/11\/talking-bot-125x125.png\",\"contentUrl\":\"https:\/\/portaltela.pt\/s.01k8rhncp4jt1\/2025\/11\/talking-bot-125x125.png\",\"caption\":\"Telinha\"},\"sameAs\":[\"https:\/\/portaltela.pt\/\"],\"url\":\"https:\/\/portaltela.pt\/por\/367410592786\/\"}]}<\/script>\n<!-- \/ Yoast SEO plugin. -->","yoast_head_json":{"title":"Mau tempo provoca preju\u00edzos de 15,2 milh\u00f5es em equipamentos de Coimbra - Portal Tela Portugal","robots":{"index":"index","follow":"follow","max-snippet":"max-snippet:-1","max-image-preview":"max-image-preview:large","max-video-preview":"max-video-preview:-1"},"og_locale":"pt_PT","og_type":"article","og_title":"Mau tempo provoca preju\u00edzos de 15,2 milh\u00f5es em equipamentos de Coimbra - Portal Tela Portugal","og_description":"Coimbra regista preju\u00edzos de 15,2 milh\u00f5es de euros em equipamentos e infraestruturas municipais devido ao mau tempo. Os danos verificam-se em equipamentos urbanos e infraestruturas do munic\u00edpio. A not\u00edcia completa est\u00e1 dispon\u00edvel apenas para subscritores. (Informa\u00e7\u00e3o adicional n\u00e3o inclu\u00edda no conte\u00fado fornecido).","og_url":"https:\/\/portaltela.pt\/noticias\/2026\/03\/12\/mau-tempo-provoca-prejuizos-de-152-milhoes-em-equipamentos-de-coimbra\/","og_site_name":"Portal Tela Portugal","article_published_time":"2026-03-12T15:11:00+00:00","author":"Telinha","twitter_card":"summary_large_image","twitter_misc":{"Escrito por":"Telinha","Tempo estimado de leitura":"1 minuto"},"schema":{"@context":"https:\/\/schema.org","@graph":[{"@type":"Article","@id":"https:\/\/portaltela.pt\/noticias\/2026\/03\/12\/mau-tempo-provoca-prejuizos-de-152-milhoes-em-equipamentos-de-coimbra\/#article","isPartOf":{"@id":"https:\/\/portaltela.pt\/noticias\/2026\/03\/12\/mau-tempo-provoca-prejuizos-de-152-milhoes-em-equipamentos-de-coimbra\/"},"author":{"name":"Telinha","@id":"https:\/\/portaltela.pt\/#\/schema\/person\/c4278d4a6028830caff9ee44b42d32ed"},"headline":"Mau tempo provoca preju\u00edzos de 15,2 milh\u00f5es em equipamentos de Coimbra","datePublished":"2026-03-12T15:11:00+00:00","mainEntityOfPage":{"@id":"https:\/\/portaltela.pt\/noticias\/2026\/03\/12\/mau-tempo-provoca-prejuizos-de-152-milhoes-em-equipamentos-de-coimbra\/"},"wordCount":149,"image":{"@id":"https:\/\/portaltela.pt\/noticias\/2026\/03\/12\/mau-tempo-provoca-prejuizos-de-152-milhoes-em-equipamentos-de-coimbra\/#primaryimage"},"thumbnailUrl":"https:\/\/portaltela.pt\/s.01k8rhncp4jt1\/2026\/03\/CACHE_780X1200_ANALOG_WATERMARKED_46576118_5711005_16022026014846.jpg","keywords":["calamidades p\u00fablicas","Coimbra","infraestruturas","prote\u00e7\u00e3o civil","saneamento","vias cortadas"],"articleSection":["Not\u00edcias"],"inLanguage":"pt-PT"},{"@type":"WebPage","@id":"https:\/\/portaltela.pt\/noticias\/2026\/03\/12\/mau-tempo-provoca-prejuizos-de-152-milhoes-em-equipamentos-de-coimbra\/","url":"https:\/\/portaltela.pt\/noticias\/2026\/03\/12\/mau-tempo-provoca-prejuizos-de-152-milhoes-em-equipamentos-de-coimbra\/","name":"Mau tempo provoca preju\u00edzos de 15,2 milh\u00f5es em equipamentos de Coimbra - Portal Tela Portugal","isPartOf":{"@id":"https:\/\/portaltela.pt\/#website"},"primaryImageOfPage":{"@id":"https:\/\/portaltela.pt\/noticias\/2026\/03\/12\/mau-tempo-provoca-prejuizos-de-152-milhoes-em-equipamentos-de-coimbra\/#primaryimage"},"image":{"@id":"https:\/\/portaltela.pt\/noticias\/2026\/03\/12\/mau-tempo-provoca-prejuizos-de-152-milhoes-em-equipamentos-de-coimbra\/#primaryimage"},"thumbnailUrl":"https:\/\/portaltela.pt\/s.01k8rhncp4jt1\/2026\/03\/CACHE_780X1200_ANALOG_WATERMARKED_46576118_5711005_16022026014846.jpg","datePublished":"2026-03-12T15:11:00+00:00","author":{"@id":"https:\/\/portaltela.pt\/#\/schema\/person\/c4278d4a6028830caff9ee44b42d32ed"},"breadcrumb":{"@id":"https:\/\/portaltela.pt\/noticias\/2026\/03\/12\/mau-tempo-provoca-prejuizos-de-152-milhoes-em-equipamentos-de-coimbra\/#breadcrumb"},"inLanguage":"pt-PT","potentialAction":[{"@type":"ReadAction","target":["https:\/\/portaltela.pt\/noticias\/2026\/03\/12\/mau-tempo-provoca-prejuizos-de-152-milhoes-em-equipamentos-de-coimbra\/"]}]},{"@type":"ImageObject","inLanguage":"pt-PT","@id":"https:\/\/portaltela.pt\/noticias\/2026\/03\/12\/mau-tempo-provoca-prejuizos-de-152-milhoes-em-equipamentos-de-coimbra\/#primaryimage","url":"https:\/\/portaltela.pt\/s.01k8rhncp4jt1\/2026\/03\/CACHE_780X1200_ANALOG_WATERMARKED_46576118_5711005_16022026014846.jpg","contentUrl":"https:\/\/portaltela.pt\/s.01k8rhncp4jt1\/2026\/03\/CACHE_780X1200_ANALOG_WATERMARKED_46576118_5711005_16022026014846.jpg","width":796,"height":448,"caption":"Coimbra com preju\u00edzos de 15,2 ME em equipamentos e infraestruturas municipais devido ao mau tempo"},{"@type":"BreadcrumbList","@id":"https:\/\/portaltela.pt\/noticias\/2026\/03\/12\/mau-tempo-provoca-prejuizos-de-152-milhoes-em-equipamentos-de-coimbra\/#breadcrumb","itemListElement":[{"@type":"ListItem","position":1,"name":"In\u00edcio","item":"https:\/\/portaltela.pt\/"},{"@type":"ListItem","position":2,"name":"Mau tempo provoca preju\u00edzos de 15,2 milh\u00f5es em equipamentos de Coimbra"}]},{"@type":"WebSite","@id":"https:\/\/portaltela.pt\/#website","url":"https:\/\/portaltela.pt\/","name":"Portal Tela Portugal","description":"","potentialAction":[{"@type":"SearchAction","target":{"@type":"EntryPoint","urlTemplate":"https:\/\/portaltela.pt\/?s={search_term_string}"},"query-input":{"@type":"PropertyValueSpecification","valueRequired":true,"valueName":"search_term_string"}}],"inLanguage":"pt-PT"},{"@type":"Person","@id":"https:\/\/portaltela.pt\/#\/schema\/person\/c4278d4a6028830caff9ee44b42d32ed","name":"Telinha","image":{"@type":"ImageObject","inLanguage":"pt-PT","@id":"https:\/\/portaltela.pt\/s.01k8rhncp4jt1\/2025\/11\/talking-bot-125x125.png","url":"https:\/\/portaltela.pt\/s.01k8rhncp4jt1\/2025\/11\/talking-bot-125x125.png","contentUrl":"https:\/\/portaltela.pt\/s.01k8rhncp4jt1\/2025\/11\/talking-bot-125x125.png","caption":"Telinha"},"sameAs":["https:\/\/portaltela.pt\/"],"url":"https:\/\/portaltela.pt\/por\/367410592786\/"}]}},"_links":{"self":[{"href":"https:\/\/portaltela.pt\/api\/wp\/v2\/posts\/407512","targetHints":{"allow":["GET"]}}],"collection":[{"href":"https:\/\/portaltela.pt\/api\/wp\/v2\/posts"}],"about":[{"href":"https:\/\/portaltela.pt\/api\/wp\/v2\/types\/post"}],"author":[{"embeddable":true,"href":"https:\/\/portaltela.pt\/api\/wp\/v2\/users\/2"}],"replies":[{"embeddable":true,"href":"https:\/\/portaltela.pt\/api\/wp\/v2\/comments?post=407512"}],"version-history":[{"count":0,"href":"https:\/\/portaltela.pt\/api\/wp\/v2\/posts\/407512\/revisions"}],"wp:featuredmedia":[{"embeddable":true,"href":"https:\/\/portaltela.pt\/api\/wp\/v2\/media\/407515"}],"wp:attachment":[{"href":"https:\/\/portaltela.pt\/api\/wp\/v2\/media?parent=407512"}],"wp:term":[{"taxonomy":"category","embeddable":true,"href":"https:\/\/portaltela.pt\/api\/wp\/v2\/categories?post=407512"},{"taxonomy":"post_tag","embeddable":true,"href":"https:\/\/portaltela.pt\/api\/wp\/v2\/tags?post=407512"}],"curies":[{"name":"wp","href":"https:\/\/api.w.org\/{rel}","templated":true}]}}