{"id":407490,"date":"2026-03-12T12:02:16","date_gmt":"2026-03-12T15:02:16","guid":{"rendered":"https:\/\/portaltela.pt\/noticias\/2026\/03\/12\/nova-reforma-da-ue-em-migracao-pode-favorecer-praticas-semelhantes-ao-ice\/"},"modified":"2026-03-12T12:02:16","modified_gmt":"2026-03-12T15:02:16","slug":"nova-reforma-da-ue-em-migracao-pode-favorecer-praticas-semelhantes-ao-ice","status":"publish","type":"post","link":"https:\/\/portaltela.pt\/noticias\/2026\/03\/12\/nova-reforma-da-ue-em-migracao-pode-favorecer-praticas-semelhantes-ao-ice\/","title":{"rendered":"Nova reforma da UE em migra\u00e7\u00e3o pode favorecer pr\u00e1ticas semelhantes ao ICE"},"content":{"rendered":"<p>O Regulamento de Regresso da UE, uma proposta para acelerar o retorno de migrantes irregulares, suscitou preocupa\u00e7\u00f5es sobre poss\u00edveis semelhan\u00e7as com as pr\u00e1ticas da ag\u00eancia norte-americana ICE. A iniciativa visa criar um Sistema Europeu Comum de Regresso para tornar os procedimentos de deporta\u00e7\u00e3o mais r\u00e1pidos e eficazes.<\/p>\n<p>Entre as medidas em debate est\u00e3o os chamados centros de retorno, locais fora da UE onde requerentes de asilo rejeitados podem aguardar o afastamento. O texto permite tamb\u00e9m deten\u00e7\u00e3o de migrantes por at\u00e9 dois anos, se as autoridades entenderem necess\u00e1rio para o regresso.<\/p>\n<p>Defensores afirmam que a reforma encara taxas de deporta\u00e7\u00e3o baixas na UE e facilita o cumprimento de decis\u00f5es de afastamento. Cr\u00edticos alertam que algumas disposi\u00e7\u00f5es amplariam poderes de execu\u00e7\u00e3o e aumentariam entraves para migrantes.<\/p>\n<p>ONGs lembram que a proposta pode conduzir a pr\u00e1ticas de fiscaliza\u00e7\u00e3o semelhantes \u00e0s da ICE, caso n\u00e3o haja salvaguardas claras. Em fevereiro, cerca de 70 organiza\u00e7\u00f5es prometem monitorizar a aplica\u00e7\u00e3o da lei e sublinham riscos de buscas em casas, opera\u00e7\u00f5es policiais em espa\u00e7os p\u00fablicos e uso ampliado de tecnologias de vigil\u00e2ncia.<\/p>\n<p>A PICUM aponta exemplos existentes na Europa, como na Alemanha, onde a legisla\u00e7\u00e3o obriga autoridades p\u00fablicas a notificar a imigra\u00e7\u00e3o quando imigrantes sem documentos recorrem a servi\u00e7os sociais. H\u00e1 receio de que o regulamento permita investiga\u00e7\u00f5es sem enquadramento adequado.<\/p>\n<p>A Comiss\u00e3o Europeia rejeita que a reforma leve a pr\u00e1ticas agressivas. Um porta-voz afirmou que o texto n\u00e3o exige den\u00fancias generalizadas nem invas\u00f5es de privacidade, e que as salvaguardas protegem direitos fundamentais dos repatriados. Contudo, as organiza\u00e7\u00f5es insistem na necessidade de regras mais claras.<\/p>\n<p>Segundo a Comiss\u00e3o, a proposta est\u00e1 ainda numa fase inicial do processo legislativo da UE. O Parlamento Europeu precisa de votar o texto, e os Estados-membros devem negociar um consenso antes de qualquer vers\u00e3o final.<\/p>\n","protected":false},"excerpt":{"rendered":"<ul>\n<li>Proposta de Regulamento de Regresso da UE, em comiss\u00e3o, visa criar um Sistema Europeu Comum de Regresso para acelerar deporta\u00e7\u00f5es na UE.<\/li>\n<li>O projeto prev\u00ea a cria\u00e7\u00e3o de \u201ccentros de retorno\u201d fora da UE onde requerentes de asilo rejeitados podem aguardar o afastamento.<\/li>\n<li>A medida permite que migrantes sejam detidos at\u00e9 dois anos, se necess\u00e1rio para o regresso.<\/li>\n<li>ONG alertam que algumas disposi\u00e7\u00f5es podem facilitar pr\u00e1ticas semelhantes \u00e0s do Servi\u00e7o de Imigra\u00e7\u00e3o e Alf\u00e2ndega dos EUA (ICE), incluindo buscas, vigil\u00e2ncia e uso de dados para detec\u00e7\u00e3o de migrantes.<\/li>\n<li>A Comiss\u00e3o Europeia rejeita a compara\u00e7\u00e3o com o ICE, garantindo salvaguardas, mas admite que o texto ainda precisa de vistas do Parlamento Europeu e de negocia\u00e7\u00e3o entre Estados-Membros.<\/li>\n<\/ul>\n","protected":false},"author":2,"featured_media":407494,"comment_status":"closed","ping_status":"closed","sticky":false,"template":"","format":"standard","meta":{"footnotes":""},"categories":[1],"tags":[4081,2633,2691,712,6612,5698],"class_list":["post-407490","post","type-post","status-publish","format-standard","has-post-thumbnail","hentry","category-noticias","tag-deportacoes","tag-direitos-humanos","tag-ice","tag-imigracao","tag-imigracao-internacional","tag-politica-internacional"],"yoast_head":"<!-- This site is optimized with the Yoast SEO plugin v27.2 - https:\/\/yoast.com\/product\/yoast-seo-wordpress\/ -->\n<title>Nova reforma da UE em migra\u00e7\u00e3o pode favorecer pr\u00e1ticas semelhantes ao ICE - Portal Tela Portugal<\/title>\n<meta name=\"robots\" content=\"index, follow, max-snippet:-1, max-image-preview:large, max-video-preview:-1\" \/>\n<meta property=\"og:locale\" content=\"pt_PT\" \/>\n<meta property=\"og:type\" content=\"article\" \/>\n<meta property=\"og:title\" content=\"Nova reforma da UE em migra\u00e7\u00e3o pode favorecer pr\u00e1ticas semelhantes ao ICE - Portal Tela Portugal\" \/>\n<meta property=\"og:description\" content=\"Proposta de Regulamento de Regresso da UE, em comiss\u00e3o, visa criar um Sistema Europeu Comum de Regresso para acelerar deporta\u00e7\u00f5es na UE. O projeto prev\u00ea a cria\u00e7\u00e3o de \u201ccentros de retorno\u201d fora da UE onde requerentes de asilo rejeitados podem aguardar o afastamento. A medida permite que migrantes sejam detidos at\u00e9 dois anos, se necess\u00e1rio para o regresso. ONG alertam que algumas disposi\u00e7\u00f5es podem facilitar pr\u00e1ticas semelhantes \u00e0s do Servi\u00e7o de Imigra\u00e7\u00e3o e Alf\u00e2ndega dos EUA (ICE), incluindo buscas, vigil\u00e2ncia e uso de dados para detec\u00e7\u00e3o de migrantes. A Comiss\u00e3o Europeia rejeita a compara\u00e7\u00e3o com o ICE, garantindo salvaguardas, mas admite que o texto ainda precisa de vistas do Parlamento Europeu e de negocia\u00e7\u00e3o entre Estados-Membros.\" \/>\n<meta property=\"og:url\" content=\"https:\/\/portaltela.pt\/noticias\/2026\/03\/12\/nova-reforma-da-ue-em-migracao-pode-favorecer-praticas-semelhantes-ao-ice\/\" \/>\n<meta property=\"og:site_name\" content=\"Portal Tela Portugal\" \/>\n<meta property=\"article:published_time\" content=\"2026-03-12T15:02:16+00:00\" \/>\n<meta name=\"author\" content=\"Telinha\" \/>\n<meta name=\"twitter:card\" content=\"summary_large_image\" \/>\n<meta name=\"twitter:label1\" content=\"Escrito por\" \/>\n\t<meta name=\"twitter:data1\" content=\"Telinha\" \/>\n\t<meta name=\"twitter:label2\" content=\"Tempo estimado de leitura\" \/>\n\t<meta name=\"twitter:data2\" content=\"2 minutos\" \/>\n<script type=\"application\/ld+json\" class=\"yoast-schema-graph\">{\"@context\":\"https:\/\/schema.org\",\"@graph\":[{\"@type\":\"Article\",\"@id\":\"https:\/\/portaltela.pt\/noticias\/2026\/03\/12\/nova-reforma-da-ue-em-migracao-pode-favorecer-praticas-semelhantes-ao-ice\/#article\",\"isPartOf\":{\"@id\":\"https:\/\/portaltela.pt\/noticias\/2026\/03\/12\/nova-reforma-da-ue-em-migracao-pode-favorecer-praticas-semelhantes-ao-ice\/\"},\"author\":{\"name\":\"Telinha\",\"@id\":\"https:\/\/portaltela.pt\/#\/schema\/person\/c4278d4a6028830caff9ee44b42d32ed\"},\"headline\":\"Nova reforma da UE em migra\u00e7\u00e3o pode favorecer pr\u00e1ticas semelhantes ao ICE\",\"datePublished\":\"2026-03-12T15:02:16+00:00\",\"mainEntityOfPage\":{\"@id\":\"https:\/\/portaltela.pt\/noticias\/2026\/03\/12\/nova-reforma-da-ue-em-migracao-pode-favorecer-praticas-semelhantes-ao-ice\/\"},\"wordCount\":344,\"image\":{\"@id\":\"https:\/\/portaltela.pt\/noticias\/2026\/03\/12\/nova-reforma-da-ue-em-migracao-pode-favorecer-praticas-semelhantes-ao-ice\/#primaryimage\"},\"thumbnailUrl\":\"https:\/\/portaltela.pt\/s.01k8rhncp4jt1\/2026\/03\/1536x864_cmsv2_7b63a797-be25-5fd9-8de0-23fb11eb4b15-9681912.jpg\",\"keywords\":[\"deporta\u00e7\u00f5es\",\"direitos humanos\",\"ICE\",\"imigra\u00e7\u00e3o\",\"imigra\u00e7\u00e3o internacional\",\"pol\u00edtica internacional\"],\"articleSection\":[\"Not\u00edcias\"],\"inLanguage\":\"pt-PT\"},{\"@type\":\"WebPage\",\"@id\":\"https:\/\/portaltela.pt\/noticias\/2026\/03\/12\/nova-reforma-da-ue-em-migracao-pode-favorecer-praticas-semelhantes-ao-ice\/\",\"url\":\"https:\/\/portaltela.pt\/noticias\/2026\/03\/12\/nova-reforma-da-ue-em-migracao-pode-favorecer-praticas-semelhantes-ao-ice\/\",\"name\":\"Nova reforma da UE em migra\u00e7\u00e3o pode favorecer pr\u00e1ticas semelhantes ao ICE - Portal Tela Portugal\",\"isPartOf\":{\"@id\":\"https:\/\/portaltela.pt\/#website\"},\"primaryImageOfPage\":{\"@id\":\"https:\/\/portaltela.pt\/noticias\/2026\/03\/12\/nova-reforma-da-ue-em-migracao-pode-favorecer-praticas-semelhantes-ao-ice\/#primaryimage\"},\"image\":{\"@id\":\"https:\/\/portaltela.pt\/noticias\/2026\/03\/12\/nova-reforma-da-ue-em-migracao-pode-favorecer-praticas-semelhantes-ao-ice\/#primaryimage\"},\"thumbnailUrl\":\"https:\/\/portaltela.pt\/s.01k8rhncp4jt1\/2026\/03\/1536x864_cmsv2_7b63a797-be25-5fd9-8de0-23fb11eb4b15-9681912.jpg\",\"datePublished\":\"2026-03-12T15:02:16+00:00\",\"author\":{\"@id\":\"https:\/\/portaltela.pt\/#\/schema\/person\/c4278d4a6028830caff9ee44b42d32ed\"},\"breadcrumb\":{\"@id\":\"https:\/\/portaltela.pt\/noticias\/2026\/03\/12\/nova-reforma-da-ue-em-migracao-pode-favorecer-praticas-semelhantes-ao-ice\/#breadcrumb\"},\"inLanguage\":\"pt-PT\",\"potentialAction\":[{\"@type\":\"ReadAction\",\"target\":[\"https:\/\/portaltela.pt\/noticias\/2026\/03\/12\/nova-reforma-da-ue-em-migracao-pode-favorecer-praticas-semelhantes-ao-ice\/\"]}]},{\"@type\":\"ImageObject\",\"inLanguage\":\"pt-PT\",\"@id\":\"https:\/\/portaltela.pt\/noticias\/2026\/03\/12\/nova-reforma-da-ue-em-migracao-pode-favorecer-praticas-semelhantes-ao-ice\/#primaryimage\",\"url\":\"https:\/\/portaltela.pt\/s.01k8rhncp4jt1\/2026\/03\/1536x864_cmsv2_7b63a797-be25-5fd9-8de0-23fb11eb4b15-9681912.jpg\",\"contentUrl\":\"https:\/\/portaltela.pt\/s.01k8rhncp4jt1\/2026\/03\/1536x864_cmsv2_7b63a797-be25-5fd9-8de0-23fb11eb4b15-9681912.jpg\",\"width\":796,\"height\":448,\"caption\":\"Migrantes resgatados a sul de Creta caminham ap\u00f3s a sua chegada ao porto de Lavrio, na Gr\u00e9cia, a 10 de julho de 2025. (AP Photo\/Petros Giannakouris)\"},{\"@type\":\"BreadcrumbList\",\"@id\":\"https:\/\/portaltela.pt\/noticias\/2026\/03\/12\/nova-reforma-da-ue-em-migracao-pode-favorecer-praticas-semelhantes-ao-ice\/#breadcrumb\",\"itemListElement\":[{\"@type\":\"ListItem\",\"position\":1,\"name\":\"In\u00edcio\",\"item\":\"https:\/\/portaltela.pt\/\"},{\"@type\":\"ListItem\",\"position\":2,\"name\":\"Nova reforma da UE em migra\u00e7\u00e3o pode favorecer pr\u00e1ticas semelhantes ao ICE\"}]},{\"@type\":\"WebSite\",\"@id\":\"https:\/\/portaltela.pt\/#website\",\"url\":\"https:\/\/portaltela.pt\/\",\"name\":\"Portal Tela Portugal\",\"description\":\"\",\"potentialAction\":[{\"@type\":\"SearchAction\",\"target\":{\"@type\":\"EntryPoint\",\"urlTemplate\":\"https:\/\/portaltela.pt\/?s={search_term_string}\"},\"query-input\":{\"@type\":\"PropertyValueSpecification\",\"valueRequired\":true,\"valueName\":\"search_term_string\"}}],\"inLanguage\":\"pt-PT\"},{\"@type\":\"Person\",\"@id\":\"https:\/\/portaltela.pt\/#\/schema\/person\/c4278d4a6028830caff9ee44b42d32ed\",\"name\":\"Telinha\",\"image\":{\"@type\":\"ImageObject\",\"inLanguage\":\"pt-PT\",\"@id\":\"https:\/\/portaltela.pt\/s.01k8rhncp4jt1\/2025\/11\/talking-bot-125x125.png\",\"url\":\"https:\/\/portaltela.pt\/s.01k8rhncp4jt1\/2025\/11\/talking-bot-125x125.png\",\"contentUrl\":\"https:\/\/portaltela.pt\/s.01k8rhncp4jt1\/2025\/11\/talking-bot-125x125.png\",\"caption\":\"Telinha\"},\"sameAs\":[\"https:\/\/portaltela.pt\/\"],\"url\":\"https:\/\/portaltela.pt\/por\/367410592786\/\"}]}<\/script>\n<!-- \/ Yoast SEO plugin. -->","yoast_head_json":{"title":"Nova reforma da UE em migra\u00e7\u00e3o pode favorecer pr\u00e1ticas semelhantes ao ICE - Portal Tela Portugal","robots":{"index":"index","follow":"follow","max-snippet":"max-snippet:-1","max-image-preview":"max-image-preview:large","max-video-preview":"max-video-preview:-1"},"og_locale":"pt_PT","og_type":"article","og_title":"Nova reforma da UE em migra\u00e7\u00e3o pode favorecer pr\u00e1ticas semelhantes ao ICE - Portal Tela Portugal","og_description":"Proposta de Regulamento de Regresso da UE, em comiss\u00e3o, visa criar um Sistema Europeu Comum de Regresso para acelerar deporta\u00e7\u00f5es na UE. O projeto prev\u00ea a cria\u00e7\u00e3o de \u201ccentros de retorno\u201d fora da UE onde requerentes de asilo rejeitados podem aguardar o afastamento. A medida permite que migrantes sejam detidos at\u00e9 dois anos, se necess\u00e1rio para o regresso. ONG alertam que algumas disposi\u00e7\u00f5es podem facilitar pr\u00e1ticas semelhantes \u00e0s do Servi\u00e7o de Imigra\u00e7\u00e3o e Alf\u00e2ndega dos EUA (ICE), incluindo buscas, vigil\u00e2ncia e uso de dados para detec\u00e7\u00e3o de migrantes. A Comiss\u00e3o Europeia rejeita a compara\u00e7\u00e3o com o ICE, garantindo salvaguardas, mas admite que o texto ainda precisa de vistas do Parlamento Europeu e de negocia\u00e7\u00e3o entre Estados-Membros.","og_url":"https:\/\/portaltela.pt\/noticias\/2026\/03\/12\/nova-reforma-da-ue-em-migracao-pode-favorecer-praticas-semelhantes-ao-ice\/","og_site_name":"Portal Tela Portugal","article_published_time":"2026-03-12T15:02:16+00:00","author":"Telinha","twitter_card":"summary_large_image","twitter_misc":{"Escrito por":"Telinha","Tempo estimado de leitura":"2 minutos"},"schema":{"@context":"https:\/\/schema.org","@graph":[{"@type":"Article","@id":"https:\/\/portaltela.pt\/noticias\/2026\/03\/12\/nova-reforma-da-ue-em-migracao-pode-favorecer-praticas-semelhantes-ao-ice\/#article","isPartOf":{"@id":"https:\/\/portaltela.pt\/noticias\/2026\/03\/12\/nova-reforma-da-ue-em-migracao-pode-favorecer-praticas-semelhantes-ao-ice\/"},"author":{"name":"Telinha","@id":"https:\/\/portaltela.pt\/#\/schema\/person\/c4278d4a6028830caff9ee44b42d32ed"},"headline":"Nova reforma da UE em migra\u00e7\u00e3o pode favorecer pr\u00e1ticas semelhantes ao ICE","datePublished":"2026-03-12T15:02:16+00:00","mainEntityOfPage":{"@id":"https:\/\/portaltela.pt\/noticias\/2026\/03\/12\/nova-reforma-da-ue-em-migracao-pode-favorecer-praticas-semelhantes-ao-ice\/"},"wordCount":344,"image":{"@id":"https:\/\/portaltela.pt\/noticias\/2026\/03\/12\/nova-reforma-da-ue-em-migracao-pode-favorecer-praticas-semelhantes-ao-ice\/#primaryimage"},"thumbnailUrl":"https:\/\/portaltela.pt\/s.01k8rhncp4jt1\/2026\/03\/1536x864_cmsv2_7b63a797-be25-5fd9-8de0-23fb11eb4b15-9681912.jpg","keywords":["deporta\u00e7\u00f5es","direitos humanos","ICE","imigra\u00e7\u00e3o","imigra\u00e7\u00e3o internacional","pol\u00edtica internacional"],"articleSection":["Not\u00edcias"],"inLanguage":"pt-PT"},{"@type":"WebPage","@id":"https:\/\/portaltela.pt\/noticias\/2026\/03\/12\/nova-reforma-da-ue-em-migracao-pode-favorecer-praticas-semelhantes-ao-ice\/","url":"https:\/\/portaltela.pt\/noticias\/2026\/03\/12\/nova-reforma-da-ue-em-migracao-pode-favorecer-praticas-semelhantes-ao-ice\/","name":"Nova reforma da UE em migra\u00e7\u00e3o pode favorecer pr\u00e1ticas semelhantes ao ICE - Portal Tela Portugal","isPartOf":{"@id":"https:\/\/portaltela.pt\/#website"},"primaryImageOfPage":{"@id":"https:\/\/portaltela.pt\/noticias\/2026\/03\/12\/nova-reforma-da-ue-em-migracao-pode-favorecer-praticas-semelhantes-ao-ice\/#primaryimage"},"image":{"@id":"https:\/\/portaltela.pt\/noticias\/2026\/03\/12\/nova-reforma-da-ue-em-migracao-pode-favorecer-praticas-semelhantes-ao-ice\/#primaryimage"},"thumbnailUrl":"https:\/\/portaltela.pt\/s.01k8rhncp4jt1\/2026\/03\/1536x864_cmsv2_7b63a797-be25-5fd9-8de0-23fb11eb4b15-9681912.jpg","datePublished":"2026-03-12T15:02:16+00:00","author":{"@id":"https:\/\/portaltela.pt\/#\/schema\/person\/c4278d4a6028830caff9ee44b42d32ed"},"breadcrumb":{"@id":"https:\/\/portaltela.pt\/noticias\/2026\/03\/12\/nova-reforma-da-ue-em-migracao-pode-favorecer-praticas-semelhantes-ao-ice\/#breadcrumb"},"inLanguage":"pt-PT","potentialAction":[{"@type":"ReadAction","target":["https:\/\/portaltela.pt\/noticias\/2026\/03\/12\/nova-reforma-da-ue-em-migracao-pode-favorecer-praticas-semelhantes-ao-ice\/"]}]},{"@type":"ImageObject","inLanguage":"pt-PT","@id":"https:\/\/portaltela.pt\/noticias\/2026\/03\/12\/nova-reforma-da-ue-em-migracao-pode-favorecer-praticas-semelhantes-ao-ice\/#primaryimage","url":"https:\/\/portaltela.pt\/s.01k8rhncp4jt1\/2026\/03\/1536x864_cmsv2_7b63a797-be25-5fd9-8de0-23fb11eb4b15-9681912.jpg","contentUrl":"https:\/\/portaltela.pt\/s.01k8rhncp4jt1\/2026\/03\/1536x864_cmsv2_7b63a797-be25-5fd9-8de0-23fb11eb4b15-9681912.jpg","width":796,"height":448,"caption":"Migrantes resgatados a sul de Creta caminham ap\u00f3s a sua chegada ao porto de Lavrio, na Gr\u00e9cia, a 10 de julho de 2025. (AP Photo\/Petros Giannakouris)"},{"@type":"BreadcrumbList","@id":"https:\/\/portaltela.pt\/noticias\/2026\/03\/12\/nova-reforma-da-ue-em-migracao-pode-favorecer-praticas-semelhantes-ao-ice\/#breadcrumb","itemListElement":[{"@type":"ListItem","position":1,"name":"In\u00edcio","item":"https:\/\/portaltela.pt\/"},{"@type":"ListItem","position":2,"name":"Nova reforma da UE em migra\u00e7\u00e3o pode favorecer pr\u00e1ticas semelhantes ao ICE"}]},{"@type":"WebSite","@id":"https:\/\/portaltela.pt\/#website","url":"https:\/\/portaltela.pt\/","name":"Portal Tela Portugal","description":"","potentialAction":[{"@type":"SearchAction","target":{"@type":"EntryPoint","urlTemplate":"https:\/\/portaltela.pt\/?s={search_term_string}"},"query-input":{"@type":"PropertyValueSpecification","valueRequired":true,"valueName":"search_term_string"}}],"inLanguage":"pt-PT"},{"@type":"Person","@id":"https:\/\/portaltela.pt\/#\/schema\/person\/c4278d4a6028830caff9ee44b42d32ed","name":"Telinha","image":{"@type":"ImageObject","inLanguage":"pt-PT","@id":"https:\/\/portaltela.pt\/s.01k8rhncp4jt1\/2025\/11\/talking-bot-125x125.png","url":"https:\/\/portaltela.pt\/s.01k8rhncp4jt1\/2025\/11\/talking-bot-125x125.png","contentUrl":"https:\/\/portaltela.pt\/s.01k8rhncp4jt1\/2025\/11\/talking-bot-125x125.png","caption":"Telinha"},"sameAs":["https:\/\/portaltela.pt\/"],"url":"https:\/\/portaltela.pt\/por\/367410592786\/"}]}},"_links":{"self":[{"href":"https:\/\/portaltela.pt\/api\/wp\/v2\/posts\/407490","targetHints":{"allow":["GET"]}}],"collection":[{"href":"https:\/\/portaltela.pt\/api\/wp\/v2\/posts"}],"about":[{"href":"https:\/\/portaltela.pt\/api\/wp\/v2\/types\/post"}],"author":[{"embeddable":true,"href":"https:\/\/portaltela.pt\/api\/wp\/v2\/users\/2"}],"replies":[{"embeddable":true,"href":"https:\/\/portaltela.pt\/api\/wp\/v2\/comments?post=407490"}],"version-history":[{"count":0,"href":"https:\/\/portaltela.pt\/api\/wp\/v2\/posts\/407490\/revisions"}],"wp:featuredmedia":[{"embeddable":true,"href":"https:\/\/portaltela.pt\/api\/wp\/v2\/media\/407494"}],"wp:attachment":[{"href":"https:\/\/portaltela.pt\/api\/wp\/v2\/media?parent=407490"}],"wp:term":[{"taxonomy":"category","embeddable":true,"href":"https:\/\/portaltela.pt\/api\/wp\/v2\/categories?post=407490"},{"taxonomy":"post_tag","embeddable":true,"href":"https:\/\/portaltela.pt\/api\/wp\/v2\/tags?post=407490"}],"curies":[{"name":"wp","href":"https:\/\/api.w.org\/{rel}","templated":true}]}}