{"id":407474,"date":"2026-03-12T11:47:00","date_gmt":"2026-03-12T14:47:00","guid":{"rendered":"https:\/\/portaltela.pt\/noticias\/2026\/03\/12\/reuniao-do-corredor-do-gas-meridional-analisa-cooperacao-energetica\/"},"modified":"2026-03-12T11:47:00","modified_gmt":"2026-03-12T14:47:00","slug":"reuniao-do-corredor-do-gas-meridional-analisa-cooperacao-energetica","status":"publish","type":"post","link":"https:\/\/portaltela.pt\/energia\/2026\/03\/12\/reuniao-do-corredor-do-gas-meridional-analisa-cooperacao-energetica\/","title":{"rendered":"Reuni\u00e3o do Corredor do G\u00e1s Meridional analisa coopera\u00e7\u00e3o energ\u00e9tica"},"content":{"rendered":"<p>Uma reuni\u00e3o de l\u00edderes pol\u00edticos e respons\u00e1veis pelo setor energ\u00e9tico discutiu seguran\u00e7a de abastecimento, diversifica\u00e7\u00e3o e coopera\u00e7\u00e3o em energias renov\u00e1veis, destacando o papel crescente do Corredor do G\u00e1s Meridional na estrat\u00e9gia energ\u00e9tica europeia. O encontro incidiu sobre a import\u00e2ncia da infraestrutura existente para sustentar a seguran\u00e7a do fornecimento e a transi\u00e7\u00e3o para sistemas mais limpos.<\/p>\n<p>As discuss\u00f5es focaram em como a infraestrutura atual pode apoiar tanto a seguran\u00e7a de fornecimento como a transi\u00e7\u00e3o para energias mais limpas. O Corredor do G\u00e1s Meridional permanece uma via importante de transporte de g\u00e1s do C\u00e1spio para mercados europeus.<\/p>\n<h3>Coopera\u00e7\u00e3o entre governos e ind\u00fastria<\/h3>\n<p>Autoridades afirmaram que a coopera\u00e7\u00e3o entre governos e setor privado tem sido essencial para manter fornecimentos fi\u00e1veis. O debate tamb\u00e9m abordou mecanismos de coordena\u00e7\u00e3o para evitar interrup\u00e7\u00f5es e melhorar a resposta a emerg\u00eancias.<\/p>\n<p>Simultaneamente, est\u00e3o a ser desenvolvidas iniciativas para expandir a produ\u00e7\u00e3o de energia renov\u00e1vel e a transmiss\u00e3o de eletricidade na regi\u00e3o. Estes projetos visam complementar as redes energ\u00e9ticas existentes e sustentar objetivos de sustentabilidade e resili\u00eancia a longo prazo.<\/p>\n<h3>Projetos de expans\u00e3o<\/h3>\n<p>Os participantes indicaram planos para ampliar capacidade de gera\u00e7\u00e3o renov\u00e1vel e de transmiss\u00e3o de eletricidade, refor\u00e7ando a integra\u00e7\u00e3o regional. O objetivo \u00e9 aumentar a diversifica\u00e7\u00e3o energ\u00e9tica e reduzir depend\u00eancias de vias \u00fanicas de abastecimento.<\/p>\n","protected":false},"excerpt":{"rendered":"<ul>\n<li>O Corredor do G\u00e1s Meridional foi tema de reuni\u00e3o entre l\u00edderes e respons\u00e1veis pol\u00edticos do setor energ\u00e9tico, visando a coopera\u00e7\u00e3o na Europa.<\/li>\n<li>Discute-se a seguran\u00e7a do abastecimento, diversifica\u00e7\u00e3o de fontes e o papel da coopera\u00e7\u00e3o em energias renov\u00e1veis na estrat\u00e9gia europeia.<\/li>\n<li>A infraestrutura existente \u00e9 apresentada como suporte para a seguran\u00e7a do fornecimento e para a transi\u00e7\u00e3o para sistemas energ\u00e9ticos mais limpos.<\/li>\n<li>O corredor continua a ser uma via importante de transporte de g\u00e1s do C\u00e1spio para os mercados europeus.<\/li>\n<li>As autoridades destacaram a coopera\u00e7\u00e3o entre governos e ind\u00fastria, al\u00e9m de novas iniciativas para expandir energia renov\u00e1vel e transmiss\u00e3o de eletricidade na regi\u00e3o.<\/li>\n<\/ul>\n","protected":false},"author":2,"featured_media":407482,"comment_status":"closed","ping_status":"closed","sticky":false,"template":"","format":"standard","meta":{"footnotes":""},"categories":[6806],"tags":[5961,4654,256,4549,3603,5799],"class_list":["post-407474","post","type-post","status-publish","format-standard","has-post-thumbnail","hentry","category-energia","tag-a-energia","tag-cooperacao-institucional","tag-cooperacao-internacional","tag-energia-eletrica","tag-energias-renovaveis","tag-transmissoes"],"yoast_head":"<!-- This site is optimized with the Yoast SEO plugin v27.2 - https:\/\/yoast.com\/product\/yoast-seo-wordpress\/ -->\n<title>Reuni\u00e3o do Corredor do G\u00e1s Meridional analisa coopera\u00e7\u00e3o energ\u00e9tica - Portal Tela Portugal<\/title>\n<meta name=\"robots\" content=\"index, follow, max-snippet:-1, max-image-preview:large, max-video-preview:-1\" \/>\n<meta property=\"og:locale\" content=\"pt_PT\" \/>\n<meta property=\"og:type\" content=\"article\" \/>\n<meta property=\"og:title\" content=\"Reuni\u00e3o do Corredor do G\u00e1s Meridional analisa coopera\u00e7\u00e3o energ\u00e9tica - Portal Tela Portugal\" \/>\n<meta property=\"og:description\" content=\"O Corredor do G\u00e1s Meridional foi tema de reuni\u00e3o entre l\u00edderes e respons\u00e1veis pol\u00edticos do setor energ\u00e9tico, visando a coopera\u00e7\u00e3o na Europa. Discute-se a seguran\u00e7a do abastecimento, diversifica\u00e7\u00e3o de fontes e o papel da coopera\u00e7\u00e3o em energias renov\u00e1veis na estrat\u00e9gia europeia. A infraestrutura existente \u00e9 apresentada como suporte para a seguran\u00e7a do fornecimento e para a transi\u00e7\u00e3o para sistemas energ\u00e9ticos mais limpos. O corredor continua a ser uma via importante de transporte de g\u00e1s do C\u00e1spio para os mercados europeus. As autoridades destacaram a coopera\u00e7\u00e3o entre governos e ind\u00fastria, al\u00e9m de novas iniciativas para expandir energia renov\u00e1vel e transmiss\u00e3o de eletricidade na regi\u00e3o.\" \/>\n<meta property=\"og:url\" content=\"https:\/\/portaltela.pt\/noticias\/2026\/03\/12\/reuniao-do-corredor-do-gas-meridional-analisa-cooperacao-energetica\/\" \/>\n<meta property=\"og:site_name\" content=\"Portal Tela Portugal\" \/>\n<meta property=\"article:published_time\" content=\"2026-03-12T14:47:00+00:00\" \/>\n<meta name=\"author\" content=\"Telinha\" \/>\n<meta name=\"twitter:card\" content=\"summary_large_image\" \/>\n<meta name=\"twitter:label1\" content=\"Escrito por\" \/>\n\t<meta name=\"twitter:data1\" content=\"Telinha\" \/>\n\t<meta name=\"twitter:label2\" content=\"Tempo estimado de leitura\" \/>\n\t<meta name=\"twitter:data2\" content=\"1 minuto\" \/>\n<script type=\"application\/ld+json\" class=\"yoast-schema-graph\">{\"@context\":\"https:\/\/schema.org\",\"@graph\":[{\"@type\":\"Article\",\"@id\":\"https:\/\/portaltela.pt\/noticias\/2026\/03\/12\/reuniao-do-corredor-do-gas-meridional-analisa-cooperacao-energetica\/#article\",\"isPartOf\":{\"@id\":\"https:\/\/portaltela.pt\/noticias\/2026\/03\/12\/reuniao-do-corredor-do-gas-meridional-analisa-cooperacao-energetica\/\"},\"author\":{\"name\":\"Telinha\",\"@id\":\"https:\/\/portaltela.pt\/#\/schema\/person\/c4278d4a6028830caff9ee44b42d32ed\"},\"headline\":\"Reuni\u00e3o do Corredor do G\u00e1s Meridional analisa coopera\u00e7\u00e3o energ\u00e9tica\",\"datePublished\":\"2026-03-12T14:47:00+00:00\",\"mainEntityOfPage\":{\"@id\":\"https:\/\/portaltela.pt\/noticias\/2026\/03\/12\/reuniao-do-corredor-do-gas-meridional-analisa-cooperacao-energetica\/\"},\"wordCount\":265,\"image\":{\"@id\":\"https:\/\/portaltela.pt\/noticias\/2026\/03\/12\/reuniao-do-corredor-do-gas-meridional-analisa-cooperacao-energetica\/#primaryimage\"},\"thumbnailUrl\":\"https:\/\/portaltela.pt\/s.01k8rhncp4jt1\/2026\/03\/1536x864_cmsv2_16f5bca7-e7a7-5d44-86f5-3f697cd5eb9b-9676082.jpg\",\"keywords\":[\"a energia\",\"coopera\u00e7\u00e3o institucional\",\"coopera\u00e7\u00e3o internacional\",\"energia el\u00e9trica\",\"energias renov\u00e1veis\",\"transmiss\u00f5es\"],\"articleSection\":[\"Energia\"],\"inLanguage\":\"pt-PT\"},{\"@type\":\"WebPage\",\"@id\":\"https:\/\/portaltela.pt\/noticias\/2026\/03\/12\/reuniao-do-corredor-do-gas-meridional-analisa-cooperacao-energetica\/\",\"url\":\"https:\/\/portaltela.pt\/noticias\/2026\/03\/12\/reuniao-do-corredor-do-gas-meridional-analisa-cooperacao-energetica\/\",\"name\":\"Reuni\u00e3o do Corredor do G\u00e1s Meridional analisa coopera\u00e7\u00e3o energ\u00e9tica - Portal Tela Portugal\",\"isPartOf\":{\"@id\":\"https:\/\/portaltela.pt\/#website\"},\"primaryImageOfPage\":{\"@id\":\"https:\/\/portaltela.pt\/noticias\/2026\/03\/12\/reuniao-do-corredor-do-gas-meridional-analisa-cooperacao-energetica\/#primaryimage\"},\"image\":{\"@id\":\"https:\/\/portaltela.pt\/noticias\/2026\/03\/12\/reuniao-do-corredor-do-gas-meridional-analisa-cooperacao-energetica\/#primaryimage\"},\"thumbnailUrl\":\"https:\/\/portaltela.pt\/s.01k8rhncp4jt1\/2026\/03\/1536x864_cmsv2_16f5bca7-e7a7-5d44-86f5-3f697cd5eb9b-9676082.jpg\",\"datePublished\":\"2026-03-12T14:47:00+00:00\",\"author\":{\"@id\":\"https:\/\/portaltela.pt\/#\/schema\/person\/c4278d4a6028830caff9ee44b42d32ed\"},\"breadcrumb\":{\"@id\":\"https:\/\/portaltela.pt\/noticias\/2026\/03\/12\/reuniao-do-corredor-do-gas-meridional-analisa-cooperacao-energetica\/#breadcrumb\"},\"inLanguage\":\"pt-PT\",\"potentialAction\":[{\"@type\":\"ReadAction\",\"target\":[\"https:\/\/portaltela.pt\/noticias\/2026\/03\/12\/reuniao-do-corredor-do-gas-meridional-analisa-cooperacao-energetica\/\"]}]},{\"@type\":\"ImageObject\",\"inLanguage\":\"pt-PT\",\"@id\":\"https:\/\/portaltela.pt\/noticias\/2026\/03\/12\/reuniao-do-corredor-do-gas-meridional-analisa-cooperacao-energetica\/#primaryimage\",\"url\":\"https:\/\/portaltela.pt\/s.01k8rhncp4jt1\/2026\/03\/1536x864_cmsv2_16f5bca7-e7a7-5d44-86f5-3f697cd5eb9b-9676082.jpg\",\"contentUrl\":\"https:\/\/portaltela.pt\/s.01k8rhncp4jt1\/2026\/03\/1536x864_cmsv2_16f5bca7-e7a7-5d44-86f5-3f697cd5eb9b-9676082.jpg\",\"width\":796,\"height\":448,\"caption\":\"Reuni\u00e3o do Corredor do G\u00e1s Meridional analisa a coopera\u00e7\u00e3o energ\u00e9tica\"},{\"@type\":\"BreadcrumbList\",\"@id\":\"https:\/\/portaltela.pt\/noticias\/2026\/03\/12\/reuniao-do-corredor-do-gas-meridional-analisa-cooperacao-energetica\/#breadcrumb\",\"itemListElement\":[{\"@type\":\"ListItem\",\"position\":1,\"name\":\"In\u00edcio\",\"item\":\"https:\/\/portaltela.pt\/\"},{\"@type\":\"ListItem\",\"position\":2,\"name\":\"Reuni\u00e3o do Corredor do G\u00e1s Meridional analisa coopera\u00e7\u00e3o energ\u00e9tica\"}]},{\"@type\":\"WebSite\",\"@id\":\"https:\/\/portaltela.pt\/#website\",\"url\":\"https:\/\/portaltela.pt\/\",\"name\":\"Portal Tela Portugal\",\"description\":\"\",\"potentialAction\":[{\"@type\":\"SearchAction\",\"target\":{\"@type\":\"EntryPoint\",\"urlTemplate\":\"https:\/\/portaltela.pt\/?s={search_term_string}\"},\"query-input\":{\"@type\":\"PropertyValueSpecification\",\"valueRequired\":true,\"valueName\":\"search_term_string\"}}],\"inLanguage\":\"pt-PT\"},{\"@type\":\"Person\",\"@id\":\"https:\/\/portaltela.pt\/#\/schema\/person\/c4278d4a6028830caff9ee44b42d32ed\",\"name\":\"Telinha\",\"image\":{\"@type\":\"ImageObject\",\"inLanguage\":\"pt-PT\",\"@id\":\"https:\/\/portaltela.pt\/s.01k8rhncp4jt1\/2025\/11\/talking-bot-125x125.png\",\"url\":\"https:\/\/portaltela.pt\/s.01k8rhncp4jt1\/2025\/11\/talking-bot-125x125.png\",\"contentUrl\":\"https:\/\/portaltela.pt\/s.01k8rhncp4jt1\/2025\/11\/talking-bot-125x125.png\",\"caption\":\"Telinha\"},\"sameAs\":[\"https:\/\/portaltela.pt\/\"],\"url\":\"https:\/\/portaltela.pt\/por\/367410592786\/\"}]}<\/script>\n<!-- \/ Yoast SEO plugin. -->","yoast_head_json":{"title":"Reuni\u00e3o do Corredor do G\u00e1s Meridional analisa coopera\u00e7\u00e3o energ\u00e9tica - Portal Tela Portugal","robots":{"index":"index","follow":"follow","max-snippet":"max-snippet:-1","max-image-preview":"max-image-preview:large","max-video-preview":"max-video-preview:-1"},"og_locale":"pt_PT","og_type":"article","og_title":"Reuni\u00e3o do Corredor do G\u00e1s Meridional analisa coopera\u00e7\u00e3o energ\u00e9tica - Portal Tela Portugal","og_description":"O Corredor do G\u00e1s Meridional foi tema de reuni\u00e3o entre l\u00edderes e respons\u00e1veis pol\u00edticos do setor energ\u00e9tico, visando a coopera\u00e7\u00e3o na Europa. Discute-se a seguran\u00e7a do abastecimento, diversifica\u00e7\u00e3o de fontes e o papel da coopera\u00e7\u00e3o em energias renov\u00e1veis na estrat\u00e9gia europeia. A infraestrutura existente \u00e9 apresentada como suporte para a seguran\u00e7a do fornecimento e para a transi\u00e7\u00e3o para sistemas energ\u00e9ticos mais limpos. O corredor continua a ser uma via importante de transporte de g\u00e1s do C\u00e1spio para os mercados europeus. As autoridades destacaram a coopera\u00e7\u00e3o entre governos e ind\u00fastria, al\u00e9m de novas iniciativas para expandir energia renov\u00e1vel e transmiss\u00e3o de eletricidade na regi\u00e3o.","og_url":"https:\/\/portaltela.pt\/noticias\/2026\/03\/12\/reuniao-do-corredor-do-gas-meridional-analisa-cooperacao-energetica\/","og_site_name":"Portal Tela Portugal","article_published_time":"2026-03-12T14:47:00+00:00","author":"Telinha","twitter_card":"summary_large_image","twitter_misc":{"Escrito por":"Telinha","Tempo estimado de leitura":"1 minuto"},"schema":{"@context":"https:\/\/schema.org","@graph":[{"@type":"Article","@id":"https:\/\/portaltela.pt\/noticias\/2026\/03\/12\/reuniao-do-corredor-do-gas-meridional-analisa-cooperacao-energetica\/#article","isPartOf":{"@id":"https:\/\/portaltela.pt\/noticias\/2026\/03\/12\/reuniao-do-corredor-do-gas-meridional-analisa-cooperacao-energetica\/"},"author":{"name":"Telinha","@id":"https:\/\/portaltela.pt\/#\/schema\/person\/c4278d4a6028830caff9ee44b42d32ed"},"headline":"Reuni\u00e3o do Corredor do G\u00e1s Meridional analisa coopera\u00e7\u00e3o energ\u00e9tica","datePublished":"2026-03-12T14:47:00+00:00","mainEntityOfPage":{"@id":"https:\/\/portaltela.pt\/noticias\/2026\/03\/12\/reuniao-do-corredor-do-gas-meridional-analisa-cooperacao-energetica\/"},"wordCount":265,"image":{"@id":"https:\/\/portaltela.pt\/noticias\/2026\/03\/12\/reuniao-do-corredor-do-gas-meridional-analisa-cooperacao-energetica\/#primaryimage"},"thumbnailUrl":"https:\/\/portaltela.pt\/s.01k8rhncp4jt1\/2026\/03\/1536x864_cmsv2_16f5bca7-e7a7-5d44-86f5-3f697cd5eb9b-9676082.jpg","keywords":["a energia","coopera\u00e7\u00e3o institucional","coopera\u00e7\u00e3o internacional","energia el\u00e9trica","energias renov\u00e1veis","transmiss\u00f5es"],"articleSection":["Energia"],"inLanguage":"pt-PT"},{"@type":"WebPage","@id":"https:\/\/portaltela.pt\/noticias\/2026\/03\/12\/reuniao-do-corredor-do-gas-meridional-analisa-cooperacao-energetica\/","url":"https:\/\/portaltela.pt\/noticias\/2026\/03\/12\/reuniao-do-corredor-do-gas-meridional-analisa-cooperacao-energetica\/","name":"Reuni\u00e3o do Corredor do G\u00e1s Meridional analisa coopera\u00e7\u00e3o energ\u00e9tica - Portal Tela Portugal","isPartOf":{"@id":"https:\/\/portaltela.pt\/#website"},"primaryImageOfPage":{"@id":"https:\/\/portaltela.pt\/noticias\/2026\/03\/12\/reuniao-do-corredor-do-gas-meridional-analisa-cooperacao-energetica\/#primaryimage"},"image":{"@id":"https:\/\/portaltela.pt\/noticias\/2026\/03\/12\/reuniao-do-corredor-do-gas-meridional-analisa-cooperacao-energetica\/#primaryimage"},"thumbnailUrl":"https:\/\/portaltela.pt\/s.01k8rhncp4jt1\/2026\/03\/1536x864_cmsv2_16f5bca7-e7a7-5d44-86f5-3f697cd5eb9b-9676082.jpg","datePublished":"2026-03-12T14:47:00+00:00","author":{"@id":"https:\/\/portaltela.pt\/#\/schema\/person\/c4278d4a6028830caff9ee44b42d32ed"},"breadcrumb":{"@id":"https:\/\/portaltela.pt\/noticias\/2026\/03\/12\/reuniao-do-corredor-do-gas-meridional-analisa-cooperacao-energetica\/#breadcrumb"},"inLanguage":"pt-PT","potentialAction":[{"@type":"ReadAction","target":["https:\/\/portaltela.pt\/noticias\/2026\/03\/12\/reuniao-do-corredor-do-gas-meridional-analisa-cooperacao-energetica\/"]}]},{"@type":"ImageObject","inLanguage":"pt-PT","@id":"https:\/\/portaltela.pt\/noticias\/2026\/03\/12\/reuniao-do-corredor-do-gas-meridional-analisa-cooperacao-energetica\/#primaryimage","url":"https:\/\/portaltela.pt\/s.01k8rhncp4jt1\/2026\/03\/1536x864_cmsv2_16f5bca7-e7a7-5d44-86f5-3f697cd5eb9b-9676082.jpg","contentUrl":"https:\/\/portaltela.pt\/s.01k8rhncp4jt1\/2026\/03\/1536x864_cmsv2_16f5bca7-e7a7-5d44-86f5-3f697cd5eb9b-9676082.jpg","width":796,"height":448,"caption":"Reuni\u00e3o do Corredor do G\u00e1s Meridional analisa a coopera\u00e7\u00e3o energ\u00e9tica"},{"@type":"BreadcrumbList","@id":"https:\/\/portaltela.pt\/noticias\/2026\/03\/12\/reuniao-do-corredor-do-gas-meridional-analisa-cooperacao-energetica\/#breadcrumb","itemListElement":[{"@type":"ListItem","position":1,"name":"In\u00edcio","item":"https:\/\/portaltela.pt\/"},{"@type":"ListItem","position":2,"name":"Reuni\u00e3o do Corredor do G\u00e1s Meridional analisa coopera\u00e7\u00e3o energ\u00e9tica"}]},{"@type":"WebSite","@id":"https:\/\/portaltela.pt\/#website","url":"https:\/\/portaltela.pt\/","name":"Portal Tela Portugal","description":"","potentialAction":[{"@type":"SearchAction","target":{"@type":"EntryPoint","urlTemplate":"https:\/\/portaltela.pt\/?s={search_term_string}"},"query-input":{"@type":"PropertyValueSpecification","valueRequired":true,"valueName":"search_term_string"}}],"inLanguage":"pt-PT"},{"@type":"Person","@id":"https:\/\/portaltela.pt\/#\/schema\/person\/c4278d4a6028830caff9ee44b42d32ed","name":"Telinha","image":{"@type":"ImageObject","inLanguage":"pt-PT","@id":"https:\/\/portaltela.pt\/s.01k8rhncp4jt1\/2025\/11\/talking-bot-125x125.png","url":"https:\/\/portaltela.pt\/s.01k8rhncp4jt1\/2025\/11\/talking-bot-125x125.png","contentUrl":"https:\/\/portaltela.pt\/s.01k8rhncp4jt1\/2025\/11\/talking-bot-125x125.png","caption":"Telinha"},"sameAs":["https:\/\/portaltela.pt\/"],"url":"https:\/\/portaltela.pt\/por\/367410592786\/"}]}},"_links":{"self":[{"href":"https:\/\/portaltela.pt\/api\/wp\/v2\/posts\/407474","targetHints":{"allow":["GET"]}}],"collection":[{"href":"https:\/\/portaltela.pt\/api\/wp\/v2\/posts"}],"about":[{"href":"https:\/\/portaltela.pt\/api\/wp\/v2\/types\/post"}],"author":[{"embeddable":true,"href":"https:\/\/portaltela.pt\/api\/wp\/v2\/users\/2"}],"replies":[{"embeddable":true,"href":"https:\/\/portaltela.pt\/api\/wp\/v2\/comments?post=407474"}],"version-history":[{"count":0,"href":"https:\/\/portaltela.pt\/api\/wp\/v2\/posts\/407474\/revisions"}],"wp:featuredmedia":[{"embeddable":true,"href":"https:\/\/portaltela.pt\/api\/wp\/v2\/media\/407482"}],"wp:attachment":[{"href":"https:\/\/portaltela.pt\/api\/wp\/v2\/media?parent=407474"}],"wp:term":[{"taxonomy":"category","embeddable":true,"href":"https:\/\/portaltela.pt\/api\/wp\/v2\/categories?post=407474"},{"taxonomy":"post_tag","embeddable":true,"href":"https:\/\/portaltela.pt\/api\/wp\/v2\/tags?post=407474"}],"curies":[{"name":"wp","href":"https:\/\/api.w.org\/{rel}","templated":true}]}}