{"id":407423,"date":"2026-03-12T11:10:17","date_gmt":"2026-03-12T14:10:17","guid":{"rendered":"https:\/\/portaltela.pt\/noticias\/2026\/03\/12\/mortos-sobem-para-64-em-inundacoes-e-deslizamentos-de-terras-na-etiopia\/"},"modified":"2026-03-12T11:10:17","modified_gmt":"2026-03-12T14:10:17","slug":"mortos-sobem-para-64-em-inundacoes-e-deslizamentos-de-terras-na-etiopia","status":"publish","type":"post","link":"https:\/\/portaltela.pt\/noticias\/2026\/03\/12\/mortos-sobem-para-64-em-inundacoes-e-deslizamentos-de-terras-na-etiopia\/","title":{"rendered":"Mortos sobem para 64 em inunda\u00e7\u00f5es e deslizamentos de terras na Eti\u00f3pia"},"content":{"rendered":"<p>O n\u00famero de mortos nas inunda\u00e7\u00f5es e deslizamentos de terra na Eti\u00f3pia subiu para 64, com dezenas de desaparecidos, segundo as autoridades nesta quinta-feira.<\/p>\n<p>Segundo a BBC, a maioria das mortes ocorreu em \u00e1reas de alta altitude, onde as encostas saturadas cederam ap\u00f3s dias de chuva intensa.<\/p>\n<p>A pol\u00edcia alerta os residentes em zonas vulner\u00e1veis a adotarem precau\u00e7\u00f5es adicionais para evitar novas ocorr\u00eancias.<\/p>\n<p>O governador regional do sul da Eti\u00f3pia apresentou condol\u00eancias \u00e0s fam\u00edlias afetadas.<\/p>\n<p>Cientistas dizem que as altera\u00e7\u00f5es clim\u00e1ticas intensificam eventos meteorol\u00f3gicos severos. Nos \u00faltimos 20 anos, h\u00e1 mais chuva extrema e tamb\u00e9m seca nesta regi\u00e3o, conforme v\u00e1rios estudos.<\/p>\n","protected":false},"excerpt":{"rendered":"<ul>\n<li>O n\u00famero de mortos nas inunda\u00e7\u00f5es e deslizamentos de terra na Eti\u00f3pia aumentou para 64, com dezenas de desaparecidos.<\/li>\n<li>A maioria das mortes ocorreu em \u00e1reas de altitude, onde encostas saturadas cederam ap\u00f3s dias de chuva intensa.<\/li>\n<li>A pol\u00edcia alertou residentes em zonas vulner\u00e1veis para tomarem precau\u00e7\u00f5es.<\/li>\n<li>O governador regional do estado do sul da Eti\u00f3pia apresentou condol\u00eancias \u00e0s fam\u00edlias afetadas.<\/li>\n<li>Cientistas associam os eventos clim\u00e1ticos severos \u00e0s altera\u00e7\u00f5es clim\u00e1ticas, com aumento de chuvas extremas e secas na regi\u00e3o nas \u00faltimas d\u00e9cadas.<\/li>\n<\/ul>\n","protected":false},"author":2,"featured_media":407425,"comment_status":"closed","ping_status":"closed","sticky":false,"template":"","format":"standard","meta":{"footnotes":""},"categories":[1],"tags":[2665,5215,3735,2830,2051,6429],"class_list":["post-407423","post","type-post","status-publish","format-standard","has-post-thumbnail","hentry","category-noticias","tag-alteracoes-climaticas","tag-catastrofes-naturais","tag-deslizamentos","tag-etiopia","tag-inundacao","tag-mortes"],"yoast_head":"<!-- This site is optimized with the Yoast SEO plugin v27.2 - https:\/\/yoast.com\/product\/yoast-seo-wordpress\/ -->\n<title>Mortos sobem para 64 em inunda\u00e7\u00f5es e deslizamentos de terras na Eti\u00f3pia - Portal Tela Portugal<\/title>\n<meta name=\"robots\" content=\"index, follow, max-snippet:-1, max-image-preview:large, max-video-preview:-1\" \/>\n<meta property=\"og:locale\" content=\"pt_PT\" \/>\n<meta property=\"og:type\" content=\"article\" \/>\n<meta property=\"og:title\" content=\"Mortos sobem para 64 em inunda\u00e7\u00f5es e deslizamentos de terras na Eti\u00f3pia - Portal Tela Portugal\" \/>\n<meta property=\"og:description\" content=\"O n\u00famero de mortos nas inunda\u00e7\u00f5es e deslizamentos de terra na Eti\u00f3pia aumentou para 64, com dezenas de desaparecidos. A maioria das mortes ocorreu em \u00e1reas de altitude, onde encostas saturadas cederam ap\u00f3s dias de chuva intensa. A pol\u00edcia alertou residentes em zonas vulner\u00e1veis para tomarem precau\u00e7\u00f5es. O governador regional do estado do sul da Eti\u00f3pia apresentou condol\u00eancias \u00e0s fam\u00edlias afetadas. Cientistas associam os eventos clim\u00e1ticos severos \u00e0s altera\u00e7\u00f5es clim\u00e1ticas, com aumento de chuvas extremas e secas na regi\u00e3o nas \u00faltimas d\u00e9cadas.\" \/>\n<meta property=\"og:url\" content=\"https:\/\/portaltela.pt\/noticias\/2026\/03\/12\/mortos-sobem-para-64-em-inundacoes-e-deslizamentos-de-terras-na-etiopia\/\" \/>\n<meta property=\"og:site_name\" content=\"Portal Tela Portugal\" \/>\n<meta property=\"article:published_time\" content=\"2026-03-12T14:10:17+00:00\" \/>\n<meta name=\"author\" content=\"Telinha\" \/>\n<meta name=\"twitter:card\" content=\"summary_large_image\" \/>\n<meta name=\"twitter:label1\" content=\"Escrito por\" \/>\n\t<meta name=\"twitter:data1\" content=\"Telinha\" \/>\n\t<meta name=\"twitter:label2\" content=\"Tempo estimado de leitura\" \/>\n\t<meta name=\"twitter:data2\" content=\"1 minuto\" \/>\n<script type=\"application\/ld+json\" class=\"yoast-schema-graph\">{\"@context\":\"https:\/\/schema.org\",\"@graph\":[{\"@type\":\"Article\",\"@id\":\"https:\/\/portaltela.pt\/noticias\/2026\/03\/12\/mortos-sobem-para-64-em-inundacoes-e-deslizamentos-de-terras-na-etiopia\/#article\",\"isPartOf\":{\"@id\":\"https:\/\/portaltela.pt\/noticias\/2026\/03\/12\/mortos-sobem-para-64-em-inundacoes-e-deslizamentos-de-terras-na-etiopia\/\"},\"author\":{\"name\":\"Telinha\",\"@id\":\"https:\/\/portaltela.pt\/#\/schema\/person\/c4278d4a6028830caff9ee44b42d32ed\"},\"headline\":\"Mortos sobem para 64 em inunda\u00e7\u00f5es e deslizamentos de terras na Eti\u00f3pia\",\"datePublished\":\"2026-03-12T14:10:17+00:00\",\"mainEntityOfPage\":{\"@id\":\"https:\/\/portaltela.pt\/noticias\/2026\/03\/12\/mortos-sobem-para-64-em-inundacoes-e-deslizamentos-de-terras-na-etiopia\/\"},\"wordCount\":129,\"image\":{\"@id\":\"https:\/\/portaltela.pt\/noticias\/2026\/03\/12\/mortos-sobem-para-64-em-inundacoes-e-deslizamentos-de-terras-na-etiopia\/#primaryimage\"},\"thumbnailUrl\":\"https:\/\/portaltela.pt\/s.01k8rhncp4jt1\/2026\/03\/img_1280x721uu2025-09-22-08-44-53-2236768.jpg\",\"keywords\":[\"Altera\u00e7\u00f5es Clim\u00e1ticas\",\"cat\u00e1strofes naturais\",\"deslizamentos\",\"Eti\u00f3pia\",\"inunda\u00e7\u00e3o\",\"mortes\"],\"articleSection\":[\"Not\u00edcias\"],\"inLanguage\":\"pt-PT\"},{\"@type\":\"WebPage\",\"@id\":\"https:\/\/portaltela.pt\/noticias\/2026\/03\/12\/mortos-sobem-para-64-em-inundacoes-e-deslizamentos-de-terras-na-etiopia\/\",\"url\":\"https:\/\/portaltela.pt\/noticias\/2026\/03\/12\/mortos-sobem-para-64-em-inundacoes-e-deslizamentos-de-terras-na-etiopia\/\",\"name\":\"Mortos sobem para 64 em inunda\u00e7\u00f5es e deslizamentos de terras na Eti\u00f3pia - Portal Tela Portugal\",\"isPartOf\":{\"@id\":\"https:\/\/portaltela.pt\/#website\"},\"primaryImageOfPage\":{\"@id\":\"https:\/\/portaltela.pt\/noticias\/2026\/03\/12\/mortos-sobem-para-64-em-inundacoes-e-deslizamentos-de-terras-na-etiopia\/#primaryimage\"},\"image\":{\"@id\":\"https:\/\/portaltela.pt\/noticias\/2026\/03\/12\/mortos-sobem-para-64-em-inundacoes-e-deslizamentos-de-terras-na-etiopia\/#primaryimage\"},\"thumbnailUrl\":\"https:\/\/portaltela.pt\/s.01k8rhncp4jt1\/2026\/03\/img_1280x721uu2025-09-22-08-44-53-2236768.jpg\",\"datePublished\":\"2026-03-12T14:10:17+00:00\",\"author\":{\"@id\":\"https:\/\/portaltela.pt\/#\/schema\/person\/c4278d4a6028830caff9ee44b42d32ed\"},\"breadcrumb\":{\"@id\":\"https:\/\/portaltela.pt\/noticias\/2026\/03\/12\/mortos-sobem-para-64-em-inundacoes-e-deslizamentos-de-terras-na-etiopia\/#breadcrumb\"},\"inLanguage\":\"pt-PT\",\"potentialAction\":[{\"@type\":\"ReadAction\",\"target\":[\"https:\/\/portaltela.pt\/noticias\/2026\/03\/12\/mortos-sobem-para-64-em-inundacoes-e-deslizamentos-de-terras-na-etiopia\/\"]}]},{\"@type\":\"ImageObject\",\"inLanguage\":\"pt-PT\",\"@id\":\"https:\/\/portaltela.pt\/noticias\/2026\/03\/12\/mortos-sobem-para-64-em-inundacoes-e-deslizamentos-de-terras-na-etiopia\/#primaryimage\",\"url\":\"https:\/\/portaltela.pt\/s.01k8rhncp4jt1\/2026\/03\/img_1280x721uu2025-09-22-08-44-53-2236768.jpg\",\"contentUrl\":\"https:\/\/portaltela.pt\/s.01k8rhncp4jt1\/2026\/03\/img_1280x721uu2025-09-22-08-44-53-2236768.jpg\",\"width\":796,\"height\":448,\"caption\":\"HRW condena deten\u00e7\u00f5es de jornalistas na Eti\u00f3pia e pede respeito pela liberdade de imprensa\"},{\"@type\":\"BreadcrumbList\",\"@id\":\"https:\/\/portaltela.pt\/noticias\/2026\/03\/12\/mortos-sobem-para-64-em-inundacoes-e-deslizamentos-de-terras-na-etiopia\/#breadcrumb\",\"itemListElement\":[{\"@type\":\"ListItem\",\"position\":1,\"name\":\"In\u00edcio\",\"item\":\"https:\/\/portaltela.pt\/\"},{\"@type\":\"ListItem\",\"position\":2,\"name\":\"Mortos sobem para 64 em inunda\u00e7\u00f5es e deslizamentos de terras na Eti\u00f3pia\"}]},{\"@type\":\"WebSite\",\"@id\":\"https:\/\/portaltela.pt\/#website\",\"url\":\"https:\/\/portaltela.pt\/\",\"name\":\"Portal Tela Portugal\",\"description\":\"\",\"potentialAction\":[{\"@type\":\"SearchAction\",\"target\":{\"@type\":\"EntryPoint\",\"urlTemplate\":\"https:\/\/portaltela.pt\/?s={search_term_string}\"},\"query-input\":{\"@type\":\"PropertyValueSpecification\",\"valueRequired\":true,\"valueName\":\"search_term_string\"}}],\"inLanguage\":\"pt-PT\"},{\"@type\":\"Person\",\"@id\":\"https:\/\/portaltela.pt\/#\/schema\/person\/c4278d4a6028830caff9ee44b42d32ed\",\"name\":\"Telinha\",\"image\":{\"@type\":\"ImageObject\",\"inLanguage\":\"pt-PT\",\"@id\":\"https:\/\/portaltela.pt\/s.01k8rhncp4jt1\/2025\/11\/talking-bot-125x125.png\",\"url\":\"https:\/\/portaltela.pt\/s.01k8rhncp4jt1\/2025\/11\/talking-bot-125x125.png\",\"contentUrl\":\"https:\/\/portaltela.pt\/s.01k8rhncp4jt1\/2025\/11\/talking-bot-125x125.png\",\"caption\":\"Telinha\"},\"sameAs\":[\"https:\/\/portaltela.pt\/\"],\"url\":\"https:\/\/portaltela.pt\/por\/367410592786\/\"}]}<\/script>\n<!-- \/ Yoast SEO plugin. -->","yoast_head_json":{"title":"Mortos sobem para 64 em inunda\u00e7\u00f5es e deslizamentos de terras na Eti\u00f3pia - Portal Tela Portugal","robots":{"index":"index","follow":"follow","max-snippet":"max-snippet:-1","max-image-preview":"max-image-preview:large","max-video-preview":"max-video-preview:-1"},"og_locale":"pt_PT","og_type":"article","og_title":"Mortos sobem para 64 em inunda\u00e7\u00f5es e deslizamentos de terras na Eti\u00f3pia - Portal Tela Portugal","og_description":"O n\u00famero de mortos nas inunda\u00e7\u00f5es e deslizamentos de terra na Eti\u00f3pia aumentou para 64, com dezenas de desaparecidos. A maioria das mortes ocorreu em \u00e1reas de altitude, onde encostas saturadas cederam ap\u00f3s dias de chuva intensa. A pol\u00edcia alertou residentes em zonas vulner\u00e1veis para tomarem precau\u00e7\u00f5es. O governador regional do estado do sul da Eti\u00f3pia apresentou condol\u00eancias \u00e0s fam\u00edlias afetadas. Cientistas associam os eventos clim\u00e1ticos severos \u00e0s altera\u00e7\u00f5es clim\u00e1ticas, com aumento de chuvas extremas e secas na regi\u00e3o nas \u00faltimas d\u00e9cadas.","og_url":"https:\/\/portaltela.pt\/noticias\/2026\/03\/12\/mortos-sobem-para-64-em-inundacoes-e-deslizamentos-de-terras-na-etiopia\/","og_site_name":"Portal Tela Portugal","article_published_time":"2026-03-12T14:10:17+00:00","author":"Telinha","twitter_card":"summary_large_image","twitter_misc":{"Escrito por":"Telinha","Tempo estimado de leitura":"1 minuto"},"schema":{"@context":"https:\/\/schema.org","@graph":[{"@type":"Article","@id":"https:\/\/portaltela.pt\/noticias\/2026\/03\/12\/mortos-sobem-para-64-em-inundacoes-e-deslizamentos-de-terras-na-etiopia\/#article","isPartOf":{"@id":"https:\/\/portaltela.pt\/noticias\/2026\/03\/12\/mortos-sobem-para-64-em-inundacoes-e-deslizamentos-de-terras-na-etiopia\/"},"author":{"name":"Telinha","@id":"https:\/\/portaltela.pt\/#\/schema\/person\/c4278d4a6028830caff9ee44b42d32ed"},"headline":"Mortos sobem para 64 em inunda\u00e7\u00f5es e deslizamentos de terras na Eti\u00f3pia","datePublished":"2026-03-12T14:10:17+00:00","mainEntityOfPage":{"@id":"https:\/\/portaltela.pt\/noticias\/2026\/03\/12\/mortos-sobem-para-64-em-inundacoes-e-deslizamentos-de-terras-na-etiopia\/"},"wordCount":129,"image":{"@id":"https:\/\/portaltela.pt\/noticias\/2026\/03\/12\/mortos-sobem-para-64-em-inundacoes-e-deslizamentos-de-terras-na-etiopia\/#primaryimage"},"thumbnailUrl":"https:\/\/portaltela.pt\/s.01k8rhncp4jt1\/2026\/03\/img_1280x721uu2025-09-22-08-44-53-2236768.jpg","keywords":["Altera\u00e7\u00f5es Clim\u00e1ticas","cat\u00e1strofes naturais","deslizamentos","Eti\u00f3pia","inunda\u00e7\u00e3o","mortes"],"articleSection":["Not\u00edcias"],"inLanguage":"pt-PT"},{"@type":"WebPage","@id":"https:\/\/portaltela.pt\/noticias\/2026\/03\/12\/mortos-sobem-para-64-em-inundacoes-e-deslizamentos-de-terras-na-etiopia\/","url":"https:\/\/portaltela.pt\/noticias\/2026\/03\/12\/mortos-sobem-para-64-em-inundacoes-e-deslizamentos-de-terras-na-etiopia\/","name":"Mortos sobem para 64 em inunda\u00e7\u00f5es e deslizamentos de terras na Eti\u00f3pia - Portal Tela Portugal","isPartOf":{"@id":"https:\/\/portaltela.pt\/#website"},"primaryImageOfPage":{"@id":"https:\/\/portaltela.pt\/noticias\/2026\/03\/12\/mortos-sobem-para-64-em-inundacoes-e-deslizamentos-de-terras-na-etiopia\/#primaryimage"},"image":{"@id":"https:\/\/portaltela.pt\/noticias\/2026\/03\/12\/mortos-sobem-para-64-em-inundacoes-e-deslizamentos-de-terras-na-etiopia\/#primaryimage"},"thumbnailUrl":"https:\/\/portaltela.pt\/s.01k8rhncp4jt1\/2026\/03\/img_1280x721uu2025-09-22-08-44-53-2236768.jpg","datePublished":"2026-03-12T14:10:17+00:00","author":{"@id":"https:\/\/portaltela.pt\/#\/schema\/person\/c4278d4a6028830caff9ee44b42d32ed"},"breadcrumb":{"@id":"https:\/\/portaltela.pt\/noticias\/2026\/03\/12\/mortos-sobem-para-64-em-inundacoes-e-deslizamentos-de-terras-na-etiopia\/#breadcrumb"},"inLanguage":"pt-PT","potentialAction":[{"@type":"ReadAction","target":["https:\/\/portaltela.pt\/noticias\/2026\/03\/12\/mortos-sobem-para-64-em-inundacoes-e-deslizamentos-de-terras-na-etiopia\/"]}]},{"@type":"ImageObject","inLanguage":"pt-PT","@id":"https:\/\/portaltela.pt\/noticias\/2026\/03\/12\/mortos-sobem-para-64-em-inundacoes-e-deslizamentos-de-terras-na-etiopia\/#primaryimage","url":"https:\/\/portaltela.pt\/s.01k8rhncp4jt1\/2026\/03\/img_1280x721uu2025-09-22-08-44-53-2236768.jpg","contentUrl":"https:\/\/portaltela.pt\/s.01k8rhncp4jt1\/2026\/03\/img_1280x721uu2025-09-22-08-44-53-2236768.jpg","width":796,"height":448,"caption":"HRW condena deten\u00e7\u00f5es de jornalistas na Eti\u00f3pia e pede respeito pela liberdade de imprensa"},{"@type":"BreadcrumbList","@id":"https:\/\/portaltela.pt\/noticias\/2026\/03\/12\/mortos-sobem-para-64-em-inundacoes-e-deslizamentos-de-terras-na-etiopia\/#breadcrumb","itemListElement":[{"@type":"ListItem","position":1,"name":"In\u00edcio","item":"https:\/\/portaltela.pt\/"},{"@type":"ListItem","position":2,"name":"Mortos sobem para 64 em inunda\u00e7\u00f5es e deslizamentos de terras na Eti\u00f3pia"}]},{"@type":"WebSite","@id":"https:\/\/portaltela.pt\/#website","url":"https:\/\/portaltela.pt\/","name":"Portal Tela Portugal","description":"","potentialAction":[{"@type":"SearchAction","target":{"@type":"EntryPoint","urlTemplate":"https:\/\/portaltela.pt\/?s={search_term_string}"},"query-input":{"@type":"PropertyValueSpecification","valueRequired":true,"valueName":"search_term_string"}}],"inLanguage":"pt-PT"},{"@type":"Person","@id":"https:\/\/portaltela.pt\/#\/schema\/person\/c4278d4a6028830caff9ee44b42d32ed","name":"Telinha","image":{"@type":"ImageObject","inLanguage":"pt-PT","@id":"https:\/\/portaltela.pt\/s.01k8rhncp4jt1\/2025\/11\/talking-bot-125x125.png","url":"https:\/\/portaltela.pt\/s.01k8rhncp4jt1\/2025\/11\/talking-bot-125x125.png","contentUrl":"https:\/\/portaltela.pt\/s.01k8rhncp4jt1\/2025\/11\/talking-bot-125x125.png","caption":"Telinha"},"sameAs":["https:\/\/portaltela.pt\/"],"url":"https:\/\/portaltela.pt\/por\/367410592786\/"}]}},"_links":{"self":[{"href":"https:\/\/portaltela.pt\/api\/wp\/v2\/posts\/407423","targetHints":{"allow":["GET"]}}],"collection":[{"href":"https:\/\/portaltela.pt\/api\/wp\/v2\/posts"}],"about":[{"href":"https:\/\/portaltela.pt\/api\/wp\/v2\/types\/post"}],"author":[{"embeddable":true,"href":"https:\/\/portaltela.pt\/api\/wp\/v2\/users\/2"}],"replies":[{"embeddable":true,"href":"https:\/\/portaltela.pt\/api\/wp\/v2\/comments?post=407423"}],"version-history":[{"count":0,"href":"https:\/\/portaltela.pt\/api\/wp\/v2\/posts\/407423\/revisions"}],"wp:featuredmedia":[{"embeddable":true,"href":"https:\/\/portaltela.pt\/api\/wp\/v2\/media\/407425"}],"wp:attachment":[{"href":"https:\/\/portaltela.pt\/api\/wp\/v2\/media?parent=407423"}],"wp:term":[{"taxonomy":"category","embeddable":true,"href":"https:\/\/portaltela.pt\/api\/wp\/v2\/categories?post=407423"},{"taxonomy":"post_tag","embeddable":true,"href":"https:\/\/portaltela.pt\/api\/wp\/v2\/tags?post=407423"}],"curies":[{"name":"wp","href":"https:\/\/api.w.org\/{rel}","templated":true}]}}