{"id":407414,"date":"2026-03-12T10:49:00","date_gmt":"2026-03-12T13:49:00","guid":{"rendered":"https:\/\/portaltela.pt\/noticias\/2026\/03\/12\/cadelas-de-nuno-markl-ganham-retratos-em-quadros-humorista-fica-sem-palavras\/"},"modified":"2026-03-12T10:49:00","modified_gmt":"2026-03-12T13:49:00","slug":"cadelas-de-nuno-markl-ganham-retratos-em-quadros-humorista-fica-sem-palavras","status":"publish","type":"post","link":"https:\/\/portaltela.pt\/celebridades\/2026\/03\/12\/cadelas-de-nuno-markl-ganham-retratos-em-quadros-humorista-fica-sem-palavras\/","title":{"rendered":"Cadelas de Nuno Markl ganham retratos em quadros; humorista fica sem palavras"},"content":{"rendered":"<p>Dois retratos de Chiclete e Flor, as cadelas insepar\u00e1veis do humorista Nuno Markl, foram pintados pela artista portuguesa \u00c2ngela Oliveira.<\/p>\n<p>As obras integram o projecto Retrato com Alma e procuram captar a personalidade de cada uma das patudas, oferecendo uma leitura visual \u00fanica dos animais de estima\u00e7\u00e3o.<\/p>\n<p>Markl revelou nas redes sociais as telas, afirmando sentir-se sem palavras diante do trabalho da artista e que as cadelas parecem quase vivas nas telas.<\/p>\n<p>Os quadros chegaram \u00e0 casa do humorista, onde passam a ornamentar o quarto, segundo o relato das publica\u00e7\u00f5es da autoria nas redes.<\/p>\n<h3>Retrato com Alma<\/h3>\n<p>O projeto Retrato com Alma \u00e9 a iniciativa de \u00c2ngela Oliveira que cria retratos personalizados de animais, reunindo t\u00e9cnica e sensibilidade na representa\u00e7\u00e3o dos seus companheiros.<\/p>\n<p>Fonte: Pets and Company<\/p>\n","protected":false},"excerpt":{"rendered":"<ul>\n<li>O humorista Nuno Markl recebeu dois retratos das suas cadelas Chiclete e Flor, pintados pela artista portuguesa \u00c2ngela Oliveira, do projeto Retrato com Alma.<\/li>\n<li>Os quadros pretendem capturar a personalidade de cada uma das patudas.<\/li>\n<li>Markl publicou as obras nas redes sociais, dizendo ficar sem palavras diante das pinturas.<\/li>\n<li>As cadelas s\u00e3o apresentadas como companheiras insepar\u00e1veis de Markl.<\/li>\n<li>As obras ornamentam o quarto da casa do humorista.<\/li>\n<\/ul>\n","protected":false},"author":2,"featured_media":407416,"comment_status":"closed","ping_status":"closed","sticky":false,"template":"","format":"standard","meta":{"footnotes":""},"categories":[6675],"tags":[4577,70,4653,145],"class_list":["post-407414","post","type-post","status-publish","format-standard","has-post-thumbnail","hentry","category-celebridades","tag-animais-de-companhia","tag-arte","tag-artes-plasticas","tag-cultura"],"yoast_head":"<!-- This site is optimized with the Yoast SEO plugin v27.2 - https:\/\/yoast.com\/product\/yoast-seo-wordpress\/ -->\n<title>Cadelas de Nuno Markl ganham retratos em quadros; humorista fica sem palavras - Portal Tela Portugal<\/title>\n<meta name=\"robots\" content=\"index, follow, max-snippet:-1, max-image-preview:large, max-video-preview:-1\" \/>\n<meta property=\"og:locale\" content=\"pt_PT\" \/>\n<meta property=\"og:type\" content=\"article\" \/>\n<meta property=\"og:title\" content=\"Cadelas de Nuno Markl ganham retratos em quadros; humorista fica sem palavras - Portal Tela Portugal\" \/>\n<meta property=\"og:description\" content=\"O humorista Nuno Markl recebeu dois retratos das suas cadelas Chiclete e Flor, pintados pela artista portuguesa \u00c2ngela Oliveira, do projeto Retrato com Alma. Os quadros pretendem capturar a personalidade de cada uma das patudas. Markl publicou as obras nas redes sociais, dizendo ficar sem palavras diante das pinturas. As cadelas s\u00e3o apresentadas como companheiras insepar\u00e1veis de Markl. As obras ornamentam o quarto da casa do humorista.\" \/>\n<meta property=\"og:url\" content=\"https:\/\/portaltela.pt\/noticias\/2026\/03\/12\/cadelas-de-nuno-markl-ganham-retratos-em-quadros-humorista-fica-sem-palavras\/\" \/>\n<meta property=\"og:site_name\" content=\"Portal Tela Portugal\" \/>\n<meta property=\"article:published_time\" content=\"2026-03-12T13:49:00+00:00\" \/>\n<meta name=\"author\" content=\"Telinha\" \/>\n<meta name=\"twitter:card\" content=\"summary_large_image\" \/>\n<meta name=\"twitter:label1\" content=\"Escrito por\" \/>\n\t<meta name=\"twitter:data1\" content=\"Telinha\" \/>\n\t<meta name=\"twitter:label2\" content=\"Tempo estimado de leitura\" \/>\n\t<meta name=\"twitter:data2\" content=\"1 minuto\" \/>\n<script type=\"application\/ld+json\" class=\"yoast-schema-graph\">{\"@context\":\"https:\/\/schema.org\",\"@graph\":[{\"@type\":\"Article\",\"@id\":\"https:\/\/portaltela.pt\/noticias\/2026\/03\/12\/cadelas-de-nuno-markl-ganham-retratos-em-quadros-humorista-fica-sem-palavras\/#article\",\"isPartOf\":{\"@id\":\"https:\/\/portaltela.pt\/noticias\/2026\/03\/12\/cadelas-de-nuno-markl-ganham-retratos-em-quadros-humorista-fica-sem-palavras\/\"},\"author\":{\"name\":\"Telinha\",\"@id\":\"https:\/\/portaltela.pt\/#\/schema\/person\/c4278d4a6028830caff9ee44b42d32ed\"},\"headline\":\"Cadelas de Nuno Markl ganham retratos em quadros; humorista fica sem palavras\",\"datePublished\":\"2026-03-12T13:49:00+00:00\",\"mainEntityOfPage\":{\"@id\":\"https:\/\/portaltela.pt\/noticias\/2026\/03\/12\/cadelas-de-nuno-markl-ganham-retratos-em-quadros-humorista-fica-sem-palavras\/\"},\"wordCount\":142,\"image\":{\"@id\":\"https:\/\/portaltela.pt\/noticias\/2026\/03\/12\/cadelas-de-nuno-markl-ganham-retratos-em-quadros-humorista-fica-sem-palavras\/#primaryimage\"},\"thumbnailUrl\":\"https:\/\/portaltela.pt\/s.01k8rhncp4jt1\/2026\/03\/img_920x518uu2026-03-12-13-47-14-2426445.jpg\",\"keywords\":[\"animais de companhia\",\"arte\",\"Artes Pl\u00e1sticas\",\"cultura\"],\"articleSection\":[\"Celebridades\"],\"inLanguage\":\"pt-PT\"},{\"@type\":\"WebPage\",\"@id\":\"https:\/\/portaltela.pt\/noticias\/2026\/03\/12\/cadelas-de-nuno-markl-ganham-retratos-em-quadros-humorista-fica-sem-palavras\/\",\"url\":\"https:\/\/portaltela.pt\/noticias\/2026\/03\/12\/cadelas-de-nuno-markl-ganham-retratos-em-quadros-humorista-fica-sem-palavras\/\",\"name\":\"Cadelas de Nuno Markl ganham retratos em quadros; humorista fica sem palavras - Portal Tela Portugal\",\"isPartOf\":{\"@id\":\"https:\/\/portaltela.pt\/#website\"},\"primaryImageOfPage\":{\"@id\":\"https:\/\/portaltela.pt\/noticias\/2026\/03\/12\/cadelas-de-nuno-markl-ganham-retratos-em-quadros-humorista-fica-sem-palavras\/#primaryimage\"},\"image\":{\"@id\":\"https:\/\/portaltela.pt\/noticias\/2026\/03\/12\/cadelas-de-nuno-markl-ganham-retratos-em-quadros-humorista-fica-sem-palavras\/#primaryimage\"},\"thumbnailUrl\":\"https:\/\/portaltela.pt\/s.01k8rhncp4jt1\/2026\/03\/img_920x518uu2026-03-12-13-47-14-2426445.jpg\",\"datePublished\":\"2026-03-12T13:49:00+00:00\",\"author\":{\"@id\":\"https:\/\/portaltela.pt\/#\/schema\/person\/c4278d4a6028830caff9ee44b42d32ed\"},\"breadcrumb\":{\"@id\":\"https:\/\/portaltela.pt\/noticias\/2026\/03\/12\/cadelas-de-nuno-markl-ganham-retratos-em-quadros-humorista-fica-sem-palavras\/#breadcrumb\"},\"inLanguage\":\"pt-PT\",\"potentialAction\":[{\"@type\":\"ReadAction\",\"target\":[\"https:\/\/portaltela.pt\/noticias\/2026\/03\/12\/cadelas-de-nuno-markl-ganham-retratos-em-quadros-humorista-fica-sem-palavras\/\"]}]},{\"@type\":\"ImageObject\",\"inLanguage\":\"pt-PT\",\"@id\":\"https:\/\/portaltela.pt\/noticias\/2026\/03\/12\/cadelas-de-nuno-markl-ganham-retratos-em-quadros-humorista-fica-sem-palavras\/#primaryimage\",\"url\":\"https:\/\/portaltela.pt\/s.01k8rhncp4jt1\/2026\/03\/img_920x518uu2026-03-12-13-47-14-2426445.jpg\",\"contentUrl\":\"https:\/\/portaltela.pt\/s.01k8rhncp4jt1\/2026\/03\/img_920x518uu2026-03-12-13-47-14-2426445.jpg\",\"width\":796,\"height\":448,\"caption\":\"Nuno Markl est\u00e1 de volta a casa! E \u00e0s \\\"patas\\\" das suas cadelinhas\"},{\"@type\":\"BreadcrumbList\",\"@id\":\"https:\/\/portaltela.pt\/noticias\/2026\/03\/12\/cadelas-de-nuno-markl-ganham-retratos-em-quadros-humorista-fica-sem-palavras\/#breadcrumb\",\"itemListElement\":[{\"@type\":\"ListItem\",\"position\":1,\"name\":\"In\u00edcio\",\"item\":\"https:\/\/portaltela.pt\/\"},{\"@type\":\"ListItem\",\"position\":2,\"name\":\"Cadelas de Nuno Markl ganham retratos em quadros; humorista fica sem palavras\"}]},{\"@type\":\"WebSite\",\"@id\":\"https:\/\/portaltela.pt\/#website\",\"url\":\"https:\/\/portaltela.pt\/\",\"name\":\"Portal Tela Portugal\",\"description\":\"\",\"potentialAction\":[{\"@type\":\"SearchAction\",\"target\":{\"@type\":\"EntryPoint\",\"urlTemplate\":\"https:\/\/portaltela.pt\/?s={search_term_string}\"},\"query-input\":{\"@type\":\"PropertyValueSpecification\",\"valueRequired\":true,\"valueName\":\"search_term_string\"}}],\"inLanguage\":\"pt-PT\"},{\"@type\":\"Person\",\"@id\":\"https:\/\/portaltela.pt\/#\/schema\/person\/c4278d4a6028830caff9ee44b42d32ed\",\"name\":\"Telinha\",\"image\":{\"@type\":\"ImageObject\",\"inLanguage\":\"pt-PT\",\"@id\":\"https:\/\/portaltela.pt\/s.01k8rhncp4jt1\/2025\/11\/talking-bot-125x125.png\",\"url\":\"https:\/\/portaltela.pt\/s.01k8rhncp4jt1\/2025\/11\/talking-bot-125x125.png\",\"contentUrl\":\"https:\/\/portaltela.pt\/s.01k8rhncp4jt1\/2025\/11\/talking-bot-125x125.png\",\"caption\":\"Telinha\"},\"sameAs\":[\"https:\/\/portaltela.pt\/\"],\"url\":\"https:\/\/portaltela.pt\/por\/367410592786\/\"}]}<\/script>\n<!-- \/ Yoast SEO plugin. -->","yoast_head_json":{"title":"Cadelas de Nuno Markl ganham retratos em quadros; humorista fica sem palavras - Portal Tela Portugal","robots":{"index":"index","follow":"follow","max-snippet":"max-snippet:-1","max-image-preview":"max-image-preview:large","max-video-preview":"max-video-preview:-1"},"og_locale":"pt_PT","og_type":"article","og_title":"Cadelas de Nuno Markl ganham retratos em quadros; humorista fica sem palavras - Portal Tela Portugal","og_description":"O humorista Nuno Markl recebeu dois retratos das suas cadelas Chiclete e Flor, pintados pela artista portuguesa \u00c2ngela Oliveira, do projeto Retrato com Alma. Os quadros pretendem capturar a personalidade de cada uma das patudas. Markl publicou as obras nas redes sociais, dizendo ficar sem palavras diante das pinturas. As cadelas s\u00e3o apresentadas como companheiras insepar\u00e1veis de Markl. As obras ornamentam o quarto da casa do humorista.","og_url":"https:\/\/portaltela.pt\/noticias\/2026\/03\/12\/cadelas-de-nuno-markl-ganham-retratos-em-quadros-humorista-fica-sem-palavras\/","og_site_name":"Portal Tela Portugal","article_published_time":"2026-03-12T13:49:00+00:00","author":"Telinha","twitter_card":"summary_large_image","twitter_misc":{"Escrito por":"Telinha","Tempo estimado de leitura":"1 minuto"},"schema":{"@context":"https:\/\/schema.org","@graph":[{"@type":"Article","@id":"https:\/\/portaltela.pt\/noticias\/2026\/03\/12\/cadelas-de-nuno-markl-ganham-retratos-em-quadros-humorista-fica-sem-palavras\/#article","isPartOf":{"@id":"https:\/\/portaltela.pt\/noticias\/2026\/03\/12\/cadelas-de-nuno-markl-ganham-retratos-em-quadros-humorista-fica-sem-palavras\/"},"author":{"name":"Telinha","@id":"https:\/\/portaltela.pt\/#\/schema\/person\/c4278d4a6028830caff9ee44b42d32ed"},"headline":"Cadelas de Nuno Markl ganham retratos em quadros; humorista fica sem palavras","datePublished":"2026-03-12T13:49:00+00:00","mainEntityOfPage":{"@id":"https:\/\/portaltela.pt\/noticias\/2026\/03\/12\/cadelas-de-nuno-markl-ganham-retratos-em-quadros-humorista-fica-sem-palavras\/"},"wordCount":142,"image":{"@id":"https:\/\/portaltela.pt\/noticias\/2026\/03\/12\/cadelas-de-nuno-markl-ganham-retratos-em-quadros-humorista-fica-sem-palavras\/#primaryimage"},"thumbnailUrl":"https:\/\/portaltela.pt\/s.01k8rhncp4jt1\/2026\/03\/img_920x518uu2026-03-12-13-47-14-2426445.jpg","keywords":["animais de companhia","arte","Artes Pl\u00e1sticas","cultura"],"articleSection":["Celebridades"],"inLanguage":"pt-PT"},{"@type":"WebPage","@id":"https:\/\/portaltela.pt\/noticias\/2026\/03\/12\/cadelas-de-nuno-markl-ganham-retratos-em-quadros-humorista-fica-sem-palavras\/","url":"https:\/\/portaltela.pt\/noticias\/2026\/03\/12\/cadelas-de-nuno-markl-ganham-retratos-em-quadros-humorista-fica-sem-palavras\/","name":"Cadelas de Nuno Markl ganham retratos em quadros; humorista fica sem palavras - Portal Tela Portugal","isPartOf":{"@id":"https:\/\/portaltela.pt\/#website"},"primaryImageOfPage":{"@id":"https:\/\/portaltela.pt\/noticias\/2026\/03\/12\/cadelas-de-nuno-markl-ganham-retratos-em-quadros-humorista-fica-sem-palavras\/#primaryimage"},"image":{"@id":"https:\/\/portaltela.pt\/noticias\/2026\/03\/12\/cadelas-de-nuno-markl-ganham-retratos-em-quadros-humorista-fica-sem-palavras\/#primaryimage"},"thumbnailUrl":"https:\/\/portaltela.pt\/s.01k8rhncp4jt1\/2026\/03\/img_920x518uu2026-03-12-13-47-14-2426445.jpg","datePublished":"2026-03-12T13:49:00+00:00","author":{"@id":"https:\/\/portaltela.pt\/#\/schema\/person\/c4278d4a6028830caff9ee44b42d32ed"},"breadcrumb":{"@id":"https:\/\/portaltela.pt\/noticias\/2026\/03\/12\/cadelas-de-nuno-markl-ganham-retratos-em-quadros-humorista-fica-sem-palavras\/#breadcrumb"},"inLanguage":"pt-PT","potentialAction":[{"@type":"ReadAction","target":["https:\/\/portaltela.pt\/noticias\/2026\/03\/12\/cadelas-de-nuno-markl-ganham-retratos-em-quadros-humorista-fica-sem-palavras\/"]}]},{"@type":"ImageObject","inLanguage":"pt-PT","@id":"https:\/\/portaltela.pt\/noticias\/2026\/03\/12\/cadelas-de-nuno-markl-ganham-retratos-em-quadros-humorista-fica-sem-palavras\/#primaryimage","url":"https:\/\/portaltela.pt\/s.01k8rhncp4jt1\/2026\/03\/img_920x518uu2026-03-12-13-47-14-2426445.jpg","contentUrl":"https:\/\/portaltela.pt\/s.01k8rhncp4jt1\/2026\/03\/img_920x518uu2026-03-12-13-47-14-2426445.jpg","width":796,"height":448,"caption":"Nuno Markl est\u00e1 de volta a casa! E \u00e0s \"patas\" das suas cadelinhas"},{"@type":"BreadcrumbList","@id":"https:\/\/portaltela.pt\/noticias\/2026\/03\/12\/cadelas-de-nuno-markl-ganham-retratos-em-quadros-humorista-fica-sem-palavras\/#breadcrumb","itemListElement":[{"@type":"ListItem","position":1,"name":"In\u00edcio","item":"https:\/\/portaltela.pt\/"},{"@type":"ListItem","position":2,"name":"Cadelas de Nuno Markl ganham retratos em quadros; humorista fica sem palavras"}]},{"@type":"WebSite","@id":"https:\/\/portaltela.pt\/#website","url":"https:\/\/portaltela.pt\/","name":"Portal Tela Portugal","description":"","potentialAction":[{"@type":"SearchAction","target":{"@type":"EntryPoint","urlTemplate":"https:\/\/portaltela.pt\/?s={search_term_string}"},"query-input":{"@type":"PropertyValueSpecification","valueRequired":true,"valueName":"search_term_string"}}],"inLanguage":"pt-PT"},{"@type":"Person","@id":"https:\/\/portaltela.pt\/#\/schema\/person\/c4278d4a6028830caff9ee44b42d32ed","name":"Telinha","image":{"@type":"ImageObject","inLanguage":"pt-PT","@id":"https:\/\/portaltela.pt\/s.01k8rhncp4jt1\/2025\/11\/talking-bot-125x125.png","url":"https:\/\/portaltela.pt\/s.01k8rhncp4jt1\/2025\/11\/talking-bot-125x125.png","contentUrl":"https:\/\/portaltela.pt\/s.01k8rhncp4jt1\/2025\/11\/talking-bot-125x125.png","caption":"Telinha"},"sameAs":["https:\/\/portaltela.pt\/"],"url":"https:\/\/portaltela.pt\/por\/367410592786\/"}]}},"_links":{"self":[{"href":"https:\/\/portaltela.pt\/api\/wp\/v2\/posts\/407414","targetHints":{"allow":["GET"]}}],"collection":[{"href":"https:\/\/portaltela.pt\/api\/wp\/v2\/posts"}],"about":[{"href":"https:\/\/portaltela.pt\/api\/wp\/v2\/types\/post"}],"author":[{"embeddable":true,"href":"https:\/\/portaltela.pt\/api\/wp\/v2\/users\/2"}],"replies":[{"embeddable":true,"href":"https:\/\/portaltela.pt\/api\/wp\/v2\/comments?post=407414"}],"version-history":[{"count":0,"href":"https:\/\/portaltela.pt\/api\/wp\/v2\/posts\/407414\/revisions"}],"wp:featuredmedia":[{"embeddable":true,"href":"https:\/\/portaltela.pt\/api\/wp\/v2\/media\/407416"}],"wp:attachment":[{"href":"https:\/\/portaltela.pt\/api\/wp\/v2\/media?parent=407414"}],"wp:term":[{"taxonomy":"category","embeddable":true,"href":"https:\/\/portaltela.pt\/api\/wp\/v2\/categories?post=407414"},{"taxonomy":"post_tag","embeddable":true,"href":"https:\/\/portaltela.pt\/api\/wp\/v2\/tags?post=407414"}],"curies":[{"name":"wp","href":"https:\/\/api.w.org\/{rel}","templated":true}]}}