{"id":407363,"date":"2026-03-12T09:57:00","date_gmt":"2026-03-12T12:57:00","guid":{"rendered":"https:\/\/portaltela.pt\/noticias\/2026\/03\/12\/fevereiro-foi-o-mes-mais-chuvoso-dos-ultimos-47-anos-em-portugal\/"},"modified":"2026-03-12T09:57:00","modified_gmt":"2026-03-12T12:57:00","slug":"fevereiro-foi-o-mes-mais-chuvoso-dos-ultimos-47-anos-em-portugal","status":"publish","type":"post","link":"https:\/\/portaltela.pt\/noticias\/2026\/03\/12\/fevereiro-foi-o-mes-mais-chuvoso-dos-ultimos-47-anos-em-portugal\/","title":{"rendered":"Fevereiro foi o m\u00eas mais chuvoso dos \u00faltimos 47 anos em Portugal"},"content":{"rendered":"<p>O m\u00eas de Fevereiro de 2026 revelou-se o mais chuvoso dos \u00faltimos 47 anos em Portugal, segundo o IPMA. O valor total de precipita\u00e7\u00e3o no continente atingiu 241,7 mil\u00edmetros, 329% acima da m\u00e9dia 1991-2020. Em v\u00e1rias localidades, como Mora, Lavradio e Alvalade do Sado, as precipita\u00e7\u00f5es chegaram a quintuplicar o habitual.<\/p>\n<p>Ao mesmo tempo, Fevereiro foi tamb\u00e9m relativamente quente. A temperatura m\u00e9dia no continente ficou nos 11,58 \u00baC, 1,72 \u00baC acima da normal climatol\u00f3gica. Entre 21 e 26 de Fevereiro verificou\u2011se uma onda de calor em quatro localidades do norte, com 26 novos extremos de temperatura registados em Portugal.<\/p>\n<p>Este excesso de chuva acumulou j\u00e1 924 mil\u00edmetros no ano hidrol\u00f3gico 2025\/2026 (a iniciar a 1 de Outubro de 2025), cerca de 1,8 vezes a m\u00e9dia. No conjunto, o per\u00edodo \u00e9 o mais chuvoso dos \u00faltimos 30 anos e o sexto desde 1931, conforme boletim do IPMA.<\/p>\n<h3>Pa\u00eds saturado de \u00e1gua<\/h3>\n<p>No fim de Fevereiro, todos os concelhos tinham solos com \u00e1gua superior a 60%. Regi\u00f5es Norte, interior do Centro e interior alentejano aproximaram\u2011se da satura\u00e7\u00e3o, com Nordeste transmontano j\u00e1 em sobressatura\u00e7\u00e3o.<\/p>\n<h3>Contexto europeu e clim\u00e1tico<\/h3>\n<p>O Cop\u00e9rnico aponta Fevereiro de 2026 como extremo em toda a Europa, destacando anomalias de dias chuvosos entre 1 de Janeiro e 20 de Fevereiro. Os especialistas apontam tamb\u00e9m para o papel de rios atmosf\u00e9ricos na intensifica\u00e7\u00e3o de tempestades e precipita\u00e7\u00e3o extrema.<\/p>\n<p>Portugal integra o conjunto de pa\u00edses onde as altera\u00e7\u00f5es clim\u00e1ticas se refletem em eventos mais intensos, com cheias r\u00e1pidas e riscos de deslizamentos, especialmente em zonas de solos saturados. Mesmo com o tempo chuvoso, a mar\u00e9 de calor regional aumenta a probabilidade de ocorr\u00eancias clim\u00e1ticas extremas, a prever-se para a primavera.<\/p>\n","protected":false},"excerpt":{"rendered":"<ul>\n<li>Fevereiro de 2026 foi o m\u00eas mais chuvoso dos \u00faltimos 47 anos em Portugal, com 241,7 mm de precipita\u00e7\u00e3o no continente, cerca de 329% acima da m\u00e9dia de 1991-2020.<\/li>\n<li>O m\u00eas foi tamb\u00e9m o quinto Fevereiro mais chuvoso registado; em locais como Mora, Lavradio (Barreiro) e Alvalade do Sado (Santiago do Cac\u00e9m) choveu at\u00e9 cinco vezes acima do habitual.<\/li>\n<li>O ano hidrol\u00f3gico, iniciado a 1 de outubro de 2025, atingiu 924 mm at\u00e9 ao final de Fevereiro, cerca de 1,8 vezes a m\u00e9dia, sendo o mais chuvoso dos \u00faltimos 30 anos.<\/li>\n<li>No fim de Fevereiro, todos os concelhos tinham solo com mais de 60% de \u00e1gua, com satura\u00e7\u00e3o pr\u00f3xima no Norte, interior Centro e Nordeste transmontano.<\/li>\n<li>Cop\u00e9rnico aponta Fevereiro extremo para a Europa, com temperatura m\u00e9dia de 11,58 \u00baC no continente (1,72 \u00baC acima da normal) e ondas de calor em Bragan\u00e7a e Guarda entre 21 e 26 de Fevereiro.<\/li>\n<\/ul>\n","protected":false},"author":2,"featured_media":407365,"comment_status":"closed","ping_status":"closed","sticky":false,"template":"","format":"standard","meta":{"footnotes":""},"categories":[1],"tags":[2665,167,5224,2487,2051,1014],"class_list":["post-407363","post","type-post","status-publish","format-standard","has-post-thumbnail","hentry","category-noticias","tag-alteracoes-climaticas","tag-ambiente","tag-clima","tag-europa","tag-inundacao","tag-portugal"],"yoast_head":"<!-- This site is optimized with the Yoast SEO plugin v27.2 - https:\/\/yoast.com\/product\/yoast-seo-wordpress\/ -->\n<title>Fevereiro foi o m\u00eas mais chuvoso dos \u00faltimos 47 anos em Portugal - Portal Tela Portugal<\/title>\n<meta name=\"robots\" content=\"index, follow, max-snippet:-1, max-image-preview:large, max-video-preview:-1\" \/>\n<meta property=\"og:locale\" content=\"pt_PT\" \/>\n<meta property=\"og:type\" content=\"article\" \/>\n<meta property=\"og:title\" content=\"Fevereiro foi o m\u00eas mais chuvoso dos \u00faltimos 47 anos em Portugal - Portal Tela Portugal\" \/>\n<meta property=\"og:description\" content=\"Fevereiro de 2026 foi o m\u00eas mais chuvoso dos \u00faltimos 47 anos em Portugal, com 241,7 mm de precipita\u00e7\u00e3o no continente, cerca de 329% acima da m\u00e9dia de 1991-2020. O m\u00eas foi tamb\u00e9m o quinto Fevereiro mais chuvoso registado; em locais como Mora, Lavradio (Barreiro) e Alvalade do Sado (Santiago do Cac\u00e9m) choveu at\u00e9 cinco vezes acima do habitual. O ano hidrol\u00f3gico, iniciado a 1 de outubro de 2025, atingiu 924 mm at\u00e9 ao final de Fevereiro, cerca de 1,8 vezes a m\u00e9dia, sendo o mais chuvoso dos \u00faltimos 30 anos. No fim de Fevereiro, todos os concelhos tinham solo com mais de 60% de \u00e1gua, com satura\u00e7\u00e3o pr\u00f3xima no Norte, interior Centro e Nordeste transmontano. Cop\u00e9rnico aponta Fevereiro extremo para a Europa, com temperatura m\u00e9dia de 11,58 \u00baC no continente (1,72 \u00baC acima da normal) e ondas de calor em Bragan\u00e7a e Guarda entre 21 e 26 de Fevereiro.\" \/>\n<meta property=\"og:url\" content=\"https:\/\/portaltela.pt\/noticias\/2026\/03\/12\/fevereiro-foi-o-mes-mais-chuvoso-dos-ultimos-47-anos-em-portugal\/\" \/>\n<meta property=\"og:site_name\" content=\"Portal Tela Portugal\" \/>\n<meta property=\"article:published_time\" content=\"2026-03-12T12:57:00+00:00\" \/>\n<meta name=\"author\" content=\"Telinha\" \/>\n<meta name=\"twitter:card\" content=\"summary_large_image\" \/>\n<meta name=\"twitter:label1\" content=\"Escrito por\" \/>\n\t<meta name=\"twitter:data1\" content=\"Telinha\" \/>\n\t<meta name=\"twitter:label2\" content=\"Tempo estimado de leitura\" \/>\n\t<meta name=\"twitter:data2\" content=\"1 minuto\" \/>\n<script type=\"application\/ld+json\" class=\"yoast-schema-graph\">{\"@context\":\"https:\/\/schema.org\",\"@graph\":[{\"@type\":\"Article\",\"@id\":\"https:\/\/portaltela.pt\/noticias\/2026\/03\/12\/fevereiro-foi-o-mes-mais-chuvoso-dos-ultimos-47-anos-em-portugal\/#article\",\"isPartOf\":{\"@id\":\"https:\/\/portaltela.pt\/noticias\/2026\/03\/12\/fevereiro-foi-o-mes-mais-chuvoso-dos-ultimos-47-anos-em-portugal\/\"},\"author\":{\"name\":\"Telinha\",\"@id\":\"https:\/\/portaltela.pt\/#\/schema\/person\/c4278d4a6028830caff9ee44b42d32ed\"},\"headline\":\"Fevereiro foi o m\u00eas mais chuvoso dos \u00faltimos 47 anos em Portugal\",\"datePublished\":\"2026-03-12T12:57:00+00:00\",\"mainEntityOfPage\":{\"@id\":\"https:\/\/portaltela.pt\/noticias\/2026\/03\/12\/fevereiro-foi-o-mes-mais-chuvoso-dos-ultimos-47-anos-em-portugal\/\"},\"wordCount\":300,\"image\":{\"@id\":\"https:\/\/portaltela.pt\/noticias\/2026\/03\/12\/fevereiro-foi-o-mes-mais-chuvoso-dos-ultimos-47-anos-em-portugal\/#primaryimage\"},\"thumbnailUrl\":\"https:\/\/portaltela.pt\/s.01k8rhncp4jt1\/2026\/03\/tpUHdbIMAGENStypeJPGshare1oBarraFacebook_Azul.jpg\",\"keywords\":[\"Altera\u00e7\u00f5es Clim\u00e1ticas\",\"ambiente\",\"clima\",\"Europa\",\"inunda\u00e7\u00e3o\",\"Portugal\"],\"articleSection\":[\"Not\u00edcias\"],\"inLanguage\":\"pt-PT\"},{\"@type\":\"WebPage\",\"@id\":\"https:\/\/portaltela.pt\/noticias\/2026\/03\/12\/fevereiro-foi-o-mes-mais-chuvoso-dos-ultimos-47-anos-em-portugal\/\",\"url\":\"https:\/\/portaltela.pt\/noticias\/2026\/03\/12\/fevereiro-foi-o-mes-mais-chuvoso-dos-ultimos-47-anos-em-portugal\/\",\"name\":\"Fevereiro foi o m\u00eas mais chuvoso dos \u00faltimos 47 anos em Portugal - Portal Tela Portugal\",\"isPartOf\":{\"@id\":\"https:\/\/portaltela.pt\/#website\"},\"primaryImageOfPage\":{\"@id\":\"https:\/\/portaltela.pt\/noticias\/2026\/03\/12\/fevereiro-foi-o-mes-mais-chuvoso-dos-ultimos-47-anos-em-portugal\/#primaryimage\"},\"image\":{\"@id\":\"https:\/\/portaltela.pt\/noticias\/2026\/03\/12\/fevereiro-foi-o-mes-mais-chuvoso-dos-ultimos-47-anos-em-portugal\/#primaryimage\"},\"thumbnailUrl\":\"https:\/\/portaltela.pt\/s.01k8rhncp4jt1\/2026\/03\/tpUHdbIMAGENStypeJPGshare1oBarraFacebook_Azul.jpg\",\"datePublished\":\"2026-03-12T12:57:00+00:00\",\"author\":{\"@id\":\"https:\/\/portaltela.pt\/#\/schema\/person\/c4278d4a6028830caff9ee44b42d32ed\"},\"breadcrumb\":{\"@id\":\"https:\/\/portaltela.pt\/noticias\/2026\/03\/12\/fevereiro-foi-o-mes-mais-chuvoso-dos-ultimos-47-anos-em-portugal\/#breadcrumb\"},\"inLanguage\":\"pt-PT\",\"potentialAction\":[{\"@type\":\"ReadAction\",\"target\":[\"https:\/\/portaltela.pt\/noticias\/2026\/03\/12\/fevereiro-foi-o-mes-mais-chuvoso-dos-ultimos-47-anos-em-portugal\/\"]}]},{\"@type\":\"ImageObject\",\"inLanguage\":\"pt-PT\",\"@id\":\"https:\/\/portaltela.pt\/noticias\/2026\/03\/12\/fevereiro-foi-o-mes-mais-chuvoso-dos-ultimos-47-anos-em-portugal\/#primaryimage\",\"url\":\"https:\/\/portaltela.pt\/s.01k8rhncp4jt1\/2026\/03\/tpUHdbIMAGENStypeJPGshare1oBarraFacebook_Azul.jpg\",\"contentUrl\":\"https:\/\/portaltela.pt\/s.01k8rhncp4jt1\/2026\/03\/tpUHdbIMAGENStypeJPGshare1oBarraFacebook_Azul.jpg\",\"width\":1200,\"height\":630,\"caption\":\"Anomalias e extremos de dias chuvosos no per\u00edodo entre 1 de Janeiro e 20 de Fevereiro. Do mais baixas (a castanho) at\u00e9 \u00e0s mais altas (em tons de azul)\"},{\"@type\":\"BreadcrumbList\",\"@id\":\"https:\/\/portaltela.pt\/noticias\/2026\/03\/12\/fevereiro-foi-o-mes-mais-chuvoso-dos-ultimos-47-anos-em-portugal\/#breadcrumb\",\"itemListElement\":[{\"@type\":\"ListItem\",\"position\":1,\"name\":\"In\u00edcio\",\"item\":\"https:\/\/portaltela.pt\/\"},{\"@type\":\"ListItem\",\"position\":2,\"name\":\"Fevereiro foi o m\u00eas mais chuvoso dos \u00faltimos 47 anos em Portugal\"}]},{\"@type\":\"WebSite\",\"@id\":\"https:\/\/portaltela.pt\/#website\",\"url\":\"https:\/\/portaltela.pt\/\",\"name\":\"Portal Tela Portugal\",\"description\":\"\",\"potentialAction\":[{\"@type\":\"SearchAction\",\"target\":{\"@type\":\"EntryPoint\",\"urlTemplate\":\"https:\/\/portaltela.pt\/?s={search_term_string}\"},\"query-input\":{\"@type\":\"PropertyValueSpecification\",\"valueRequired\":true,\"valueName\":\"search_term_string\"}}],\"inLanguage\":\"pt-PT\"},{\"@type\":\"Person\",\"@id\":\"https:\/\/portaltela.pt\/#\/schema\/person\/c4278d4a6028830caff9ee44b42d32ed\",\"name\":\"Telinha\",\"image\":{\"@type\":\"ImageObject\",\"inLanguage\":\"pt-PT\",\"@id\":\"https:\/\/portaltela.pt\/s.01k8rhncp4jt1\/2025\/11\/talking-bot-125x125.png\",\"url\":\"https:\/\/portaltela.pt\/s.01k8rhncp4jt1\/2025\/11\/talking-bot-125x125.png\",\"contentUrl\":\"https:\/\/portaltela.pt\/s.01k8rhncp4jt1\/2025\/11\/talking-bot-125x125.png\",\"caption\":\"Telinha\"},\"sameAs\":[\"https:\/\/portaltela.pt\/\"],\"url\":\"https:\/\/portaltela.pt\/por\/367410592786\/\"}]}<\/script>\n<!-- \/ Yoast SEO plugin. -->","yoast_head_json":{"title":"Fevereiro foi o m\u00eas mais chuvoso dos \u00faltimos 47 anos em Portugal - Portal Tela Portugal","robots":{"index":"index","follow":"follow","max-snippet":"max-snippet:-1","max-image-preview":"max-image-preview:large","max-video-preview":"max-video-preview:-1"},"og_locale":"pt_PT","og_type":"article","og_title":"Fevereiro foi o m\u00eas mais chuvoso dos \u00faltimos 47 anos em Portugal - Portal Tela Portugal","og_description":"Fevereiro de 2026 foi o m\u00eas mais chuvoso dos \u00faltimos 47 anos em Portugal, com 241,7 mm de precipita\u00e7\u00e3o no continente, cerca de 329% acima da m\u00e9dia de 1991-2020. O m\u00eas foi tamb\u00e9m o quinto Fevereiro mais chuvoso registado; em locais como Mora, Lavradio (Barreiro) e Alvalade do Sado (Santiago do Cac\u00e9m) choveu at\u00e9 cinco vezes acima do habitual. O ano hidrol\u00f3gico, iniciado a 1 de outubro de 2025, atingiu 924 mm at\u00e9 ao final de Fevereiro, cerca de 1,8 vezes a m\u00e9dia, sendo o mais chuvoso dos \u00faltimos 30 anos. No fim de Fevereiro, todos os concelhos tinham solo com mais de 60% de \u00e1gua, com satura\u00e7\u00e3o pr\u00f3xima no Norte, interior Centro e Nordeste transmontano. Cop\u00e9rnico aponta Fevereiro extremo para a Europa, com temperatura m\u00e9dia de 11,58 \u00baC no continente (1,72 \u00baC acima da normal) e ondas de calor em Bragan\u00e7a e Guarda entre 21 e 26 de Fevereiro.","og_url":"https:\/\/portaltela.pt\/noticias\/2026\/03\/12\/fevereiro-foi-o-mes-mais-chuvoso-dos-ultimos-47-anos-em-portugal\/","og_site_name":"Portal Tela Portugal","article_published_time":"2026-03-12T12:57:00+00:00","author":"Telinha","twitter_card":"summary_large_image","twitter_misc":{"Escrito por":"Telinha","Tempo estimado de leitura":"1 minuto"},"schema":{"@context":"https:\/\/schema.org","@graph":[{"@type":"Article","@id":"https:\/\/portaltela.pt\/noticias\/2026\/03\/12\/fevereiro-foi-o-mes-mais-chuvoso-dos-ultimos-47-anos-em-portugal\/#article","isPartOf":{"@id":"https:\/\/portaltela.pt\/noticias\/2026\/03\/12\/fevereiro-foi-o-mes-mais-chuvoso-dos-ultimos-47-anos-em-portugal\/"},"author":{"name":"Telinha","@id":"https:\/\/portaltela.pt\/#\/schema\/person\/c4278d4a6028830caff9ee44b42d32ed"},"headline":"Fevereiro foi o m\u00eas mais chuvoso dos \u00faltimos 47 anos em Portugal","datePublished":"2026-03-12T12:57:00+00:00","mainEntityOfPage":{"@id":"https:\/\/portaltela.pt\/noticias\/2026\/03\/12\/fevereiro-foi-o-mes-mais-chuvoso-dos-ultimos-47-anos-em-portugal\/"},"wordCount":300,"image":{"@id":"https:\/\/portaltela.pt\/noticias\/2026\/03\/12\/fevereiro-foi-o-mes-mais-chuvoso-dos-ultimos-47-anos-em-portugal\/#primaryimage"},"thumbnailUrl":"https:\/\/portaltela.pt\/s.01k8rhncp4jt1\/2026\/03\/tpUHdbIMAGENStypeJPGshare1oBarraFacebook_Azul.jpg","keywords":["Altera\u00e7\u00f5es Clim\u00e1ticas","ambiente","clima","Europa","inunda\u00e7\u00e3o","Portugal"],"articleSection":["Not\u00edcias"],"inLanguage":"pt-PT"},{"@type":"WebPage","@id":"https:\/\/portaltela.pt\/noticias\/2026\/03\/12\/fevereiro-foi-o-mes-mais-chuvoso-dos-ultimos-47-anos-em-portugal\/","url":"https:\/\/portaltela.pt\/noticias\/2026\/03\/12\/fevereiro-foi-o-mes-mais-chuvoso-dos-ultimos-47-anos-em-portugal\/","name":"Fevereiro foi o m\u00eas mais chuvoso dos \u00faltimos 47 anos em Portugal - Portal Tela Portugal","isPartOf":{"@id":"https:\/\/portaltela.pt\/#website"},"primaryImageOfPage":{"@id":"https:\/\/portaltela.pt\/noticias\/2026\/03\/12\/fevereiro-foi-o-mes-mais-chuvoso-dos-ultimos-47-anos-em-portugal\/#primaryimage"},"image":{"@id":"https:\/\/portaltela.pt\/noticias\/2026\/03\/12\/fevereiro-foi-o-mes-mais-chuvoso-dos-ultimos-47-anos-em-portugal\/#primaryimage"},"thumbnailUrl":"https:\/\/portaltela.pt\/s.01k8rhncp4jt1\/2026\/03\/tpUHdbIMAGENStypeJPGshare1oBarraFacebook_Azul.jpg","datePublished":"2026-03-12T12:57:00+00:00","author":{"@id":"https:\/\/portaltela.pt\/#\/schema\/person\/c4278d4a6028830caff9ee44b42d32ed"},"breadcrumb":{"@id":"https:\/\/portaltela.pt\/noticias\/2026\/03\/12\/fevereiro-foi-o-mes-mais-chuvoso-dos-ultimos-47-anos-em-portugal\/#breadcrumb"},"inLanguage":"pt-PT","potentialAction":[{"@type":"ReadAction","target":["https:\/\/portaltela.pt\/noticias\/2026\/03\/12\/fevereiro-foi-o-mes-mais-chuvoso-dos-ultimos-47-anos-em-portugal\/"]}]},{"@type":"ImageObject","inLanguage":"pt-PT","@id":"https:\/\/portaltela.pt\/noticias\/2026\/03\/12\/fevereiro-foi-o-mes-mais-chuvoso-dos-ultimos-47-anos-em-portugal\/#primaryimage","url":"https:\/\/portaltela.pt\/s.01k8rhncp4jt1\/2026\/03\/tpUHdbIMAGENStypeJPGshare1oBarraFacebook_Azul.jpg","contentUrl":"https:\/\/portaltela.pt\/s.01k8rhncp4jt1\/2026\/03\/tpUHdbIMAGENStypeJPGshare1oBarraFacebook_Azul.jpg","width":1200,"height":630,"caption":"Anomalias e extremos de dias chuvosos no per\u00edodo entre 1 de Janeiro e 20 de Fevereiro. Do mais baixas (a castanho) at\u00e9 \u00e0s mais altas (em tons de azul)"},{"@type":"BreadcrumbList","@id":"https:\/\/portaltela.pt\/noticias\/2026\/03\/12\/fevereiro-foi-o-mes-mais-chuvoso-dos-ultimos-47-anos-em-portugal\/#breadcrumb","itemListElement":[{"@type":"ListItem","position":1,"name":"In\u00edcio","item":"https:\/\/portaltela.pt\/"},{"@type":"ListItem","position":2,"name":"Fevereiro foi o m\u00eas mais chuvoso dos \u00faltimos 47 anos em Portugal"}]},{"@type":"WebSite","@id":"https:\/\/portaltela.pt\/#website","url":"https:\/\/portaltela.pt\/","name":"Portal Tela Portugal","description":"","potentialAction":[{"@type":"SearchAction","target":{"@type":"EntryPoint","urlTemplate":"https:\/\/portaltela.pt\/?s={search_term_string}"},"query-input":{"@type":"PropertyValueSpecification","valueRequired":true,"valueName":"search_term_string"}}],"inLanguage":"pt-PT"},{"@type":"Person","@id":"https:\/\/portaltela.pt\/#\/schema\/person\/c4278d4a6028830caff9ee44b42d32ed","name":"Telinha","image":{"@type":"ImageObject","inLanguage":"pt-PT","@id":"https:\/\/portaltela.pt\/s.01k8rhncp4jt1\/2025\/11\/talking-bot-125x125.png","url":"https:\/\/portaltela.pt\/s.01k8rhncp4jt1\/2025\/11\/talking-bot-125x125.png","contentUrl":"https:\/\/portaltela.pt\/s.01k8rhncp4jt1\/2025\/11\/talking-bot-125x125.png","caption":"Telinha"},"sameAs":["https:\/\/portaltela.pt\/"],"url":"https:\/\/portaltela.pt\/por\/367410592786\/"}]}},"_links":{"self":[{"href":"https:\/\/portaltela.pt\/api\/wp\/v2\/posts\/407363","targetHints":{"allow":["GET"]}}],"collection":[{"href":"https:\/\/portaltela.pt\/api\/wp\/v2\/posts"}],"about":[{"href":"https:\/\/portaltela.pt\/api\/wp\/v2\/types\/post"}],"author":[{"embeddable":true,"href":"https:\/\/portaltela.pt\/api\/wp\/v2\/users\/2"}],"replies":[{"embeddable":true,"href":"https:\/\/portaltela.pt\/api\/wp\/v2\/comments?post=407363"}],"version-history":[{"count":0,"href":"https:\/\/portaltela.pt\/api\/wp\/v2\/posts\/407363\/revisions"}],"wp:featuredmedia":[{"embeddable":true,"href":"https:\/\/portaltela.pt\/api\/wp\/v2\/media\/407365"}],"wp:attachment":[{"href":"https:\/\/portaltela.pt\/api\/wp\/v2\/media?parent=407363"}],"wp:term":[{"taxonomy":"category","embeddable":true,"href":"https:\/\/portaltela.pt\/api\/wp\/v2\/categories?post=407363"},{"taxonomy":"post_tag","embeddable":true,"href":"https:\/\/portaltela.pt\/api\/wp\/v2\/tags?post=407363"}],"curies":[{"name":"wp","href":"https:\/\/api.w.org\/{rel}","templated":true}]}}