{"id":407353,"date":"2026-03-12T09:59:00","date_gmt":"2026-03-12T12:59:00","guid":{"rendered":"https:\/\/portaltela.pt\/noticias\/2026\/03\/12\/diario-revela-custos-de-carregamento-e-impactos-na-mobilidade-eletrica\/"},"modified":"2026-03-12T09:59:00","modified_gmt":"2026-03-12T12:59:00","slug":"diario-revela-custos-de-carregamento-e-impactos-na-mobilidade-eletrica","status":"publish","type":"post","link":"https:\/\/portaltela.pt\/noticias\/2026\/03\/12\/diario-revela-custos-de-carregamento-e-impactos-na-mobilidade-eletrica\/","title":{"rendered":"Di\u00e1rio revela custos de carregamento e impactos na mobilidade el\u00e9trica"},"content":{"rendered":"<p>Durante d\u00e9cadas, abastecer um autom\u00f3vel era feito na bomba de combust\u00edvel. Hoje, a mobilidade el\u00e9trica pode acontecer em casa, na via p\u00fablica ou em carregamento r\u00e1pido, com custos diferentes consoante o contexto.<\/p>\n<p>Este artigo analisa, para Portugal, o custo de percorrer 100 km com um ve\u00edculo el\u00e9trico em tr\u00eas cen\u00e1rios. Os valores s\u00e3o baseados num consumo m\u00e9dio de 17 kWh por 100 km.<\/p>\n<p>No carregamento dom\u00e9stico, a eletricidade custa cerca de 0,15 \u20ac por kWh. Assim, 17 kWh custam aproximadamente 2,55 \u20ac por 100 km.<\/p>\n<h3>Carregamento na via p\u00fablica<\/h3>\n<p>Os postos p\u00fablicos costumam cobrar entre 0,25 \u20ac e 0,35 \u20ac por kWh. Com taxas de opera\u00e7\u00e3o, utiliza\u00e7\u00e3o da rede MOBI.E e IVA, o custo fica em torno de 0,40 \u20ac por kWh. Assim, 17 kWh representam \u2248 6,80 \u20ac por 100 km.<\/p>\n<h3>Carregamento r\u00e1pido<\/h3>\n<p>Nos pontos r\u00e1pidos, como a rede Atlante Energy em parques Pingo Doce, o pre\u00e7o \u00e9 de 0,49 \u20ac por kWh j\u00e1 com taxas. Com 17 kWh, o custo fica em \u2248 8,33 \u20ac por 100 km.<\/p>\n<h3>Compara\u00e7\u00e3o com ve\u00edculo a combust\u00e3o<\/h3>\n<p>Um carro com consumo de 6 l\/100 km e gasolina a 1,75 \u20ac por litro custa cerca de 10,50 \u20ac por 100 km. Assim, o carregamento r\u00e1pido fica abaixo desse valor, o que se mant\u00e9m com o carregamento normal e, sobretudo, com o dom\u00e9stico.<\/p>\n<p>A diferen\u00e7a entre carregar em casa e usar apenas a rede p\u00fablica \u00e9 significativa, favorecendo a mobilidade el\u00e9ctrica quando o carregamento dom\u00e9stico \u00e9 vi\u00e1vel. A eletricidade em casa reduz o custo por 100 km.<\/p>\n<p>A transi\u00e7\u00e3o para mobilidade el\u00e9trica depende de infraestruturas bem planeadas, instaladas e mantidas, que garantam acesso r\u00e1pido, seguro e est\u00e1vel aos eixos de carregamento existentes.<\/p>\n<p>Jorge Grilo<\/p>\n<p>MOBEV &#8211; Mobility Evolution<\/p>\n<p>[www.mobev.pt]<\/p>\n","protected":false},"excerpt":{"rendered":"<ul>\n<li>O custo de percorrer cem quil\u00f3metros com ve\u00edculo el\u00e9trico varia conforme o tipo de carregamento, usando 17 kWh por 100 km como refer\u00eancia.<\/li>\n<li>Carregamento dom\u00e9stico: 0,15 \u20ac por kWh; cerca de 2,55 \u20ac por 100 km.<\/li>\n<li>Carregamento normal na via p\u00fablica: cerca de 0,40 \u20ac por kWh; cerca de 6,80 \u20ac por 100 km.<\/li>\n<li>Carregamento r\u00e1pido (ex.: Atlante Energy em lojas Pingo Doce): 0,49 \u20ac por kWh; cerca de 8,33 \u20ac por 100 km.<\/li>\n<li>Compara\u00e7\u00e3o com gasolina (6 L\/100 km a 1,75 \u20ac\/L): \u2248 10,50 \u20ac por 100 km; mesmo na via p\u00fablica, o el\u00e9trico j\u00e1 \u00e9 competitivo, sendo muito mais favor\u00e1vel quando carregado em casa.<\/li>\n<\/ul>\n","protected":false},"author":2,"featured_media":407359,"comment_status":"closed","ping_status":"closed","sticky":false,"template":"","format":"standard","meta":{"footnotes":""},"categories":[1],"tags":[4729,6042,174,4542,2110,1014],"class_list":["post-407353","post","type-post","status-publish","format-standard","has-post-thumbnail","hentry","category-noticias","tag-abastecimento-de-energia","tag-carros","tag-energia","tag-energia-electrica","tag-mobilidade","tag-portugal"],"yoast_head":"<!-- This site is optimized with the Yoast SEO plugin v27.2 - https:\/\/yoast.com\/product\/yoast-seo-wordpress\/ -->\n<title>Di\u00e1rio revela custos de carregamento e impactos na mobilidade el\u00e9trica - Portal Tela Portugal<\/title>\n<meta name=\"robots\" content=\"index, follow, max-snippet:-1, max-image-preview:large, max-video-preview:-1\" \/>\n<meta property=\"og:locale\" content=\"pt_PT\" \/>\n<meta property=\"og:type\" content=\"article\" \/>\n<meta property=\"og:title\" content=\"Di\u00e1rio revela custos de carregamento e impactos na mobilidade el\u00e9trica - Portal Tela Portugal\" \/>\n<meta property=\"og:description\" content=\"O custo de percorrer cem quil\u00f3metros com ve\u00edculo el\u00e9trico varia conforme o tipo de carregamento, usando 17 kWh por 100 km como refer\u00eancia. Carregamento dom\u00e9stico: 0,15 \u20ac por kWh; cerca de 2,55 \u20ac por 100 km. Carregamento normal na via p\u00fablica: cerca de 0,40 \u20ac por kWh; cerca de 6,80 \u20ac por 100 km. Carregamento r\u00e1pido (ex.: Atlante Energy em lojas Pingo Doce): 0,49 \u20ac por kWh; cerca de 8,33 \u20ac por 100 km. Compara\u00e7\u00e3o com gasolina (6 L\/100 km a 1,75 \u20ac\/L): \u2248 10,50 \u20ac por 100 km; mesmo na via p\u00fablica, o el\u00e9trico j\u00e1 \u00e9 competitivo, sendo muito mais favor\u00e1vel quando carregado em casa.\" \/>\n<meta property=\"og:url\" content=\"https:\/\/portaltela.pt\/noticias\/2026\/03\/12\/diario-revela-custos-de-carregamento-e-impactos-na-mobilidade-eletrica\/\" \/>\n<meta property=\"og:site_name\" content=\"Portal Tela Portugal\" \/>\n<meta property=\"article:published_time\" content=\"2026-03-12T12:59:00+00:00\" \/>\n<meta name=\"author\" content=\"Telinha\" \/>\n<meta name=\"twitter:card\" content=\"summary_large_image\" \/>\n<meta name=\"twitter:label1\" content=\"Escrito por\" \/>\n\t<meta name=\"twitter:data1\" content=\"Telinha\" \/>\n\t<meta name=\"twitter:label2\" content=\"Tempo estimado de leitura\" \/>\n\t<meta name=\"twitter:data2\" content=\"1 minuto\" \/>\n<script type=\"application\/ld+json\" class=\"yoast-schema-graph\">{\"@context\":\"https:\/\/schema.org\",\"@graph\":[{\"@type\":\"Article\",\"@id\":\"https:\/\/portaltela.pt\/noticias\/2026\/03\/12\/diario-revela-custos-de-carregamento-e-impactos-na-mobilidade-eletrica\/#article\",\"isPartOf\":{\"@id\":\"https:\/\/portaltela.pt\/noticias\/2026\/03\/12\/diario-revela-custos-de-carregamento-e-impactos-na-mobilidade-eletrica\/\"},\"author\":{\"name\":\"Telinha\",\"@id\":\"https:\/\/portaltela.pt\/#\/schema\/person\/c4278d4a6028830caff9ee44b42d32ed\"},\"headline\":\"Di\u00e1rio revela custos de carregamento e impactos na mobilidade el\u00e9trica\",\"datePublished\":\"2026-03-12T12:59:00+00:00\",\"mainEntityOfPage\":{\"@id\":\"https:\/\/portaltela.pt\/noticias\/2026\/03\/12\/diario-revela-custos-de-carregamento-e-impactos-na-mobilidade-eletrica\/\"},\"wordCount\":298,\"image\":{\"@id\":\"https:\/\/portaltela.pt\/noticias\/2026\/03\/12\/diario-revela-custos-de-carregamento-e-impactos-na-mobilidade-eletrica\/#primaryimage\"},\"thumbnailUrl\":\"https:\/\/portaltela.pt\/s.01k8rhncp4jt1\/2026\/03\/img_1280x721uu2026-03-12-12-58-48-2271925.jpg\",\"keywords\":[\"abastecimento de energia\",\"carros\",\"energia\",\"energia el\u00e9ctrica\",\"mobilidade\",\"Portugal\"],\"articleSection\":[\"Not\u00edcias\"],\"inLanguage\":\"pt-PT\"},{\"@type\":\"WebPage\",\"@id\":\"https:\/\/portaltela.pt\/noticias\/2026\/03\/12\/diario-revela-custos-de-carregamento-e-impactos-na-mobilidade-eletrica\/\",\"url\":\"https:\/\/portaltela.pt\/noticias\/2026\/03\/12\/diario-revela-custos-de-carregamento-e-impactos-na-mobilidade-eletrica\/\",\"name\":\"Di\u00e1rio revela custos de carregamento e impactos na mobilidade el\u00e9trica - Portal Tela Portugal\",\"isPartOf\":{\"@id\":\"https:\/\/portaltela.pt\/#website\"},\"primaryImageOfPage\":{\"@id\":\"https:\/\/portaltela.pt\/noticias\/2026\/03\/12\/diario-revela-custos-de-carregamento-e-impactos-na-mobilidade-eletrica\/#primaryimage\"},\"image\":{\"@id\":\"https:\/\/portaltela.pt\/noticias\/2026\/03\/12\/diario-revela-custos-de-carregamento-e-impactos-na-mobilidade-eletrica\/#primaryimage\"},\"thumbnailUrl\":\"https:\/\/portaltela.pt\/s.01k8rhncp4jt1\/2026\/03\/img_1280x721uu2026-03-12-12-58-48-2271925.jpg\",\"datePublished\":\"2026-03-12T12:59:00+00:00\",\"author\":{\"@id\":\"https:\/\/portaltela.pt\/#\/schema\/person\/c4278d4a6028830caff9ee44b42d32ed\"},\"breadcrumb\":{\"@id\":\"https:\/\/portaltela.pt\/noticias\/2026\/03\/12\/diario-revela-custos-de-carregamento-e-impactos-na-mobilidade-eletrica\/#breadcrumb\"},\"inLanguage\":\"pt-PT\",\"potentialAction\":[{\"@type\":\"ReadAction\",\"target\":[\"https:\/\/portaltela.pt\/noticias\/2026\/03\/12\/diario-revela-custos-de-carregamento-e-impactos-na-mobilidade-eletrica\/\"]}]},{\"@type\":\"ImageObject\",\"inLanguage\":\"pt-PT\",\"@id\":\"https:\/\/portaltela.pt\/noticias\/2026\/03\/12\/diario-revela-custos-de-carregamento-e-impactos-na-mobilidade-eletrica\/#primaryimage\",\"url\":\"https:\/\/portaltela.pt\/s.01k8rhncp4jt1\/2026\/03\/img_1280x721uu2026-03-12-12-58-48-2271925.jpg\",\"contentUrl\":\"https:\/\/portaltela.pt\/s.01k8rhncp4jt1\/2026\/03\/img_1280x721uu2026-03-12-12-58-48-2271925.jpg\",\"width\":796,\"height\":448,\"caption\":\"Esta\u00e7\u00f5es de carregamento V2G para ve\u00edculos el\u00e9tricos instaladas numa parede\"},{\"@type\":\"BreadcrumbList\",\"@id\":\"https:\/\/portaltela.pt\/noticias\/2026\/03\/12\/diario-revela-custos-de-carregamento-e-impactos-na-mobilidade-eletrica\/#breadcrumb\",\"itemListElement\":[{\"@type\":\"ListItem\",\"position\":1,\"name\":\"In\u00edcio\",\"item\":\"https:\/\/portaltela.pt\/\"},{\"@type\":\"ListItem\",\"position\":2,\"name\":\"Di\u00e1rio revela custos de carregamento e impactos na mobilidade el\u00e9trica\"}]},{\"@type\":\"WebSite\",\"@id\":\"https:\/\/portaltela.pt\/#website\",\"url\":\"https:\/\/portaltela.pt\/\",\"name\":\"Portal Tela Portugal\",\"description\":\"\",\"potentialAction\":[{\"@type\":\"SearchAction\",\"target\":{\"@type\":\"EntryPoint\",\"urlTemplate\":\"https:\/\/portaltela.pt\/?s={search_term_string}\"},\"query-input\":{\"@type\":\"PropertyValueSpecification\",\"valueRequired\":true,\"valueName\":\"search_term_string\"}}],\"inLanguage\":\"pt-PT\"},{\"@type\":\"Person\",\"@id\":\"https:\/\/portaltela.pt\/#\/schema\/person\/c4278d4a6028830caff9ee44b42d32ed\",\"name\":\"Telinha\",\"image\":{\"@type\":\"ImageObject\",\"inLanguage\":\"pt-PT\",\"@id\":\"https:\/\/portaltela.pt\/s.01k8rhncp4jt1\/2025\/11\/talking-bot-125x125.png\",\"url\":\"https:\/\/portaltela.pt\/s.01k8rhncp4jt1\/2025\/11\/talking-bot-125x125.png\",\"contentUrl\":\"https:\/\/portaltela.pt\/s.01k8rhncp4jt1\/2025\/11\/talking-bot-125x125.png\",\"caption\":\"Telinha\"},\"sameAs\":[\"https:\/\/portaltela.pt\/\"],\"url\":\"https:\/\/portaltela.pt\/por\/367410592786\/\"}]}<\/script>\n<!-- \/ Yoast SEO plugin. -->","yoast_head_json":{"title":"Di\u00e1rio revela custos de carregamento e impactos na mobilidade el\u00e9trica - Portal Tela Portugal","robots":{"index":"index","follow":"follow","max-snippet":"max-snippet:-1","max-image-preview":"max-image-preview:large","max-video-preview":"max-video-preview:-1"},"og_locale":"pt_PT","og_type":"article","og_title":"Di\u00e1rio revela custos de carregamento e impactos na mobilidade el\u00e9trica - Portal Tela Portugal","og_description":"O custo de percorrer cem quil\u00f3metros com ve\u00edculo el\u00e9trico varia conforme o tipo de carregamento, usando 17 kWh por 100 km como refer\u00eancia. Carregamento dom\u00e9stico: 0,15 \u20ac por kWh; cerca de 2,55 \u20ac por 100 km. Carregamento normal na via p\u00fablica: cerca de 0,40 \u20ac por kWh; cerca de 6,80 \u20ac por 100 km. Carregamento r\u00e1pido (ex.: Atlante Energy em lojas Pingo Doce): 0,49 \u20ac por kWh; cerca de 8,33 \u20ac por 100 km. Compara\u00e7\u00e3o com gasolina (6 L\/100 km a 1,75 \u20ac\/L): \u2248 10,50 \u20ac por 100 km; mesmo na via p\u00fablica, o el\u00e9trico j\u00e1 \u00e9 competitivo, sendo muito mais favor\u00e1vel quando carregado em casa.","og_url":"https:\/\/portaltela.pt\/noticias\/2026\/03\/12\/diario-revela-custos-de-carregamento-e-impactos-na-mobilidade-eletrica\/","og_site_name":"Portal Tela Portugal","article_published_time":"2026-03-12T12:59:00+00:00","author":"Telinha","twitter_card":"summary_large_image","twitter_misc":{"Escrito por":"Telinha","Tempo estimado de leitura":"1 minuto"},"schema":{"@context":"https:\/\/schema.org","@graph":[{"@type":"Article","@id":"https:\/\/portaltela.pt\/noticias\/2026\/03\/12\/diario-revela-custos-de-carregamento-e-impactos-na-mobilidade-eletrica\/#article","isPartOf":{"@id":"https:\/\/portaltela.pt\/noticias\/2026\/03\/12\/diario-revela-custos-de-carregamento-e-impactos-na-mobilidade-eletrica\/"},"author":{"name":"Telinha","@id":"https:\/\/portaltela.pt\/#\/schema\/person\/c4278d4a6028830caff9ee44b42d32ed"},"headline":"Di\u00e1rio revela custos de carregamento e impactos na mobilidade el\u00e9trica","datePublished":"2026-03-12T12:59:00+00:00","mainEntityOfPage":{"@id":"https:\/\/portaltela.pt\/noticias\/2026\/03\/12\/diario-revela-custos-de-carregamento-e-impactos-na-mobilidade-eletrica\/"},"wordCount":298,"image":{"@id":"https:\/\/portaltela.pt\/noticias\/2026\/03\/12\/diario-revela-custos-de-carregamento-e-impactos-na-mobilidade-eletrica\/#primaryimage"},"thumbnailUrl":"https:\/\/portaltela.pt\/s.01k8rhncp4jt1\/2026\/03\/img_1280x721uu2026-03-12-12-58-48-2271925.jpg","keywords":["abastecimento de energia","carros","energia","energia el\u00e9ctrica","mobilidade","Portugal"],"articleSection":["Not\u00edcias"],"inLanguage":"pt-PT"},{"@type":"WebPage","@id":"https:\/\/portaltela.pt\/noticias\/2026\/03\/12\/diario-revela-custos-de-carregamento-e-impactos-na-mobilidade-eletrica\/","url":"https:\/\/portaltela.pt\/noticias\/2026\/03\/12\/diario-revela-custos-de-carregamento-e-impactos-na-mobilidade-eletrica\/","name":"Di\u00e1rio revela custos de carregamento e impactos na mobilidade el\u00e9trica - Portal Tela Portugal","isPartOf":{"@id":"https:\/\/portaltela.pt\/#website"},"primaryImageOfPage":{"@id":"https:\/\/portaltela.pt\/noticias\/2026\/03\/12\/diario-revela-custos-de-carregamento-e-impactos-na-mobilidade-eletrica\/#primaryimage"},"image":{"@id":"https:\/\/portaltela.pt\/noticias\/2026\/03\/12\/diario-revela-custos-de-carregamento-e-impactos-na-mobilidade-eletrica\/#primaryimage"},"thumbnailUrl":"https:\/\/portaltela.pt\/s.01k8rhncp4jt1\/2026\/03\/img_1280x721uu2026-03-12-12-58-48-2271925.jpg","datePublished":"2026-03-12T12:59:00+00:00","author":{"@id":"https:\/\/portaltela.pt\/#\/schema\/person\/c4278d4a6028830caff9ee44b42d32ed"},"breadcrumb":{"@id":"https:\/\/portaltela.pt\/noticias\/2026\/03\/12\/diario-revela-custos-de-carregamento-e-impactos-na-mobilidade-eletrica\/#breadcrumb"},"inLanguage":"pt-PT","potentialAction":[{"@type":"ReadAction","target":["https:\/\/portaltela.pt\/noticias\/2026\/03\/12\/diario-revela-custos-de-carregamento-e-impactos-na-mobilidade-eletrica\/"]}]},{"@type":"ImageObject","inLanguage":"pt-PT","@id":"https:\/\/portaltela.pt\/noticias\/2026\/03\/12\/diario-revela-custos-de-carregamento-e-impactos-na-mobilidade-eletrica\/#primaryimage","url":"https:\/\/portaltela.pt\/s.01k8rhncp4jt1\/2026\/03\/img_1280x721uu2026-03-12-12-58-48-2271925.jpg","contentUrl":"https:\/\/portaltela.pt\/s.01k8rhncp4jt1\/2026\/03\/img_1280x721uu2026-03-12-12-58-48-2271925.jpg","width":796,"height":448,"caption":"Esta\u00e7\u00f5es de carregamento V2G para ve\u00edculos el\u00e9tricos instaladas numa parede"},{"@type":"BreadcrumbList","@id":"https:\/\/portaltela.pt\/noticias\/2026\/03\/12\/diario-revela-custos-de-carregamento-e-impactos-na-mobilidade-eletrica\/#breadcrumb","itemListElement":[{"@type":"ListItem","position":1,"name":"In\u00edcio","item":"https:\/\/portaltela.pt\/"},{"@type":"ListItem","position":2,"name":"Di\u00e1rio revela custos de carregamento e impactos na mobilidade el\u00e9trica"}]},{"@type":"WebSite","@id":"https:\/\/portaltela.pt\/#website","url":"https:\/\/portaltela.pt\/","name":"Portal Tela Portugal","description":"","potentialAction":[{"@type":"SearchAction","target":{"@type":"EntryPoint","urlTemplate":"https:\/\/portaltela.pt\/?s={search_term_string}"},"query-input":{"@type":"PropertyValueSpecification","valueRequired":true,"valueName":"search_term_string"}}],"inLanguage":"pt-PT"},{"@type":"Person","@id":"https:\/\/portaltela.pt\/#\/schema\/person\/c4278d4a6028830caff9ee44b42d32ed","name":"Telinha","image":{"@type":"ImageObject","inLanguage":"pt-PT","@id":"https:\/\/portaltela.pt\/s.01k8rhncp4jt1\/2025\/11\/talking-bot-125x125.png","url":"https:\/\/portaltela.pt\/s.01k8rhncp4jt1\/2025\/11\/talking-bot-125x125.png","contentUrl":"https:\/\/portaltela.pt\/s.01k8rhncp4jt1\/2025\/11\/talking-bot-125x125.png","caption":"Telinha"},"sameAs":["https:\/\/portaltela.pt\/"],"url":"https:\/\/portaltela.pt\/por\/367410592786\/"}]}},"_links":{"self":[{"href":"https:\/\/portaltela.pt\/api\/wp\/v2\/posts\/407353","targetHints":{"allow":["GET"]}}],"collection":[{"href":"https:\/\/portaltela.pt\/api\/wp\/v2\/posts"}],"about":[{"href":"https:\/\/portaltela.pt\/api\/wp\/v2\/types\/post"}],"author":[{"embeddable":true,"href":"https:\/\/portaltela.pt\/api\/wp\/v2\/users\/2"}],"replies":[{"embeddable":true,"href":"https:\/\/portaltela.pt\/api\/wp\/v2\/comments?post=407353"}],"version-history":[{"count":0,"href":"https:\/\/portaltela.pt\/api\/wp\/v2\/posts\/407353\/revisions"}],"wp:featuredmedia":[{"embeddable":true,"href":"https:\/\/portaltela.pt\/api\/wp\/v2\/media\/407359"}],"wp:attachment":[{"href":"https:\/\/portaltela.pt\/api\/wp\/v2\/media?parent=407353"}],"wp:term":[{"taxonomy":"category","embeddable":true,"href":"https:\/\/portaltela.pt\/api\/wp\/v2\/categories?post=407353"},{"taxonomy":"post_tag","embeddable":true,"href":"https:\/\/portaltela.pt\/api\/wp\/v2\/tags?post=407353"}],"curies":[{"name":"wp","href":"https:\/\/api.w.org\/{rel}","templated":true}]}}