{"id":407321,"date":"2026-03-12T09:24:00","date_gmt":"2026-03-12T12:24:00","guid":{"rendered":"https:\/\/portaltela.pt\/noticias\/2026\/03\/12\/estatua-com-trump-e-epstein-em-pose-titanic-desperta-controversia\/"},"modified":"2026-03-12T09:24:00","modified_gmt":"2026-03-12T12:24:00","slug":"estatua-com-trump-e-epstein-em-pose-titanic-desperta-controversia","status":"publish","type":"post","link":"https:\/\/portaltela.pt\/noticias\/politica\/2026\/03\/12\/estatua-com-trump-e-epstein-em-pose-titanic-desperta-controversia\/","title":{"rendered":"Est\u00e1tua com Trump e Epstein em pose Titanic desperta controv\u00e9rsia"},"content":{"rendered":"<p>Ontem, no National Mall, em Washington, D.C., apareceu uma est\u00e1tua que mostra Donald Trump e Jeffrey Epstein abra\u00e7ados, \u00e0 maneira da cena de Titanic. A obra \u00e9 intitulada The King of the World e foi criada por artistas an\u00f3nimos.<\/p>\n<p>O monumento foi assinado pelo colectivo The Secret Handshake, que n\u00e3o revelou identidades. A pe\u00e7a compara a rela\u00e7\u00e3o de proximidade entre o ent\u00e3o chefe de Estado americano e Epstein, descrito como ped\u00f3filo condenado.<\/p>\n<p>A escultura gerou debate p\u00fablico e cobertura medi\u00e1tica, com perguntas sobre a motiva\u00e7\u00e3o e o contexto da entrega art\u00edstica. Autoridades locais n\u00e3o anunciaram medidas oficiais at\u00e9 ao momento.<\/p>\n<h3>Contexto e rea\u00e7\u00e3o<\/h3>\n<p>O grupo por tr\u00e1s da obra sustenta que a pe\u00e7a \u00e9 uma leitura cr\u00edtica sobre o poder e a influ\u00eancia, sem representar posi\u00e7\u00f5es oficiais. A divulga\u00e7\u00e3o ocorreu de forma independente, sem interfer\u00eancia do Governo.<\/p>\n","protected":false},"excerpt":{"rendered":"<ul>\n<li>Uma est\u00e1tua de Donald Trump e Jeffrey Epstein abra\u00e7ados apareceu ontem no National Mall, em Washington, D. C.<\/li>\n<li>A obra \u00e9 assinada pelo grupo de artistas an\u00f3nimos The Secret Handshake.<\/li>\n<li>O monumento faz alus\u00e3o \u00e0 cena de Titanic em que Jack e Rose se abra\u00e7am, na proa do navio, e chama-se The King of the World.<\/li>\n<li>A pe\u00e7a aborda a rela\u00e7\u00e3o de proximidade entre o presidente dos Estados Unidos e Epstein, condenado por crimes sexuais.<\/li>\n<li>O t\u00edtulo remete \u00e0 express\u00e3o associada a Jack, usada pela obra para evocar a liga\u00e7\u00e3o entre as figuras.<\/li>\n<\/ul>\n","protected":false},"author":2,"featured_media":407323,"comment_status":"closed","ping_status":"closed","sticky":false,"template":"","format":"standard","meta":{"footnotes":""},"categories":[1,5],"tags":[70,4953,249,2832,5698,30],"class_list":["post-407321","post","type-post","status-publish","format-standard","has-post-thumbnail","hentry","category-noticias","category-politica","tag-arte","tag-donald-trump","tag-escultura","tag-politica","tag-politica-internacional","tag-presidente"],"yoast_head":"<!-- This site is optimized with the Yoast SEO plugin v27.2 - https:\/\/yoast.com\/product\/yoast-seo-wordpress\/ -->\n<title>Est\u00e1tua com Trump e Epstein em pose Titanic desperta controv\u00e9rsia - Portal Tela Portugal<\/title>\n<meta name=\"robots\" content=\"index, follow, max-snippet:-1, max-image-preview:large, max-video-preview:-1\" \/>\n<meta property=\"og:locale\" content=\"pt_PT\" \/>\n<meta property=\"og:type\" content=\"article\" \/>\n<meta property=\"og:title\" content=\"Est\u00e1tua com Trump e Epstein em pose Titanic desperta controv\u00e9rsia - Portal Tela Portugal\" \/>\n<meta property=\"og:description\" content=\"Uma est\u00e1tua de Donald Trump e Jeffrey Epstein abra\u00e7ados apareceu ontem no National Mall, em Washington, D. C. A obra \u00e9 assinada pelo grupo de artistas an\u00f3nimos The Secret Handshake. O monumento faz alus\u00e3o \u00e0 cena de Titanic em que Jack e Rose se abra\u00e7am, na proa do navio, e chama-se The King of the World. A pe\u00e7a aborda a rela\u00e7\u00e3o de proximidade entre o presidente dos Estados Unidos e Epstein, condenado por crimes sexuais. O t\u00edtulo remete \u00e0 express\u00e3o associada a Jack, usada pela obra para evocar a liga\u00e7\u00e3o entre as figuras.\" \/>\n<meta property=\"og:url\" content=\"https:\/\/portaltela.pt\/noticias\/2026\/03\/12\/estatua-com-trump-e-epstein-em-pose-titanic-desperta-controversia\/\" \/>\n<meta property=\"og:site_name\" content=\"Portal Tela Portugal\" \/>\n<meta property=\"article:published_time\" content=\"2026-03-12T12:24:00+00:00\" \/>\n<meta name=\"author\" content=\"Telinha\" \/>\n<meta name=\"twitter:card\" content=\"summary_large_image\" \/>\n<meta name=\"twitter:label1\" content=\"Escrito por\" \/>\n\t<meta name=\"twitter:data1\" content=\"Telinha\" \/>\n\t<meta name=\"twitter:label2\" content=\"Tempo estimado de leitura\" \/>\n\t<meta name=\"twitter:data2\" content=\"1 minuto\" \/>\n<script type=\"application\/ld+json\" class=\"yoast-schema-graph\">{\"@context\":\"https:\/\/schema.org\",\"@graph\":[{\"@type\":\"Article\",\"@id\":\"https:\/\/portaltela.pt\/noticias\/2026\/03\/12\/estatua-com-trump-e-epstein-em-pose-titanic-desperta-controversia\/#article\",\"isPartOf\":{\"@id\":\"https:\/\/portaltela.pt\/noticias\/2026\/03\/12\/estatua-com-trump-e-epstein-em-pose-titanic-desperta-controversia\/\"},\"author\":{\"name\":\"Telinha\",\"@id\":\"https:\/\/portaltela.pt\/#\/schema\/person\/c4278d4a6028830caff9ee44b42d32ed\"},\"headline\":\"Est\u00e1tua com Trump e Epstein em pose Titanic desperta controv\u00e9rsia\",\"datePublished\":\"2026-03-12T12:24:00+00:00\",\"mainEntityOfPage\":{\"@id\":\"https:\/\/portaltela.pt\/noticias\/2026\/03\/12\/estatua-com-trump-e-epstein-em-pose-titanic-desperta-controversia\/\"},\"wordCount\":168,\"image\":{\"@id\":\"https:\/\/portaltela.pt\/noticias\/2026\/03\/12\/estatua-com-trump-e-epstein-em-pose-titanic-desperta-controversia\/#primaryimage\"},\"thumbnailUrl\":\"https:\/\/portaltela.pt\/s.01k8rhncp4jt1\/2026\/03\/6bcb8e1a-d180-42f3-bd8a-ca3be182abbb_1200x675.jpg\",\"keywords\":[\"arte\",\"Donald Trump\",\"escultura\",\"pol\u00edtica\",\"pol\u00edtica internacional\",\"presidente\"],\"articleSection\":[\"Not\u00edcias\",\"Pol\u00edtica\"],\"inLanguage\":\"pt-PT\"},{\"@type\":\"WebPage\",\"@id\":\"https:\/\/portaltela.pt\/noticias\/2026\/03\/12\/estatua-com-trump-e-epstein-em-pose-titanic-desperta-controversia\/\",\"url\":\"https:\/\/portaltela.pt\/noticias\/2026\/03\/12\/estatua-com-trump-e-epstein-em-pose-titanic-desperta-controversia\/\",\"name\":\"Est\u00e1tua com Trump e Epstein em pose Titanic desperta controv\u00e9rsia - Portal Tela Portugal\",\"isPartOf\":{\"@id\":\"https:\/\/portaltela.pt\/#website\"},\"primaryImageOfPage\":{\"@id\":\"https:\/\/portaltela.pt\/noticias\/2026\/03\/12\/estatua-com-trump-e-epstein-em-pose-titanic-desperta-controversia\/#primaryimage\"},\"image\":{\"@id\":\"https:\/\/portaltela.pt\/noticias\/2026\/03\/12\/estatua-com-trump-e-epstein-em-pose-titanic-desperta-controversia\/#primaryimage\"},\"thumbnailUrl\":\"https:\/\/portaltela.pt\/s.01k8rhncp4jt1\/2026\/03\/6bcb8e1a-d180-42f3-bd8a-ca3be182abbb_1200x675.jpg\",\"datePublished\":\"2026-03-12T12:24:00+00:00\",\"author\":{\"@id\":\"https:\/\/portaltela.pt\/#\/schema\/person\/c4278d4a6028830caff9ee44b42d32ed\"},\"breadcrumb\":{\"@id\":\"https:\/\/portaltela.pt\/noticias\/2026\/03\/12\/estatua-com-trump-e-epstein-em-pose-titanic-desperta-controversia\/#breadcrumb\"},\"inLanguage\":\"pt-PT\",\"potentialAction\":[{\"@type\":\"ReadAction\",\"target\":[\"https:\/\/portaltela.pt\/noticias\/2026\/03\/12\/estatua-com-trump-e-epstein-em-pose-titanic-desperta-controversia\/\"]}]},{\"@type\":\"ImageObject\",\"inLanguage\":\"pt-PT\",\"@id\":\"https:\/\/portaltela.pt\/noticias\/2026\/03\/12\/estatua-com-trump-e-epstein-em-pose-titanic-desperta-controversia\/#primaryimage\",\"url\":\"https:\/\/portaltela.pt\/s.01k8rhncp4jt1\/2026\/03\/6bcb8e1a-d180-42f3-bd8a-ca3be182abbb_1200x675.jpg\",\"contentUrl\":\"https:\/\/portaltela.pt\/s.01k8rhncp4jt1\/2026\/03\/6bcb8e1a-d180-42f3-bd8a-ca3be182abbb_1200x675.jpg\",\"width\":796,\"height\":448,\"caption\":\"Photo\"},{\"@type\":\"BreadcrumbList\",\"@id\":\"https:\/\/portaltela.pt\/noticias\/2026\/03\/12\/estatua-com-trump-e-epstein-em-pose-titanic-desperta-controversia\/#breadcrumb\",\"itemListElement\":[{\"@type\":\"ListItem\",\"position\":1,\"name\":\"In\u00edcio\",\"item\":\"https:\/\/portaltela.pt\/\"},{\"@type\":\"ListItem\",\"position\":2,\"name\":\"Est\u00e1tua com Trump e Epstein em pose Titanic desperta controv\u00e9rsia\"}]},{\"@type\":\"WebSite\",\"@id\":\"https:\/\/portaltela.pt\/#website\",\"url\":\"https:\/\/portaltela.pt\/\",\"name\":\"Portal Tela Portugal\",\"description\":\"\",\"potentialAction\":[{\"@type\":\"SearchAction\",\"target\":{\"@type\":\"EntryPoint\",\"urlTemplate\":\"https:\/\/portaltela.pt\/?s={search_term_string}\"},\"query-input\":{\"@type\":\"PropertyValueSpecification\",\"valueRequired\":true,\"valueName\":\"search_term_string\"}}],\"inLanguage\":\"pt-PT\"},{\"@type\":\"Person\",\"@id\":\"https:\/\/portaltela.pt\/#\/schema\/person\/c4278d4a6028830caff9ee44b42d32ed\",\"name\":\"Telinha\",\"image\":{\"@type\":\"ImageObject\",\"inLanguage\":\"pt-PT\",\"@id\":\"https:\/\/portaltela.pt\/s.01k8rhncp4jt1\/2025\/11\/talking-bot-125x125.png\",\"url\":\"https:\/\/portaltela.pt\/s.01k8rhncp4jt1\/2025\/11\/talking-bot-125x125.png\",\"contentUrl\":\"https:\/\/portaltela.pt\/s.01k8rhncp4jt1\/2025\/11\/talking-bot-125x125.png\",\"caption\":\"Telinha\"},\"sameAs\":[\"https:\/\/portaltela.pt\/\"],\"url\":\"https:\/\/portaltela.pt\/por\/367410592786\/\"}]}<\/script>\n<!-- \/ Yoast SEO plugin. -->","yoast_head_json":{"title":"Est\u00e1tua com Trump e Epstein em pose Titanic desperta controv\u00e9rsia - Portal Tela Portugal","robots":{"index":"index","follow":"follow","max-snippet":"max-snippet:-1","max-image-preview":"max-image-preview:large","max-video-preview":"max-video-preview:-1"},"og_locale":"pt_PT","og_type":"article","og_title":"Est\u00e1tua com Trump e Epstein em pose Titanic desperta controv\u00e9rsia - Portal Tela Portugal","og_description":"Uma est\u00e1tua de Donald Trump e Jeffrey Epstein abra\u00e7ados apareceu ontem no National Mall, em Washington, D. C. A obra \u00e9 assinada pelo grupo de artistas an\u00f3nimos The Secret Handshake. O monumento faz alus\u00e3o \u00e0 cena de Titanic em que Jack e Rose se abra\u00e7am, na proa do navio, e chama-se The King of the World. A pe\u00e7a aborda a rela\u00e7\u00e3o de proximidade entre o presidente dos Estados Unidos e Epstein, condenado por crimes sexuais. O t\u00edtulo remete \u00e0 express\u00e3o associada a Jack, usada pela obra para evocar a liga\u00e7\u00e3o entre as figuras.","og_url":"https:\/\/portaltela.pt\/noticias\/2026\/03\/12\/estatua-com-trump-e-epstein-em-pose-titanic-desperta-controversia\/","og_site_name":"Portal Tela Portugal","article_published_time":"2026-03-12T12:24:00+00:00","author":"Telinha","twitter_card":"summary_large_image","twitter_misc":{"Escrito por":"Telinha","Tempo estimado de leitura":"1 minuto"},"schema":{"@context":"https:\/\/schema.org","@graph":[{"@type":"Article","@id":"https:\/\/portaltela.pt\/noticias\/2026\/03\/12\/estatua-com-trump-e-epstein-em-pose-titanic-desperta-controversia\/#article","isPartOf":{"@id":"https:\/\/portaltela.pt\/noticias\/2026\/03\/12\/estatua-com-trump-e-epstein-em-pose-titanic-desperta-controversia\/"},"author":{"name":"Telinha","@id":"https:\/\/portaltela.pt\/#\/schema\/person\/c4278d4a6028830caff9ee44b42d32ed"},"headline":"Est\u00e1tua com Trump e Epstein em pose Titanic desperta controv\u00e9rsia","datePublished":"2026-03-12T12:24:00+00:00","mainEntityOfPage":{"@id":"https:\/\/portaltela.pt\/noticias\/2026\/03\/12\/estatua-com-trump-e-epstein-em-pose-titanic-desperta-controversia\/"},"wordCount":168,"image":{"@id":"https:\/\/portaltela.pt\/noticias\/2026\/03\/12\/estatua-com-trump-e-epstein-em-pose-titanic-desperta-controversia\/#primaryimage"},"thumbnailUrl":"https:\/\/portaltela.pt\/s.01k8rhncp4jt1\/2026\/03\/6bcb8e1a-d180-42f3-bd8a-ca3be182abbb_1200x675.jpg","keywords":["arte","Donald Trump","escultura","pol\u00edtica","pol\u00edtica internacional","presidente"],"articleSection":["Not\u00edcias","Pol\u00edtica"],"inLanguage":"pt-PT"},{"@type":"WebPage","@id":"https:\/\/portaltela.pt\/noticias\/2026\/03\/12\/estatua-com-trump-e-epstein-em-pose-titanic-desperta-controversia\/","url":"https:\/\/portaltela.pt\/noticias\/2026\/03\/12\/estatua-com-trump-e-epstein-em-pose-titanic-desperta-controversia\/","name":"Est\u00e1tua com Trump e Epstein em pose Titanic desperta controv\u00e9rsia - Portal Tela Portugal","isPartOf":{"@id":"https:\/\/portaltela.pt\/#website"},"primaryImageOfPage":{"@id":"https:\/\/portaltela.pt\/noticias\/2026\/03\/12\/estatua-com-trump-e-epstein-em-pose-titanic-desperta-controversia\/#primaryimage"},"image":{"@id":"https:\/\/portaltela.pt\/noticias\/2026\/03\/12\/estatua-com-trump-e-epstein-em-pose-titanic-desperta-controversia\/#primaryimage"},"thumbnailUrl":"https:\/\/portaltela.pt\/s.01k8rhncp4jt1\/2026\/03\/6bcb8e1a-d180-42f3-bd8a-ca3be182abbb_1200x675.jpg","datePublished":"2026-03-12T12:24:00+00:00","author":{"@id":"https:\/\/portaltela.pt\/#\/schema\/person\/c4278d4a6028830caff9ee44b42d32ed"},"breadcrumb":{"@id":"https:\/\/portaltela.pt\/noticias\/2026\/03\/12\/estatua-com-trump-e-epstein-em-pose-titanic-desperta-controversia\/#breadcrumb"},"inLanguage":"pt-PT","potentialAction":[{"@type":"ReadAction","target":["https:\/\/portaltela.pt\/noticias\/2026\/03\/12\/estatua-com-trump-e-epstein-em-pose-titanic-desperta-controversia\/"]}]},{"@type":"ImageObject","inLanguage":"pt-PT","@id":"https:\/\/portaltela.pt\/noticias\/2026\/03\/12\/estatua-com-trump-e-epstein-em-pose-titanic-desperta-controversia\/#primaryimage","url":"https:\/\/portaltela.pt\/s.01k8rhncp4jt1\/2026\/03\/6bcb8e1a-d180-42f3-bd8a-ca3be182abbb_1200x675.jpg","contentUrl":"https:\/\/portaltela.pt\/s.01k8rhncp4jt1\/2026\/03\/6bcb8e1a-d180-42f3-bd8a-ca3be182abbb_1200x675.jpg","width":796,"height":448,"caption":"Photo"},{"@type":"BreadcrumbList","@id":"https:\/\/portaltela.pt\/noticias\/2026\/03\/12\/estatua-com-trump-e-epstein-em-pose-titanic-desperta-controversia\/#breadcrumb","itemListElement":[{"@type":"ListItem","position":1,"name":"In\u00edcio","item":"https:\/\/portaltela.pt\/"},{"@type":"ListItem","position":2,"name":"Est\u00e1tua com Trump e Epstein em pose Titanic desperta controv\u00e9rsia"}]},{"@type":"WebSite","@id":"https:\/\/portaltela.pt\/#website","url":"https:\/\/portaltela.pt\/","name":"Portal Tela Portugal","description":"","potentialAction":[{"@type":"SearchAction","target":{"@type":"EntryPoint","urlTemplate":"https:\/\/portaltela.pt\/?s={search_term_string}"},"query-input":{"@type":"PropertyValueSpecification","valueRequired":true,"valueName":"search_term_string"}}],"inLanguage":"pt-PT"},{"@type":"Person","@id":"https:\/\/portaltela.pt\/#\/schema\/person\/c4278d4a6028830caff9ee44b42d32ed","name":"Telinha","image":{"@type":"ImageObject","inLanguage":"pt-PT","@id":"https:\/\/portaltela.pt\/s.01k8rhncp4jt1\/2025\/11\/talking-bot-125x125.png","url":"https:\/\/portaltela.pt\/s.01k8rhncp4jt1\/2025\/11\/talking-bot-125x125.png","contentUrl":"https:\/\/portaltela.pt\/s.01k8rhncp4jt1\/2025\/11\/talking-bot-125x125.png","caption":"Telinha"},"sameAs":["https:\/\/portaltela.pt\/"],"url":"https:\/\/portaltela.pt\/por\/367410592786\/"}]}},"_links":{"self":[{"href":"https:\/\/portaltela.pt\/api\/wp\/v2\/posts\/407321","targetHints":{"allow":["GET"]}}],"collection":[{"href":"https:\/\/portaltela.pt\/api\/wp\/v2\/posts"}],"about":[{"href":"https:\/\/portaltela.pt\/api\/wp\/v2\/types\/post"}],"author":[{"embeddable":true,"href":"https:\/\/portaltela.pt\/api\/wp\/v2\/users\/2"}],"replies":[{"embeddable":true,"href":"https:\/\/portaltela.pt\/api\/wp\/v2\/comments?post=407321"}],"version-history":[{"count":0,"href":"https:\/\/portaltela.pt\/api\/wp\/v2\/posts\/407321\/revisions"}],"wp:featuredmedia":[{"embeddable":true,"href":"https:\/\/portaltela.pt\/api\/wp\/v2\/media\/407323"}],"wp:attachment":[{"href":"https:\/\/portaltela.pt\/api\/wp\/v2\/media?parent=407321"}],"wp:term":[{"taxonomy":"category","embeddable":true,"href":"https:\/\/portaltela.pt\/api\/wp\/v2\/categories?post=407321"},{"taxonomy":"post_tag","embeddable":true,"href":"https:\/\/portaltela.pt\/api\/wp\/v2\/tags?post=407321"}],"curies":[{"name":"wp","href":"https:\/\/api.w.org\/{rel}","templated":true}]}}