{"id":407315,"date":"2026-03-12T09:17:07","date_gmt":"2026-03-12T12:17:07","guid":{"rendered":"https:\/\/portaltela.pt\/noticias\/2026\/03\/12\/ue-discute-meta-de-emissoes-para-2040-ambiciosa-ou-realista\/"},"modified":"2026-03-12T09:17:07","modified_gmt":"2026-03-12T12:17:07","slug":"ue-discute-meta-de-emissoes-para-2040-ambiciosa-ou-realista","status":"publish","type":"post","link":"https:\/\/portaltela.pt\/noticias\/2026\/03\/12\/ue-discute-meta-de-emissoes-para-2040-ambiciosa-ou-realista\/","title":{"rendered":"UE discute meta de emiss\u00f5es para 2040: ambiciosa ou realista?"},"content":{"rendered":"<p>A Uni\u00e3o Europeia tem uma nova meta interm\u00e9dia de emiss\u00f5es para 2040, apresentada ap\u00f3s a ado\u00e7\u00e3o formal da vers\u00e3o revista da Lei Europeia do Clima pelo Conselho Europeu. A medida fixa redu\u00e7\u00f5es l\u00edquidas de 90% em rela\u00e7\u00e3o a 1990 at\u00e9 2040, com o objetivo de manter a trajet\u00f3ria para a neutralidade at\u00e9 2050. O objetivo \u00e9 enfrentar altera\u00e7\u00f5es clim\u00e1ticas sem comprometer a competitividade \u00fanica da UE.<\/p>\n<p>Especialistas e organiza\u00e7\u00f5es ambientais alertam para uma lacuna jur\u00eddica que pode fragilizar as redu\u00e7\u00f5es internas a partir de 2036. O mecanismo permite a utiliza\u00e7\u00e3o de cr\u00e9ditos internacionais de emiss\u00f5es at\u00e9 5% do total de 1990, para cumprir a meta de 2040. As salvaguardas associadas s\u00e3o consideradas insuficientes por alguns observadores.<\/p>\n<p>Segundo o Conselho, a meta interm\u00e9dia deve consolidar o caminho para a neutralidade clim\u00e1tica e assegurar a disponibilidade de financiamentos e confian\u00e7a para ind\u00fastria, cidad\u00e3os e investidores durante a transi\u00e7\u00e3o. A comandante do gabinete de Chipre, Maria Panayiotou, destacou o papel da meta na estabilidade da transi\u00e7\u00e3o.<\/p>\n<p>A Climate Action Tracker aponta que a meta de 2040 fica na faixa inferior das recomenda\u00e7\u00f5es independentes, que variavam entre 90% e 95%. A organiza\u00e7\u00e3o sustenta que a possibilidade de cr\u00e9ditos pode atrasar cortes reais dentro da UE, se n\u00e3o houver salvaguardas robustas.<\/p>\n<p>Sarah Heck, da Climate Action Tracker, afirma que a possibilidade de usar cr\u00e9ditos internacionais pode reduzir as redu\u00e7\u00f5es internas para 85% em 1990, caso seja permitida sem restri\u00e7\u00f5es fortes. A UE j\u00e1 tinha deixado de recorrer a cr\u00e9ditos internacionais em 2021, por receios de distor\u00e7\u00f5es no sistema de licen\u00e7as de emiss\u00f5es.<\/p>\n<p>Cr\u00edticos destacam que o uso de cr\u00e9ditos pode enfraquecer a ambi\u00e7\u00e3o interna, abrindo espa\u00e7o a lacunas contabil\u00edsticas e a metas que n\u00e3o correspondem a redu\u00e7\u00f5es reais. Por outro lado, o Conselho sustenta que os cr\u00e9ditos devem provir de atividades cred\u00edveis em pa\u00edses parceiros, alinhadas com o Acordo de Paris.<\/p>\n<p>A organiza\u00e7\u00e3o Climate Action Tracker tamb\u00e9m aponta falhas na clareza e ambi\u00e7\u00e3o do conjunto de metas para 2040 no que se refere ao uso do solo e \u00e0s trajet\u00f3rias p\u00f3s-2030. N\u00e3o foram definidas metas espec\u00edficas para 2035 ou 2040 no dom\u00ednio do uso do solo, altera\u00e7\u00f5es do uso do solo e florestas (LULUCF).<\/p>\n<p>A aus\u00eancia de metas LULUCF complica perceber quanto das redu\u00e7\u00f5es vir\u00e1 de cortes reais versus remo\u00e7\u00f5es naturais de carbono. Observadores sublinham a necessidade de v\u00ednculos entre redu\u00e7\u00f5es internas e sumidouros de carbono nos solos e florestas para evitar depend\u00eancia excessiva de sequestra\u00e7\u00e3o.<\/p>\n<p>Para o acompanhamento de propostas p\u00f3s-2030, a lei clim\u00e1tica revista aponta ainda a import\u00e2ncia de remo\u00e7\u00f5es permanentes de carbono na UE, incluindo captura e armazenamento de CO2. Especialistas enfatizam que o CCS deve complementar redu\u00e7\u00f5es profundas, sem substituir a transi\u00e7\u00e3o estrutural para energias limpas.<\/p>\n","protected":false},"excerpt":{"rendered":"<ul>\n<li>A UE aprovou a meta interm\u00e9dia para 2040: reduzir as emiss\u00f5es l\u00edquidas de gases com efeito de estufa em 90% face a 1990, como parte da lei clim\u00e1tica revista.<\/li>\n<li>A meta pretende manter o caminho para a neutralidade clim\u00e1tica at\u00e9 2050, com compensa\u00e7\u00f5es apenas quando as salvaguardas forem cred\u00edveis.<\/li>\n<li>Cr\u00edticos alertam para uma lacuna jur\u00eddica a partir de 2036 que permite cr\u00e9ditos internacionais at\u00e9 5% das emiss\u00f5es de 1990 para a meta de 2040, o que pode reduzir as redu\u00e7\u00f5es internas para 85%.<\/li>\n<li>A Climate Action Tracker diz que a brecha \u00e9 arriscada e que as salvaguardas s\u00e3o insuficientes para evitar lacunas contabil\u00edsticas e menor ambi\u00e7\u00e3o interna.<\/li>\n<li>A aus\u00eancia de metas espec\u00edficas para o uso do solo (LULUCF) para 2035\/2040 levanta d\u00favidas sobre quanto vir\u00e1 de redu\u00e7\u00f5es reais versus remo\u00e7\u00f5es de carbono.<\/li>\n<\/ul>\n","protected":false},"author":2,"featured_media":407317,"comment_status":"closed","ping_status":"closed","sticky":false,"template":"","format":"standard","meta":{"footnotes":""},"categories":[1],"tags":[2665,7073,2105,3603,2487,45],"class_list":["post-407315","post","type-post","status-publish","format-standard","has-post-thumbnail","hentry","category-noticias","tag-alteracoes-climaticas","tag-emissoes","tag-energia-limpa","tag-energias-renovaveis","tag-europa","tag-meio-ambiente"],"yoast_head":"<!-- This site is optimized with the Yoast SEO plugin v27.2 - https:\/\/yoast.com\/product\/yoast-seo-wordpress\/ -->\n<title>UE discute meta de emiss\u00f5es para 2040: ambiciosa ou realista? - Portal Tela Portugal<\/title>\n<meta name=\"robots\" content=\"index, follow, max-snippet:-1, max-image-preview:large, max-video-preview:-1\" \/>\n<meta property=\"og:locale\" content=\"pt_PT\" \/>\n<meta property=\"og:type\" content=\"article\" \/>\n<meta property=\"og:title\" content=\"UE discute meta de emiss\u00f5es para 2040: ambiciosa ou realista? - Portal Tela Portugal\" \/>\n<meta property=\"og:description\" content=\"A UE aprovou a meta interm\u00e9dia para 2040: reduzir as emiss\u00f5es l\u00edquidas de gases com efeito de estufa em 90% face a 1990, como parte da lei clim\u00e1tica revista. A meta pretende manter o caminho para a neutralidade clim\u00e1tica at\u00e9 2050, com compensa\u00e7\u00f5es apenas quando as salvaguardas forem cred\u00edveis. Cr\u00edticos alertam para uma lacuna jur\u00eddica a partir de 2036 que permite cr\u00e9ditos internacionais at\u00e9 5% das emiss\u00f5es de 1990 para a meta de 2040, o que pode reduzir as redu\u00e7\u00f5es internas para 85%. A Climate Action Tracker diz que a brecha \u00e9 arriscada e que as salvaguardas s\u00e3o insuficientes para evitar lacunas contabil\u00edsticas e menor ambi\u00e7\u00e3o interna. A aus\u00eancia de metas espec\u00edficas para o uso do solo (LULUCF) para 2035\/2040 levanta d\u00favidas sobre quanto vir\u00e1 de redu\u00e7\u00f5es reais versus remo\u00e7\u00f5es de carbono.\" \/>\n<meta property=\"og:url\" content=\"https:\/\/portaltela.pt\/noticias\/2026\/03\/12\/ue-discute-meta-de-emissoes-para-2040-ambiciosa-ou-realista\/\" \/>\n<meta property=\"og:site_name\" content=\"Portal Tela Portugal\" \/>\n<meta property=\"article:published_time\" content=\"2026-03-12T12:17:07+00:00\" \/>\n<meta name=\"author\" content=\"Telinha\" \/>\n<meta name=\"twitter:card\" content=\"summary_large_image\" \/>\n<meta name=\"twitter:label1\" content=\"Escrito por\" \/>\n\t<meta name=\"twitter:data1\" content=\"Telinha\" \/>\n\t<meta name=\"twitter:label2\" content=\"Tempo estimado de leitura\" \/>\n\t<meta name=\"twitter:data2\" content=\"2 minutos\" \/>\n<script type=\"application\/ld+json\" class=\"yoast-schema-graph\">{\"@context\":\"https:\/\/schema.org\",\"@graph\":[{\"@type\":\"Article\",\"@id\":\"https:\/\/portaltela.pt\/noticias\/2026\/03\/12\/ue-discute-meta-de-emissoes-para-2040-ambiciosa-ou-realista\/#article\",\"isPartOf\":{\"@id\":\"https:\/\/portaltela.pt\/noticias\/2026\/03\/12\/ue-discute-meta-de-emissoes-para-2040-ambiciosa-ou-realista\/\"},\"author\":{\"name\":\"Telinha\",\"@id\":\"https:\/\/portaltela.pt\/#\/schema\/person\/c4278d4a6028830caff9ee44b42d32ed\"},\"headline\":\"UE discute meta de emiss\u00f5es para 2040: ambiciosa ou realista?\",\"datePublished\":\"2026-03-12T12:17:07+00:00\",\"mainEntityOfPage\":{\"@id\":\"https:\/\/portaltela.pt\/noticias\/2026\/03\/12\/ue-discute-meta-de-emissoes-para-2040-ambiciosa-ou-realista\/\"},\"wordCount\":505,\"image\":{\"@id\":\"https:\/\/portaltela.pt\/noticias\/2026\/03\/12\/ue-discute-meta-de-emissoes-para-2040-ambiciosa-ou-realista\/#primaryimage\"},\"thumbnailUrl\":\"https:\/\/portaltela.pt\/s.01k8rhncp4jt1\/2026\/03\/1536x864_cmsv2_18be27e5-6c6a-57e9-bed1-3799db325d53-9683106.jpg\",\"keywords\":[\"Altera\u00e7\u00f5es Clim\u00e1ticas\",\"emiss\u00f5es\",\"energia limpa\",\"energias renov\u00e1veis\",\"Europa\",\"meio-ambiente\"],\"articleSection\":[\"Not\u00edcias\"],\"inLanguage\":\"pt-PT\"},{\"@type\":\"WebPage\",\"@id\":\"https:\/\/portaltela.pt\/noticias\/2026\/03\/12\/ue-discute-meta-de-emissoes-para-2040-ambiciosa-ou-realista\/\",\"url\":\"https:\/\/portaltela.pt\/noticias\/2026\/03\/12\/ue-discute-meta-de-emissoes-para-2040-ambiciosa-ou-realista\/\",\"name\":\"UE discute meta de emiss\u00f5es para 2040: ambiciosa ou realista? - Portal Tela Portugal\",\"isPartOf\":{\"@id\":\"https:\/\/portaltela.pt\/#website\"},\"primaryImageOfPage\":{\"@id\":\"https:\/\/portaltela.pt\/noticias\/2026\/03\/12\/ue-discute-meta-de-emissoes-para-2040-ambiciosa-ou-realista\/#primaryimage\"},\"image\":{\"@id\":\"https:\/\/portaltela.pt\/noticias\/2026\/03\/12\/ue-discute-meta-de-emissoes-para-2040-ambiciosa-ou-realista\/#primaryimage\"},\"thumbnailUrl\":\"https:\/\/portaltela.pt\/s.01k8rhncp4jt1\/2026\/03\/1536x864_cmsv2_18be27e5-6c6a-57e9-bed1-3799db325d53-9683106.jpg\",\"datePublished\":\"2026-03-12T12:17:07+00:00\",\"author\":{\"@id\":\"https:\/\/portaltela.pt\/#\/schema\/person\/c4278d4a6028830caff9ee44b42d32ed\"},\"breadcrumb\":{\"@id\":\"https:\/\/portaltela.pt\/noticias\/2026\/03\/12\/ue-discute-meta-de-emissoes-para-2040-ambiciosa-ou-realista\/#breadcrumb\"},\"inLanguage\":\"pt-PT\",\"potentialAction\":[{\"@type\":\"ReadAction\",\"target\":[\"https:\/\/portaltela.pt\/noticias\/2026\/03\/12\/ue-discute-meta-de-emissoes-para-2040-ambiciosa-ou-realista\/\"]}]},{\"@type\":\"ImageObject\",\"inLanguage\":\"pt-PT\",\"@id\":\"https:\/\/portaltela.pt\/noticias\/2026\/03\/12\/ue-discute-meta-de-emissoes-para-2040-ambiciosa-ou-realista\/#primaryimage\",\"url\":\"https:\/\/portaltela.pt\/s.01k8rhncp4jt1\/2026\/03\/1536x864_cmsv2_18be27e5-6c6a-57e9-bed1-3799db325d53-9683106.jpg\",\"contentUrl\":\"https:\/\/portaltela.pt\/s.01k8rhncp4jt1\/2026\/03\/1536x864_cmsv2_18be27e5-6c6a-57e9-bed1-3799db325d53-9683106.jpg\",\"width\":796,\"height\":448,\"caption\":\"Um homem olha para o telem\u00f3vel enquanto atravessa uma ponte, com o fumo de uma incineradora de res\u00edduos ao fundo, nos arredores de Paris, quinta\u2011feira, 23 de setembro de 2021.\"},{\"@type\":\"BreadcrumbList\",\"@id\":\"https:\/\/portaltela.pt\/noticias\/2026\/03\/12\/ue-discute-meta-de-emissoes-para-2040-ambiciosa-ou-realista\/#breadcrumb\",\"itemListElement\":[{\"@type\":\"ListItem\",\"position\":1,\"name\":\"In\u00edcio\",\"item\":\"https:\/\/portaltela.pt\/\"},{\"@type\":\"ListItem\",\"position\":2,\"name\":\"UE discute meta de emiss\u00f5es para 2040: ambiciosa ou realista?\"}]},{\"@type\":\"WebSite\",\"@id\":\"https:\/\/portaltela.pt\/#website\",\"url\":\"https:\/\/portaltela.pt\/\",\"name\":\"Portal Tela Portugal\",\"description\":\"\",\"potentialAction\":[{\"@type\":\"SearchAction\",\"target\":{\"@type\":\"EntryPoint\",\"urlTemplate\":\"https:\/\/portaltela.pt\/?s={search_term_string}\"},\"query-input\":{\"@type\":\"PropertyValueSpecification\",\"valueRequired\":true,\"valueName\":\"search_term_string\"}}],\"inLanguage\":\"pt-PT\"},{\"@type\":\"Person\",\"@id\":\"https:\/\/portaltela.pt\/#\/schema\/person\/c4278d4a6028830caff9ee44b42d32ed\",\"name\":\"Telinha\",\"image\":{\"@type\":\"ImageObject\",\"inLanguage\":\"pt-PT\",\"@id\":\"https:\/\/portaltela.pt\/s.01k8rhncp4jt1\/2025\/11\/talking-bot-125x125.png\",\"url\":\"https:\/\/portaltela.pt\/s.01k8rhncp4jt1\/2025\/11\/talking-bot-125x125.png\",\"contentUrl\":\"https:\/\/portaltela.pt\/s.01k8rhncp4jt1\/2025\/11\/talking-bot-125x125.png\",\"caption\":\"Telinha\"},\"sameAs\":[\"https:\/\/portaltela.pt\/\"],\"url\":\"https:\/\/portaltela.pt\/por\/367410592786\/\"}]}<\/script>\n<!-- \/ Yoast SEO plugin. -->","yoast_head_json":{"title":"UE discute meta de emiss\u00f5es para 2040: ambiciosa ou realista? - Portal Tela Portugal","robots":{"index":"index","follow":"follow","max-snippet":"max-snippet:-1","max-image-preview":"max-image-preview:large","max-video-preview":"max-video-preview:-1"},"og_locale":"pt_PT","og_type":"article","og_title":"UE discute meta de emiss\u00f5es para 2040: ambiciosa ou realista? - Portal Tela Portugal","og_description":"A UE aprovou a meta interm\u00e9dia para 2040: reduzir as emiss\u00f5es l\u00edquidas de gases com efeito de estufa em 90% face a 1990, como parte da lei clim\u00e1tica revista. A meta pretende manter o caminho para a neutralidade clim\u00e1tica at\u00e9 2050, com compensa\u00e7\u00f5es apenas quando as salvaguardas forem cred\u00edveis. Cr\u00edticos alertam para uma lacuna jur\u00eddica a partir de 2036 que permite cr\u00e9ditos internacionais at\u00e9 5% das emiss\u00f5es de 1990 para a meta de 2040, o que pode reduzir as redu\u00e7\u00f5es internas para 85%. A Climate Action Tracker diz que a brecha \u00e9 arriscada e que as salvaguardas s\u00e3o insuficientes para evitar lacunas contabil\u00edsticas e menor ambi\u00e7\u00e3o interna. A aus\u00eancia de metas espec\u00edficas para o uso do solo (LULUCF) para 2035\/2040 levanta d\u00favidas sobre quanto vir\u00e1 de redu\u00e7\u00f5es reais versus remo\u00e7\u00f5es de carbono.","og_url":"https:\/\/portaltela.pt\/noticias\/2026\/03\/12\/ue-discute-meta-de-emissoes-para-2040-ambiciosa-ou-realista\/","og_site_name":"Portal Tela Portugal","article_published_time":"2026-03-12T12:17:07+00:00","author":"Telinha","twitter_card":"summary_large_image","twitter_misc":{"Escrito por":"Telinha","Tempo estimado de leitura":"2 minutos"},"schema":{"@context":"https:\/\/schema.org","@graph":[{"@type":"Article","@id":"https:\/\/portaltela.pt\/noticias\/2026\/03\/12\/ue-discute-meta-de-emissoes-para-2040-ambiciosa-ou-realista\/#article","isPartOf":{"@id":"https:\/\/portaltela.pt\/noticias\/2026\/03\/12\/ue-discute-meta-de-emissoes-para-2040-ambiciosa-ou-realista\/"},"author":{"name":"Telinha","@id":"https:\/\/portaltela.pt\/#\/schema\/person\/c4278d4a6028830caff9ee44b42d32ed"},"headline":"UE discute meta de emiss\u00f5es para 2040: ambiciosa ou realista?","datePublished":"2026-03-12T12:17:07+00:00","mainEntityOfPage":{"@id":"https:\/\/portaltela.pt\/noticias\/2026\/03\/12\/ue-discute-meta-de-emissoes-para-2040-ambiciosa-ou-realista\/"},"wordCount":505,"image":{"@id":"https:\/\/portaltela.pt\/noticias\/2026\/03\/12\/ue-discute-meta-de-emissoes-para-2040-ambiciosa-ou-realista\/#primaryimage"},"thumbnailUrl":"https:\/\/portaltela.pt\/s.01k8rhncp4jt1\/2026\/03\/1536x864_cmsv2_18be27e5-6c6a-57e9-bed1-3799db325d53-9683106.jpg","keywords":["Altera\u00e7\u00f5es Clim\u00e1ticas","emiss\u00f5es","energia limpa","energias renov\u00e1veis","Europa","meio-ambiente"],"articleSection":["Not\u00edcias"],"inLanguage":"pt-PT"},{"@type":"WebPage","@id":"https:\/\/portaltela.pt\/noticias\/2026\/03\/12\/ue-discute-meta-de-emissoes-para-2040-ambiciosa-ou-realista\/","url":"https:\/\/portaltela.pt\/noticias\/2026\/03\/12\/ue-discute-meta-de-emissoes-para-2040-ambiciosa-ou-realista\/","name":"UE discute meta de emiss\u00f5es para 2040: ambiciosa ou realista? - Portal Tela Portugal","isPartOf":{"@id":"https:\/\/portaltela.pt\/#website"},"primaryImageOfPage":{"@id":"https:\/\/portaltela.pt\/noticias\/2026\/03\/12\/ue-discute-meta-de-emissoes-para-2040-ambiciosa-ou-realista\/#primaryimage"},"image":{"@id":"https:\/\/portaltela.pt\/noticias\/2026\/03\/12\/ue-discute-meta-de-emissoes-para-2040-ambiciosa-ou-realista\/#primaryimage"},"thumbnailUrl":"https:\/\/portaltela.pt\/s.01k8rhncp4jt1\/2026\/03\/1536x864_cmsv2_18be27e5-6c6a-57e9-bed1-3799db325d53-9683106.jpg","datePublished":"2026-03-12T12:17:07+00:00","author":{"@id":"https:\/\/portaltela.pt\/#\/schema\/person\/c4278d4a6028830caff9ee44b42d32ed"},"breadcrumb":{"@id":"https:\/\/portaltela.pt\/noticias\/2026\/03\/12\/ue-discute-meta-de-emissoes-para-2040-ambiciosa-ou-realista\/#breadcrumb"},"inLanguage":"pt-PT","potentialAction":[{"@type":"ReadAction","target":["https:\/\/portaltela.pt\/noticias\/2026\/03\/12\/ue-discute-meta-de-emissoes-para-2040-ambiciosa-ou-realista\/"]}]},{"@type":"ImageObject","inLanguage":"pt-PT","@id":"https:\/\/portaltela.pt\/noticias\/2026\/03\/12\/ue-discute-meta-de-emissoes-para-2040-ambiciosa-ou-realista\/#primaryimage","url":"https:\/\/portaltela.pt\/s.01k8rhncp4jt1\/2026\/03\/1536x864_cmsv2_18be27e5-6c6a-57e9-bed1-3799db325d53-9683106.jpg","contentUrl":"https:\/\/portaltela.pt\/s.01k8rhncp4jt1\/2026\/03\/1536x864_cmsv2_18be27e5-6c6a-57e9-bed1-3799db325d53-9683106.jpg","width":796,"height":448,"caption":"Um homem olha para o telem\u00f3vel enquanto atravessa uma ponte, com o fumo de uma incineradora de res\u00edduos ao fundo, nos arredores de Paris, quinta\u2011feira, 23 de setembro de 2021."},{"@type":"BreadcrumbList","@id":"https:\/\/portaltela.pt\/noticias\/2026\/03\/12\/ue-discute-meta-de-emissoes-para-2040-ambiciosa-ou-realista\/#breadcrumb","itemListElement":[{"@type":"ListItem","position":1,"name":"In\u00edcio","item":"https:\/\/portaltela.pt\/"},{"@type":"ListItem","position":2,"name":"UE discute meta de emiss\u00f5es para 2040: ambiciosa ou realista?"}]},{"@type":"WebSite","@id":"https:\/\/portaltela.pt\/#website","url":"https:\/\/portaltela.pt\/","name":"Portal Tela Portugal","description":"","potentialAction":[{"@type":"SearchAction","target":{"@type":"EntryPoint","urlTemplate":"https:\/\/portaltela.pt\/?s={search_term_string}"},"query-input":{"@type":"PropertyValueSpecification","valueRequired":true,"valueName":"search_term_string"}}],"inLanguage":"pt-PT"},{"@type":"Person","@id":"https:\/\/portaltela.pt\/#\/schema\/person\/c4278d4a6028830caff9ee44b42d32ed","name":"Telinha","image":{"@type":"ImageObject","inLanguage":"pt-PT","@id":"https:\/\/portaltela.pt\/s.01k8rhncp4jt1\/2025\/11\/talking-bot-125x125.png","url":"https:\/\/portaltela.pt\/s.01k8rhncp4jt1\/2025\/11\/talking-bot-125x125.png","contentUrl":"https:\/\/portaltela.pt\/s.01k8rhncp4jt1\/2025\/11\/talking-bot-125x125.png","caption":"Telinha"},"sameAs":["https:\/\/portaltela.pt\/"],"url":"https:\/\/portaltela.pt\/por\/367410592786\/"}]}},"_links":{"self":[{"href":"https:\/\/portaltela.pt\/api\/wp\/v2\/posts\/407315","targetHints":{"allow":["GET"]}}],"collection":[{"href":"https:\/\/portaltela.pt\/api\/wp\/v2\/posts"}],"about":[{"href":"https:\/\/portaltela.pt\/api\/wp\/v2\/types\/post"}],"author":[{"embeddable":true,"href":"https:\/\/portaltela.pt\/api\/wp\/v2\/users\/2"}],"replies":[{"embeddable":true,"href":"https:\/\/portaltela.pt\/api\/wp\/v2\/comments?post=407315"}],"version-history":[{"count":0,"href":"https:\/\/portaltela.pt\/api\/wp\/v2\/posts\/407315\/revisions"}],"wp:featuredmedia":[{"embeddable":true,"href":"https:\/\/portaltela.pt\/api\/wp\/v2\/media\/407317"}],"wp:attachment":[{"href":"https:\/\/portaltela.pt\/api\/wp\/v2\/media?parent=407315"}],"wp:term":[{"taxonomy":"category","embeddable":true,"href":"https:\/\/portaltela.pt\/api\/wp\/v2\/categories?post=407315"},{"taxonomy":"post_tag","embeddable":true,"href":"https:\/\/portaltela.pt\/api\/wp\/v2\/tags?post=407315"}],"curies":[{"name":"wp","href":"https:\/\/api.w.org\/{rel}","templated":true}]}}