{"id":407313,"date":"2026-03-12T08:55:00","date_gmt":"2026-03-12T11:55:00","guid":{"rendered":"https:\/\/portaltela.pt\/noticias\/2026\/03\/12\/morreu-na-suica-o-motorista-do-autocarro-descrito-como-colega-valioso\/"},"modified":"2026-03-12T08:55:00","modified_gmt":"2026-03-12T11:55:00","slug":"morreu-na-suica-o-motorista-do-autocarro-descrito-como-colega-valioso","status":"publish","type":"post","link":"https:\/\/portaltela.pt\/noticias\/2026\/03\/12\/morreu-na-suica-o-motorista-do-autocarro-descrito-como-colega-valioso\/","title":{"rendered":"Morreu na Su\u00ed\u00e7a o motorista do autocarro, descrito como colega valioso"},"content":{"rendered":"<p>Um autocarro da PostBus ardia nas proximidades de Friburgo, Su\u00ed\u00e7a, na ter\u00e7a-feira. O fogo fez seis mortos e cinco feridos, segundo a Pol\u00edcia de Friburgo, que abriu investiga\u00e7\u00e3o para esclarecer as circunst\u00e2ncias.<\/p>\n<p>O motorista do autocarro era um homem portugu\u00eas, de 63 anos, chamado Albino, residente em Morat. Entre as v\u00edtimas identificadas est\u00e3o uma locutora de r\u00e1dio de 26 anos, Lara Baumgartner, uma mulher de 39 anos e tr\u00eas homens de 16, 29 e 65 anos, todos su\u00ed\u00e7os.<\/p>\n<h3>Identifica\u00e7\u00e3o das v\u00edtimas<\/h3>\n<p>Entre os feridos, dois homens, de 34 e 61 anos, e duas mulheres, de 27 e 56, seguem hospitalizados, juntamente com um homem de 32 anos de origem kosovar. A maioria reside na regi\u00e3o de Friburgo e Baleares su\u00ed\u00e7as.<\/p>\n<p>O porta-voz da pol\u00edcia confirmou que o alegado autor do inc\u00eandio entrou no autocarro com sacos, pulverizou um l\u00edquido inflam\u00e1vel e se imolou. A investiga\u00e7\u00e3o indica que o suspeito era um residente de Bern que j\u00e1 tinha hist\u00f3rico de consumo de droga e que n\u00e3o existem ind\u00edcios de motiva\u00e7\u00e3o terrorista.<\/p>\n<h3>Contexto e rea\u00e7\u00e3o institucional<\/h3>\n<p>O acidente ocorreu num autocarro postal que liga zonas rurais. O diretor-geral da PostBus, Stefan Regli, pediu respeito pelas v\u00edtimas e familiares, ressaltando que a empresa treina as equipas para emerg\u00eancias, mas situa\u00e7\u00f5es extremas n\u00e3o podem ser previstas. Regli afirmou que todos os ve\u00edculos disp\u00f5em de extintores e dispositivos de emerg\u00eancia.<\/p>\n","protected":false},"excerpt":{"rendered":"<ul>\n<li>O autocarro da PostBus incendiou-se perto de Kerzers, em Friburgo, Su\u00ed\u00e7a, na ter\u00e7a-feira, causando seis mortos e cinco feridos.<\/li>\n<li>O motorista Albino, de 63 anos, portugu\u00eas residente em Morat, \u00e9 a v\u00edtima identificada da equipa de condu\u00e7\u00e3o.<\/li>\n<li>Entre os feridos est\u00e3o uma mulher de 56 anos, dois homens de 34 e 61 anos, uma mulher de 27 anos e um homem de 32 anos de origem kosovar.<\/li>\n<li>A pol\u00edcia reiterou que o autor do fogo foi um homem su\u00ed\u00e7o que se imolou; n\u00e3o h\u00e1 ind\u00edcios de ataque terrorista; o suspeito era conhecido por consumo de droga e esteve hospitalizado.<\/li>\n<li>O presidente executivo da PostBus descreveu Albino como um \u201ccolega valioso\u201d e confirmou que a empresa tem medidas de prote\u00e7\u00e3o contra inc\u00eandios e treino de emerg\u00eancia.<\/li>\n<\/ul>\n","protected":false},"author":2,"featured_media":407316,"comment_status":"closed","ping_status":"closed","sticky":false,"template":"","format":"standard","meta":{"footnotes":""},"categories":[6849,1],"tags":[5487,3769,1438,6429,40,2991],"class_list":["post-407313","post","type-post","status-publish","format-standard","has-post-thumbnail","hentry","category-acidentes","category-noticias","tag-acidente","tag-autocarros","tag-incendio","tag-mortes","tag-pessoas","tag-suica"],"yoast_head":"<!-- This site is optimized with the Yoast SEO plugin v27.2 - https:\/\/yoast.com\/product\/yoast-seo-wordpress\/ -->\n<title>Morreu na Su\u00ed\u00e7a o motorista do autocarro, descrito como colega valioso - Portal Tela Portugal<\/title>\n<meta name=\"robots\" content=\"index, follow, max-snippet:-1, max-image-preview:large, max-video-preview:-1\" \/>\n<meta property=\"og:locale\" content=\"pt_PT\" \/>\n<meta property=\"og:type\" content=\"article\" \/>\n<meta property=\"og:title\" content=\"Morreu na Su\u00ed\u00e7a o motorista do autocarro, descrito como colega valioso - Portal Tela Portugal\" \/>\n<meta property=\"og:description\" content=\"O autocarro da PostBus incendiou-se perto de Kerzers, em Friburgo, Su\u00ed\u00e7a, na ter\u00e7a-feira, causando seis mortos e cinco feridos. O motorista Albino, de 63 anos, portugu\u00eas residente em Morat, \u00e9 a v\u00edtima identificada da equipa de condu\u00e7\u00e3o. Entre os feridos est\u00e3o uma mulher de 56 anos, dois homens de 34 e 61 anos, uma mulher de 27 anos e um homem de 32 anos de origem kosovar. A pol\u00edcia reiterou que o autor do fogo foi um homem su\u00ed\u00e7o que se imolou; n\u00e3o h\u00e1 ind\u00edcios de ataque terrorista; o suspeito era conhecido por consumo de droga e esteve hospitalizado. O presidente executivo da PostBus descreveu Albino como um \u201ccolega valioso\u201d e confirmou que a empresa tem medidas de prote\u00e7\u00e3o contra inc\u00eandios e treino de emerg\u00eancia.\" \/>\n<meta property=\"og:url\" content=\"https:\/\/portaltela.pt\/noticias\/2026\/03\/12\/morreu-na-suica-o-motorista-do-autocarro-descrito-como-colega-valioso\/\" \/>\n<meta property=\"og:site_name\" content=\"Portal Tela Portugal\" \/>\n<meta property=\"article:published_time\" content=\"2026-03-12T11:55:00+00:00\" \/>\n<meta name=\"author\" content=\"Telinha\" \/>\n<meta name=\"twitter:card\" content=\"summary_large_image\" \/>\n<meta name=\"twitter:label1\" content=\"Escrito por\" \/>\n\t<meta name=\"twitter:data1\" content=\"Telinha\" \/>\n\t<meta name=\"twitter:label2\" content=\"Tempo estimado de leitura\" \/>\n\t<meta name=\"twitter:data2\" content=\"1 minuto\" \/>\n<script type=\"application\/ld+json\" class=\"yoast-schema-graph\">{\"@context\":\"https:\/\/schema.org\",\"@graph\":[{\"@type\":\"Article\",\"@id\":\"https:\/\/portaltela.pt\/noticias\/2026\/03\/12\/morreu-na-suica-o-motorista-do-autocarro-descrito-como-colega-valioso\/#article\",\"isPartOf\":{\"@id\":\"https:\/\/portaltela.pt\/noticias\/2026\/03\/12\/morreu-na-suica-o-motorista-do-autocarro-descrito-como-colega-valioso\/\"},\"author\":{\"name\":\"Telinha\",\"@id\":\"https:\/\/portaltela.pt\/#\/schema\/person\/c4278d4a6028830caff9ee44b42d32ed\"},\"headline\":\"Morreu na Su\u00ed\u00e7a o motorista do autocarro, descrito como colega valioso\",\"datePublished\":\"2026-03-12T11:55:00+00:00\",\"mainEntityOfPage\":{\"@id\":\"https:\/\/portaltela.pt\/noticias\/2026\/03\/12\/morreu-na-suica-o-motorista-do-autocarro-descrito-como-colega-valioso\/\"},\"wordCount\":258,\"image\":{\"@id\":\"https:\/\/portaltela.pt\/noticias\/2026\/03\/12\/morreu-na-suica-o-motorista-do-autocarro-descrito-como-colega-valioso\/#primaryimage\"},\"thumbnailUrl\":\"https:\/\/portaltela.pt\/s.01k8rhncp4jt1\/2026\/03\/32a46fbc-3e4c-4998-ad8c-cb6f2d7f60fd_1200x675.jpg\",\"keywords\":[\"acidente\",\"autocarros\",\"inc\u00eandio\",\"mortes\",\"pessoas\",\"Su\u00ed\u00e7a\"],\"articleSection\":[\"Acidentes\",\"Not\u00edcias\"],\"inLanguage\":\"pt-PT\"},{\"@type\":\"WebPage\",\"@id\":\"https:\/\/portaltela.pt\/noticias\/2026\/03\/12\/morreu-na-suica-o-motorista-do-autocarro-descrito-como-colega-valioso\/\",\"url\":\"https:\/\/portaltela.pt\/noticias\/2026\/03\/12\/morreu-na-suica-o-motorista-do-autocarro-descrito-como-colega-valioso\/\",\"name\":\"Morreu na Su\u00ed\u00e7a o motorista do autocarro, descrito como colega valioso - Portal Tela Portugal\",\"isPartOf\":{\"@id\":\"https:\/\/portaltela.pt\/#website\"},\"primaryImageOfPage\":{\"@id\":\"https:\/\/portaltela.pt\/noticias\/2026\/03\/12\/morreu-na-suica-o-motorista-do-autocarro-descrito-como-colega-valioso\/#primaryimage\"},\"image\":{\"@id\":\"https:\/\/portaltela.pt\/noticias\/2026\/03\/12\/morreu-na-suica-o-motorista-do-autocarro-descrito-como-colega-valioso\/#primaryimage\"},\"thumbnailUrl\":\"https:\/\/portaltela.pt\/s.01k8rhncp4jt1\/2026\/03\/32a46fbc-3e4c-4998-ad8c-cb6f2d7f60fd_1200x675.jpg\",\"datePublished\":\"2026-03-12T11:55:00+00:00\",\"author\":{\"@id\":\"https:\/\/portaltela.pt\/#\/schema\/person\/c4278d4a6028830caff9ee44b42d32ed\"},\"breadcrumb\":{\"@id\":\"https:\/\/portaltela.pt\/noticias\/2026\/03\/12\/morreu-na-suica-o-motorista-do-autocarro-descrito-como-colega-valioso\/#breadcrumb\"},\"inLanguage\":\"pt-PT\",\"potentialAction\":[{\"@type\":\"ReadAction\",\"target\":[\"https:\/\/portaltela.pt\/noticias\/2026\/03\/12\/morreu-na-suica-o-motorista-do-autocarro-descrito-como-colega-valioso\/\"]}]},{\"@type\":\"ImageObject\",\"inLanguage\":\"pt-PT\",\"@id\":\"https:\/\/portaltela.pt\/noticias\/2026\/03\/12\/morreu-na-suica-o-motorista-do-autocarro-descrito-como-colega-valioso\/#primaryimage\",\"url\":\"https:\/\/portaltela.pt\/s.01k8rhncp4jt1\/2026\/03\/32a46fbc-3e4c-4998-ad8c-cb6f2d7f60fd_1200x675.jpg\",\"contentUrl\":\"https:\/\/portaltela.pt\/s.01k8rhncp4jt1\/2026\/03\/32a46fbc-3e4c-4998-ad8c-cb6f2d7f60fd_1200x675.jpg\",\"width\":796,\"height\":448,\"caption\":\"V\u00e1rias pessoas prestaram homenagem \u00e0s v\u00edtimas na quarta-feira \u00e0 noite, no local do acidente\"},{\"@type\":\"BreadcrumbList\",\"@id\":\"https:\/\/portaltela.pt\/noticias\/2026\/03\/12\/morreu-na-suica-o-motorista-do-autocarro-descrito-como-colega-valioso\/#breadcrumb\",\"itemListElement\":[{\"@type\":\"ListItem\",\"position\":1,\"name\":\"In\u00edcio\",\"item\":\"https:\/\/portaltela.pt\/\"},{\"@type\":\"ListItem\",\"position\":2,\"name\":\"Morreu na Su\u00ed\u00e7a o motorista do autocarro, descrito como colega valioso\"}]},{\"@type\":\"WebSite\",\"@id\":\"https:\/\/portaltela.pt\/#website\",\"url\":\"https:\/\/portaltela.pt\/\",\"name\":\"Portal Tela Portugal\",\"description\":\"\",\"potentialAction\":[{\"@type\":\"SearchAction\",\"target\":{\"@type\":\"EntryPoint\",\"urlTemplate\":\"https:\/\/portaltela.pt\/?s={search_term_string}\"},\"query-input\":{\"@type\":\"PropertyValueSpecification\",\"valueRequired\":true,\"valueName\":\"search_term_string\"}}],\"inLanguage\":\"pt-PT\"},{\"@type\":\"Person\",\"@id\":\"https:\/\/portaltela.pt\/#\/schema\/person\/c4278d4a6028830caff9ee44b42d32ed\",\"name\":\"Telinha\",\"image\":{\"@type\":\"ImageObject\",\"inLanguage\":\"pt-PT\",\"@id\":\"https:\/\/portaltela.pt\/s.01k8rhncp4jt1\/2025\/11\/talking-bot-125x125.png\",\"url\":\"https:\/\/portaltela.pt\/s.01k8rhncp4jt1\/2025\/11\/talking-bot-125x125.png\",\"contentUrl\":\"https:\/\/portaltela.pt\/s.01k8rhncp4jt1\/2025\/11\/talking-bot-125x125.png\",\"caption\":\"Telinha\"},\"sameAs\":[\"https:\/\/portaltela.pt\/\"],\"url\":\"https:\/\/portaltela.pt\/por\/367410592786\/\"}]}<\/script>\n<!-- \/ Yoast SEO plugin. -->","yoast_head_json":{"title":"Morreu na Su\u00ed\u00e7a o motorista do autocarro, descrito como colega valioso - Portal Tela Portugal","robots":{"index":"index","follow":"follow","max-snippet":"max-snippet:-1","max-image-preview":"max-image-preview:large","max-video-preview":"max-video-preview:-1"},"og_locale":"pt_PT","og_type":"article","og_title":"Morreu na Su\u00ed\u00e7a o motorista do autocarro, descrito como colega valioso - Portal Tela Portugal","og_description":"O autocarro da PostBus incendiou-se perto de Kerzers, em Friburgo, Su\u00ed\u00e7a, na ter\u00e7a-feira, causando seis mortos e cinco feridos. O motorista Albino, de 63 anos, portugu\u00eas residente em Morat, \u00e9 a v\u00edtima identificada da equipa de condu\u00e7\u00e3o. Entre os feridos est\u00e3o uma mulher de 56 anos, dois homens de 34 e 61 anos, uma mulher de 27 anos e um homem de 32 anos de origem kosovar. A pol\u00edcia reiterou que o autor do fogo foi um homem su\u00ed\u00e7o que se imolou; n\u00e3o h\u00e1 ind\u00edcios de ataque terrorista; o suspeito era conhecido por consumo de droga e esteve hospitalizado. O presidente executivo da PostBus descreveu Albino como um \u201ccolega valioso\u201d e confirmou que a empresa tem medidas de prote\u00e7\u00e3o contra inc\u00eandios e treino de emerg\u00eancia.","og_url":"https:\/\/portaltela.pt\/noticias\/2026\/03\/12\/morreu-na-suica-o-motorista-do-autocarro-descrito-como-colega-valioso\/","og_site_name":"Portal Tela Portugal","article_published_time":"2026-03-12T11:55:00+00:00","author":"Telinha","twitter_card":"summary_large_image","twitter_misc":{"Escrito por":"Telinha","Tempo estimado de leitura":"1 minuto"},"schema":{"@context":"https:\/\/schema.org","@graph":[{"@type":"Article","@id":"https:\/\/portaltela.pt\/noticias\/2026\/03\/12\/morreu-na-suica-o-motorista-do-autocarro-descrito-como-colega-valioso\/#article","isPartOf":{"@id":"https:\/\/portaltela.pt\/noticias\/2026\/03\/12\/morreu-na-suica-o-motorista-do-autocarro-descrito-como-colega-valioso\/"},"author":{"name":"Telinha","@id":"https:\/\/portaltela.pt\/#\/schema\/person\/c4278d4a6028830caff9ee44b42d32ed"},"headline":"Morreu na Su\u00ed\u00e7a o motorista do autocarro, descrito como colega valioso","datePublished":"2026-03-12T11:55:00+00:00","mainEntityOfPage":{"@id":"https:\/\/portaltela.pt\/noticias\/2026\/03\/12\/morreu-na-suica-o-motorista-do-autocarro-descrito-como-colega-valioso\/"},"wordCount":258,"image":{"@id":"https:\/\/portaltela.pt\/noticias\/2026\/03\/12\/morreu-na-suica-o-motorista-do-autocarro-descrito-como-colega-valioso\/#primaryimage"},"thumbnailUrl":"https:\/\/portaltela.pt\/s.01k8rhncp4jt1\/2026\/03\/32a46fbc-3e4c-4998-ad8c-cb6f2d7f60fd_1200x675.jpg","keywords":["acidente","autocarros","inc\u00eandio","mortes","pessoas","Su\u00ed\u00e7a"],"articleSection":["Acidentes","Not\u00edcias"],"inLanguage":"pt-PT"},{"@type":"WebPage","@id":"https:\/\/portaltela.pt\/noticias\/2026\/03\/12\/morreu-na-suica-o-motorista-do-autocarro-descrito-como-colega-valioso\/","url":"https:\/\/portaltela.pt\/noticias\/2026\/03\/12\/morreu-na-suica-o-motorista-do-autocarro-descrito-como-colega-valioso\/","name":"Morreu na Su\u00ed\u00e7a o motorista do autocarro, descrito como colega valioso - Portal Tela Portugal","isPartOf":{"@id":"https:\/\/portaltela.pt\/#website"},"primaryImageOfPage":{"@id":"https:\/\/portaltela.pt\/noticias\/2026\/03\/12\/morreu-na-suica-o-motorista-do-autocarro-descrito-como-colega-valioso\/#primaryimage"},"image":{"@id":"https:\/\/portaltela.pt\/noticias\/2026\/03\/12\/morreu-na-suica-o-motorista-do-autocarro-descrito-como-colega-valioso\/#primaryimage"},"thumbnailUrl":"https:\/\/portaltela.pt\/s.01k8rhncp4jt1\/2026\/03\/32a46fbc-3e4c-4998-ad8c-cb6f2d7f60fd_1200x675.jpg","datePublished":"2026-03-12T11:55:00+00:00","author":{"@id":"https:\/\/portaltela.pt\/#\/schema\/person\/c4278d4a6028830caff9ee44b42d32ed"},"breadcrumb":{"@id":"https:\/\/portaltela.pt\/noticias\/2026\/03\/12\/morreu-na-suica-o-motorista-do-autocarro-descrito-como-colega-valioso\/#breadcrumb"},"inLanguage":"pt-PT","potentialAction":[{"@type":"ReadAction","target":["https:\/\/portaltela.pt\/noticias\/2026\/03\/12\/morreu-na-suica-o-motorista-do-autocarro-descrito-como-colega-valioso\/"]}]},{"@type":"ImageObject","inLanguage":"pt-PT","@id":"https:\/\/portaltela.pt\/noticias\/2026\/03\/12\/morreu-na-suica-o-motorista-do-autocarro-descrito-como-colega-valioso\/#primaryimage","url":"https:\/\/portaltela.pt\/s.01k8rhncp4jt1\/2026\/03\/32a46fbc-3e4c-4998-ad8c-cb6f2d7f60fd_1200x675.jpg","contentUrl":"https:\/\/portaltela.pt\/s.01k8rhncp4jt1\/2026\/03\/32a46fbc-3e4c-4998-ad8c-cb6f2d7f60fd_1200x675.jpg","width":796,"height":448,"caption":"V\u00e1rias pessoas prestaram homenagem \u00e0s v\u00edtimas na quarta-feira \u00e0 noite, no local do acidente"},{"@type":"BreadcrumbList","@id":"https:\/\/portaltela.pt\/noticias\/2026\/03\/12\/morreu-na-suica-o-motorista-do-autocarro-descrito-como-colega-valioso\/#breadcrumb","itemListElement":[{"@type":"ListItem","position":1,"name":"In\u00edcio","item":"https:\/\/portaltela.pt\/"},{"@type":"ListItem","position":2,"name":"Morreu na Su\u00ed\u00e7a o motorista do autocarro, descrito como colega valioso"}]},{"@type":"WebSite","@id":"https:\/\/portaltela.pt\/#website","url":"https:\/\/portaltela.pt\/","name":"Portal Tela Portugal","description":"","potentialAction":[{"@type":"SearchAction","target":{"@type":"EntryPoint","urlTemplate":"https:\/\/portaltela.pt\/?s={search_term_string}"},"query-input":{"@type":"PropertyValueSpecification","valueRequired":true,"valueName":"search_term_string"}}],"inLanguage":"pt-PT"},{"@type":"Person","@id":"https:\/\/portaltela.pt\/#\/schema\/person\/c4278d4a6028830caff9ee44b42d32ed","name":"Telinha","image":{"@type":"ImageObject","inLanguage":"pt-PT","@id":"https:\/\/portaltela.pt\/s.01k8rhncp4jt1\/2025\/11\/talking-bot-125x125.png","url":"https:\/\/portaltela.pt\/s.01k8rhncp4jt1\/2025\/11\/talking-bot-125x125.png","contentUrl":"https:\/\/portaltela.pt\/s.01k8rhncp4jt1\/2025\/11\/talking-bot-125x125.png","caption":"Telinha"},"sameAs":["https:\/\/portaltela.pt\/"],"url":"https:\/\/portaltela.pt\/por\/367410592786\/"}]}},"_links":{"self":[{"href":"https:\/\/portaltela.pt\/api\/wp\/v2\/posts\/407313","targetHints":{"allow":["GET"]}}],"collection":[{"href":"https:\/\/portaltela.pt\/api\/wp\/v2\/posts"}],"about":[{"href":"https:\/\/portaltela.pt\/api\/wp\/v2\/types\/post"}],"author":[{"embeddable":true,"href":"https:\/\/portaltela.pt\/api\/wp\/v2\/users\/2"}],"replies":[{"embeddable":true,"href":"https:\/\/portaltela.pt\/api\/wp\/v2\/comments?post=407313"}],"version-history":[{"count":0,"href":"https:\/\/portaltela.pt\/api\/wp\/v2\/posts\/407313\/revisions"}],"wp:featuredmedia":[{"embeddable":true,"href":"https:\/\/portaltela.pt\/api\/wp\/v2\/media\/407316"}],"wp:attachment":[{"href":"https:\/\/portaltela.pt\/api\/wp\/v2\/media?parent=407313"}],"wp:term":[{"taxonomy":"category","embeddable":true,"href":"https:\/\/portaltela.pt\/api\/wp\/v2\/categories?post=407313"},{"taxonomy":"post_tag","embeddable":true,"href":"https:\/\/portaltela.pt\/api\/wp\/v2\/tags?post=407313"}],"curies":[{"name":"wp","href":"https:\/\/api.w.org\/{rel}","templated":true}]}}