{"id":407297,"date":"2026-03-12T09:16:35","date_gmt":"2026-03-12T12:16:35","guid":{"rendered":"https:\/\/portaltela.pt\/noticias\/2026\/03\/12\/morreu-aos-90-anos-o-jornalista-e-escritor-mario-zambujal\/"},"modified":"2026-03-12T09:16:35","modified_gmt":"2026-03-12T12:16:35","slug":"morreu-aos-90-anos-o-jornalista-e-escritor-mario-zambujal","status":"publish","type":"post","link":"https:\/\/portaltela.pt\/noticias\/2026\/03\/12\/morreu-aos-90-anos-o-jornalista-e-escritor-mario-zambujal\/","title":{"rendered":"Morreu aos 90 anos o jornalista e escritor M\u00e1rio Zambujal"},"content":{"rendered":"<p>Morreu esta quinta-feira, aos 90 anos, o jornalista e escritor M\u00e1rio Zambujal. Natural do concelho alentejano de Moura, deixa uma vasta participa\u00e7\u00e3o na imprensa portuguesa.<\/p>\n<p>Ao longo da carreira integrou reda\u00e7\u00f5es de A Bola, Record, O S\u00e9culo e Di\u00e1rio de Not\u00edcias, tendo sido ainda colunista do 24 Horas. Na televis\u00e3o, apresentou v\u00e1rios programas na RTP.<\/p>\n<p>Na esfera liter\u00e1ria destacou-se pela Cr\u00f3nica dos Bons Malandros, obra que viria a ser adaptada ao cinema e \u00e0 televis\u00e3o.<\/p>\n<p>Not\u00edcia em atualiza\u00e7\u00e3o<\/p>\n","protected":false},"excerpt":{"rendered":"<ul>\n<li>Morreu aos 90 anos o jornalista e escritor M\u00e1rio Zambujal.<\/li>\n<li>Natural do concelho alentejano de Moura, trabalhou nas reda\u00e7\u00f5es de A Bola, Record, O S\u00e9culo e Di\u00e1rio de Not\u00edcias, sendo ainda colunista do 24 Horas.<\/li>\n<li>Na televis\u00e3o, apresentou v\u00e1rios programas da RTP.<\/li>\n<li>Na literatura destacou-se pela obra Cr\u00f3nica dos Bons Malandros, adaptada ao cinema e \u00e0 televis\u00e3o.<\/li>\n<li>Not\u00edcia em atualiza\u00e7\u00e3o.<\/li>\n<\/ul>\n","protected":false},"author":2,"featured_media":407298,"comment_status":"closed","ping_status":"closed","sticky":false,"template":"","format":"standard","meta":{"footnotes":""},"categories":[1],"tags":[883,112,6654,106,2396,40],"class_list":["post-407297","post","type-post","status-publish","format-standard","has-post-thumbnail","hentry","category-noticias","tag-alentejo","tag-cinema","tag-escritores","tag-literatura","tag-moura","tag-pessoas"],"yoast_head":"<!-- This site is optimized with the Yoast SEO plugin v27.2 - https:\/\/yoast.com\/product\/yoast-seo-wordpress\/ -->\n<title>Morreu aos 90 anos o jornalista e escritor M\u00e1rio Zambujal - Portal Tela Portugal<\/title>\n<meta name=\"robots\" content=\"index, follow, max-snippet:-1, max-image-preview:large, max-video-preview:-1\" \/>\n<meta property=\"og:locale\" content=\"pt_PT\" \/>\n<meta property=\"og:type\" content=\"article\" \/>\n<meta property=\"og:title\" content=\"Morreu aos 90 anos o jornalista e escritor M\u00e1rio Zambujal - Portal Tela Portugal\" \/>\n<meta property=\"og:description\" content=\"Morreu aos 90 anos o jornalista e escritor M\u00e1rio Zambujal. Natural do concelho alentejano de Moura, trabalhou nas reda\u00e7\u00f5es de A Bola, Record, O S\u00e9culo e Di\u00e1rio de Not\u00edcias, sendo ainda colunista do 24 Horas. Na televis\u00e3o, apresentou v\u00e1rios programas da RTP. Na literatura destacou-se pela obra Cr\u00f3nica dos Bons Malandros, adaptada ao cinema e \u00e0 televis\u00e3o. Not\u00edcia em atualiza\u00e7\u00e3o.\" \/>\n<meta property=\"og:url\" content=\"https:\/\/portaltela.pt\/noticias\/2026\/03\/12\/morreu-aos-90-anos-o-jornalista-e-escritor-mario-zambujal\/\" \/>\n<meta property=\"og:site_name\" content=\"Portal Tela Portugal\" \/>\n<meta property=\"article:published_time\" content=\"2026-03-12T12:16:35+00:00\" \/>\n<meta name=\"author\" content=\"Telinha\" \/>\n<meta name=\"twitter:card\" content=\"summary_large_image\" \/>\n<meta name=\"twitter:label1\" content=\"Escrito por\" \/>\n\t<meta name=\"twitter:data1\" content=\"Telinha\" \/>\n<script type=\"application\/ld+json\" class=\"yoast-schema-graph\">{\"@context\":\"https:\/\/schema.org\",\"@graph\":[{\"@type\":\"Article\",\"@id\":\"https:\/\/portaltela.pt\/noticias\/2026\/03\/12\/morreu-aos-90-anos-o-jornalista-e-escritor-mario-zambujal\/#article\",\"isPartOf\":{\"@id\":\"https:\/\/portaltela.pt\/noticias\/2026\/03\/12\/morreu-aos-90-anos-o-jornalista-e-escritor-mario-zambujal\/\"},\"author\":{\"name\":\"Telinha\",\"@id\":\"https:\/\/portaltela.pt\/#\/schema\/person\/c4278d4a6028830caff9ee44b42d32ed\"},\"headline\":\"Morreu aos 90 anos o jornalista e escritor M\u00e1rio Zambujal\",\"datePublished\":\"2026-03-12T12:16:35+00:00\",\"mainEntityOfPage\":{\"@id\":\"https:\/\/portaltela.pt\/noticias\/2026\/03\/12\/morreu-aos-90-anos-o-jornalista-e-escritor-mario-zambujal\/\"},\"wordCount\":98,\"image\":{\"@id\":\"https:\/\/portaltela.pt\/noticias\/2026\/03\/12\/morreu-aos-90-anos-o-jornalista-e-escritor-mario-zambujal\/#primaryimage\"},\"thumbnailUrl\":\"https:\/\/portaltela.pt\/s.01k8rhncp4jt1\/2026\/03\/1536x864_cmsv2_35304b42-729b-5305-bf81-14ccc9a7f0f2-9683188.jpg\",\"keywords\":[\"Alentejo\",\"cinema\",\"escritores\",\"literatura\",\"Moura\",\"pessoas\"],\"articleSection\":[\"Not\u00edcias\"],\"inLanguage\":\"pt-PT\"},{\"@type\":\"WebPage\",\"@id\":\"https:\/\/portaltela.pt\/noticias\/2026\/03\/12\/morreu-aos-90-anos-o-jornalista-e-escritor-mario-zambujal\/\",\"url\":\"https:\/\/portaltela.pt\/noticias\/2026\/03\/12\/morreu-aos-90-anos-o-jornalista-e-escritor-mario-zambujal\/\",\"name\":\"Morreu aos 90 anos o jornalista e escritor M\u00e1rio Zambujal - Portal Tela Portugal\",\"isPartOf\":{\"@id\":\"https:\/\/portaltela.pt\/#website\"},\"primaryImageOfPage\":{\"@id\":\"https:\/\/portaltela.pt\/noticias\/2026\/03\/12\/morreu-aos-90-anos-o-jornalista-e-escritor-mario-zambujal\/#primaryimage\"},\"image\":{\"@id\":\"https:\/\/portaltela.pt\/noticias\/2026\/03\/12\/morreu-aos-90-anos-o-jornalista-e-escritor-mario-zambujal\/#primaryimage\"},\"thumbnailUrl\":\"https:\/\/portaltela.pt\/s.01k8rhncp4jt1\/2026\/03\/1536x864_cmsv2_35304b42-729b-5305-bf81-14ccc9a7f0f2-9683188.jpg\",\"datePublished\":\"2026-03-12T12:16:35+00:00\",\"author\":{\"@id\":\"https:\/\/portaltela.pt\/#\/schema\/person\/c4278d4a6028830caff9ee44b42d32ed\"},\"breadcrumb\":{\"@id\":\"https:\/\/portaltela.pt\/noticias\/2026\/03\/12\/morreu-aos-90-anos-o-jornalista-e-escritor-mario-zambujal\/#breadcrumb\"},\"inLanguage\":\"pt-PT\",\"potentialAction\":[{\"@type\":\"ReadAction\",\"target\":[\"https:\/\/portaltela.pt\/noticias\/2026\/03\/12\/morreu-aos-90-anos-o-jornalista-e-escritor-mario-zambujal\/\"]}]},{\"@type\":\"ImageObject\",\"inLanguage\":\"pt-PT\",\"@id\":\"https:\/\/portaltela.pt\/noticias\/2026\/03\/12\/morreu-aos-90-anos-o-jornalista-e-escritor-mario-zambujal\/#primaryimage\",\"url\":\"https:\/\/portaltela.pt\/s.01k8rhncp4jt1\/2026\/03\/1536x864_cmsv2_35304b42-729b-5305-bf81-14ccc9a7f0f2-9683188.jpg\",\"contentUrl\":\"https:\/\/portaltela.pt\/s.01k8rhncp4jt1\/2026\/03\/1536x864_cmsv2_35304b42-729b-5305-bf81-14ccc9a7f0f2-9683188.jpg\",\"width\":1536,\"height\":864,\"caption\":\"M\u00e1rio Zambujal\"},{\"@type\":\"BreadcrumbList\",\"@id\":\"https:\/\/portaltela.pt\/noticias\/2026\/03\/12\/morreu-aos-90-anos-o-jornalista-e-escritor-mario-zambujal\/#breadcrumb\",\"itemListElement\":[{\"@type\":\"ListItem\",\"position\":1,\"name\":\"In\u00edcio\",\"item\":\"https:\/\/portaltela.pt\/\"},{\"@type\":\"ListItem\",\"position\":2,\"name\":\"Morreu aos 90 anos o jornalista e escritor M\u00e1rio Zambujal\"}]},{\"@type\":\"WebSite\",\"@id\":\"https:\/\/portaltela.pt\/#website\",\"url\":\"https:\/\/portaltela.pt\/\",\"name\":\"Portal Tela Portugal\",\"description\":\"\",\"potentialAction\":[{\"@type\":\"SearchAction\",\"target\":{\"@type\":\"EntryPoint\",\"urlTemplate\":\"https:\/\/portaltela.pt\/?s={search_term_string}\"},\"query-input\":{\"@type\":\"PropertyValueSpecification\",\"valueRequired\":true,\"valueName\":\"search_term_string\"}}],\"inLanguage\":\"pt-PT\"},{\"@type\":\"Person\",\"@id\":\"https:\/\/portaltela.pt\/#\/schema\/person\/c4278d4a6028830caff9ee44b42d32ed\",\"name\":\"Telinha\",\"image\":{\"@type\":\"ImageObject\",\"inLanguage\":\"pt-PT\",\"@id\":\"https:\/\/portaltela.pt\/s.01k8rhncp4jt1\/2025\/11\/talking-bot-125x125.png\",\"url\":\"https:\/\/portaltela.pt\/s.01k8rhncp4jt1\/2025\/11\/talking-bot-125x125.png\",\"contentUrl\":\"https:\/\/portaltela.pt\/s.01k8rhncp4jt1\/2025\/11\/talking-bot-125x125.png\",\"caption\":\"Telinha\"},\"sameAs\":[\"https:\/\/portaltela.pt\/\"],\"url\":\"https:\/\/portaltela.pt\/por\/367410592786\/\"}]}<\/script>\n<!-- \/ Yoast SEO plugin. -->","yoast_head_json":{"title":"Morreu aos 90 anos o jornalista e escritor M\u00e1rio Zambujal - Portal Tela Portugal","robots":{"index":"index","follow":"follow","max-snippet":"max-snippet:-1","max-image-preview":"max-image-preview:large","max-video-preview":"max-video-preview:-1"},"og_locale":"pt_PT","og_type":"article","og_title":"Morreu aos 90 anos o jornalista e escritor M\u00e1rio Zambujal - Portal Tela Portugal","og_description":"Morreu aos 90 anos o jornalista e escritor M\u00e1rio Zambujal. Natural do concelho alentejano de Moura, trabalhou nas reda\u00e7\u00f5es de A Bola, Record, O S\u00e9culo e Di\u00e1rio de Not\u00edcias, sendo ainda colunista do 24 Horas. Na televis\u00e3o, apresentou v\u00e1rios programas da RTP. Na literatura destacou-se pela obra Cr\u00f3nica dos Bons Malandros, adaptada ao cinema e \u00e0 televis\u00e3o. Not\u00edcia em atualiza\u00e7\u00e3o.","og_url":"https:\/\/portaltela.pt\/noticias\/2026\/03\/12\/morreu-aos-90-anos-o-jornalista-e-escritor-mario-zambujal\/","og_site_name":"Portal Tela Portugal","article_published_time":"2026-03-12T12:16:35+00:00","author":"Telinha","twitter_card":"summary_large_image","twitter_misc":{"Escrito por":"Telinha"},"schema":{"@context":"https:\/\/schema.org","@graph":[{"@type":"Article","@id":"https:\/\/portaltela.pt\/noticias\/2026\/03\/12\/morreu-aos-90-anos-o-jornalista-e-escritor-mario-zambujal\/#article","isPartOf":{"@id":"https:\/\/portaltela.pt\/noticias\/2026\/03\/12\/morreu-aos-90-anos-o-jornalista-e-escritor-mario-zambujal\/"},"author":{"name":"Telinha","@id":"https:\/\/portaltela.pt\/#\/schema\/person\/c4278d4a6028830caff9ee44b42d32ed"},"headline":"Morreu aos 90 anos o jornalista e escritor M\u00e1rio Zambujal","datePublished":"2026-03-12T12:16:35+00:00","mainEntityOfPage":{"@id":"https:\/\/portaltela.pt\/noticias\/2026\/03\/12\/morreu-aos-90-anos-o-jornalista-e-escritor-mario-zambujal\/"},"wordCount":98,"image":{"@id":"https:\/\/portaltela.pt\/noticias\/2026\/03\/12\/morreu-aos-90-anos-o-jornalista-e-escritor-mario-zambujal\/#primaryimage"},"thumbnailUrl":"https:\/\/portaltela.pt\/s.01k8rhncp4jt1\/2026\/03\/1536x864_cmsv2_35304b42-729b-5305-bf81-14ccc9a7f0f2-9683188.jpg","keywords":["Alentejo","cinema","escritores","literatura","Moura","pessoas"],"articleSection":["Not\u00edcias"],"inLanguage":"pt-PT"},{"@type":"WebPage","@id":"https:\/\/portaltela.pt\/noticias\/2026\/03\/12\/morreu-aos-90-anos-o-jornalista-e-escritor-mario-zambujal\/","url":"https:\/\/portaltela.pt\/noticias\/2026\/03\/12\/morreu-aos-90-anos-o-jornalista-e-escritor-mario-zambujal\/","name":"Morreu aos 90 anos o jornalista e escritor M\u00e1rio Zambujal - Portal Tela Portugal","isPartOf":{"@id":"https:\/\/portaltela.pt\/#website"},"primaryImageOfPage":{"@id":"https:\/\/portaltela.pt\/noticias\/2026\/03\/12\/morreu-aos-90-anos-o-jornalista-e-escritor-mario-zambujal\/#primaryimage"},"image":{"@id":"https:\/\/portaltela.pt\/noticias\/2026\/03\/12\/morreu-aos-90-anos-o-jornalista-e-escritor-mario-zambujal\/#primaryimage"},"thumbnailUrl":"https:\/\/portaltela.pt\/s.01k8rhncp4jt1\/2026\/03\/1536x864_cmsv2_35304b42-729b-5305-bf81-14ccc9a7f0f2-9683188.jpg","datePublished":"2026-03-12T12:16:35+00:00","author":{"@id":"https:\/\/portaltela.pt\/#\/schema\/person\/c4278d4a6028830caff9ee44b42d32ed"},"breadcrumb":{"@id":"https:\/\/portaltela.pt\/noticias\/2026\/03\/12\/morreu-aos-90-anos-o-jornalista-e-escritor-mario-zambujal\/#breadcrumb"},"inLanguage":"pt-PT","potentialAction":[{"@type":"ReadAction","target":["https:\/\/portaltela.pt\/noticias\/2026\/03\/12\/morreu-aos-90-anos-o-jornalista-e-escritor-mario-zambujal\/"]}]},{"@type":"ImageObject","inLanguage":"pt-PT","@id":"https:\/\/portaltela.pt\/noticias\/2026\/03\/12\/morreu-aos-90-anos-o-jornalista-e-escritor-mario-zambujal\/#primaryimage","url":"https:\/\/portaltela.pt\/s.01k8rhncp4jt1\/2026\/03\/1536x864_cmsv2_35304b42-729b-5305-bf81-14ccc9a7f0f2-9683188.jpg","contentUrl":"https:\/\/portaltela.pt\/s.01k8rhncp4jt1\/2026\/03\/1536x864_cmsv2_35304b42-729b-5305-bf81-14ccc9a7f0f2-9683188.jpg","width":1536,"height":864,"caption":"M\u00e1rio Zambujal"},{"@type":"BreadcrumbList","@id":"https:\/\/portaltela.pt\/noticias\/2026\/03\/12\/morreu-aos-90-anos-o-jornalista-e-escritor-mario-zambujal\/#breadcrumb","itemListElement":[{"@type":"ListItem","position":1,"name":"In\u00edcio","item":"https:\/\/portaltela.pt\/"},{"@type":"ListItem","position":2,"name":"Morreu aos 90 anos o jornalista e escritor M\u00e1rio Zambujal"}]},{"@type":"WebSite","@id":"https:\/\/portaltela.pt\/#website","url":"https:\/\/portaltela.pt\/","name":"Portal Tela Portugal","description":"","potentialAction":[{"@type":"SearchAction","target":{"@type":"EntryPoint","urlTemplate":"https:\/\/portaltela.pt\/?s={search_term_string}"},"query-input":{"@type":"PropertyValueSpecification","valueRequired":true,"valueName":"search_term_string"}}],"inLanguage":"pt-PT"},{"@type":"Person","@id":"https:\/\/portaltela.pt\/#\/schema\/person\/c4278d4a6028830caff9ee44b42d32ed","name":"Telinha","image":{"@type":"ImageObject","inLanguage":"pt-PT","@id":"https:\/\/portaltela.pt\/s.01k8rhncp4jt1\/2025\/11\/talking-bot-125x125.png","url":"https:\/\/portaltela.pt\/s.01k8rhncp4jt1\/2025\/11\/talking-bot-125x125.png","contentUrl":"https:\/\/portaltela.pt\/s.01k8rhncp4jt1\/2025\/11\/talking-bot-125x125.png","caption":"Telinha"},"sameAs":["https:\/\/portaltela.pt\/"],"url":"https:\/\/portaltela.pt\/por\/367410592786\/"}]}},"_links":{"self":[{"href":"https:\/\/portaltela.pt\/api\/wp\/v2\/posts\/407297","targetHints":{"allow":["GET"]}}],"collection":[{"href":"https:\/\/portaltela.pt\/api\/wp\/v2\/posts"}],"about":[{"href":"https:\/\/portaltela.pt\/api\/wp\/v2\/types\/post"}],"author":[{"embeddable":true,"href":"https:\/\/portaltela.pt\/api\/wp\/v2\/users\/2"}],"replies":[{"embeddable":true,"href":"https:\/\/portaltela.pt\/api\/wp\/v2\/comments?post=407297"}],"version-history":[{"count":0,"href":"https:\/\/portaltela.pt\/api\/wp\/v2\/posts\/407297\/revisions"}],"wp:featuredmedia":[{"embeddable":true,"href":"https:\/\/portaltela.pt\/api\/wp\/v2\/media\/407298"}],"wp:attachment":[{"href":"https:\/\/portaltela.pt\/api\/wp\/v2\/media?parent=407297"}],"wp:term":[{"taxonomy":"category","embeddable":true,"href":"https:\/\/portaltela.pt\/api\/wp\/v2\/categories?post=407297"},{"taxonomy":"post_tag","embeddable":true,"href":"https:\/\/portaltela.pt\/api\/wp\/v2\/tags?post=407297"}],"curies":[{"name":"wp","href":"https:\/\/api.w.org\/{rel}","templated":true}]}}