{"id":407281,"date":"2026-03-12T08:48:00","date_gmt":"2026-03-12T11:48:00","guid":{"rendered":"https:\/\/portaltela.pt\/noticias\/2026\/03\/12\/euribor-sobe-a-tres-seis-e-doze-meses\/"},"modified":"2026-03-12T08:48:00","modified_gmt":"2026-03-12T11:48:00","slug":"euribor-sobe-a-tres-seis-e-doze-meses","status":"publish","type":"post","link":"https:\/\/portaltela.pt\/noticias\/economia\/2026\/03\/12\/euribor-sobe-a-tres-seis-e-doze-meses\/","title":{"rendered":"Euribor sobe a tr\u00eas, seis e doze meses"},"content":{"rendered":"<p>A Euribor subiu esta quinta-feira para tr\u00eas, seis e 12 meses, em rela\u00e7\u00e3o ao dia anterior, com os valores a refletirem ajustes no mercado interbanc\u00e1rio. A taxa a tr\u00eas meses fixou-se em 2,150%, a 6 meses em 2,225% e a 12 meses em 2,456%.<\/p>\n<p>Dados do Banco de Portugal (BdP), referentes a janeiro, indicam que a Euribor a seis meses passou a ser a mais utilizada em Portugal nos cr\u00e9ditos \u00e0 habita\u00e7\u00e3o com taxa vari\u00e1vel, representando 38,93% do stock. As Euribor a 12 e a 3 meses representavam 31,78% e 24,98%, respetivamente.<\/p>\n<p>No prazo de 12 meses, a Euribor avan\u00e7ou para 2,456%, mais 0,087 pontos do que na quarta-feira. Em 10 de mar\u00e7o, a taxa tinha j\u00e1 atingido 2,552%, o que constitui novo m\u00e1ximo desde janeiro de 2025. A taxa a 3 meses subiu 0,028 pontos, para 2,150%.<\/p>\n<p>A 5 de fevereiro, o Banco Central Europeu manteve as taxas diretoras pela quinta reuni\u00e3o de pol\u00edtica monet\u00e1ria consecutiva, ap\u00f3s oito cortes desde o in\u00edcio do ciclo em junho de 2024. A pr\u00f3xima reuni\u00e3o do BCE realiza-se em 18 e 19 de mar\u00e7o, em Frankfurt, Alemanha.<\/p>\n<h3>Substituto de tema: defini\u00e7\u00e3o da Euribor<\/h3>\n<p>As Euribor s\u00e3o fixadas pela m\u00e9dia das taxas \u00e0s quais 19 bancos da zona euro est\u00e3o dispostos a emprestar entre si no mercado interbanc\u00e1rio.<\/p>\n<h3>Contexto recente<\/h3>\n<p>A Euribor continua a ser seguida de perto por fam\u00edlias e empresas, que ajustam empr\u00e9stimos vari\u00e1veis conforme as flutua\u00e7\u00f5es das diferentes maturidades. O monitoramento ocorre \u00e0 luz das decis\u00f5es do BCE e de indicadores de infla\u00e7\u00e3o na regi\u00e3o.<\/p>\n","protected":false},"excerpt":{"rendered":"<ul>\n<li>A Euribor subiu nesta quinta-feira para 3 meses (2,150%), 6 meses (2,225%) e 12 meses (2,456%), face a quarta-feira.<\/li>\n<li>A Euribor a 6 meses, que em janeiro de 2024 passou a ser a mais utilizada em cr\u00e9ditos \u00e0 habita\u00e7\u00e3o com taxa vari\u00e1vel, ficou em 2,225%, mais 0,052 pontos.<\/li>\n<li>Em janeiro, a Euribor a 6 meses representava 38,93% do stock de empr\u00e9stimos para habita\u00e7\u00e3o pr\u00f3pria permanente com taxa vari\u00e1vel; a 12 meses representava 31,78% e a 3 meses 24,98%.<\/li>\n<li>A Euribor a 12 meses subiu para 2,456%, mais 0,087 pontos em rela\u00e7\u00e3o a quarta-feira; a 3 meses atingiu 2,150%, mais 0,028 pontos.<\/li>\n<li>O BCE manteve as taxas diretoras a 5 de fevereiro; a pr\u00f3xima reuni\u00e3o \u00e9 a 18 e 19 de mar\u00e7o, em Frankfurt. As Euribor refletem a m\u00e9dia de taxas a que 19 bancos da zona euro se emprestam no mercado interbanc\u00e1rio.<\/li>\n<\/ul>\n","protected":false},"author":2,"featured_media":407289,"comment_status":"closed","ping_status":"closed","sticky":false,"template":"","format":"standard","meta":{"footnotes":""},"categories":[2,6850],"tags":[6115,4365,3774,1960,28,150],"class_list":["post-407281","post","type-post","status-publish","format-standard","has-post-thumbnail","hentry","category-economia","category-financas","tag-_economia","tag-banco-de-portugal","tag-bce","tag-credito","tag-economia","tag-habitacao"],"yoast_head":"<!-- This site is optimized with the Yoast SEO plugin v27.2 - https:\/\/yoast.com\/product\/yoast-seo-wordpress\/ -->\n<title>Euribor sobe a tr\u00eas, seis e doze meses - Portal Tela Portugal<\/title>\n<meta name=\"robots\" content=\"index, follow, max-snippet:-1, max-image-preview:large, max-video-preview:-1\" \/>\n<meta property=\"og:locale\" content=\"pt_PT\" \/>\n<meta property=\"og:type\" content=\"article\" \/>\n<meta property=\"og:title\" content=\"Euribor sobe a tr\u00eas, seis e doze meses - Portal Tela Portugal\" \/>\n<meta property=\"og:description\" content=\"A Euribor subiu nesta quinta-feira para 3 meses (2,150%), 6 meses (2,225%) e 12 meses (2,456%), face a quarta-feira. A Euribor a 6 meses, que em janeiro de 2024 passou a ser a mais utilizada em cr\u00e9ditos \u00e0 habita\u00e7\u00e3o com taxa vari\u00e1vel, ficou em 2,225%, mais 0,052 pontos. Em janeiro, a Euribor a 6 meses representava 38,93% do stock de empr\u00e9stimos para habita\u00e7\u00e3o pr\u00f3pria permanente com taxa vari\u00e1vel; a 12 meses representava 31,78% e a 3 meses 24,98%. A Euribor a 12 meses subiu para 2,456%, mais 0,087 pontos em rela\u00e7\u00e3o a quarta-feira; a 3 meses atingiu 2,150%, mais 0,028 pontos. O BCE manteve as taxas diretoras a 5 de fevereiro; a pr\u00f3xima reuni\u00e3o \u00e9 a 18 e 19 de mar\u00e7o, em Frankfurt. As Euribor refletem a m\u00e9dia de taxas a que 19 bancos da zona euro se emprestam no mercado interbanc\u00e1rio.\" \/>\n<meta property=\"og:url\" content=\"https:\/\/portaltela.pt\/noticias\/2026\/03\/12\/euribor-sobe-a-tres-seis-e-doze-meses\/\" \/>\n<meta property=\"og:site_name\" content=\"Portal Tela Portugal\" \/>\n<meta property=\"article:published_time\" content=\"2026-03-12T11:48:00+00:00\" \/>\n<meta name=\"author\" content=\"Telinha\" \/>\n<meta name=\"twitter:card\" content=\"summary_large_image\" \/>\n<meta name=\"twitter:label1\" content=\"Escrito por\" \/>\n\t<meta name=\"twitter:data1\" content=\"Telinha\" \/>\n\t<meta name=\"twitter:label2\" content=\"Tempo estimado de leitura\" \/>\n\t<meta name=\"twitter:data2\" content=\"1 minuto\" \/>\n<script type=\"application\/ld+json\" class=\"yoast-schema-graph\">{\"@context\":\"https:\/\/schema.org\",\"@graph\":[{\"@type\":\"Article\",\"@id\":\"https:\/\/portaltela.pt\/noticias\/2026\/03\/12\/euribor-sobe-a-tres-seis-e-doze-meses\/#article\",\"isPartOf\":{\"@id\":\"https:\/\/portaltela.pt\/noticias\/2026\/03\/12\/euribor-sobe-a-tres-seis-e-doze-meses\/\"},\"author\":{\"name\":\"Telinha\",\"@id\":\"https:\/\/portaltela.pt\/#\/schema\/person\/c4278d4a6028830caff9ee44b42d32ed\"},\"headline\":\"Euribor sobe a tr\u00eas, seis e doze meses\",\"datePublished\":\"2026-03-12T11:48:00+00:00\",\"mainEntityOfPage\":{\"@id\":\"https:\/\/portaltela.pt\/noticias\/2026\/03\/12\/euribor-sobe-a-tres-seis-e-doze-meses\/\"},\"wordCount\":266,\"image\":{\"@id\":\"https:\/\/portaltela.pt\/noticias\/2026\/03\/12\/euribor-sobe-a-tres-seis-e-doze-meses\/#primaryimage\"},\"thumbnailUrl\":\"https:\/\/portaltela.pt\/s.01k8rhncp4jt1\/2026\/03\/img_1500x1000uu2015-08-10-12-32-00-476619.jpg\",\"keywords\":[\"_economia\",\"Banco de Portugal\",\"BCE\",\"cr\u00e9dito\",\"economia\",\"habita\u00e7\u00e3o\"],\"articleSection\":[\"Economia\",\"Finan\u00e7as\"],\"inLanguage\":\"pt-PT\"},{\"@type\":\"WebPage\",\"@id\":\"https:\/\/portaltela.pt\/noticias\/2026\/03\/12\/euribor-sobe-a-tres-seis-e-doze-meses\/\",\"url\":\"https:\/\/portaltela.pt\/noticias\/2026\/03\/12\/euribor-sobe-a-tres-seis-e-doze-meses\/\",\"name\":\"Euribor sobe a tr\u00eas, seis e doze meses - Portal Tela Portugal\",\"isPartOf\":{\"@id\":\"https:\/\/portaltela.pt\/#website\"},\"primaryImageOfPage\":{\"@id\":\"https:\/\/portaltela.pt\/noticias\/2026\/03\/12\/euribor-sobe-a-tres-seis-e-doze-meses\/#primaryimage\"},\"image\":{\"@id\":\"https:\/\/portaltela.pt\/noticias\/2026\/03\/12\/euribor-sobe-a-tres-seis-e-doze-meses\/#primaryimage\"},\"thumbnailUrl\":\"https:\/\/portaltela.pt\/s.01k8rhncp4jt1\/2026\/03\/img_1500x1000uu2015-08-10-12-32-00-476619.jpg\",\"datePublished\":\"2026-03-12T11:48:00+00:00\",\"author\":{\"@id\":\"https:\/\/portaltela.pt\/#\/schema\/person\/c4278d4a6028830caff9ee44b42d32ed\"},\"breadcrumb\":{\"@id\":\"https:\/\/portaltela.pt\/noticias\/2026\/03\/12\/euribor-sobe-a-tres-seis-e-doze-meses\/#breadcrumb\"},\"inLanguage\":\"pt-PT\",\"potentialAction\":[{\"@type\":\"ReadAction\",\"target\":[\"https:\/\/portaltela.pt\/noticias\/2026\/03\/12\/euribor-sobe-a-tres-seis-e-doze-meses\/\"]}]},{\"@type\":\"ImageObject\",\"inLanguage\":\"pt-PT\",\"@id\":\"https:\/\/portaltela.pt\/noticias\/2026\/03\/12\/euribor-sobe-a-tres-seis-e-doze-meses\/#primaryimage\",\"url\":\"https:\/\/portaltela.pt\/s.01k8rhncp4jt1\/2026\/03\/img_1500x1000uu2015-08-10-12-32-00-476619.jpg\",\"contentUrl\":\"https:\/\/portaltela.pt\/s.01k8rhncp4jt1\/2026\/03\/img_1500x1000uu2015-08-10-12-32-00-476619.jpg\",\"width\":796,\"height\":448,\"caption\":\"Taxas Euribor\"},{\"@type\":\"BreadcrumbList\",\"@id\":\"https:\/\/portaltela.pt\/noticias\/2026\/03\/12\/euribor-sobe-a-tres-seis-e-doze-meses\/#breadcrumb\",\"itemListElement\":[{\"@type\":\"ListItem\",\"position\":1,\"name\":\"In\u00edcio\",\"item\":\"https:\/\/portaltela.pt\/\"},{\"@type\":\"ListItem\",\"position\":2,\"name\":\"Euribor sobe a tr\u00eas, seis e doze meses\"}]},{\"@type\":\"WebSite\",\"@id\":\"https:\/\/portaltela.pt\/#website\",\"url\":\"https:\/\/portaltela.pt\/\",\"name\":\"Portal Tela Portugal\",\"description\":\"\",\"potentialAction\":[{\"@type\":\"SearchAction\",\"target\":{\"@type\":\"EntryPoint\",\"urlTemplate\":\"https:\/\/portaltela.pt\/?s={search_term_string}\"},\"query-input\":{\"@type\":\"PropertyValueSpecification\",\"valueRequired\":true,\"valueName\":\"search_term_string\"}}],\"inLanguage\":\"pt-PT\"},{\"@type\":\"Person\",\"@id\":\"https:\/\/portaltela.pt\/#\/schema\/person\/c4278d4a6028830caff9ee44b42d32ed\",\"name\":\"Telinha\",\"image\":{\"@type\":\"ImageObject\",\"inLanguage\":\"pt-PT\",\"@id\":\"https:\/\/portaltela.pt\/s.01k8rhncp4jt1\/2025\/11\/talking-bot-125x125.png\",\"url\":\"https:\/\/portaltela.pt\/s.01k8rhncp4jt1\/2025\/11\/talking-bot-125x125.png\",\"contentUrl\":\"https:\/\/portaltela.pt\/s.01k8rhncp4jt1\/2025\/11\/talking-bot-125x125.png\",\"caption\":\"Telinha\"},\"sameAs\":[\"https:\/\/portaltela.pt\/\"],\"url\":\"https:\/\/portaltela.pt\/por\/367410592786\/\"}]}<\/script>\n<!-- \/ Yoast SEO plugin. -->","yoast_head_json":{"title":"Euribor sobe a tr\u00eas, seis e doze meses - Portal Tela Portugal","robots":{"index":"index","follow":"follow","max-snippet":"max-snippet:-1","max-image-preview":"max-image-preview:large","max-video-preview":"max-video-preview:-1"},"og_locale":"pt_PT","og_type":"article","og_title":"Euribor sobe a tr\u00eas, seis e doze meses - Portal Tela Portugal","og_description":"A Euribor subiu nesta quinta-feira para 3 meses (2,150%), 6 meses (2,225%) e 12 meses (2,456%), face a quarta-feira. A Euribor a 6 meses, que em janeiro de 2024 passou a ser a mais utilizada em cr\u00e9ditos \u00e0 habita\u00e7\u00e3o com taxa vari\u00e1vel, ficou em 2,225%, mais 0,052 pontos. Em janeiro, a Euribor a 6 meses representava 38,93% do stock de empr\u00e9stimos para habita\u00e7\u00e3o pr\u00f3pria permanente com taxa vari\u00e1vel; a 12 meses representava 31,78% e a 3 meses 24,98%. A Euribor a 12 meses subiu para 2,456%, mais 0,087 pontos em rela\u00e7\u00e3o a quarta-feira; a 3 meses atingiu 2,150%, mais 0,028 pontos. O BCE manteve as taxas diretoras a 5 de fevereiro; a pr\u00f3xima reuni\u00e3o \u00e9 a 18 e 19 de mar\u00e7o, em Frankfurt. As Euribor refletem a m\u00e9dia de taxas a que 19 bancos da zona euro se emprestam no mercado interbanc\u00e1rio.","og_url":"https:\/\/portaltela.pt\/noticias\/2026\/03\/12\/euribor-sobe-a-tres-seis-e-doze-meses\/","og_site_name":"Portal Tela Portugal","article_published_time":"2026-03-12T11:48:00+00:00","author":"Telinha","twitter_card":"summary_large_image","twitter_misc":{"Escrito por":"Telinha","Tempo estimado de leitura":"1 minuto"},"schema":{"@context":"https:\/\/schema.org","@graph":[{"@type":"Article","@id":"https:\/\/portaltela.pt\/noticias\/2026\/03\/12\/euribor-sobe-a-tres-seis-e-doze-meses\/#article","isPartOf":{"@id":"https:\/\/portaltela.pt\/noticias\/2026\/03\/12\/euribor-sobe-a-tres-seis-e-doze-meses\/"},"author":{"name":"Telinha","@id":"https:\/\/portaltela.pt\/#\/schema\/person\/c4278d4a6028830caff9ee44b42d32ed"},"headline":"Euribor sobe a tr\u00eas, seis e doze meses","datePublished":"2026-03-12T11:48:00+00:00","mainEntityOfPage":{"@id":"https:\/\/portaltela.pt\/noticias\/2026\/03\/12\/euribor-sobe-a-tres-seis-e-doze-meses\/"},"wordCount":266,"image":{"@id":"https:\/\/portaltela.pt\/noticias\/2026\/03\/12\/euribor-sobe-a-tres-seis-e-doze-meses\/#primaryimage"},"thumbnailUrl":"https:\/\/portaltela.pt\/s.01k8rhncp4jt1\/2026\/03\/img_1500x1000uu2015-08-10-12-32-00-476619.jpg","keywords":["_economia","Banco de Portugal","BCE","cr\u00e9dito","economia","habita\u00e7\u00e3o"],"articleSection":["Economia","Finan\u00e7as"],"inLanguage":"pt-PT"},{"@type":"WebPage","@id":"https:\/\/portaltela.pt\/noticias\/2026\/03\/12\/euribor-sobe-a-tres-seis-e-doze-meses\/","url":"https:\/\/portaltela.pt\/noticias\/2026\/03\/12\/euribor-sobe-a-tres-seis-e-doze-meses\/","name":"Euribor sobe a tr\u00eas, seis e doze meses - Portal Tela Portugal","isPartOf":{"@id":"https:\/\/portaltela.pt\/#website"},"primaryImageOfPage":{"@id":"https:\/\/portaltela.pt\/noticias\/2026\/03\/12\/euribor-sobe-a-tres-seis-e-doze-meses\/#primaryimage"},"image":{"@id":"https:\/\/portaltela.pt\/noticias\/2026\/03\/12\/euribor-sobe-a-tres-seis-e-doze-meses\/#primaryimage"},"thumbnailUrl":"https:\/\/portaltela.pt\/s.01k8rhncp4jt1\/2026\/03\/img_1500x1000uu2015-08-10-12-32-00-476619.jpg","datePublished":"2026-03-12T11:48:00+00:00","author":{"@id":"https:\/\/portaltela.pt\/#\/schema\/person\/c4278d4a6028830caff9ee44b42d32ed"},"breadcrumb":{"@id":"https:\/\/portaltela.pt\/noticias\/2026\/03\/12\/euribor-sobe-a-tres-seis-e-doze-meses\/#breadcrumb"},"inLanguage":"pt-PT","potentialAction":[{"@type":"ReadAction","target":["https:\/\/portaltela.pt\/noticias\/2026\/03\/12\/euribor-sobe-a-tres-seis-e-doze-meses\/"]}]},{"@type":"ImageObject","inLanguage":"pt-PT","@id":"https:\/\/portaltela.pt\/noticias\/2026\/03\/12\/euribor-sobe-a-tres-seis-e-doze-meses\/#primaryimage","url":"https:\/\/portaltela.pt\/s.01k8rhncp4jt1\/2026\/03\/img_1500x1000uu2015-08-10-12-32-00-476619.jpg","contentUrl":"https:\/\/portaltela.pt\/s.01k8rhncp4jt1\/2026\/03\/img_1500x1000uu2015-08-10-12-32-00-476619.jpg","width":796,"height":448,"caption":"Taxas Euribor"},{"@type":"BreadcrumbList","@id":"https:\/\/portaltela.pt\/noticias\/2026\/03\/12\/euribor-sobe-a-tres-seis-e-doze-meses\/#breadcrumb","itemListElement":[{"@type":"ListItem","position":1,"name":"In\u00edcio","item":"https:\/\/portaltela.pt\/"},{"@type":"ListItem","position":2,"name":"Euribor sobe a tr\u00eas, seis e doze meses"}]},{"@type":"WebSite","@id":"https:\/\/portaltela.pt\/#website","url":"https:\/\/portaltela.pt\/","name":"Portal Tela Portugal","description":"","potentialAction":[{"@type":"SearchAction","target":{"@type":"EntryPoint","urlTemplate":"https:\/\/portaltela.pt\/?s={search_term_string}"},"query-input":{"@type":"PropertyValueSpecification","valueRequired":true,"valueName":"search_term_string"}}],"inLanguage":"pt-PT"},{"@type":"Person","@id":"https:\/\/portaltela.pt\/#\/schema\/person\/c4278d4a6028830caff9ee44b42d32ed","name":"Telinha","image":{"@type":"ImageObject","inLanguage":"pt-PT","@id":"https:\/\/portaltela.pt\/s.01k8rhncp4jt1\/2025\/11\/talking-bot-125x125.png","url":"https:\/\/portaltela.pt\/s.01k8rhncp4jt1\/2025\/11\/talking-bot-125x125.png","contentUrl":"https:\/\/portaltela.pt\/s.01k8rhncp4jt1\/2025\/11\/talking-bot-125x125.png","caption":"Telinha"},"sameAs":["https:\/\/portaltela.pt\/"],"url":"https:\/\/portaltela.pt\/por\/367410592786\/"}]}},"_links":{"self":[{"href":"https:\/\/portaltela.pt\/api\/wp\/v2\/posts\/407281","targetHints":{"allow":["GET"]}}],"collection":[{"href":"https:\/\/portaltela.pt\/api\/wp\/v2\/posts"}],"about":[{"href":"https:\/\/portaltela.pt\/api\/wp\/v2\/types\/post"}],"author":[{"embeddable":true,"href":"https:\/\/portaltela.pt\/api\/wp\/v2\/users\/2"}],"replies":[{"embeddable":true,"href":"https:\/\/portaltela.pt\/api\/wp\/v2\/comments?post=407281"}],"version-history":[{"count":0,"href":"https:\/\/portaltela.pt\/api\/wp\/v2\/posts\/407281\/revisions"}],"wp:featuredmedia":[{"embeddable":true,"href":"https:\/\/portaltela.pt\/api\/wp\/v2\/media\/407289"}],"wp:attachment":[{"href":"https:\/\/portaltela.pt\/api\/wp\/v2\/media?parent=407281"}],"wp:term":[{"taxonomy":"category","embeddable":true,"href":"https:\/\/portaltela.pt\/api\/wp\/v2\/categories?post=407281"},{"taxonomy":"post_tag","embeddable":true,"href":"https:\/\/portaltela.pt\/api\/wp\/v2\/tags?post=407281"}],"curies":[{"name":"wp","href":"https:\/\/api.w.org\/{rel}","templated":true}]}}