{"id":407278,"date":"2026-03-12T08:53:45","date_gmt":"2026-03-12T11:53:45","guid":{"rendered":"https:\/\/portaltela.pt\/noticias\/2026\/03\/12\/portimao-menor-de-12-anos-abusado-junto-a-escola-apos-conversas-nas-redes\/"},"modified":"2026-03-12T08:53:45","modified_gmt":"2026-03-12T11:53:45","slug":"portimao-menor-de-12-anos-abusado-junto-a-escola-apos-conversas-nas-redes","status":"publish","type":"post","link":"https:\/\/portaltela.pt\/justica\/2026\/03\/12\/portimao-menor-de-12-anos-abusado-junto-a-escola-apos-conversas-nas-redes\/","title":{"rendered":"Portim\u00e3o: menor de 12 anos abusado junto a escola ap\u00f3s conversas nas redes"},"content":{"rendered":"<p>A Pol\u00edcia Judici\u00e1ria (PJ) de Portim\u00e3o deteve um suspeito de amea\u00e7ar uma crian\u00e7a de 12 anos que foi v\u00edtima de abuso sexual. A deten\u00e7\u00e3o ocorre no \u00e2mbito de uma investiga\u00e7\u00e3o iniciada ap\u00f3s a v\u00edtima ter sido contactada online.<\/p>\n<p>A menor foi abordada atrav\u00e9s de conversas nas redes sociais, o que a exp\u00f4s a pr\u00e1tica de abuso. A den\u00fancia surgiu ap\u00f3s a fam\u00edlia perceber as amea\u00e7as associadas ao segredo dos atos cometidos.<\/p>\n<p>Segundo a PJ, o suspeito utilizou as redes sociais para estabelecer contacto com a crian\u00e7a, manipul\u00e1-la e \u0443\u0433\u0440\u043e\u0437ar a divulga\u00e7\u00e3o dos atos praticados. A opera\u00e7\u00e3o permitiu identificar e prender o homem antes de ampliar o risco.<\/p>\n<p>A v\u00edtima foi encaminhada para apoio psicol\u00f3gico. Perante os fatos, as autoridades prosseguem com a averigua\u00e7\u00e3o para confirmar se houve participa\u00e7\u00e3o de outras pessoas.<\/p>\n<p>A deten\u00e7\u00e3o est\u00e1 a pontear-se com a pr\u00e1tica de crimes consistentes em abuso sexual de menor e amea\u00e7as. O suspeito permanece em pris\u00e3o preventiva, \u00e0 guarda da justi\u00e7a, at\u00e9 ao julgamento.<\/p>\n<h3>Medidas e encaminhamentos<\/h3>\n<p>As autoridades reiteram a import\u00e2ncia de monitoriza\u00e7\u00e3o dos contactos online pelos pais e respons\u00e1veis e de manter uma via de comunica\u00e7\u00e3o aberta com as crian\u00e7as para den\u00fancias r\u00e1pidas.<\/p>\n<p>A PJ tamb\u00e9m apela \u00e0 colabora\u00e7\u00e3o da comunidade para reportar situa\u00e7\u00f5es suspeitas de abuso infantil e refor\u00e7a o apoio \u00e0s v\u00edtimas durante o processo legal.<\/p>\n","protected":false},"excerpt":{"rendered":"<ul>\n<li>A v\u00edtima, menor de 12 anos, foi abusada ap\u00f3s conversas nas redes sociais, sendo amea\u00e7ada com a divulga\u00e7\u00e3o de atos sexuais praticados.<\/li>\n<li>A Pol\u00edcia Judici\u00e1ria de Portim\u00e3o deteve o suspeito, cuja identidade n\u00e3o foi divulgada, e a investiga\u00e7\u00e3o continua.<\/li>\n<li>O suspeito utilizou as redes sociais para contactar a menor, manipul\u00e1-la e amea\u00e7ar que n\u00e3o revelasse os abusos.<\/li>\n<li>A v\u00edtima foi encaminhada para apoio psicol\u00f3gico, e as autoridades procuram determinar se houve mais envolvidos ou v\u00edtimas.<\/li>\n<li>A PJ apela \u00e0 colabora\u00e7\u00e3o da comunidade e \u00e0 monitoriza\u00e7\u00e3o por parte de pais e adultos respons\u00e1veis para denunciar situa\u00e7\u00f5es suspeitas de abuso infantil.<\/li>\n<\/ul>\n","protected":false},"author":2,"featured_media":407284,"comment_status":"closed","ping_status":"closed","sticky":false,"template":"","format":"standard","meta":{"footnotes":""},"categories":[6907,6815],"tags":[7076,208,6560,1802,2181,88],"class_list":["post-407278","post","type-post","status-publish","format-standard","has-post-thumbnail","hentry","category-crime","category-justica","tag-abuso-de-menores","tag-abuso-de-menores-dependentes","tag-crime-sexual-de-menor-dependente-ou-em-situacao-vulneravel","tag-policia-judiciaria","tag-protecao-de-menores","tag-redes-sociais"],"yoast_head":"<!-- This site is optimized with the Yoast SEO plugin v27.2 - https:\/\/yoast.com\/product\/yoast-seo-wordpress\/ -->\n<title>Portim\u00e3o: menor de 12 anos abusado junto a escola ap\u00f3s conversas nas redes - Portal Tela Portugal<\/title>\n<meta name=\"robots\" content=\"index, follow, max-snippet:-1, max-image-preview:large, max-video-preview:-1\" \/>\n<meta property=\"og:locale\" content=\"pt_PT\" \/>\n<meta property=\"og:type\" content=\"article\" \/>\n<meta property=\"og:title\" content=\"Portim\u00e3o: menor de 12 anos abusado junto a escola ap\u00f3s conversas nas redes - Portal Tela Portugal\" \/>\n<meta property=\"og:description\" content=\"A v\u00edtima, menor de 12 anos, foi abusada ap\u00f3s conversas nas redes sociais, sendo amea\u00e7ada com a divulga\u00e7\u00e3o de atos sexuais praticados. A Pol\u00edcia Judici\u00e1ria de Portim\u00e3o deteve o suspeito, cuja identidade n\u00e3o foi divulgada, e a investiga\u00e7\u00e3o continua. O suspeito utilizou as redes sociais para contactar a menor, manipul\u00e1-la e amea\u00e7ar que n\u00e3o revelasse os abusos. A v\u00edtima foi encaminhada para apoio psicol\u00f3gico, e as autoridades procuram determinar se houve mais envolvidos ou v\u00edtimas. A PJ apela \u00e0 colabora\u00e7\u00e3o da comunidade e \u00e0 monitoriza\u00e7\u00e3o por parte de pais e adultos respons\u00e1veis para denunciar situa\u00e7\u00f5es suspeitas de abuso infantil.\" \/>\n<meta property=\"og:url\" content=\"https:\/\/portaltela.pt\/noticias\/2026\/03\/12\/portimao-menor-de-12-anos-abusado-junto-a-escola-apos-conversas-nas-redes\/\" \/>\n<meta property=\"og:site_name\" content=\"Portal Tela Portugal\" \/>\n<meta property=\"article:published_time\" content=\"2026-03-12T11:53:45+00:00\" \/>\n<meta name=\"author\" content=\"Telinha\" \/>\n<meta name=\"twitter:card\" content=\"summary_large_image\" \/>\n<meta name=\"twitter:label1\" content=\"Escrito por\" \/>\n\t<meta name=\"twitter:data1\" content=\"Telinha\" \/>\n\t<meta name=\"twitter:label2\" content=\"Tempo estimado de leitura\" \/>\n\t<meta name=\"twitter:data2\" content=\"1 minuto\" \/>\n<script type=\"application\/ld+json\" class=\"yoast-schema-graph\">{\"@context\":\"https:\/\/schema.org\",\"@graph\":[{\"@type\":\"Article\",\"@id\":\"https:\/\/portaltela.pt\/noticias\/2026\/03\/12\/portimao-menor-de-12-anos-abusado-junto-a-escola-apos-conversas-nas-redes\/#article\",\"isPartOf\":{\"@id\":\"https:\/\/portaltela.pt\/noticias\/2026\/03\/12\/portimao-menor-de-12-anos-abusado-junto-a-escola-apos-conversas-nas-redes\/\"},\"author\":{\"name\":\"Telinha\",\"@id\":\"https:\/\/portaltela.pt\/#\/schema\/person\/c4278d4a6028830caff9ee44b42d32ed\"},\"headline\":\"Portim\u00e3o: menor de 12 anos abusado junto a escola ap\u00f3s conversas nas redes\",\"datePublished\":\"2026-03-12T11:53:45+00:00\",\"mainEntityOfPage\":{\"@id\":\"https:\/\/portaltela.pt\/noticias\/2026\/03\/12\/portimao-menor-de-12-anos-abusado-junto-a-escola-apos-conversas-nas-redes\/\"},\"wordCount\":271,\"image\":{\"@id\":\"https:\/\/portaltela.pt\/noticias\/2026\/03\/12\/portimao-menor-de-12-anos-abusado-junto-a-escola-apos-conversas-nas-redes\/#primaryimage\"},\"thumbnailUrl\":\"https:\/\/portaltela.pt\/s.01k8rhncp4jt1\/2026\/03\/img_1280x722uu2023-01-12-23-10-03-1254385.jpg\",\"keywords\":[\"abuso de menores\",\"abuso de menores dependentes\",\"crime sexual de menor dependente ou em situa\u00e7\u00e3o vulner\u00e1vel\",\"Pol\u00edcia Judici\u00e1ria\",\"prote\u00e7\u00e3o de menores\",\"redes sociais\"],\"articleSection\":[\"Crime\",\"Justi\u00e7a\"],\"inLanguage\":\"pt-PT\"},{\"@type\":\"WebPage\",\"@id\":\"https:\/\/portaltela.pt\/noticias\/2026\/03\/12\/portimao-menor-de-12-anos-abusado-junto-a-escola-apos-conversas-nas-redes\/\",\"url\":\"https:\/\/portaltela.pt\/noticias\/2026\/03\/12\/portimao-menor-de-12-anos-abusado-junto-a-escola-apos-conversas-nas-redes\/\",\"name\":\"Portim\u00e3o: menor de 12 anos abusado junto a escola ap\u00f3s conversas nas redes - Portal Tela Portugal\",\"isPartOf\":{\"@id\":\"https:\/\/portaltela.pt\/#website\"},\"primaryImageOfPage\":{\"@id\":\"https:\/\/portaltela.pt\/noticias\/2026\/03\/12\/portimao-menor-de-12-anos-abusado-junto-a-escola-apos-conversas-nas-redes\/#primaryimage\"},\"image\":{\"@id\":\"https:\/\/portaltela.pt\/noticias\/2026\/03\/12\/portimao-menor-de-12-anos-abusado-junto-a-escola-apos-conversas-nas-redes\/#primaryimage\"},\"thumbnailUrl\":\"https:\/\/portaltela.pt\/s.01k8rhncp4jt1\/2026\/03\/img_1280x722uu2023-01-12-23-10-03-1254385.jpg\",\"datePublished\":\"2026-03-12T11:53:45+00:00\",\"author\":{\"@id\":\"https:\/\/portaltela.pt\/#\/schema\/person\/c4278d4a6028830caff9ee44b42d32ed\"},\"breadcrumb\":{\"@id\":\"https:\/\/portaltela.pt\/noticias\/2026\/03\/12\/portimao-menor-de-12-anos-abusado-junto-a-escola-apos-conversas-nas-redes\/#breadcrumb\"},\"inLanguage\":\"pt-PT\",\"potentialAction\":[{\"@type\":\"ReadAction\",\"target\":[\"https:\/\/portaltela.pt\/noticias\/2026\/03\/12\/portimao-menor-de-12-anos-abusado-junto-a-escola-apos-conversas-nas-redes\/\"]}]},{\"@type\":\"ImageObject\",\"inLanguage\":\"pt-PT\",\"@id\":\"https:\/\/portaltela.pt\/noticias\/2026\/03\/12\/portimao-menor-de-12-anos-abusado-junto-a-escola-apos-conversas-nas-redes\/#primaryimage\",\"url\":\"https:\/\/portaltela.pt\/s.01k8rhncp4jt1\/2026\/03\/img_1280x722uu2023-01-12-23-10-03-1254385.jpg\",\"contentUrl\":\"https:\/\/portaltela.pt\/s.01k8rhncp4jt1\/2026\/03\/img_1280x722uu2023-01-12-23-10-03-1254385.jpg\",\"width\":796,\"height\":448,\"caption\":\"Photo\"},{\"@type\":\"BreadcrumbList\",\"@id\":\"https:\/\/portaltela.pt\/noticias\/2026\/03\/12\/portimao-menor-de-12-anos-abusado-junto-a-escola-apos-conversas-nas-redes\/#breadcrumb\",\"itemListElement\":[{\"@type\":\"ListItem\",\"position\":1,\"name\":\"In\u00edcio\",\"item\":\"https:\/\/portaltela.pt\/\"},{\"@type\":\"ListItem\",\"position\":2,\"name\":\"Portim\u00e3o: menor de 12 anos abusado junto a escola ap\u00f3s conversas nas redes\"}]},{\"@type\":\"WebSite\",\"@id\":\"https:\/\/portaltela.pt\/#website\",\"url\":\"https:\/\/portaltela.pt\/\",\"name\":\"Portal Tela Portugal\",\"description\":\"\",\"potentialAction\":[{\"@type\":\"SearchAction\",\"target\":{\"@type\":\"EntryPoint\",\"urlTemplate\":\"https:\/\/portaltela.pt\/?s={search_term_string}\"},\"query-input\":{\"@type\":\"PropertyValueSpecification\",\"valueRequired\":true,\"valueName\":\"search_term_string\"}}],\"inLanguage\":\"pt-PT\"},{\"@type\":\"Person\",\"@id\":\"https:\/\/portaltela.pt\/#\/schema\/person\/c4278d4a6028830caff9ee44b42d32ed\",\"name\":\"Telinha\",\"image\":{\"@type\":\"ImageObject\",\"inLanguage\":\"pt-PT\",\"@id\":\"https:\/\/portaltela.pt\/s.01k8rhncp4jt1\/2025\/11\/talking-bot-125x125.png\",\"url\":\"https:\/\/portaltela.pt\/s.01k8rhncp4jt1\/2025\/11\/talking-bot-125x125.png\",\"contentUrl\":\"https:\/\/portaltela.pt\/s.01k8rhncp4jt1\/2025\/11\/talking-bot-125x125.png\",\"caption\":\"Telinha\"},\"sameAs\":[\"https:\/\/portaltela.pt\/\"],\"url\":\"https:\/\/portaltela.pt\/por\/367410592786\/\"}]}<\/script>\n<!-- \/ Yoast SEO plugin. -->","yoast_head_json":{"title":"Portim\u00e3o: menor de 12 anos abusado junto a escola ap\u00f3s conversas nas redes - Portal Tela Portugal","robots":{"index":"index","follow":"follow","max-snippet":"max-snippet:-1","max-image-preview":"max-image-preview:large","max-video-preview":"max-video-preview:-1"},"og_locale":"pt_PT","og_type":"article","og_title":"Portim\u00e3o: menor de 12 anos abusado junto a escola ap\u00f3s conversas nas redes - Portal Tela Portugal","og_description":"A v\u00edtima, menor de 12 anos, foi abusada ap\u00f3s conversas nas redes sociais, sendo amea\u00e7ada com a divulga\u00e7\u00e3o de atos sexuais praticados. A Pol\u00edcia Judici\u00e1ria de Portim\u00e3o deteve o suspeito, cuja identidade n\u00e3o foi divulgada, e a investiga\u00e7\u00e3o continua. O suspeito utilizou as redes sociais para contactar a menor, manipul\u00e1-la e amea\u00e7ar que n\u00e3o revelasse os abusos. A v\u00edtima foi encaminhada para apoio psicol\u00f3gico, e as autoridades procuram determinar se houve mais envolvidos ou v\u00edtimas. A PJ apela \u00e0 colabora\u00e7\u00e3o da comunidade e \u00e0 monitoriza\u00e7\u00e3o por parte de pais e adultos respons\u00e1veis para denunciar situa\u00e7\u00f5es suspeitas de abuso infantil.","og_url":"https:\/\/portaltela.pt\/noticias\/2026\/03\/12\/portimao-menor-de-12-anos-abusado-junto-a-escola-apos-conversas-nas-redes\/","og_site_name":"Portal Tela Portugal","article_published_time":"2026-03-12T11:53:45+00:00","author":"Telinha","twitter_card":"summary_large_image","twitter_misc":{"Escrito por":"Telinha","Tempo estimado de leitura":"1 minuto"},"schema":{"@context":"https:\/\/schema.org","@graph":[{"@type":"Article","@id":"https:\/\/portaltela.pt\/noticias\/2026\/03\/12\/portimao-menor-de-12-anos-abusado-junto-a-escola-apos-conversas-nas-redes\/#article","isPartOf":{"@id":"https:\/\/portaltela.pt\/noticias\/2026\/03\/12\/portimao-menor-de-12-anos-abusado-junto-a-escola-apos-conversas-nas-redes\/"},"author":{"name":"Telinha","@id":"https:\/\/portaltela.pt\/#\/schema\/person\/c4278d4a6028830caff9ee44b42d32ed"},"headline":"Portim\u00e3o: menor de 12 anos abusado junto a escola ap\u00f3s conversas nas redes","datePublished":"2026-03-12T11:53:45+00:00","mainEntityOfPage":{"@id":"https:\/\/portaltela.pt\/noticias\/2026\/03\/12\/portimao-menor-de-12-anos-abusado-junto-a-escola-apos-conversas-nas-redes\/"},"wordCount":271,"image":{"@id":"https:\/\/portaltela.pt\/noticias\/2026\/03\/12\/portimao-menor-de-12-anos-abusado-junto-a-escola-apos-conversas-nas-redes\/#primaryimage"},"thumbnailUrl":"https:\/\/portaltela.pt\/s.01k8rhncp4jt1\/2026\/03\/img_1280x722uu2023-01-12-23-10-03-1254385.jpg","keywords":["abuso de menores","abuso de menores dependentes","crime sexual de menor dependente ou em situa\u00e7\u00e3o vulner\u00e1vel","Pol\u00edcia Judici\u00e1ria","prote\u00e7\u00e3o de menores","redes sociais"],"articleSection":["Crime","Justi\u00e7a"],"inLanguage":"pt-PT"},{"@type":"WebPage","@id":"https:\/\/portaltela.pt\/noticias\/2026\/03\/12\/portimao-menor-de-12-anos-abusado-junto-a-escola-apos-conversas-nas-redes\/","url":"https:\/\/portaltela.pt\/noticias\/2026\/03\/12\/portimao-menor-de-12-anos-abusado-junto-a-escola-apos-conversas-nas-redes\/","name":"Portim\u00e3o: menor de 12 anos abusado junto a escola ap\u00f3s conversas nas redes - Portal Tela Portugal","isPartOf":{"@id":"https:\/\/portaltela.pt\/#website"},"primaryImageOfPage":{"@id":"https:\/\/portaltela.pt\/noticias\/2026\/03\/12\/portimao-menor-de-12-anos-abusado-junto-a-escola-apos-conversas-nas-redes\/#primaryimage"},"image":{"@id":"https:\/\/portaltela.pt\/noticias\/2026\/03\/12\/portimao-menor-de-12-anos-abusado-junto-a-escola-apos-conversas-nas-redes\/#primaryimage"},"thumbnailUrl":"https:\/\/portaltela.pt\/s.01k8rhncp4jt1\/2026\/03\/img_1280x722uu2023-01-12-23-10-03-1254385.jpg","datePublished":"2026-03-12T11:53:45+00:00","author":{"@id":"https:\/\/portaltela.pt\/#\/schema\/person\/c4278d4a6028830caff9ee44b42d32ed"},"breadcrumb":{"@id":"https:\/\/portaltela.pt\/noticias\/2026\/03\/12\/portimao-menor-de-12-anos-abusado-junto-a-escola-apos-conversas-nas-redes\/#breadcrumb"},"inLanguage":"pt-PT","potentialAction":[{"@type":"ReadAction","target":["https:\/\/portaltela.pt\/noticias\/2026\/03\/12\/portimao-menor-de-12-anos-abusado-junto-a-escola-apos-conversas-nas-redes\/"]}]},{"@type":"ImageObject","inLanguage":"pt-PT","@id":"https:\/\/portaltela.pt\/noticias\/2026\/03\/12\/portimao-menor-de-12-anos-abusado-junto-a-escola-apos-conversas-nas-redes\/#primaryimage","url":"https:\/\/portaltela.pt\/s.01k8rhncp4jt1\/2026\/03\/img_1280x722uu2023-01-12-23-10-03-1254385.jpg","contentUrl":"https:\/\/portaltela.pt\/s.01k8rhncp4jt1\/2026\/03\/img_1280x722uu2023-01-12-23-10-03-1254385.jpg","width":796,"height":448,"caption":"Photo"},{"@type":"BreadcrumbList","@id":"https:\/\/portaltela.pt\/noticias\/2026\/03\/12\/portimao-menor-de-12-anos-abusado-junto-a-escola-apos-conversas-nas-redes\/#breadcrumb","itemListElement":[{"@type":"ListItem","position":1,"name":"In\u00edcio","item":"https:\/\/portaltela.pt\/"},{"@type":"ListItem","position":2,"name":"Portim\u00e3o: menor de 12 anos abusado junto a escola ap\u00f3s conversas nas redes"}]},{"@type":"WebSite","@id":"https:\/\/portaltela.pt\/#website","url":"https:\/\/portaltela.pt\/","name":"Portal Tela Portugal","description":"","potentialAction":[{"@type":"SearchAction","target":{"@type":"EntryPoint","urlTemplate":"https:\/\/portaltela.pt\/?s={search_term_string}"},"query-input":{"@type":"PropertyValueSpecification","valueRequired":true,"valueName":"search_term_string"}}],"inLanguage":"pt-PT"},{"@type":"Person","@id":"https:\/\/portaltela.pt\/#\/schema\/person\/c4278d4a6028830caff9ee44b42d32ed","name":"Telinha","image":{"@type":"ImageObject","inLanguage":"pt-PT","@id":"https:\/\/portaltela.pt\/s.01k8rhncp4jt1\/2025\/11\/talking-bot-125x125.png","url":"https:\/\/portaltela.pt\/s.01k8rhncp4jt1\/2025\/11\/talking-bot-125x125.png","contentUrl":"https:\/\/portaltela.pt\/s.01k8rhncp4jt1\/2025\/11\/talking-bot-125x125.png","caption":"Telinha"},"sameAs":["https:\/\/portaltela.pt\/"],"url":"https:\/\/portaltela.pt\/por\/367410592786\/"}]}},"_links":{"self":[{"href":"https:\/\/portaltela.pt\/api\/wp\/v2\/posts\/407278","targetHints":{"allow":["GET"]}}],"collection":[{"href":"https:\/\/portaltela.pt\/api\/wp\/v2\/posts"}],"about":[{"href":"https:\/\/portaltela.pt\/api\/wp\/v2\/types\/post"}],"author":[{"embeddable":true,"href":"https:\/\/portaltela.pt\/api\/wp\/v2\/users\/2"}],"replies":[{"embeddable":true,"href":"https:\/\/portaltela.pt\/api\/wp\/v2\/comments?post=407278"}],"version-history":[{"count":0,"href":"https:\/\/portaltela.pt\/api\/wp\/v2\/posts\/407278\/revisions"}],"wp:featuredmedia":[{"embeddable":true,"href":"https:\/\/portaltela.pt\/api\/wp\/v2\/media\/407284"}],"wp:attachment":[{"href":"https:\/\/portaltela.pt\/api\/wp\/v2\/media?parent=407278"}],"wp:term":[{"taxonomy":"category","embeddable":true,"href":"https:\/\/portaltela.pt\/api\/wp\/v2\/categories?post=407278"},{"taxonomy":"post_tag","embeddable":true,"href":"https:\/\/portaltela.pt\/api\/wp\/v2\/tags?post=407278"}],"curies":[{"name":"wp","href":"https:\/\/api.w.org\/{rel}","templated":true}]}}