{"id":407264,"date":"2026-03-12T08:29:00","date_gmt":"2026-03-12T11:29:00","guid":{"rendered":"https:\/\/portaltela.pt\/noticias\/2026\/03\/12\/tvi-pode-enfrentar-multa-ate-150-mil-euros-por-imagens-de-ataque-a-mulher\/"},"modified":"2026-03-12T08:29:00","modified_gmt":"2026-03-12T11:29:00","slug":"tvi-pode-enfrentar-multa-ate-150-mil-euros-por-imagens-de-ataque-a-mulher","status":"publish","type":"post","link":"https:\/\/portaltela.pt\/sociedade\/2026\/03\/12\/tvi-pode-enfrentar-multa-ate-150-mil-euros-por-imagens-de-ataque-a-mulher\/","title":{"rendered":"TVI pode enfrentar multa at\u00e9 150 mil euros por imagens de ataque a mulher"},"content":{"rendered":"<p>O regulador portugu\u00eas abriu um processo de contraordena\u00e7\u00e3o contra a TVI ap\u00f3s a divulga\u00e7\u00e3o de imagens de viol\u00eancia contra uma mulher no programa matinal Dois \u00e0s 10. A cargo da apresentadora Cristina Ferreira, a emiss\u00e3o ocorreu em hor\u00e1rio de manh\u00e3 e envolve declara\u00e7\u00f5es que transferem responsabilidade para as v\u00edtimas de viol\u00eancia de g\u00e9nero, associadas a um caso de feminic\u00eddio.<\/p>\n<p>A Entidade Reguladora para a Comunica\u00e7\u00e3o Social (ERC) criticou a transmiss\u00e3o de imagens de agress\u00e3o com carga violenta inequ\u00edvoca em hor\u00e1rio protegido. O processo pode implicar uma coima entre 20 mil e 150 mil euros, conforme a Lei da Televis\u00e3o e dos Servi\u00e7os Audiovisuais a Pedido.<\/p>\n<p>Segundo a ERC, h\u00e1 ainda responsabiliza\u00e7\u00e3o de conte\u00fado que pode influenciar a forma\u00e7\u00e3o da personalidade de crian\u00e7as e adolescentes, com conte\u00fado transmitido entre as 22:30 e as 6:00. A autoridade recomenda forma\u00e7\u00e3o de discurso respons\u00e1vel e o alinhamento com a Diretiva sobre cobertura de viol\u00eancia dom\u00e9stica.<\/p>\n<p>A delibera\u00e7\u00e3o resulta de 33 participa\u00e7\u00f5es no caso que ficou conhecido como \u201cp\u00f4s-se a jeito\u201d, a partir de um coment\u00e1rio da apresentadora em 2 de junho do ano passado, durante o segmento Atualidade do programa. A ERC recorda que o coment\u00e1rio sugeriu que a decis\u00e3o da v\u00edtima teria causado o desfecho.<\/p>\n<p>No caso das imagens da agress\u00e3o, a ERC aponta que houve refer\u00eancias que atribu\u00edam culpa \u00e0 v\u00edtima. O v\u00eddeo, que mostra uma mulher a ser atacada com uma faca, pode induzir uma sensa\u00e7\u00e3o de inseguran\u00e7a entre o p\u00fablico, em particular entre crian\u00e7as e adolescentes que assistiam ao matutino.<\/p>\n<h3>Medidas recomendadas pela ERC<\/h3>\n<p>A ERC recomenda \u00e0 TVI sensibilizar os os profissionais para a import\u00e2ncia de discursos respons\u00e1veis em mat\u00e9rias de viol\u00eancia de g\u00e9nero. A entidade tamb\u00e9m recomenda seguir as orienta\u00e7\u00f5es da Diretiva 2019\/1 sobre a cobertura informativa de viol\u00eancia dom\u00e9stica.<\/p>\n","protected":false},"excerpt":{"rendered":"<ul>\n<li>A Entidade Reguladora para a Comunica\u00e7\u00e3o Social (ERC) abriu um processo de contraordena\u00e7\u00e3o \u00e0 Televis\u00e3o Independente, S.A. (TVI) por ter emitido imagens de viol\u00eancia contra uma mulher em hor\u00e1rio protegido, arriscando uma multa at\u00e9 150 mil euros.<\/li>\n<li>O caso ficou conhecido como \u201cp\u00f4s-se a jeito\u201d e envolve declara\u00e7\u00f5es da apresentadora Cristina Ferreira no programa Dois \u00e0s 10 que transferem a responsabilidade para a v\u00edtima de viol\u00eancia de g\u00e9nero.<\/li>\n<li>A ERC aponta que as imagens exibidas e o coment\u00e1rio associaram a agress\u00e3o a fatores da v\u00edtima, sem desresponsabilizar o agressor, o que pode influenciar a perce\u00e7\u00e3o p\u00fablica e a forma como as v\u00edtimas denunciam.<\/li>\n<li>A decis\u00e3o, divulgada a 12 de mar\u00e7o, resulta de 33 participa\u00e7\u00f5es recebidas sobre o epis\u00f3dio de 2 de junho do ano passado, quando se viu uma agress\u00e3o violenta captada por videovigil\u00e2ncia.<\/li>\n<li>A ERC recomenda \u00e0 TVI sensibilizar profissionais para discursos respons\u00e1veis sobre viol\u00eancia de g\u00e9nero e cumprir a Diretiva de cobertura informativa de viol\u00eancia dom\u00e9stica, fazendo observa\u00e7\u00e3o de hor\u00e1rios de exibi\u00e7\u00e3o.<\/li>\n<\/ul>\n","protected":false},"author":2,"featured_media":407268,"comment_status":"closed","ping_status":"closed","sticky":false,"template":"","format":"standard","meta":{"footnotes":""},"categories":[6815,6871],"tags":[506,5563,3512,939,4114,214],"class_list":["post-407264","post","type-post","status-publish","format-standard","has-post-thumbnail","hentry","category-justica","category-sociedade","tag-imprensa","tag-informacao-publica","tag-liberdade-de-imprensa","tag-violencia","tag-violencia-de-genero-desafios-na-atualidade","tag-violencia-domestica"],"yoast_head":"<!-- This site is optimized with the Yoast SEO plugin v27.2 - https:\/\/yoast.com\/product\/yoast-seo-wordpress\/ -->\n<title>TVI pode enfrentar multa at\u00e9 150 mil euros por imagens de ataque a mulher - Portal Tela Portugal<\/title>\n<meta name=\"robots\" content=\"index, follow, max-snippet:-1, max-image-preview:large, max-video-preview:-1\" \/>\n<meta property=\"og:locale\" content=\"pt_PT\" \/>\n<meta property=\"og:type\" content=\"article\" \/>\n<meta property=\"og:title\" content=\"TVI pode enfrentar multa at\u00e9 150 mil euros por imagens de ataque a mulher - Portal Tela Portugal\" \/>\n<meta property=\"og:description\" content=\"A Entidade Reguladora para a Comunica\u00e7\u00e3o Social (ERC) abriu um processo de contraordena\u00e7\u00e3o \u00e0 Televis\u00e3o Independente, S.A. (TVI) por ter emitido imagens de viol\u00eancia contra uma mulher em hor\u00e1rio protegido, arriscando uma multa at\u00e9 150 mil euros. O caso ficou conhecido como \u201cp\u00f4s-se a jeito\u201d e envolve declara\u00e7\u00f5es da apresentadora Cristina Ferreira no programa Dois \u00e0s 10 que transferem a responsabilidade para a v\u00edtima de viol\u00eancia de g\u00e9nero. A ERC aponta que as imagens exibidas e o coment\u00e1rio associaram a agress\u00e3o a fatores da v\u00edtima, sem desresponsabilizar o agressor, o que pode influenciar a perce\u00e7\u00e3o p\u00fablica e a forma como as v\u00edtimas denunciam. A decis\u00e3o, divulgada a 12 de mar\u00e7o, resulta de 33 participa\u00e7\u00f5es recebidas sobre o epis\u00f3dio de 2 de junho do ano passado, quando se viu uma agress\u00e3o violenta captada por videovigil\u00e2ncia. A ERC recomenda \u00e0 TVI sensibilizar profissionais para discursos respons\u00e1veis sobre viol\u00eancia de g\u00e9nero e cumprir a Diretiva de cobertura informativa de viol\u00eancia dom\u00e9stica, fazendo observa\u00e7\u00e3o de hor\u00e1rios de exibi\u00e7\u00e3o.\" \/>\n<meta property=\"og:url\" content=\"https:\/\/portaltela.pt\/noticias\/2026\/03\/12\/tvi-pode-enfrentar-multa-ate-150-mil-euros-por-imagens-de-ataque-a-mulher\/\" \/>\n<meta property=\"og:site_name\" content=\"Portal Tela Portugal\" \/>\n<meta property=\"article:published_time\" content=\"2026-03-12T11:29:00+00:00\" \/>\n<meta name=\"author\" content=\"Telinha\" \/>\n<meta name=\"twitter:card\" content=\"summary_large_image\" \/>\n<meta name=\"twitter:label1\" content=\"Escrito por\" \/>\n\t<meta name=\"twitter:data1\" content=\"Telinha\" \/>\n\t<meta name=\"twitter:label2\" content=\"Tempo estimado de leitura\" \/>\n\t<meta name=\"twitter:data2\" content=\"2 minutos\" \/>\n<script type=\"application\/ld+json\" class=\"yoast-schema-graph\">{\"@context\":\"https:\/\/schema.org\",\"@graph\":[{\"@type\":\"Article\",\"@id\":\"https:\/\/portaltela.pt\/noticias\/2026\/03\/12\/tvi-pode-enfrentar-multa-ate-150-mil-euros-por-imagens-de-ataque-a-mulher\/#article\",\"isPartOf\":{\"@id\":\"https:\/\/portaltela.pt\/noticias\/2026\/03\/12\/tvi-pode-enfrentar-multa-ate-150-mil-euros-por-imagens-de-ataque-a-mulher\/\"},\"author\":{\"name\":\"Telinha\",\"@id\":\"https:\/\/portaltela.pt\/#\/schema\/person\/c4278d4a6028830caff9ee44b42d32ed\"},\"headline\":\"TVI pode enfrentar multa at\u00e9 150 mil euros por imagens de ataque a mulher\",\"datePublished\":\"2026-03-12T11:29:00+00:00\",\"mainEntityOfPage\":{\"@id\":\"https:\/\/portaltela.pt\/noticias\/2026\/03\/12\/tvi-pode-enfrentar-multa-ate-150-mil-euros-por-imagens-de-ataque-a-mulher\/\"},\"wordCount\":348,\"image\":{\"@id\":\"https:\/\/portaltela.pt\/noticias\/2026\/03\/12\/tvi-pode-enfrentar-multa-ate-150-mil-euros-por-imagens-de-ataque-a-mulher\/#primaryimage\"},\"thumbnailUrl\":\"https:\/\/portaltela.pt\/s.01k8rhncp4jt1\/2026\/03\/image-768.jpg\",\"keywords\":[\"imprensa\",\"informa\u00e7\u00e3o p\u00fablica\",\"liberdade de imprensa\",\"viol\u00eancia\",\"viol\u00eancia de g\u00e9nero \u2013 Desafios na Atualidade\",\"viol\u00eancia dom\u00e9stica\"],\"articleSection\":[\"Justi\u00e7a\",\"Sociedade\"],\"inLanguage\":\"pt-PT\"},{\"@type\":\"WebPage\",\"@id\":\"https:\/\/portaltela.pt\/noticias\/2026\/03\/12\/tvi-pode-enfrentar-multa-ate-150-mil-euros-por-imagens-de-ataque-a-mulher\/\",\"url\":\"https:\/\/portaltela.pt\/noticias\/2026\/03\/12\/tvi-pode-enfrentar-multa-ate-150-mil-euros-por-imagens-de-ataque-a-mulher\/\",\"name\":\"TVI pode enfrentar multa at\u00e9 150 mil euros por imagens de ataque a mulher - Portal Tela Portugal\",\"isPartOf\":{\"@id\":\"https:\/\/portaltela.pt\/#website\"},\"primaryImageOfPage\":{\"@id\":\"https:\/\/portaltela.pt\/noticias\/2026\/03\/12\/tvi-pode-enfrentar-multa-ate-150-mil-euros-por-imagens-de-ataque-a-mulher\/#primaryimage\"},\"image\":{\"@id\":\"https:\/\/portaltela.pt\/noticias\/2026\/03\/12\/tvi-pode-enfrentar-multa-ate-150-mil-euros-por-imagens-de-ataque-a-mulher\/#primaryimage\"},\"thumbnailUrl\":\"https:\/\/portaltela.pt\/s.01k8rhncp4jt1\/2026\/03\/image-768.jpg\",\"datePublished\":\"2026-03-12T11:29:00+00:00\",\"author\":{\"@id\":\"https:\/\/portaltela.pt\/#\/schema\/person\/c4278d4a6028830caff9ee44b42d32ed\"},\"breadcrumb\":{\"@id\":\"https:\/\/portaltela.pt\/noticias\/2026\/03\/12\/tvi-pode-enfrentar-multa-ate-150-mil-euros-por-imagens-de-ataque-a-mulher\/#breadcrumb\"},\"inLanguage\":\"pt-PT\",\"potentialAction\":[{\"@type\":\"ReadAction\",\"target\":[\"https:\/\/portaltela.pt\/noticias\/2026\/03\/12\/tvi-pode-enfrentar-multa-ate-150-mil-euros-por-imagens-de-ataque-a-mulher\/\"]}]},{\"@type\":\"ImageObject\",\"inLanguage\":\"pt-PT\",\"@id\":\"https:\/\/portaltela.pt\/noticias\/2026\/03\/12\/tvi-pode-enfrentar-multa-ate-150-mil-euros-por-imagens-de-ataque-a-mulher\/#primaryimage\",\"url\":\"https:\/\/portaltela.pt\/s.01k8rhncp4jt1\/2026\/03\/image-768.jpg\",\"contentUrl\":\"https:\/\/portaltela.pt\/s.01k8rhncp4jt1\/2026\/03\/image-768.jpg\",\"width\":796,\"height\":448,\"caption\":\"Imagem de contexto do artigo Caso \\\"p\u00f4s-se a jeito\\\". TVI arrisca multa at\u00e9 150 mil euros por imagens violentas de ataque a mulher e responsabiliza\u00e7\u00e3o da v\u00edtima\"},{\"@type\":\"BreadcrumbList\",\"@id\":\"https:\/\/portaltela.pt\/noticias\/2026\/03\/12\/tvi-pode-enfrentar-multa-ate-150-mil-euros-por-imagens-de-ataque-a-mulher\/#breadcrumb\",\"itemListElement\":[{\"@type\":\"ListItem\",\"position\":1,\"name\":\"In\u00edcio\",\"item\":\"https:\/\/portaltela.pt\/\"},{\"@type\":\"ListItem\",\"position\":2,\"name\":\"TVI pode enfrentar multa at\u00e9 150 mil euros por imagens de ataque a mulher\"}]},{\"@type\":\"WebSite\",\"@id\":\"https:\/\/portaltela.pt\/#website\",\"url\":\"https:\/\/portaltela.pt\/\",\"name\":\"Portal Tela Portugal\",\"description\":\"\",\"potentialAction\":[{\"@type\":\"SearchAction\",\"target\":{\"@type\":\"EntryPoint\",\"urlTemplate\":\"https:\/\/portaltela.pt\/?s={search_term_string}\"},\"query-input\":{\"@type\":\"PropertyValueSpecification\",\"valueRequired\":true,\"valueName\":\"search_term_string\"}}],\"inLanguage\":\"pt-PT\"},{\"@type\":\"Person\",\"@id\":\"https:\/\/portaltela.pt\/#\/schema\/person\/c4278d4a6028830caff9ee44b42d32ed\",\"name\":\"Telinha\",\"image\":{\"@type\":\"ImageObject\",\"inLanguage\":\"pt-PT\",\"@id\":\"https:\/\/portaltela.pt\/s.01k8rhncp4jt1\/2025\/11\/talking-bot-125x125.png\",\"url\":\"https:\/\/portaltela.pt\/s.01k8rhncp4jt1\/2025\/11\/talking-bot-125x125.png\",\"contentUrl\":\"https:\/\/portaltela.pt\/s.01k8rhncp4jt1\/2025\/11\/talking-bot-125x125.png\",\"caption\":\"Telinha\"},\"sameAs\":[\"https:\/\/portaltela.pt\/\"],\"url\":\"https:\/\/portaltela.pt\/por\/367410592786\/\"}]}<\/script>\n<!-- \/ Yoast SEO plugin. -->","yoast_head_json":{"title":"TVI pode enfrentar multa at\u00e9 150 mil euros por imagens de ataque a mulher - Portal Tela Portugal","robots":{"index":"index","follow":"follow","max-snippet":"max-snippet:-1","max-image-preview":"max-image-preview:large","max-video-preview":"max-video-preview:-1"},"og_locale":"pt_PT","og_type":"article","og_title":"TVI pode enfrentar multa at\u00e9 150 mil euros por imagens de ataque a mulher - Portal Tela Portugal","og_description":"A Entidade Reguladora para a Comunica\u00e7\u00e3o Social (ERC) abriu um processo de contraordena\u00e7\u00e3o \u00e0 Televis\u00e3o Independente, S.A. (TVI) por ter emitido imagens de viol\u00eancia contra uma mulher em hor\u00e1rio protegido, arriscando uma multa at\u00e9 150 mil euros. O caso ficou conhecido como \u201cp\u00f4s-se a jeito\u201d e envolve declara\u00e7\u00f5es da apresentadora Cristina Ferreira no programa Dois \u00e0s 10 que transferem a responsabilidade para a v\u00edtima de viol\u00eancia de g\u00e9nero. A ERC aponta que as imagens exibidas e o coment\u00e1rio associaram a agress\u00e3o a fatores da v\u00edtima, sem desresponsabilizar o agressor, o que pode influenciar a perce\u00e7\u00e3o p\u00fablica e a forma como as v\u00edtimas denunciam. A decis\u00e3o, divulgada a 12 de mar\u00e7o, resulta de 33 participa\u00e7\u00f5es recebidas sobre o epis\u00f3dio de 2 de junho do ano passado, quando se viu uma agress\u00e3o violenta captada por videovigil\u00e2ncia. A ERC recomenda \u00e0 TVI sensibilizar profissionais para discursos respons\u00e1veis sobre viol\u00eancia de g\u00e9nero e cumprir a Diretiva de cobertura informativa de viol\u00eancia dom\u00e9stica, fazendo observa\u00e7\u00e3o de hor\u00e1rios de exibi\u00e7\u00e3o.","og_url":"https:\/\/portaltela.pt\/noticias\/2026\/03\/12\/tvi-pode-enfrentar-multa-ate-150-mil-euros-por-imagens-de-ataque-a-mulher\/","og_site_name":"Portal Tela Portugal","article_published_time":"2026-03-12T11:29:00+00:00","author":"Telinha","twitter_card":"summary_large_image","twitter_misc":{"Escrito por":"Telinha","Tempo estimado de leitura":"2 minutos"},"schema":{"@context":"https:\/\/schema.org","@graph":[{"@type":"Article","@id":"https:\/\/portaltela.pt\/noticias\/2026\/03\/12\/tvi-pode-enfrentar-multa-ate-150-mil-euros-por-imagens-de-ataque-a-mulher\/#article","isPartOf":{"@id":"https:\/\/portaltela.pt\/noticias\/2026\/03\/12\/tvi-pode-enfrentar-multa-ate-150-mil-euros-por-imagens-de-ataque-a-mulher\/"},"author":{"name":"Telinha","@id":"https:\/\/portaltela.pt\/#\/schema\/person\/c4278d4a6028830caff9ee44b42d32ed"},"headline":"TVI pode enfrentar multa at\u00e9 150 mil euros por imagens de ataque a mulher","datePublished":"2026-03-12T11:29:00+00:00","mainEntityOfPage":{"@id":"https:\/\/portaltela.pt\/noticias\/2026\/03\/12\/tvi-pode-enfrentar-multa-ate-150-mil-euros-por-imagens-de-ataque-a-mulher\/"},"wordCount":348,"image":{"@id":"https:\/\/portaltela.pt\/noticias\/2026\/03\/12\/tvi-pode-enfrentar-multa-ate-150-mil-euros-por-imagens-de-ataque-a-mulher\/#primaryimage"},"thumbnailUrl":"https:\/\/portaltela.pt\/s.01k8rhncp4jt1\/2026\/03\/image-768.jpg","keywords":["imprensa","informa\u00e7\u00e3o p\u00fablica","liberdade de imprensa","viol\u00eancia","viol\u00eancia de g\u00e9nero \u2013 Desafios na Atualidade","viol\u00eancia dom\u00e9stica"],"articleSection":["Justi\u00e7a","Sociedade"],"inLanguage":"pt-PT"},{"@type":"WebPage","@id":"https:\/\/portaltela.pt\/noticias\/2026\/03\/12\/tvi-pode-enfrentar-multa-ate-150-mil-euros-por-imagens-de-ataque-a-mulher\/","url":"https:\/\/portaltela.pt\/noticias\/2026\/03\/12\/tvi-pode-enfrentar-multa-ate-150-mil-euros-por-imagens-de-ataque-a-mulher\/","name":"TVI pode enfrentar multa at\u00e9 150 mil euros por imagens de ataque a mulher - Portal Tela Portugal","isPartOf":{"@id":"https:\/\/portaltela.pt\/#website"},"primaryImageOfPage":{"@id":"https:\/\/portaltela.pt\/noticias\/2026\/03\/12\/tvi-pode-enfrentar-multa-ate-150-mil-euros-por-imagens-de-ataque-a-mulher\/#primaryimage"},"image":{"@id":"https:\/\/portaltela.pt\/noticias\/2026\/03\/12\/tvi-pode-enfrentar-multa-ate-150-mil-euros-por-imagens-de-ataque-a-mulher\/#primaryimage"},"thumbnailUrl":"https:\/\/portaltela.pt\/s.01k8rhncp4jt1\/2026\/03\/image-768.jpg","datePublished":"2026-03-12T11:29:00+00:00","author":{"@id":"https:\/\/portaltela.pt\/#\/schema\/person\/c4278d4a6028830caff9ee44b42d32ed"},"breadcrumb":{"@id":"https:\/\/portaltela.pt\/noticias\/2026\/03\/12\/tvi-pode-enfrentar-multa-ate-150-mil-euros-por-imagens-de-ataque-a-mulher\/#breadcrumb"},"inLanguage":"pt-PT","potentialAction":[{"@type":"ReadAction","target":["https:\/\/portaltela.pt\/noticias\/2026\/03\/12\/tvi-pode-enfrentar-multa-ate-150-mil-euros-por-imagens-de-ataque-a-mulher\/"]}]},{"@type":"ImageObject","inLanguage":"pt-PT","@id":"https:\/\/portaltela.pt\/noticias\/2026\/03\/12\/tvi-pode-enfrentar-multa-ate-150-mil-euros-por-imagens-de-ataque-a-mulher\/#primaryimage","url":"https:\/\/portaltela.pt\/s.01k8rhncp4jt1\/2026\/03\/image-768.jpg","contentUrl":"https:\/\/portaltela.pt\/s.01k8rhncp4jt1\/2026\/03\/image-768.jpg","width":796,"height":448,"caption":"Imagem de contexto do artigo Caso \"p\u00f4s-se a jeito\". TVI arrisca multa at\u00e9 150 mil euros por imagens violentas de ataque a mulher e responsabiliza\u00e7\u00e3o da v\u00edtima"},{"@type":"BreadcrumbList","@id":"https:\/\/portaltela.pt\/noticias\/2026\/03\/12\/tvi-pode-enfrentar-multa-ate-150-mil-euros-por-imagens-de-ataque-a-mulher\/#breadcrumb","itemListElement":[{"@type":"ListItem","position":1,"name":"In\u00edcio","item":"https:\/\/portaltela.pt\/"},{"@type":"ListItem","position":2,"name":"TVI pode enfrentar multa at\u00e9 150 mil euros por imagens de ataque a mulher"}]},{"@type":"WebSite","@id":"https:\/\/portaltela.pt\/#website","url":"https:\/\/portaltela.pt\/","name":"Portal Tela Portugal","description":"","potentialAction":[{"@type":"SearchAction","target":{"@type":"EntryPoint","urlTemplate":"https:\/\/portaltela.pt\/?s={search_term_string}"},"query-input":{"@type":"PropertyValueSpecification","valueRequired":true,"valueName":"search_term_string"}}],"inLanguage":"pt-PT"},{"@type":"Person","@id":"https:\/\/portaltela.pt\/#\/schema\/person\/c4278d4a6028830caff9ee44b42d32ed","name":"Telinha","image":{"@type":"ImageObject","inLanguage":"pt-PT","@id":"https:\/\/portaltela.pt\/s.01k8rhncp4jt1\/2025\/11\/talking-bot-125x125.png","url":"https:\/\/portaltela.pt\/s.01k8rhncp4jt1\/2025\/11\/talking-bot-125x125.png","contentUrl":"https:\/\/portaltela.pt\/s.01k8rhncp4jt1\/2025\/11\/talking-bot-125x125.png","caption":"Telinha"},"sameAs":["https:\/\/portaltela.pt\/"],"url":"https:\/\/portaltela.pt\/por\/367410592786\/"}]}},"_links":{"self":[{"href":"https:\/\/portaltela.pt\/api\/wp\/v2\/posts\/407264","targetHints":{"allow":["GET"]}}],"collection":[{"href":"https:\/\/portaltela.pt\/api\/wp\/v2\/posts"}],"about":[{"href":"https:\/\/portaltela.pt\/api\/wp\/v2\/types\/post"}],"author":[{"embeddable":true,"href":"https:\/\/portaltela.pt\/api\/wp\/v2\/users\/2"}],"replies":[{"embeddable":true,"href":"https:\/\/portaltela.pt\/api\/wp\/v2\/comments?post=407264"}],"version-history":[{"count":0,"href":"https:\/\/portaltela.pt\/api\/wp\/v2\/posts\/407264\/revisions"}],"wp:featuredmedia":[{"embeddable":true,"href":"https:\/\/portaltela.pt\/api\/wp\/v2\/media\/407268"}],"wp:attachment":[{"href":"https:\/\/portaltela.pt\/api\/wp\/v2\/media?parent=407264"}],"wp:term":[{"taxonomy":"category","embeddable":true,"href":"https:\/\/portaltela.pt\/api\/wp\/v2\/categories?post=407264"},{"taxonomy":"post_tag","embeddable":true,"href":"https:\/\/portaltela.pt\/api\/wp\/v2\/tags?post=407264"}],"curies":[{"name":"wp","href":"https:\/\/api.w.org\/{rel}","templated":true}]}}