{"id":407239,"date":"2026-03-12T08:17:49","date_gmt":"2026-03-12T11:17:49","guid":{"rendered":"https:\/\/portaltela.pt\/noticias\/2026\/03\/12\/ataque-iraniano-provoca-incendio-em-deposito-de-combustivel-no-bahrein\/"},"modified":"2026-03-12T08:17:49","modified_gmt":"2026-03-12T11:17:49","slug":"ataque-iraniano-provoca-incendio-em-deposito-de-combustivel-no-bahrein","status":"publish","type":"post","link":"https:\/\/portaltela.pt\/noticias\/2026\/03\/12\/ataque-iraniano-provoca-incendio-em-deposito-de-combustivel-no-bahrein\/","title":{"rendered":"Ataque iraniano provoca inc\u00eandio em dep\u00f3sito de combust\u00edvel no Bahrein"},"content":{"rendered":"<p>O Minist\u00e9rio do Interior do Bahrein informou na quinta-feira que um dep\u00f3sito de combust\u00edvel, localizado na prov\u00edncia de Muharraq, no nordeste do pa\u00eds, ficou em chama. A combust\u00e3o ocorreu ap\u00f3s ataques atribu\u00eddos ao Ir\u00e3o, segundo as autoridades.<\/p>\n<p>As imagens divulgadas pelo minist\u00e9rio mostram o fogo a avan\u00e7ar no dep\u00f3sito, sem detalhes p\u00fablicos sobre feridos ou danos a infraestruturas adjacentes. O comunicado n\u00e3o fornece n\u00fameros oficiais de v\u00edtimas nem de danos.<\/p>\n<p>As autoridades bahrenitas afirmam que o incidente est\u00e1 a ser acompanhado de perto pelas for\u00e7as de seguran\u00e7a e pelos servi\u00e7os de prote\u00e7\u00e3o civil. N\u00e3o foram divulgadas informa\u00e7\u00f5es adicionais sobre a origem do ataque ou sobre medidas de resposta em curso.<\/p>\n","protected":false},"excerpt":{"rendered":"<ul>\n<li>O Minist\u00e9rio do Interior do Bahrein divulgou imagens de um dep\u00f3sito de combust\u00edvel em chamas na prov\u00edncia de Muharraq, no nordeste do pa\u00eds.<\/li>\n<li>O incidente ocorreu nesta quinta-feira, ap\u00f3s alegados ataques do Ir\u00e3o.<\/li>\n<li>As fotografias mostram o dep\u00f3sito em fogo, segundo a autoridade.<\/li>\n<li>O an\u00fancio refor\u00e7a a liga\u00e7\u00e3o entre o ataque e o inc\u00eandio no dep\u00f3sito.<\/li>\n<\/ul>\n","protected":false},"author":2,"featured_media":407242,"comment_status":"closed","ping_status":"closed","sticky":false,"template":"","format":"standard","meta":{"footnotes":""},"categories":[6814,1],"tags":[5267,6492,1438,3327,5099,6896],"class_list":["post-407239","post","type-post","status-publish","format-standard","has-post-thumbnail","hentry","category-geopolitica","category-noticias","tag-ataques","tag-bahrein","tag-incendio","tag-iran","tag-protecao-civil-municipal","tag-seguranca-interna"],"yoast_head":"<!-- This site is optimized with the Yoast SEO plugin v27.2 - https:\/\/yoast.com\/product\/yoast-seo-wordpress\/ -->\n<title>Ataque iraniano provoca inc\u00eandio em dep\u00f3sito de combust\u00edvel no Bahrein - Portal Tela Portugal<\/title>\n<meta name=\"robots\" content=\"index, follow, max-snippet:-1, max-image-preview:large, max-video-preview:-1\" \/>\n<meta property=\"og:locale\" content=\"pt_PT\" \/>\n<meta property=\"og:type\" content=\"article\" \/>\n<meta property=\"og:title\" content=\"Ataque iraniano provoca inc\u00eandio em dep\u00f3sito de combust\u00edvel no Bahrein - Portal Tela Portugal\" \/>\n<meta property=\"og:description\" content=\"O Minist\u00e9rio do Interior do Bahrein divulgou imagens de um dep\u00f3sito de combust\u00edvel em chamas na prov\u00edncia de Muharraq, no nordeste do pa\u00eds. O incidente ocorreu nesta quinta-feira, ap\u00f3s alegados ataques do Ir\u00e3o. As fotografias mostram o dep\u00f3sito em fogo, segundo a autoridade. O an\u00fancio refor\u00e7a a liga\u00e7\u00e3o entre o ataque e o inc\u00eandio no dep\u00f3sito.\" \/>\n<meta property=\"og:url\" content=\"https:\/\/portaltela.pt\/noticias\/2026\/03\/12\/ataque-iraniano-provoca-incendio-em-deposito-de-combustivel-no-bahrein\/\" \/>\n<meta property=\"og:site_name\" content=\"Portal Tela Portugal\" \/>\n<meta property=\"article:published_time\" content=\"2026-03-12T11:17:49+00:00\" \/>\n<meta name=\"author\" content=\"Telinha\" \/>\n<meta name=\"twitter:card\" content=\"summary_large_image\" \/>\n<meta name=\"twitter:label1\" content=\"Escrito por\" \/>\n\t<meta name=\"twitter:data1\" content=\"Telinha\" \/>\n\t<meta name=\"twitter:label2\" content=\"Tempo estimado de leitura\" \/>\n\t<meta name=\"twitter:data2\" content=\"1 minuto\" \/>\n<script type=\"application\/ld+json\" class=\"yoast-schema-graph\">{\"@context\":\"https:\/\/schema.org\",\"@graph\":[{\"@type\":\"Article\",\"@id\":\"https:\/\/portaltela.pt\/noticias\/2026\/03\/12\/ataque-iraniano-provoca-incendio-em-deposito-de-combustivel-no-bahrein\/#article\",\"isPartOf\":{\"@id\":\"https:\/\/portaltela.pt\/noticias\/2026\/03\/12\/ataque-iraniano-provoca-incendio-em-deposito-de-combustivel-no-bahrein\/\"},\"author\":{\"name\":\"Telinha\",\"@id\":\"https:\/\/portaltela.pt\/#\/schema\/person\/c4278d4a6028830caff9ee44b42d32ed\"},\"headline\":\"Ataque iraniano provoca inc\u00eandio em dep\u00f3sito de combust\u00edvel no Bahrein\",\"datePublished\":\"2026-03-12T11:17:49+00:00\",\"mainEntityOfPage\":{\"@id\":\"https:\/\/portaltela.pt\/noticias\/2026\/03\/12\/ataque-iraniano-provoca-incendio-em-deposito-de-combustivel-no-bahrein\/\"},\"wordCount\":145,\"image\":{\"@id\":\"https:\/\/portaltela.pt\/noticias\/2026\/03\/12\/ataque-iraniano-provoca-incendio-em-deposito-de-combustivel-no-bahrein\/#primaryimage\"},\"thumbnailUrl\":\"https:\/\/portaltela.pt\/s.01k8rhncp4jt1\/2026\/03\/img_1280x722uu2026-03-12-11-16-17-2271897.jpg\",\"keywords\":[\"ataques\",\"Bahrein\",\"inc\u00eandio\",\"\u00cdr\u00e1n\",\"Prote\u00e7\u00e3o Civil Municipal\",\"seguran\u00e7a interna\"],\"articleSection\":[\"Geopol\u00edtica\",\"Not\u00edcias\"],\"inLanguage\":\"pt-PT\"},{\"@type\":\"WebPage\",\"@id\":\"https:\/\/portaltela.pt\/noticias\/2026\/03\/12\/ataque-iraniano-provoca-incendio-em-deposito-de-combustivel-no-bahrein\/\",\"url\":\"https:\/\/portaltela.pt\/noticias\/2026\/03\/12\/ataque-iraniano-provoca-incendio-em-deposito-de-combustivel-no-bahrein\/\",\"name\":\"Ataque iraniano provoca inc\u00eandio em dep\u00f3sito de combust\u00edvel no Bahrein - Portal Tela Portugal\",\"isPartOf\":{\"@id\":\"https:\/\/portaltela.pt\/#website\"},\"primaryImageOfPage\":{\"@id\":\"https:\/\/portaltela.pt\/noticias\/2026\/03\/12\/ataque-iraniano-provoca-incendio-em-deposito-de-combustivel-no-bahrein\/#primaryimage\"},\"image\":{\"@id\":\"https:\/\/portaltela.pt\/noticias\/2026\/03\/12\/ataque-iraniano-provoca-incendio-em-deposito-de-combustivel-no-bahrein\/#primaryimage\"},\"thumbnailUrl\":\"https:\/\/portaltela.pt\/s.01k8rhncp4jt1\/2026\/03\/img_1280x722uu2026-03-12-11-16-17-2271897.jpg\",\"datePublished\":\"2026-03-12T11:17:49+00:00\",\"author\":{\"@id\":\"https:\/\/portaltela.pt\/#\/schema\/person\/c4278d4a6028830caff9ee44b42d32ed\"},\"breadcrumb\":{\"@id\":\"https:\/\/portaltela.pt\/noticias\/2026\/03\/12\/ataque-iraniano-provoca-incendio-em-deposito-de-combustivel-no-bahrein\/#breadcrumb\"},\"inLanguage\":\"pt-PT\",\"potentialAction\":[{\"@type\":\"ReadAction\",\"target\":[\"https:\/\/portaltela.pt\/noticias\/2026\/03\/12\/ataque-iraniano-provoca-incendio-em-deposito-de-combustivel-no-bahrein\/\"]}]},{\"@type\":\"ImageObject\",\"inLanguage\":\"pt-PT\",\"@id\":\"https:\/\/portaltela.pt\/noticias\/2026\/03\/12\/ataque-iraniano-provoca-incendio-em-deposito-de-combustivel-no-bahrein\/#primaryimage\",\"url\":\"https:\/\/portaltela.pt\/s.01k8rhncp4jt1\/2026\/03\/img_1280x722uu2026-03-12-11-16-17-2271897.jpg\",\"contentUrl\":\"https:\/\/portaltela.pt\/s.01k8rhncp4jt1\/2026\/03\/img_1280x722uu2026-03-12-11-16-17-2271897.jpg\",\"width\":796,\"height\":448,\"caption\":\"Imagem de um dep\u00f3sito de combust\u00edvel em chamas na prov\u00edncia de Muharraq, Bahrein\"},{\"@type\":\"BreadcrumbList\",\"@id\":\"https:\/\/portaltela.pt\/noticias\/2026\/03\/12\/ataque-iraniano-provoca-incendio-em-deposito-de-combustivel-no-bahrein\/#breadcrumb\",\"itemListElement\":[{\"@type\":\"ListItem\",\"position\":1,\"name\":\"In\u00edcio\",\"item\":\"https:\/\/portaltela.pt\/\"},{\"@type\":\"ListItem\",\"position\":2,\"name\":\"Ataque iraniano provoca inc\u00eandio em dep\u00f3sito de combust\u00edvel no Bahrein\"}]},{\"@type\":\"WebSite\",\"@id\":\"https:\/\/portaltela.pt\/#website\",\"url\":\"https:\/\/portaltela.pt\/\",\"name\":\"Portal Tela Portugal\",\"description\":\"\",\"potentialAction\":[{\"@type\":\"SearchAction\",\"target\":{\"@type\":\"EntryPoint\",\"urlTemplate\":\"https:\/\/portaltela.pt\/?s={search_term_string}\"},\"query-input\":{\"@type\":\"PropertyValueSpecification\",\"valueRequired\":true,\"valueName\":\"search_term_string\"}}],\"inLanguage\":\"pt-PT\"},{\"@type\":\"Person\",\"@id\":\"https:\/\/portaltela.pt\/#\/schema\/person\/c4278d4a6028830caff9ee44b42d32ed\",\"name\":\"Telinha\",\"image\":{\"@type\":\"ImageObject\",\"inLanguage\":\"pt-PT\",\"@id\":\"https:\/\/portaltela.pt\/s.01k8rhncp4jt1\/2025\/11\/talking-bot-125x125.png\",\"url\":\"https:\/\/portaltela.pt\/s.01k8rhncp4jt1\/2025\/11\/talking-bot-125x125.png\",\"contentUrl\":\"https:\/\/portaltela.pt\/s.01k8rhncp4jt1\/2025\/11\/talking-bot-125x125.png\",\"caption\":\"Telinha\"},\"sameAs\":[\"https:\/\/portaltela.pt\/\"],\"url\":\"https:\/\/portaltela.pt\/por\/367410592786\/\"}]}<\/script>\n<!-- \/ Yoast SEO plugin. -->","yoast_head_json":{"title":"Ataque iraniano provoca inc\u00eandio em dep\u00f3sito de combust\u00edvel no Bahrein - Portal Tela Portugal","robots":{"index":"index","follow":"follow","max-snippet":"max-snippet:-1","max-image-preview":"max-image-preview:large","max-video-preview":"max-video-preview:-1"},"og_locale":"pt_PT","og_type":"article","og_title":"Ataque iraniano provoca inc\u00eandio em dep\u00f3sito de combust\u00edvel no Bahrein - Portal Tela Portugal","og_description":"O Minist\u00e9rio do Interior do Bahrein divulgou imagens de um dep\u00f3sito de combust\u00edvel em chamas na prov\u00edncia de Muharraq, no nordeste do pa\u00eds. O incidente ocorreu nesta quinta-feira, ap\u00f3s alegados ataques do Ir\u00e3o. As fotografias mostram o dep\u00f3sito em fogo, segundo a autoridade. O an\u00fancio refor\u00e7a a liga\u00e7\u00e3o entre o ataque e o inc\u00eandio no dep\u00f3sito.","og_url":"https:\/\/portaltela.pt\/noticias\/2026\/03\/12\/ataque-iraniano-provoca-incendio-em-deposito-de-combustivel-no-bahrein\/","og_site_name":"Portal Tela Portugal","article_published_time":"2026-03-12T11:17:49+00:00","author":"Telinha","twitter_card":"summary_large_image","twitter_misc":{"Escrito por":"Telinha","Tempo estimado de leitura":"1 minuto"},"schema":{"@context":"https:\/\/schema.org","@graph":[{"@type":"Article","@id":"https:\/\/portaltela.pt\/noticias\/2026\/03\/12\/ataque-iraniano-provoca-incendio-em-deposito-de-combustivel-no-bahrein\/#article","isPartOf":{"@id":"https:\/\/portaltela.pt\/noticias\/2026\/03\/12\/ataque-iraniano-provoca-incendio-em-deposito-de-combustivel-no-bahrein\/"},"author":{"name":"Telinha","@id":"https:\/\/portaltela.pt\/#\/schema\/person\/c4278d4a6028830caff9ee44b42d32ed"},"headline":"Ataque iraniano provoca inc\u00eandio em dep\u00f3sito de combust\u00edvel no Bahrein","datePublished":"2026-03-12T11:17:49+00:00","mainEntityOfPage":{"@id":"https:\/\/portaltela.pt\/noticias\/2026\/03\/12\/ataque-iraniano-provoca-incendio-em-deposito-de-combustivel-no-bahrein\/"},"wordCount":145,"image":{"@id":"https:\/\/portaltela.pt\/noticias\/2026\/03\/12\/ataque-iraniano-provoca-incendio-em-deposito-de-combustivel-no-bahrein\/#primaryimage"},"thumbnailUrl":"https:\/\/portaltela.pt\/s.01k8rhncp4jt1\/2026\/03\/img_1280x722uu2026-03-12-11-16-17-2271897.jpg","keywords":["ataques","Bahrein","inc\u00eandio","\u00cdr\u00e1n","Prote\u00e7\u00e3o Civil Municipal","seguran\u00e7a interna"],"articleSection":["Geopol\u00edtica","Not\u00edcias"],"inLanguage":"pt-PT"},{"@type":"WebPage","@id":"https:\/\/portaltela.pt\/noticias\/2026\/03\/12\/ataque-iraniano-provoca-incendio-em-deposito-de-combustivel-no-bahrein\/","url":"https:\/\/portaltela.pt\/noticias\/2026\/03\/12\/ataque-iraniano-provoca-incendio-em-deposito-de-combustivel-no-bahrein\/","name":"Ataque iraniano provoca inc\u00eandio em dep\u00f3sito de combust\u00edvel no Bahrein - Portal Tela Portugal","isPartOf":{"@id":"https:\/\/portaltela.pt\/#website"},"primaryImageOfPage":{"@id":"https:\/\/portaltela.pt\/noticias\/2026\/03\/12\/ataque-iraniano-provoca-incendio-em-deposito-de-combustivel-no-bahrein\/#primaryimage"},"image":{"@id":"https:\/\/portaltela.pt\/noticias\/2026\/03\/12\/ataque-iraniano-provoca-incendio-em-deposito-de-combustivel-no-bahrein\/#primaryimage"},"thumbnailUrl":"https:\/\/portaltela.pt\/s.01k8rhncp4jt1\/2026\/03\/img_1280x722uu2026-03-12-11-16-17-2271897.jpg","datePublished":"2026-03-12T11:17:49+00:00","author":{"@id":"https:\/\/portaltela.pt\/#\/schema\/person\/c4278d4a6028830caff9ee44b42d32ed"},"breadcrumb":{"@id":"https:\/\/portaltela.pt\/noticias\/2026\/03\/12\/ataque-iraniano-provoca-incendio-em-deposito-de-combustivel-no-bahrein\/#breadcrumb"},"inLanguage":"pt-PT","potentialAction":[{"@type":"ReadAction","target":["https:\/\/portaltela.pt\/noticias\/2026\/03\/12\/ataque-iraniano-provoca-incendio-em-deposito-de-combustivel-no-bahrein\/"]}]},{"@type":"ImageObject","inLanguage":"pt-PT","@id":"https:\/\/portaltela.pt\/noticias\/2026\/03\/12\/ataque-iraniano-provoca-incendio-em-deposito-de-combustivel-no-bahrein\/#primaryimage","url":"https:\/\/portaltela.pt\/s.01k8rhncp4jt1\/2026\/03\/img_1280x722uu2026-03-12-11-16-17-2271897.jpg","contentUrl":"https:\/\/portaltela.pt\/s.01k8rhncp4jt1\/2026\/03\/img_1280x722uu2026-03-12-11-16-17-2271897.jpg","width":796,"height":448,"caption":"Imagem de um dep\u00f3sito de combust\u00edvel em chamas na prov\u00edncia de Muharraq, Bahrein"},{"@type":"BreadcrumbList","@id":"https:\/\/portaltela.pt\/noticias\/2026\/03\/12\/ataque-iraniano-provoca-incendio-em-deposito-de-combustivel-no-bahrein\/#breadcrumb","itemListElement":[{"@type":"ListItem","position":1,"name":"In\u00edcio","item":"https:\/\/portaltela.pt\/"},{"@type":"ListItem","position":2,"name":"Ataque iraniano provoca inc\u00eandio em dep\u00f3sito de combust\u00edvel no Bahrein"}]},{"@type":"WebSite","@id":"https:\/\/portaltela.pt\/#website","url":"https:\/\/portaltela.pt\/","name":"Portal Tela Portugal","description":"","potentialAction":[{"@type":"SearchAction","target":{"@type":"EntryPoint","urlTemplate":"https:\/\/portaltela.pt\/?s={search_term_string}"},"query-input":{"@type":"PropertyValueSpecification","valueRequired":true,"valueName":"search_term_string"}}],"inLanguage":"pt-PT"},{"@type":"Person","@id":"https:\/\/portaltela.pt\/#\/schema\/person\/c4278d4a6028830caff9ee44b42d32ed","name":"Telinha","image":{"@type":"ImageObject","inLanguage":"pt-PT","@id":"https:\/\/portaltela.pt\/s.01k8rhncp4jt1\/2025\/11\/talking-bot-125x125.png","url":"https:\/\/portaltela.pt\/s.01k8rhncp4jt1\/2025\/11\/talking-bot-125x125.png","contentUrl":"https:\/\/portaltela.pt\/s.01k8rhncp4jt1\/2025\/11\/talking-bot-125x125.png","caption":"Telinha"},"sameAs":["https:\/\/portaltela.pt\/"],"url":"https:\/\/portaltela.pt\/por\/367410592786\/"}]}},"_links":{"self":[{"href":"https:\/\/portaltela.pt\/api\/wp\/v2\/posts\/407239","targetHints":{"allow":["GET"]}}],"collection":[{"href":"https:\/\/portaltela.pt\/api\/wp\/v2\/posts"}],"about":[{"href":"https:\/\/portaltela.pt\/api\/wp\/v2\/types\/post"}],"author":[{"embeddable":true,"href":"https:\/\/portaltela.pt\/api\/wp\/v2\/users\/2"}],"replies":[{"embeddable":true,"href":"https:\/\/portaltela.pt\/api\/wp\/v2\/comments?post=407239"}],"version-history":[{"count":0,"href":"https:\/\/portaltela.pt\/api\/wp\/v2\/posts\/407239\/revisions"}],"wp:featuredmedia":[{"embeddable":true,"href":"https:\/\/portaltela.pt\/api\/wp\/v2\/media\/407242"}],"wp:attachment":[{"href":"https:\/\/portaltela.pt\/api\/wp\/v2\/media?parent=407239"}],"wp:term":[{"taxonomy":"category","embeddable":true,"href":"https:\/\/portaltela.pt\/api\/wp\/v2\/categories?post=407239"},{"taxonomy":"post_tag","embeddable":true,"href":"https:\/\/portaltela.pt\/api\/wp\/v2\/tags?post=407239"}],"curies":[{"name":"wp","href":"https:\/\/api.w.org\/{rel}","templated":true}]}}