{"id":407217,"date":"2026-03-12T08:00:00","date_gmt":"2026-03-12T11:00:00","guid":{"rendered":"https:\/\/portaltela.pt\/noticias\/2026\/03\/12\/nova-adaptacao-cinematografica-de-o-estrangeiro-de-camus-chega-aos-cinemas\/"},"modified":"2026-03-12T08:00:00","modified_gmt":"2026-03-12T11:00:00","slug":"nova-adaptacao-cinematografica-de-o-estrangeiro-de-camus-chega-aos-cinemas","status":"publish","type":"post","link":"https:\/\/portaltela.pt\/noticias\/2026\/03\/12\/nova-adaptacao-cinematografica-de-o-estrangeiro-de-camus-chega-aos-cinemas\/","title":{"rendered":"Nova adapta\u00e7\u00e3o cinematogr\u00e1fica de O Estrangeiro de Camus chega aos cinemas"},"content":{"rendered":"<p>A adapta\u00e7\u00e3o cinematogr\u00e1fica de O Estrangeiro, de Albert Camus, chega aos cinemas com a m\u00e3o de Fran\u00e7ois Ozon. O filme retoma a obra do escritor franc\u00eas, levando a narrativa para as telas em 1938, na capital argelina de ent\u00e3o, a capital de uma Arg\u00e9lia que era col\u00f3nia francesa. A produ\u00e7\u00e3o foca o percurso de um homem comum que se v\u00ea envolvido em acontecimentos fora do comum.<\/p>\n<p>A hist\u00f3ria acompanha a trajet\u00f3ria de um pacato homem na casa dos trinta anos, cuja vida passa a desnivelar-se de forma abrupta. O enredo, situado em Algiers, devolve a sensa\u00e7\u00e3o de aliena\u00e7\u00e3o e absurdo presentes na obra original.<\/p>\n<p>O que acontece \u00e9 apresentado sob a lente de Ozon, que adapta o texto de Camus para o cinema. O elenco e a equipa n\u00e3o s\u00e3o detalhados pela informa\u00e7\u00e3o dispon\u00edvel, mas a produ\u00e7\u00e3o \u00e9 apresentada como uma nova leitura da obra.<\/p>\n<p>Quando e onde: a estreia acontece nos cinemas nacionais nesta semana, com o filme a integrar a programa\u00e7\u00e3o de salas de exibi\u00e7\u00e3o. A localiza\u00e7\u00e3o central \u00e9 Algiers, embora as datas variem consoante o circuito de cinema.<\/p>\n<p>Porqu\u00ea: a adapta\u00e7\u00e3o visa traduzir para o grande \u00e9cran os temas de Camus, como a indiferen\u00e7a do mundo e a busca de sentido, atrav\u00e9s de uma perspetiva contempor\u00e2nea. A obra original permanece como base para a realiza\u00e7\u00e3o.<\/p>\n<h3>Outros lan\u00e7amentos<\/h3>\n<p>Ainda nesta semana chegam aos cinemas os filmes O mago do Kremlin e Yunan, ampliando a oferta de estreia. De modo geral, o objetivo \u00e9 apresentar novas leituras de obras de fic\u00e7\u00e3o e de n\u00e3o fic\u00e7\u00e3o.<\/p>\n","protected":false},"excerpt":{"rendered":"<ul>\n<li>A obra-prima de Albert Camus O Estrangeiro ganha nova adapta\u00e7\u00e3o ao cinema, dirigida por Fran\u00e7ois Ozon.<\/li>\n<li>A hist\u00f3ria passa-se em Argel, capital da Arg\u00e9lia, em 1938, na altura uma col\u00f3nia francesa.<\/li>\n<li>O enredo acompanha o percurso err\u00e1tico de um pacato homem de 30 anos.<\/li>\n<li>Al\u00e9m de O Estrangeiro, esta semana chegam aos cinemas os filmes O mago do Kremlin e Yunan.<\/li>\n<li>O filme \u00e9 uma adapta\u00e7\u00e3o cinematogr\u00e1fica da obra de Camus.<\/li>\n<\/ul>\n","protected":false},"author":2,"featured_media":407223,"comment_status":"closed","ping_status":"closed","sticky":false,"template":"","format":"standard","meta":{"footnotes":""},"categories":[1],"tags":[2254,112,145,5242,106,1014],"class_list":["post-407217","post","type-post","status-publish","format-standard","has-post-thumbnail","hentry","category-noticias","tag-argelia","tag-cinema","tag-cultura","tag-filmes","tag-literatura","tag-portugal"],"yoast_head":"<!-- This site is optimized with the Yoast SEO plugin v27.2 - https:\/\/yoast.com\/product\/yoast-seo-wordpress\/ -->\n<title>Nova adapta\u00e7\u00e3o cinematogr\u00e1fica de O Estrangeiro de Camus chega aos cinemas - Portal Tela Portugal<\/title>\n<meta name=\"robots\" content=\"index, follow, max-snippet:-1, max-image-preview:large, max-video-preview:-1\" \/>\n<meta property=\"og:locale\" content=\"pt_PT\" \/>\n<meta property=\"og:type\" content=\"article\" \/>\n<meta property=\"og:title\" content=\"Nova adapta\u00e7\u00e3o cinematogr\u00e1fica de O Estrangeiro de Camus chega aos cinemas - Portal Tela Portugal\" \/>\n<meta property=\"og:description\" content=\"A obra-prima de Albert Camus O Estrangeiro ganha nova adapta\u00e7\u00e3o ao cinema, dirigida por Fran\u00e7ois Ozon. A hist\u00f3ria passa-se em Argel, capital da Arg\u00e9lia, em 1938, na altura uma col\u00f3nia francesa. O enredo acompanha o percurso err\u00e1tico de um pacato homem de 30 anos. Al\u00e9m de O Estrangeiro, esta semana chegam aos cinemas os filmes O mago do Kremlin e Yunan. O filme \u00e9 uma adapta\u00e7\u00e3o cinematogr\u00e1fica da obra de Camus.\" \/>\n<meta property=\"og:url\" content=\"https:\/\/portaltela.pt\/noticias\/2026\/03\/12\/nova-adaptacao-cinematografica-de-o-estrangeiro-de-camus-chega-aos-cinemas\/\" \/>\n<meta property=\"og:site_name\" content=\"Portal Tela Portugal\" \/>\n<meta property=\"article:published_time\" content=\"2026-03-12T11:00:00+00:00\" \/>\n<meta name=\"author\" content=\"Telinha\" \/>\n<meta name=\"twitter:card\" content=\"summary_large_image\" \/>\n<meta name=\"twitter:label1\" content=\"Escrito por\" \/>\n\t<meta name=\"twitter:data1\" content=\"Telinha\" \/>\n\t<meta name=\"twitter:label2\" content=\"Tempo estimado de leitura\" \/>\n\t<meta name=\"twitter:data2\" content=\"1 minuto\" \/>\n<script type=\"application\/ld+json\" class=\"yoast-schema-graph\">{\"@context\":\"https:\/\/schema.org\",\"@graph\":[{\"@type\":\"Article\",\"@id\":\"https:\/\/portaltela.pt\/noticias\/2026\/03\/12\/nova-adaptacao-cinematografica-de-o-estrangeiro-de-camus-chega-aos-cinemas\/#article\",\"isPartOf\":{\"@id\":\"https:\/\/portaltela.pt\/noticias\/2026\/03\/12\/nova-adaptacao-cinematografica-de-o-estrangeiro-de-camus-chega-aos-cinemas\/\"},\"author\":{\"name\":\"Telinha\",\"@id\":\"https:\/\/portaltela.pt\/#\/schema\/person\/c4278d4a6028830caff9ee44b42d32ed\"},\"headline\":\"Nova adapta\u00e7\u00e3o cinematogr\u00e1fica de O Estrangeiro de Camus chega aos cinemas\",\"datePublished\":\"2026-03-12T11:00:00+00:00\",\"mainEntityOfPage\":{\"@id\":\"https:\/\/portaltela.pt\/noticias\/2026\/03\/12\/nova-adaptacao-cinematografica-de-o-estrangeiro-de-camus-chega-aos-cinemas\/\"},\"wordCount\":294,\"image\":{\"@id\":\"https:\/\/portaltela.pt\/noticias\/2026\/03\/12\/nova-adaptacao-cinematografica-de-o-estrangeiro-de-camus-chega-aos-cinemas\/#primaryimage\"},\"thumbnailUrl\":\"https:\/\/portaltela.pt\/s.01k8rhncp4jt1\/2026\/03\/6c1b4ef8-2aa3-4310-aa4c-cd454e2f265f_1200x675.jpg\",\"keywords\":[\"Arg\u00e9lia\",\"cinema\",\"cultura\",\"filmes\",\"literatura\",\"Portugal\"],\"articleSection\":[\"Not\u00edcias\"],\"inLanguage\":\"pt-PT\"},{\"@type\":\"WebPage\",\"@id\":\"https:\/\/portaltela.pt\/noticias\/2026\/03\/12\/nova-adaptacao-cinematografica-de-o-estrangeiro-de-camus-chega-aos-cinemas\/\",\"url\":\"https:\/\/portaltela.pt\/noticias\/2026\/03\/12\/nova-adaptacao-cinematografica-de-o-estrangeiro-de-camus-chega-aos-cinemas\/\",\"name\":\"Nova adapta\u00e7\u00e3o cinematogr\u00e1fica de O Estrangeiro de Camus chega aos cinemas - Portal Tela Portugal\",\"isPartOf\":{\"@id\":\"https:\/\/portaltela.pt\/#website\"},\"primaryImageOfPage\":{\"@id\":\"https:\/\/portaltela.pt\/noticias\/2026\/03\/12\/nova-adaptacao-cinematografica-de-o-estrangeiro-de-camus-chega-aos-cinemas\/#primaryimage\"},\"image\":{\"@id\":\"https:\/\/portaltela.pt\/noticias\/2026\/03\/12\/nova-adaptacao-cinematografica-de-o-estrangeiro-de-camus-chega-aos-cinemas\/#primaryimage\"},\"thumbnailUrl\":\"https:\/\/portaltela.pt\/s.01k8rhncp4jt1\/2026\/03\/6c1b4ef8-2aa3-4310-aa4c-cd454e2f265f_1200x675.jpg\",\"datePublished\":\"2026-03-12T11:00:00+00:00\",\"author\":{\"@id\":\"https:\/\/portaltela.pt\/#\/schema\/person\/c4278d4a6028830caff9ee44b42d32ed\"},\"breadcrumb\":{\"@id\":\"https:\/\/portaltela.pt\/noticias\/2026\/03\/12\/nova-adaptacao-cinematografica-de-o-estrangeiro-de-camus-chega-aos-cinemas\/#breadcrumb\"},\"inLanguage\":\"pt-PT\",\"potentialAction\":[{\"@type\":\"ReadAction\",\"target\":[\"https:\/\/portaltela.pt\/noticias\/2026\/03\/12\/nova-adaptacao-cinematografica-de-o-estrangeiro-de-camus-chega-aos-cinemas\/\"]}]},{\"@type\":\"ImageObject\",\"inLanguage\":\"pt-PT\",\"@id\":\"https:\/\/portaltela.pt\/noticias\/2026\/03\/12\/nova-adaptacao-cinematografica-de-o-estrangeiro-de-camus-chega-aos-cinemas\/#primaryimage\",\"url\":\"https:\/\/portaltela.pt\/s.01k8rhncp4jt1\/2026\/03\/6c1b4ef8-2aa3-4310-aa4c-cd454e2f265f_1200x675.jpg\",\"contentUrl\":\"https:\/\/portaltela.pt\/s.01k8rhncp4jt1\/2026\/03\/6c1b4ef8-2aa3-4310-aa4c-cd454e2f265f_1200x675.jpg\",\"width\":796,\"height\":448,\"caption\":\"Photo\"},{\"@type\":\"BreadcrumbList\",\"@id\":\"https:\/\/portaltela.pt\/noticias\/2026\/03\/12\/nova-adaptacao-cinematografica-de-o-estrangeiro-de-camus-chega-aos-cinemas\/#breadcrumb\",\"itemListElement\":[{\"@type\":\"ListItem\",\"position\":1,\"name\":\"In\u00edcio\",\"item\":\"https:\/\/portaltela.pt\/\"},{\"@type\":\"ListItem\",\"position\":2,\"name\":\"Nova adapta\u00e7\u00e3o cinematogr\u00e1fica de O Estrangeiro de Camus chega aos cinemas\"}]},{\"@type\":\"WebSite\",\"@id\":\"https:\/\/portaltela.pt\/#website\",\"url\":\"https:\/\/portaltela.pt\/\",\"name\":\"Portal Tela Portugal\",\"description\":\"\",\"potentialAction\":[{\"@type\":\"SearchAction\",\"target\":{\"@type\":\"EntryPoint\",\"urlTemplate\":\"https:\/\/portaltela.pt\/?s={search_term_string}\"},\"query-input\":{\"@type\":\"PropertyValueSpecification\",\"valueRequired\":true,\"valueName\":\"search_term_string\"}}],\"inLanguage\":\"pt-PT\"},{\"@type\":\"Person\",\"@id\":\"https:\/\/portaltela.pt\/#\/schema\/person\/c4278d4a6028830caff9ee44b42d32ed\",\"name\":\"Telinha\",\"image\":{\"@type\":\"ImageObject\",\"inLanguage\":\"pt-PT\",\"@id\":\"https:\/\/portaltela.pt\/s.01k8rhncp4jt1\/2025\/11\/talking-bot-125x125.png\",\"url\":\"https:\/\/portaltela.pt\/s.01k8rhncp4jt1\/2025\/11\/talking-bot-125x125.png\",\"contentUrl\":\"https:\/\/portaltela.pt\/s.01k8rhncp4jt1\/2025\/11\/talking-bot-125x125.png\",\"caption\":\"Telinha\"},\"sameAs\":[\"https:\/\/portaltela.pt\/\"],\"url\":\"https:\/\/portaltela.pt\/por\/367410592786\/\"}]}<\/script>\n<!-- \/ Yoast SEO plugin. -->","yoast_head_json":{"title":"Nova adapta\u00e7\u00e3o cinematogr\u00e1fica de O Estrangeiro de Camus chega aos cinemas - Portal Tela Portugal","robots":{"index":"index","follow":"follow","max-snippet":"max-snippet:-1","max-image-preview":"max-image-preview:large","max-video-preview":"max-video-preview:-1"},"og_locale":"pt_PT","og_type":"article","og_title":"Nova adapta\u00e7\u00e3o cinematogr\u00e1fica de O Estrangeiro de Camus chega aos cinemas - Portal Tela Portugal","og_description":"A obra-prima de Albert Camus O Estrangeiro ganha nova adapta\u00e7\u00e3o ao cinema, dirigida por Fran\u00e7ois Ozon. A hist\u00f3ria passa-se em Argel, capital da Arg\u00e9lia, em 1938, na altura uma col\u00f3nia francesa. O enredo acompanha o percurso err\u00e1tico de um pacato homem de 30 anos. Al\u00e9m de O Estrangeiro, esta semana chegam aos cinemas os filmes O mago do Kremlin e Yunan. O filme \u00e9 uma adapta\u00e7\u00e3o cinematogr\u00e1fica da obra de Camus.","og_url":"https:\/\/portaltela.pt\/noticias\/2026\/03\/12\/nova-adaptacao-cinematografica-de-o-estrangeiro-de-camus-chega-aos-cinemas\/","og_site_name":"Portal Tela Portugal","article_published_time":"2026-03-12T11:00:00+00:00","author":"Telinha","twitter_card":"summary_large_image","twitter_misc":{"Escrito por":"Telinha","Tempo estimado de leitura":"1 minuto"},"schema":{"@context":"https:\/\/schema.org","@graph":[{"@type":"Article","@id":"https:\/\/portaltela.pt\/noticias\/2026\/03\/12\/nova-adaptacao-cinematografica-de-o-estrangeiro-de-camus-chega-aos-cinemas\/#article","isPartOf":{"@id":"https:\/\/portaltela.pt\/noticias\/2026\/03\/12\/nova-adaptacao-cinematografica-de-o-estrangeiro-de-camus-chega-aos-cinemas\/"},"author":{"name":"Telinha","@id":"https:\/\/portaltela.pt\/#\/schema\/person\/c4278d4a6028830caff9ee44b42d32ed"},"headline":"Nova adapta\u00e7\u00e3o cinematogr\u00e1fica de O Estrangeiro de Camus chega aos cinemas","datePublished":"2026-03-12T11:00:00+00:00","mainEntityOfPage":{"@id":"https:\/\/portaltela.pt\/noticias\/2026\/03\/12\/nova-adaptacao-cinematografica-de-o-estrangeiro-de-camus-chega-aos-cinemas\/"},"wordCount":294,"image":{"@id":"https:\/\/portaltela.pt\/noticias\/2026\/03\/12\/nova-adaptacao-cinematografica-de-o-estrangeiro-de-camus-chega-aos-cinemas\/#primaryimage"},"thumbnailUrl":"https:\/\/portaltela.pt\/s.01k8rhncp4jt1\/2026\/03\/6c1b4ef8-2aa3-4310-aa4c-cd454e2f265f_1200x675.jpg","keywords":["Arg\u00e9lia","cinema","cultura","filmes","literatura","Portugal"],"articleSection":["Not\u00edcias"],"inLanguage":"pt-PT"},{"@type":"WebPage","@id":"https:\/\/portaltela.pt\/noticias\/2026\/03\/12\/nova-adaptacao-cinematografica-de-o-estrangeiro-de-camus-chega-aos-cinemas\/","url":"https:\/\/portaltela.pt\/noticias\/2026\/03\/12\/nova-adaptacao-cinematografica-de-o-estrangeiro-de-camus-chega-aos-cinemas\/","name":"Nova adapta\u00e7\u00e3o cinematogr\u00e1fica de O Estrangeiro de Camus chega aos cinemas - Portal Tela Portugal","isPartOf":{"@id":"https:\/\/portaltela.pt\/#website"},"primaryImageOfPage":{"@id":"https:\/\/portaltela.pt\/noticias\/2026\/03\/12\/nova-adaptacao-cinematografica-de-o-estrangeiro-de-camus-chega-aos-cinemas\/#primaryimage"},"image":{"@id":"https:\/\/portaltela.pt\/noticias\/2026\/03\/12\/nova-adaptacao-cinematografica-de-o-estrangeiro-de-camus-chega-aos-cinemas\/#primaryimage"},"thumbnailUrl":"https:\/\/portaltela.pt\/s.01k8rhncp4jt1\/2026\/03\/6c1b4ef8-2aa3-4310-aa4c-cd454e2f265f_1200x675.jpg","datePublished":"2026-03-12T11:00:00+00:00","author":{"@id":"https:\/\/portaltela.pt\/#\/schema\/person\/c4278d4a6028830caff9ee44b42d32ed"},"breadcrumb":{"@id":"https:\/\/portaltela.pt\/noticias\/2026\/03\/12\/nova-adaptacao-cinematografica-de-o-estrangeiro-de-camus-chega-aos-cinemas\/#breadcrumb"},"inLanguage":"pt-PT","potentialAction":[{"@type":"ReadAction","target":["https:\/\/portaltela.pt\/noticias\/2026\/03\/12\/nova-adaptacao-cinematografica-de-o-estrangeiro-de-camus-chega-aos-cinemas\/"]}]},{"@type":"ImageObject","inLanguage":"pt-PT","@id":"https:\/\/portaltela.pt\/noticias\/2026\/03\/12\/nova-adaptacao-cinematografica-de-o-estrangeiro-de-camus-chega-aos-cinemas\/#primaryimage","url":"https:\/\/portaltela.pt\/s.01k8rhncp4jt1\/2026\/03\/6c1b4ef8-2aa3-4310-aa4c-cd454e2f265f_1200x675.jpg","contentUrl":"https:\/\/portaltela.pt\/s.01k8rhncp4jt1\/2026\/03\/6c1b4ef8-2aa3-4310-aa4c-cd454e2f265f_1200x675.jpg","width":796,"height":448,"caption":"Photo"},{"@type":"BreadcrumbList","@id":"https:\/\/portaltela.pt\/noticias\/2026\/03\/12\/nova-adaptacao-cinematografica-de-o-estrangeiro-de-camus-chega-aos-cinemas\/#breadcrumb","itemListElement":[{"@type":"ListItem","position":1,"name":"In\u00edcio","item":"https:\/\/portaltela.pt\/"},{"@type":"ListItem","position":2,"name":"Nova adapta\u00e7\u00e3o cinematogr\u00e1fica de O Estrangeiro de Camus chega aos cinemas"}]},{"@type":"WebSite","@id":"https:\/\/portaltela.pt\/#website","url":"https:\/\/portaltela.pt\/","name":"Portal Tela Portugal","description":"","potentialAction":[{"@type":"SearchAction","target":{"@type":"EntryPoint","urlTemplate":"https:\/\/portaltela.pt\/?s={search_term_string}"},"query-input":{"@type":"PropertyValueSpecification","valueRequired":true,"valueName":"search_term_string"}}],"inLanguage":"pt-PT"},{"@type":"Person","@id":"https:\/\/portaltela.pt\/#\/schema\/person\/c4278d4a6028830caff9ee44b42d32ed","name":"Telinha","image":{"@type":"ImageObject","inLanguage":"pt-PT","@id":"https:\/\/portaltela.pt\/s.01k8rhncp4jt1\/2025\/11\/talking-bot-125x125.png","url":"https:\/\/portaltela.pt\/s.01k8rhncp4jt1\/2025\/11\/talking-bot-125x125.png","contentUrl":"https:\/\/portaltela.pt\/s.01k8rhncp4jt1\/2025\/11\/talking-bot-125x125.png","caption":"Telinha"},"sameAs":["https:\/\/portaltela.pt\/"],"url":"https:\/\/portaltela.pt\/por\/367410592786\/"}]}},"_links":{"self":[{"href":"https:\/\/portaltela.pt\/api\/wp\/v2\/posts\/407217","targetHints":{"allow":["GET"]}}],"collection":[{"href":"https:\/\/portaltela.pt\/api\/wp\/v2\/posts"}],"about":[{"href":"https:\/\/portaltela.pt\/api\/wp\/v2\/types\/post"}],"author":[{"embeddable":true,"href":"https:\/\/portaltela.pt\/api\/wp\/v2\/users\/2"}],"replies":[{"embeddable":true,"href":"https:\/\/portaltela.pt\/api\/wp\/v2\/comments?post=407217"}],"version-history":[{"count":0,"href":"https:\/\/portaltela.pt\/api\/wp\/v2\/posts\/407217\/revisions"}],"wp:featuredmedia":[{"embeddable":true,"href":"https:\/\/portaltela.pt\/api\/wp\/v2\/media\/407223"}],"wp:attachment":[{"href":"https:\/\/portaltela.pt\/api\/wp\/v2\/media?parent=407217"}],"wp:term":[{"taxonomy":"category","embeddable":true,"href":"https:\/\/portaltela.pt\/api\/wp\/v2\/categories?post=407217"},{"taxonomy":"post_tag","embeddable":true,"href":"https:\/\/portaltela.pt\/api\/wp\/v2\/tags?post=407217"}],"curies":[{"name":"wp","href":"https:\/\/api.w.org\/{rel}","templated":true}]}}