{"id":407201,"date":"2026-03-12T08:02:40","date_gmt":"2026-03-12T11:02:40","guid":{"rendered":"https:\/\/portaltela.pt\/noticias\/2026\/03\/12\/sporting-reforca-identidade-e-prepara-consolidacao-do-seu-crescimento\/"},"modified":"2026-03-12T08:02:40","modified_gmt":"2026-03-12T11:02:40","slug":"sporting-reforca-identidade-e-prepara-consolidacao-do-seu-crescimento","status":"publish","type":"post","link":"https:\/\/portaltela.pt\/desporto\/futebol\/2026\/03\/12\/sporting-reforca-identidade-e-prepara-consolidacao-do-seu-crescimento\/","title":{"rendered":"Sporting refor\u00e7a identidade e prepara consolida\u00e7\u00e3o do seu crescimento"},"content":{"rendered":"<p>Frederico Varandas, presidente do Sporting e candidato \u00e0 presid\u00eancia no ato eleitoral marcado para s\u00e1bado, publicou no Jornal Sporting os seis pilares que, segundo a sua leitura, podem assegurar estabilidade institucional e crescimento respons\u00e1vel do clube. A divulga\u00e7\u00e3o surge no contexto da campanha e de um programa para 2026-2030.<\/p>\n<p>O objetivo \u00e9 que o Sporting se afirme como refer\u00eancia em Portugal e no Mundo, atrav\u00e9s de uma arquitetura de desenvolvimento que combine capacidade de execu\u00e7\u00e3o, governan\u00e7a est\u00e1vel e crescimento sustent\u00e1vel. Varandas destaca que a transforma\u00e7\u00e3o passa pela execu\u00e7\u00e3o do plano e pela presta\u00e7\u00e3o de contas.<\/p>\n<p>Entre os pilares, o primeiro enfatiza Pessoas como ativo estrat\u00e9gico, com investimento em talento, forma\u00e7\u00e3o e ambiente de alto desempenho dentro de valores de responsabilidade, inclus\u00e3o e esp\u00edrito de equipa. O foco recai na atra\u00e7\u00e3o e reten\u00e7\u00e3o de talento.<\/p>\n<p>O segundo pilar \u00e9 Tecnol\u00f3gico, com impulso na inova\u00e7\u00e3o, integra\u00e7\u00e3o de sistemas e digitaliza\u00e7\u00e3o de processos. A an\u00e1lise de dados passa a sustentar decis\u00f5es e melhorar a rela\u00e7\u00e3o com os S\u00f3cios, fortalecendo o ecossistema digital do clube.<\/p>\n<p>No que respeita a Infraestruturas, o Sporting pretende modernizar ativos f\u00edsicos, melhorar condi\u00e7\u00f5es de treino e tornar o Est\u00e1dio Jos\u00e9 Alvalade num ativo multifuncional. A efici\u00eancia energ\u00e9tica e a integra\u00e7\u00e3o urbana ganham relev\u00e2ncia para a sustentabilidade.<\/p>\n<p>As Plataformas de Interac\u00e7\u00e3o visam aproximar S\u00f3cios e adeptos, com comunica\u00e7\u00e3o bidirecional, experi\u00eancias integradas e comunidades globais em torno da marca Sporting. O clube pretende manter-se ativo 365 dias por ano.<\/p>\n<p>Quanto \u00e0 dimens\u00e3o Estatut\u00e1ria, o objetivo \u00e9 garantir solidez institucional, regras claras e equil\u00edbrio de poderes, promovendo participa\u00e7\u00e3o democr\u00e1tica e confian\u00e7a. A estabilidade \u00e9 apresentada como requisito para o crescimento sustentado.<\/p>\n<p>Por fim, o pilar Financeira aponta para disciplina or\u00e7amental, controlo de risco e diversifica\u00e7\u00e3o de receitas. A gest\u00e3o respons\u00e1vel busca proteger a maioria do clube na SAD, otimizar a estrutura de capital e assegurar capacidade de investimento no longo prazo.<\/p>\n<p>Juntas, as a\u00e7\u00f5es descritas visam uma estrat\u00e9gia integrada de ambi\u00e7\u00e3o competitiva, rigor financeiro e responsabilidade social. O ciclo 2026-2030 fica marcado pela execu\u00e7\u00e3o consistente, pela presta\u00e7\u00e3o de contas e pelo compromisso com resultados duradouros.<\/p>\n","protected":false},"excerpt":{"rendered":"<ul>\n<li>Frederico Varandas, presidente do Sporting e um dos dois candidatos \u00e0 presid\u00eancia, publicou no Jornal Sporting os seis pilares do Programa de A\u00e7\u00e3o 2026\u20132030 para assegurar estabilidade institucional e crescimento respons\u00e1vel.<\/li>\n<li>Pilar Pessoas coloca atletas, s\u00f3cios, colaboradores e parceiros como ativo estrat\u00e9gico, com foco em atra\u00e7\u00e3o e reten\u00e7\u00e3o de talento, forma\u00e7\u00e3o cont\u00ednua e bem-estar.<\/li>\n<li>Pilar Tecnol\u00f3gico enfatiza inova\u00e7\u00e3o, integra\u00e7\u00e3o de sistemas, digitaliza\u00e7\u00e3o de processos e an\u00e1lise de dados para melhorar opera\u00e7\u00e3o e rela\u00e7\u00e3o com os s\u00f3cios.<\/li>\n<li>Pilar Infraestruturas prev\u00ea moderniza\u00e7\u00e3o de ativos f\u00edsicos, incluindo o Est\u00e1dio Jos\u00e9 Alvalade, com foco em efici\u00eancia energ\u00e9tica e sustentabilidade.<\/li>\n<li>Pilar Plataformas de Interac\u00e7\u00e3o, Estatut\u00e1ria e Financeira aborda proximidade com s\u00f3cios, solidez institucional, disciplina or\u00e7amental e diversifica\u00e7\u00e3o de receitas para um crescimento sustent\u00e1vel.<\/li>\n<\/ul>\n","protected":false},"author":2,"featured_media":407209,"comment_status":"closed","ping_status":"closed","sticky":false,"template":"","format":"standard","meta":{"footnotes":""},"categories":[21,24],"tags":[2584,32,1274,33,1734,2422],"class_list":["post-407201","post","type-post","status-publish","format-standard","has-post-thumbnail","hentry","category-desporto","category-futebol","tag-financas","tag-futebol","tag-governanca","tag-inovacao","tag-planeamento-estrategico","tag-responsabilidade-social"],"yoast_head":"<!-- This site is optimized with the Yoast SEO plugin v27.2 - https:\/\/yoast.com\/product\/yoast-seo-wordpress\/ -->\n<title>Sporting refor\u00e7a identidade e prepara consolida\u00e7\u00e3o do seu crescimento - Portal Tela Portugal<\/title>\n<meta name=\"robots\" content=\"index, follow, max-snippet:-1, max-image-preview:large, max-video-preview:-1\" \/>\n<meta property=\"og:locale\" content=\"pt_PT\" \/>\n<meta property=\"og:type\" content=\"article\" \/>\n<meta property=\"og:title\" content=\"Sporting refor\u00e7a identidade e prepara consolida\u00e7\u00e3o do seu crescimento - Portal Tela Portugal\" \/>\n<meta property=\"og:description\" content=\"Frederico Varandas, presidente do Sporting e um dos dois candidatos \u00e0 presid\u00eancia, publicou no Jornal Sporting os seis pilares do Programa de A\u00e7\u00e3o 2026\u20132030 para assegurar estabilidade institucional e crescimento respons\u00e1vel. Pilar Pessoas coloca atletas, s\u00f3cios, colaboradores e parceiros como ativo estrat\u00e9gico, com foco em atra\u00e7\u00e3o e reten\u00e7\u00e3o de talento, forma\u00e7\u00e3o cont\u00ednua e bem-estar. Pilar Tecnol\u00f3gico enfatiza inova\u00e7\u00e3o, integra\u00e7\u00e3o de sistemas, digitaliza\u00e7\u00e3o de processos e an\u00e1lise de dados para melhorar opera\u00e7\u00e3o e rela\u00e7\u00e3o com os s\u00f3cios. Pilar Infraestruturas prev\u00ea moderniza\u00e7\u00e3o de ativos f\u00edsicos, incluindo o Est\u00e1dio Jos\u00e9 Alvalade, com foco em efici\u00eancia energ\u00e9tica e sustentabilidade. Pilar Plataformas de Interac\u00e7\u00e3o, Estatut\u00e1ria e Financeira aborda proximidade com s\u00f3cios, solidez institucional, disciplina or\u00e7amental e diversifica\u00e7\u00e3o de receitas para um crescimento sustent\u00e1vel.\" \/>\n<meta property=\"og:url\" content=\"https:\/\/portaltela.pt\/noticias\/2026\/03\/12\/sporting-reforca-identidade-e-prepara-consolidacao-do-seu-crescimento\/\" \/>\n<meta property=\"og:site_name\" content=\"Portal Tela Portugal\" \/>\n<meta property=\"article:published_time\" content=\"2026-03-12T11:02:40+00:00\" \/>\n<meta name=\"author\" content=\"Telinha\" \/>\n<meta name=\"twitter:card\" content=\"summary_large_image\" \/>\n<meta name=\"twitter:label1\" content=\"Escrito por\" \/>\n\t<meta name=\"twitter:data1\" content=\"Telinha\" \/>\n\t<meta name=\"twitter:label2\" content=\"Tempo estimado de leitura\" \/>\n\t<meta name=\"twitter:data2\" content=\"2 minutos\" \/>\n<script type=\"application\/ld+json\" class=\"yoast-schema-graph\">{\"@context\":\"https:\/\/schema.org\",\"@graph\":[{\"@type\":\"Article\",\"@id\":\"https:\/\/portaltela.pt\/noticias\/2026\/03\/12\/sporting-reforca-identidade-e-prepara-consolidacao-do-seu-crescimento\/#article\",\"isPartOf\":{\"@id\":\"https:\/\/portaltela.pt\/noticias\/2026\/03\/12\/sporting-reforca-identidade-e-prepara-consolidacao-do-seu-crescimento\/\"},\"author\":{\"name\":\"Telinha\",\"@id\":\"https:\/\/portaltela.pt\/#\/schema\/person\/c4278d4a6028830caff9ee44b42d32ed\"},\"headline\":\"Sporting refor\u00e7a identidade e prepara consolida\u00e7\u00e3o do seu crescimento\",\"datePublished\":\"2026-03-12T11:02:40+00:00\",\"mainEntityOfPage\":{\"@id\":\"https:\/\/portaltela.pt\/noticias\/2026\/03\/12\/sporting-reforca-identidade-e-prepara-consolidacao-do-seu-crescimento\/\"},\"wordCount\":400,\"image\":{\"@id\":\"https:\/\/portaltela.pt\/noticias\/2026\/03\/12\/sporting-reforca-identidade-e-prepara-consolidacao-do-seu-crescimento\/#primaryimage\"},\"thumbnailUrl\":\"https:\/\/portaltela.pt\/s.01k8rhncp4jt1\/2026\/03\/img_920x518uu2026-01-28-17-06-20-2417963.jpg\",\"keywords\":[\"finan\u00e7as\",\"futebol\",\"governan\u00e7a\",\"inova\u00e7\u00e3o\",\"Planeamento Estrat\u00e9gico\",\"Responsabilidade Social\"],\"articleSection\":[\"Desporto\",\"Futebol\"],\"inLanguage\":\"pt-PT\"},{\"@type\":\"WebPage\",\"@id\":\"https:\/\/portaltela.pt\/noticias\/2026\/03\/12\/sporting-reforca-identidade-e-prepara-consolidacao-do-seu-crescimento\/\",\"url\":\"https:\/\/portaltela.pt\/noticias\/2026\/03\/12\/sporting-reforca-identidade-e-prepara-consolidacao-do-seu-crescimento\/\",\"name\":\"Sporting refor\u00e7a identidade e prepara consolida\u00e7\u00e3o do seu crescimento - Portal Tela Portugal\",\"isPartOf\":{\"@id\":\"https:\/\/portaltela.pt\/#website\"},\"primaryImageOfPage\":{\"@id\":\"https:\/\/portaltela.pt\/noticias\/2026\/03\/12\/sporting-reforca-identidade-e-prepara-consolidacao-do-seu-crescimento\/#primaryimage\"},\"image\":{\"@id\":\"https:\/\/portaltela.pt\/noticias\/2026\/03\/12\/sporting-reforca-identidade-e-prepara-consolidacao-do-seu-crescimento\/#primaryimage\"},\"thumbnailUrl\":\"https:\/\/portaltela.pt\/s.01k8rhncp4jt1\/2026\/03\/img_920x518uu2026-01-28-17-06-20-2417963.jpg\",\"datePublished\":\"2026-03-12T11:02:40+00:00\",\"author\":{\"@id\":\"https:\/\/portaltela.pt\/#\/schema\/person\/c4278d4a6028830caff9ee44b42d32ed\"},\"breadcrumb\":{\"@id\":\"https:\/\/portaltela.pt\/noticias\/2026\/03\/12\/sporting-reforca-identidade-e-prepara-consolidacao-do-seu-crescimento\/#breadcrumb\"},\"inLanguage\":\"pt-PT\",\"potentialAction\":[{\"@type\":\"ReadAction\",\"target\":[\"https:\/\/portaltela.pt\/noticias\/2026\/03\/12\/sporting-reforca-identidade-e-prepara-consolidacao-do-seu-crescimento\/\"]}]},{\"@type\":\"ImageObject\",\"inLanguage\":\"pt-PT\",\"@id\":\"https:\/\/portaltela.pt\/noticias\/2026\/03\/12\/sporting-reforca-identidade-e-prepara-consolidacao-do-seu-crescimento\/#primaryimage\",\"url\":\"https:\/\/portaltela.pt\/s.01k8rhncp4jt1\/2026\/03\/img_920x518uu2026-01-28-17-06-20-2417963.jpg\",\"contentUrl\":\"https:\/\/portaltela.pt\/s.01k8rhncp4jt1\/2026\/03\/img_920x518uu2026-01-28-17-06-20-2417963.jpg\",\"width\":796,\"height\":448,\"caption\":\"Frederico Varandas\"},{\"@type\":\"BreadcrumbList\",\"@id\":\"https:\/\/portaltela.pt\/noticias\/2026\/03\/12\/sporting-reforca-identidade-e-prepara-consolidacao-do-seu-crescimento\/#breadcrumb\",\"itemListElement\":[{\"@type\":\"ListItem\",\"position\":1,\"name\":\"In\u00edcio\",\"item\":\"https:\/\/portaltela.pt\/\"},{\"@type\":\"ListItem\",\"position\":2,\"name\":\"Sporting refor\u00e7a identidade e prepara consolida\u00e7\u00e3o do seu crescimento\"}]},{\"@type\":\"WebSite\",\"@id\":\"https:\/\/portaltela.pt\/#website\",\"url\":\"https:\/\/portaltela.pt\/\",\"name\":\"Portal Tela Portugal\",\"description\":\"\",\"potentialAction\":[{\"@type\":\"SearchAction\",\"target\":{\"@type\":\"EntryPoint\",\"urlTemplate\":\"https:\/\/portaltela.pt\/?s={search_term_string}\"},\"query-input\":{\"@type\":\"PropertyValueSpecification\",\"valueRequired\":true,\"valueName\":\"search_term_string\"}}],\"inLanguage\":\"pt-PT\"},{\"@type\":\"Person\",\"@id\":\"https:\/\/portaltela.pt\/#\/schema\/person\/c4278d4a6028830caff9ee44b42d32ed\",\"name\":\"Telinha\",\"image\":{\"@type\":\"ImageObject\",\"inLanguage\":\"pt-PT\",\"@id\":\"https:\/\/portaltela.pt\/s.01k8rhncp4jt1\/2025\/11\/talking-bot-125x125.png\",\"url\":\"https:\/\/portaltela.pt\/s.01k8rhncp4jt1\/2025\/11\/talking-bot-125x125.png\",\"contentUrl\":\"https:\/\/portaltela.pt\/s.01k8rhncp4jt1\/2025\/11\/talking-bot-125x125.png\",\"caption\":\"Telinha\"},\"sameAs\":[\"https:\/\/portaltela.pt\/\"],\"url\":\"https:\/\/portaltela.pt\/por\/367410592786\/\"}]}<\/script>\n<!-- \/ Yoast SEO plugin. -->","yoast_head_json":{"title":"Sporting refor\u00e7a identidade e prepara consolida\u00e7\u00e3o do seu crescimento - Portal Tela Portugal","robots":{"index":"index","follow":"follow","max-snippet":"max-snippet:-1","max-image-preview":"max-image-preview:large","max-video-preview":"max-video-preview:-1"},"og_locale":"pt_PT","og_type":"article","og_title":"Sporting refor\u00e7a identidade e prepara consolida\u00e7\u00e3o do seu crescimento - Portal Tela Portugal","og_description":"Frederico Varandas, presidente do Sporting e um dos dois candidatos \u00e0 presid\u00eancia, publicou no Jornal Sporting os seis pilares do Programa de A\u00e7\u00e3o 2026\u20132030 para assegurar estabilidade institucional e crescimento respons\u00e1vel. Pilar Pessoas coloca atletas, s\u00f3cios, colaboradores e parceiros como ativo estrat\u00e9gico, com foco em atra\u00e7\u00e3o e reten\u00e7\u00e3o de talento, forma\u00e7\u00e3o cont\u00ednua e bem-estar. Pilar Tecnol\u00f3gico enfatiza inova\u00e7\u00e3o, integra\u00e7\u00e3o de sistemas, digitaliza\u00e7\u00e3o de processos e an\u00e1lise de dados para melhorar opera\u00e7\u00e3o e rela\u00e7\u00e3o com os s\u00f3cios. Pilar Infraestruturas prev\u00ea moderniza\u00e7\u00e3o de ativos f\u00edsicos, incluindo o Est\u00e1dio Jos\u00e9 Alvalade, com foco em efici\u00eancia energ\u00e9tica e sustentabilidade. Pilar Plataformas de Interac\u00e7\u00e3o, Estatut\u00e1ria e Financeira aborda proximidade com s\u00f3cios, solidez institucional, disciplina or\u00e7amental e diversifica\u00e7\u00e3o de receitas para um crescimento sustent\u00e1vel.","og_url":"https:\/\/portaltela.pt\/noticias\/2026\/03\/12\/sporting-reforca-identidade-e-prepara-consolidacao-do-seu-crescimento\/","og_site_name":"Portal Tela Portugal","article_published_time":"2026-03-12T11:02:40+00:00","author":"Telinha","twitter_card":"summary_large_image","twitter_misc":{"Escrito por":"Telinha","Tempo estimado de leitura":"2 minutos"},"schema":{"@context":"https:\/\/schema.org","@graph":[{"@type":"Article","@id":"https:\/\/portaltela.pt\/noticias\/2026\/03\/12\/sporting-reforca-identidade-e-prepara-consolidacao-do-seu-crescimento\/#article","isPartOf":{"@id":"https:\/\/portaltela.pt\/noticias\/2026\/03\/12\/sporting-reforca-identidade-e-prepara-consolidacao-do-seu-crescimento\/"},"author":{"name":"Telinha","@id":"https:\/\/portaltela.pt\/#\/schema\/person\/c4278d4a6028830caff9ee44b42d32ed"},"headline":"Sporting refor\u00e7a identidade e prepara consolida\u00e7\u00e3o do seu crescimento","datePublished":"2026-03-12T11:02:40+00:00","mainEntityOfPage":{"@id":"https:\/\/portaltela.pt\/noticias\/2026\/03\/12\/sporting-reforca-identidade-e-prepara-consolidacao-do-seu-crescimento\/"},"wordCount":400,"image":{"@id":"https:\/\/portaltela.pt\/noticias\/2026\/03\/12\/sporting-reforca-identidade-e-prepara-consolidacao-do-seu-crescimento\/#primaryimage"},"thumbnailUrl":"https:\/\/portaltela.pt\/s.01k8rhncp4jt1\/2026\/03\/img_920x518uu2026-01-28-17-06-20-2417963.jpg","keywords":["finan\u00e7as","futebol","governan\u00e7a","inova\u00e7\u00e3o","Planeamento Estrat\u00e9gico","Responsabilidade Social"],"articleSection":["Desporto","Futebol"],"inLanguage":"pt-PT"},{"@type":"WebPage","@id":"https:\/\/portaltela.pt\/noticias\/2026\/03\/12\/sporting-reforca-identidade-e-prepara-consolidacao-do-seu-crescimento\/","url":"https:\/\/portaltela.pt\/noticias\/2026\/03\/12\/sporting-reforca-identidade-e-prepara-consolidacao-do-seu-crescimento\/","name":"Sporting refor\u00e7a identidade e prepara consolida\u00e7\u00e3o do seu crescimento - Portal Tela Portugal","isPartOf":{"@id":"https:\/\/portaltela.pt\/#website"},"primaryImageOfPage":{"@id":"https:\/\/portaltela.pt\/noticias\/2026\/03\/12\/sporting-reforca-identidade-e-prepara-consolidacao-do-seu-crescimento\/#primaryimage"},"image":{"@id":"https:\/\/portaltela.pt\/noticias\/2026\/03\/12\/sporting-reforca-identidade-e-prepara-consolidacao-do-seu-crescimento\/#primaryimage"},"thumbnailUrl":"https:\/\/portaltela.pt\/s.01k8rhncp4jt1\/2026\/03\/img_920x518uu2026-01-28-17-06-20-2417963.jpg","datePublished":"2026-03-12T11:02:40+00:00","author":{"@id":"https:\/\/portaltela.pt\/#\/schema\/person\/c4278d4a6028830caff9ee44b42d32ed"},"breadcrumb":{"@id":"https:\/\/portaltela.pt\/noticias\/2026\/03\/12\/sporting-reforca-identidade-e-prepara-consolidacao-do-seu-crescimento\/#breadcrumb"},"inLanguage":"pt-PT","potentialAction":[{"@type":"ReadAction","target":["https:\/\/portaltela.pt\/noticias\/2026\/03\/12\/sporting-reforca-identidade-e-prepara-consolidacao-do-seu-crescimento\/"]}]},{"@type":"ImageObject","inLanguage":"pt-PT","@id":"https:\/\/portaltela.pt\/noticias\/2026\/03\/12\/sporting-reforca-identidade-e-prepara-consolidacao-do-seu-crescimento\/#primaryimage","url":"https:\/\/portaltela.pt\/s.01k8rhncp4jt1\/2026\/03\/img_920x518uu2026-01-28-17-06-20-2417963.jpg","contentUrl":"https:\/\/portaltela.pt\/s.01k8rhncp4jt1\/2026\/03\/img_920x518uu2026-01-28-17-06-20-2417963.jpg","width":796,"height":448,"caption":"Frederico Varandas"},{"@type":"BreadcrumbList","@id":"https:\/\/portaltela.pt\/noticias\/2026\/03\/12\/sporting-reforca-identidade-e-prepara-consolidacao-do-seu-crescimento\/#breadcrumb","itemListElement":[{"@type":"ListItem","position":1,"name":"In\u00edcio","item":"https:\/\/portaltela.pt\/"},{"@type":"ListItem","position":2,"name":"Sporting refor\u00e7a identidade e prepara consolida\u00e7\u00e3o do seu crescimento"}]},{"@type":"WebSite","@id":"https:\/\/portaltela.pt\/#website","url":"https:\/\/portaltela.pt\/","name":"Portal Tela Portugal","description":"","potentialAction":[{"@type":"SearchAction","target":{"@type":"EntryPoint","urlTemplate":"https:\/\/portaltela.pt\/?s={search_term_string}"},"query-input":{"@type":"PropertyValueSpecification","valueRequired":true,"valueName":"search_term_string"}}],"inLanguage":"pt-PT"},{"@type":"Person","@id":"https:\/\/portaltela.pt\/#\/schema\/person\/c4278d4a6028830caff9ee44b42d32ed","name":"Telinha","image":{"@type":"ImageObject","inLanguage":"pt-PT","@id":"https:\/\/portaltela.pt\/s.01k8rhncp4jt1\/2025\/11\/talking-bot-125x125.png","url":"https:\/\/portaltela.pt\/s.01k8rhncp4jt1\/2025\/11\/talking-bot-125x125.png","contentUrl":"https:\/\/portaltela.pt\/s.01k8rhncp4jt1\/2025\/11\/talking-bot-125x125.png","caption":"Telinha"},"sameAs":["https:\/\/portaltela.pt\/"],"url":"https:\/\/portaltela.pt\/por\/367410592786\/"}]}},"_links":{"self":[{"href":"https:\/\/portaltela.pt\/api\/wp\/v2\/posts\/407201","targetHints":{"allow":["GET"]}}],"collection":[{"href":"https:\/\/portaltela.pt\/api\/wp\/v2\/posts"}],"about":[{"href":"https:\/\/portaltela.pt\/api\/wp\/v2\/types\/post"}],"author":[{"embeddable":true,"href":"https:\/\/portaltela.pt\/api\/wp\/v2\/users\/2"}],"replies":[{"embeddable":true,"href":"https:\/\/portaltela.pt\/api\/wp\/v2\/comments?post=407201"}],"version-history":[{"count":0,"href":"https:\/\/portaltela.pt\/api\/wp\/v2\/posts\/407201\/revisions"}],"wp:featuredmedia":[{"embeddable":true,"href":"https:\/\/portaltela.pt\/api\/wp\/v2\/media\/407209"}],"wp:attachment":[{"href":"https:\/\/portaltela.pt\/api\/wp\/v2\/media?parent=407201"}],"wp:term":[{"taxonomy":"category","embeddable":true,"href":"https:\/\/portaltela.pt\/api\/wp\/v2\/categories?post=407201"},{"taxonomy":"post_tag","embeddable":true,"href":"https:\/\/portaltela.pt\/api\/wp\/v2\/tags?post=407201"}],"curies":[{"name":"wp","href":"https:\/\/api.w.org\/{rel}","templated":true}]}}