{"id":407173,"date":"2026-03-12T07:52:41","date_gmt":"2026-03-12T10:52:41","guid":{"rendered":"https:\/\/portaltela.pt\/noticias\/2026\/03\/12\/mais-de-75-mil-socios-do-sporting-estao-aptos-a-votar-no-sabado\/"},"modified":"2026-03-12T07:52:41","modified_gmt":"2026-03-12T10:52:41","slug":"mais-de-75-mil-socios-do-sporting-estao-aptos-a-votar-no-sabado","status":"publish","type":"post","link":"https:\/\/portaltela.pt\/desporto\/futebol\/2026\/03\/12\/mais-de-75-mil-socios-do-sporting-estao-aptos-a-votar-no-sabado\/","title":{"rendered":"Mais de 75 mil s\u00f3cios do Sporting est\u00e3o aptos a votar no s\u00e1bado"},"content":{"rendered":"<p>O Sporting vai realizar as elei\u00e7\u00f5es no s\u00e1bado, com Frederico Varandas e Bruno Sorreluz (Bruno S\u00e1) na corrida \u00e0 lideran\u00e7a. Existem 75.817 s\u00f3cios com direito a voto, num universo de 303.324 votos.<\/p>\n<p>Os associados votar\u00e3o em listas completas para os tr\u00eas \u00f3rg\u00e3os sociais: Conselho Diretivo, Mesa da Assembleia Geral e Conselho Fiscal e Disciplinar. A escolha vence por maioria simples.<\/p>\n<p>O ato eleitoral decorre no Pavilh\u00e3o Jo\u00e3o Rocha, em Lisboa, entre as 09:00 e as 20:00. Quem estiver na fila \u00e0s 20:00 pode votar nos terminais eletr\u00f3nicos do recinto.<\/p>\n<p>Este \u00e9 o \u00fanico local de voto presencial. S\u00f3cios fora dos 18 concelhos da \u00c1rea Metropolitana de Lisboa votam por correspond\u00eancia, antecipadamente.<\/p>\n<p>Entre os votantes, 26.297 podem votar por correspond\u00eancia, cerca de 35% do universo eleitoral, mediante envio do voto com assinatura reconhecida.<\/p>\n<p>A posse dos \u00f3rg\u00e3os eleitos ficar\u00e1 a cargo da lista vitoriosa, conforme o clube, ap\u00f3s acordo com a lista vencedora. A data ser\u00e1 anunciada ap\u00f3s a contagem final.<\/p>\n<p>Atualmente o Sporting tem 190.309 s\u00f3cios. Est\u00e3o de fora do ato eleitoral mais de 58 mil por idade ou menos de 12 meses de liga\u00e7\u00e3o; outros 56 mil n\u00e3o tinham quota de fevereiro paga at\u00e9 22 do m\u00eas.<\/p>\n<p>Este \u00e9 o primeiro ato com duas listas desde 2017, ano em que Bruno de Carvalho foi eleito. A maioria dos com\u00edcios de vota\u00e7\u00e3o anteriores envolveu apenas uma candidatura.<\/p>\n<p>O recorde de participa\u00e7\u00e3o ocorreu a 8 de setembro de 2018, com 22.510 s\u00f3cios. Varandas foi reeleito quatro anos atr\u00e1s com 14.795 votos.<\/p>\n","protected":false},"excerpt":{"rendered":"<ul>\n<li>O Presidente em exerc\u00edcio Frederico Varandas e Bruno Sorreluz (Bruno S\u00e1) s\u00e3o os candidatos \u00e0s elei\u00e7\u00f5es do Sporting, marcadas para s\u00e1bado, com 75.817 s\u00f3cios com direito de voto.<\/li>\n<li>O universo de votos \u00e9 de 303.324, com os votos a ser distribu\u00eddos pelos \u00f3rg\u00e3os sociais: Conselho Diretivo, Mesa da Assembleia Geral e Conselho Fiscal\/Disciplinar.<\/li>\n<li>A vota\u00e7\u00e3o ocorre no Pavilh\u00e3o Jo\u00e3o Rocha, em Lisboa, entre as 09:00 e as 20:00. S\u00f3cios em espera podem votar nos terminais eletr\u00f3nicos no recinto.<\/li>\n<li>O voto \u00e0 dist\u00e2ncia \u00e9 permitido para s\u00f3cios fora da \u00c1rea Metropolitana de Lisboa, mediante envio do voto por correspond\u00eancia com assinatura reconhecida; total de 26.297 votantes por correspond\u00eancia (35% do total).<\/li>\n<li>Este \u00e9 o primeiro ato com duas listas desde 2017; o resultado ser\u00e1 decidido pela maioria simples e a data da posse depende da lista vencedora.<\/li>\n<\/ul>\n","protected":false},"author":2,"featured_media":407176,"comment_status":"closed","ping_status":"closed","sticky":false,"template":"","format":"standard","meta":{"footnotes":""},"categories":[21,24],"tags":[2937,6419,6418,68,981,1652],"class_list":["post-407173","post","type-post","status-publish","format-standard","has-post-thumbnail","hentry","category-desporto","category-futebol","tag-assembleia-geral","tag-conselho-diretivo","tag-conselho-fiscal-e-disciplinar","tag-eleicoes","tag-lisboa","tag-sporting"],"yoast_head":"<!-- This site is optimized with the Yoast SEO plugin v27.2 - https:\/\/yoast.com\/product\/yoast-seo-wordpress\/ -->\n<title>Mais de 75 mil s\u00f3cios do Sporting est\u00e3o aptos a votar no s\u00e1bado - Portal Tela Portugal<\/title>\n<meta name=\"robots\" content=\"index, follow, max-snippet:-1, max-image-preview:large, max-video-preview:-1\" \/>\n<meta property=\"og:locale\" content=\"pt_PT\" \/>\n<meta property=\"og:type\" content=\"article\" \/>\n<meta property=\"og:title\" content=\"Mais de 75 mil s\u00f3cios do Sporting est\u00e3o aptos a votar no s\u00e1bado - Portal Tela Portugal\" \/>\n<meta property=\"og:description\" content=\"O Presidente em exerc\u00edcio Frederico Varandas e Bruno Sorreluz (Bruno S\u00e1) s\u00e3o os candidatos \u00e0s elei\u00e7\u00f5es do Sporting, marcadas para s\u00e1bado, com 75.817 s\u00f3cios com direito de voto. O universo de votos \u00e9 de 303.324, com os votos a ser distribu\u00eddos pelos \u00f3rg\u00e3os sociais: Conselho Diretivo, Mesa da Assembleia Geral e Conselho Fiscal\/Disciplinar. A vota\u00e7\u00e3o ocorre no Pavilh\u00e3o Jo\u00e3o Rocha, em Lisboa, entre as 09:00 e as 20:00. S\u00f3cios em espera podem votar nos terminais eletr\u00f3nicos no recinto. O voto \u00e0 dist\u00e2ncia \u00e9 permitido para s\u00f3cios fora da \u00c1rea Metropolitana de Lisboa, mediante envio do voto por correspond\u00eancia com assinatura reconhecida; total de 26.297 votantes por correspond\u00eancia (35% do total). Este \u00e9 o primeiro ato com duas listas desde 2017; o resultado ser\u00e1 decidido pela maioria simples e a data da posse depende da lista vencedora.\" \/>\n<meta property=\"og:url\" content=\"https:\/\/portaltela.pt\/noticias\/2026\/03\/12\/mais-de-75-mil-socios-do-sporting-estao-aptos-a-votar-no-sabado\/\" \/>\n<meta property=\"og:site_name\" content=\"Portal Tela Portugal\" \/>\n<meta property=\"article:published_time\" content=\"2026-03-12T10:52:41+00:00\" \/>\n<meta name=\"author\" content=\"Telinha\" \/>\n<meta name=\"twitter:card\" content=\"summary_large_image\" \/>\n<meta name=\"twitter:label1\" content=\"Escrito por\" \/>\n\t<meta name=\"twitter:data1\" content=\"Telinha\" \/>\n\t<meta name=\"twitter:label2\" content=\"Tempo estimado de leitura\" \/>\n\t<meta name=\"twitter:data2\" content=\"1 minuto\" \/>\n<script type=\"application\/ld+json\" class=\"yoast-schema-graph\">{\"@context\":\"https:\/\/schema.org\",\"@graph\":[{\"@type\":\"Article\",\"@id\":\"https:\/\/portaltela.pt\/noticias\/2026\/03\/12\/mais-de-75-mil-socios-do-sporting-estao-aptos-a-votar-no-sabado\/#article\",\"isPartOf\":{\"@id\":\"https:\/\/portaltela.pt\/noticias\/2026\/03\/12\/mais-de-75-mil-socios-do-sporting-estao-aptos-a-votar-no-sabado\/\"},\"author\":{\"name\":\"Telinha\",\"@id\":\"https:\/\/portaltela.pt\/#\/schema\/person\/c4278d4a6028830caff9ee44b42d32ed\"},\"headline\":\"Mais de 75 mil s\u00f3cios do Sporting est\u00e3o aptos a votar no s\u00e1bado\",\"datePublished\":\"2026-03-12T10:52:41+00:00\",\"mainEntityOfPage\":{\"@id\":\"https:\/\/portaltela.pt\/noticias\/2026\/03\/12\/mais-de-75-mil-socios-do-sporting-estao-aptos-a-votar-no-sabado\/\"},\"wordCount\":270,\"image\":{\"@id\":\"https:\/\/portaltela.pt\/noticias\/2026\/03\/12\/mais-de-75-mil-socios-do-sporting-estao-aptos-a-votar-no-sabado\/#primaryimage\"},\"thumbnailUrl\":\"https:\/\/portaltela.pt\/s.01k8rhncp4jt1\/2026\/03\/img_1500x1000uu2026-03-12-10-52-29-2271888.jpg\",\"keywords\":[\"Assembleia Geral\",\"Conselho Diretivo\",\"Conselho Fiscal e Disciplinar\",\"elei\u00e7\u00f5es\",\"Lisboa\",\"Sporting\"],\"articleSection\":[\"Desporto\",\"Futebol\"],\"inLanguage\":\"pt-PT\"},{\"@type\":\"WebPage\",\"@id\":\"https:\/\/portaltela.pt\/noticias\/2026\/03\/12\/mais-de-75-mil-socios-do-sporting-estao-aptos-a-votar-no-sabado\/\",\"url\":\"https:\/\/portaltela.pt\/noticias\/2026\/03\/12\/mais-de-75-mil-socios-do-sporting-estao-aptos-a-votar-no-sabado\/\",\"name\":\"Mais de 75 mil s\u00f3cios do Sporting est\u00e3o aptos a votar no s\u00e1bado - Portal Tela Portugal\",\"isPartOf\":{\"@id\":\"https:\/\/portaltela.pt\/#website\"},\"primaryImageOfPage\":{\"@id\":\"https:\/\/portaltela.pt\/noticias\/2026\/03\/12\/mais-de-75-mil-socios-do-sporting-estao-aptos-a-votar-no-sabado\/#primaryimage\"},\"image\":{\"@id\":\"https:\/\/portaltela.pt\/noticias\/2026\/03\/12\/mais-de-75-mil-socios-do-sporting-estao-aptos-a-votar-no-sabado\/#primaryimage\"},\"thumbnailUrl\":\"https:\/\/portaltela.pt\/s.01k8rhncp4jt1\/2026\/03\/img_1500x1000uu2026-03-12-10-52-29-2271888.jpg\",\"datePublished\":\"2026-03-12T10:52:41+00:00\",\"author\":{\"@id\":\"https:\/\/portaltela.pt\/#\/schema\/person\/c4278d4a6028830caff9ee44b42d32ed\"},\"breadcrumb\":{\"@id\":\"https:\/\/portaltela.pt\/noticias\/2026\/03\/12\/mais-de-75-mil-socios-do-sporting-estao-aptos-a-votar-no-sabado\/#breadcrumb\"},\"inLanguage\":\"pt-PT\",\"potentialAction\":[{\"@type\":\"ReadAction\",\"target\":[\"https:\/\/portaltela.pt\/noticias\/2026\/03\/12\/mais-de-75-mil-socios-do-sporting-estao-aptos-a-votar-no-sabado\/\"]}]},{\"@type\":\"ImageObject\",\"inLanguage\":\"pt-PT\",\"@id\":\"https:\/\/portaltela.pt\/noticias\/2026\/03\/12\/mais-de-75-mil-socios-do-sporting-estao-aptos-a-votar-no-sabado\/#primaryimage\",\"url\":\"https:\/\/portaltela.pt\/s.01k8rhncp4jt1\/2026\/03\/img_1500x1000uu2026-03-12-10-52-29-2271888.jpg\",\"contentUrl\":\"https:\/\/portaltela.pt\/s.01k8rhncp4jt1\/2026\/03\/img_1500x1000uu2026-03-12-10-52-29-2271888.jpg\",\"width\":796,\"height\":448,\"caption\":\"Adeptos do Sporting\"},{\"@type\":\"BreadcrumbList\",\"@id\":\"https:\/\/portaltela.pt\/noticias\/2026\/03\/12\/mais-de-75-mil-socios-do-sporting-estao-aptos-a-votar-no-sabado\/#breadcrumb\",\"itemListElement\":[{\"@type\":\"ListItem\",\"position\":1,\"name\":\"In\u00edcio\",\"item\":\"https:\/\/portaltela.pt\/\"},{\"@type\":\"ListItem\",\"position\":2,\"name\":\"Mais de 75 mil s\u00f3cios do Sporting est\u00e3o aptos a votar no s\u00e1bado\"}]},{\"@type\":\"WebSite\",\"@id\":\"https:\/\/portaltela.pt\/#website\",\"url\":\"https:\/\/portaltela.pt\/\",\"name\":\"Portal Tela Portugal\",\"description\":\"\",\"potentialAction\":[{\"@type\":\"SearchAction\",\"target\":{\"@type\":\"EntryPoint\",\"urlTemplate\":\"https:\/\/portaltela.pt\/?s={search_term_string}\"},\"query-input\":{\"@type\":\"PropertyValueSpecification\",\"valueRequired\":true,\"valueName\":\"search_term_string\"}}],\"inLanguage\":\"pt-PT\"},{\"@type\":\"Person\",\"@id\":\"https:\/\/portaltela.pt\/#\/schema\/person\/c4278d4a6028830caff9ee44b42d32ed\",\"name\":\"Telinha\",\"image\":{\"@type\":\"ImageObject\",\"inLanguage\":\"pt-PT\",\"@id\":\"https:\/\/portaltela.pt\/s.01k8rhncp4jt1\/2025\/11\/talking-bot-125x125.png\",\"url\":\"https:\/\/portaltela.pt\/s.01k8rhncp4jt1\/2025\/11\/talking-bot-125x125.png\",\"contentUrl\":\"https:\/\/portaltela.pt\/s.01k8rhncp4jt1\/2025\/11\/talking-bot-125x125.png\",\"caption\":\"Telinha\"},\"sameAs\":[\"https:\/\/portaltela.pt\/\"],\"url\":\"https:\/\/portaltela.pt\/por\/367410592786\/\"}]}<\/script>\n<!-- \/ Yoast SEO plugin. -->","yoast_head_json":{"title":"Mais de 75 mil s\u00f3cios do Sporting est\u00e3o aptos a votar no s\u00e1bado - Portal Tela Portugal","robots":{"index":"index","follow":"follow","max-snippet":"max-snippet:-1","max-image-preview":"max-image-preview:large","max-video-preview":"max-video-preview:-1"},"og_locale":"pt_PT","og_type":"article","og_title":"Mais de 75 mil s\u00f3cios do Sporting est\u00e3o aptos a votar no s\u00e1bado - Portal Tela Portugal","og_description":"O Presidente em exerc\u00edcio Frederico Varandas e Bruno Sorreluz (Bruno S\u00e1) s\u00e3o os candidatos \u00e0s elei\u00e7\u00f5es do Sporting, marcadas para s\u00e1bado, com 75.817 s\u00f3cios com direito de voto. O universo de votos \u00e9 de 303.324, com os votos a ser distribu\u00eddos pelos \u00f3rg\u00e3os sociais: Conselho Diretivo, Mesa da Assembleia Geral e Conselho Fiscal\/Disciplinar. A vota\u00e7\u00e3o ocorre no Pavilh\u00e3o Jo\u00e3o Rocha, em Lisboa, entre as 09:00 e as 20:00. S\u00f3cios em espera podem votar nos terminais eletr\u00f3nicos no recinto. O voto \u00e0 dist\u00e2ncia \u00e9 permitido para s\u00f3cios fora da \u00c1rea Metropolitana de Lisboa, mediante envio do voto por correspond\u00eancia com assinatura reconhecida; total de 26.297 votantes por correspond\u00eancia (35% do total). Este \u00e9 o primeiro ato com duas listas desde 2017; o resultado ser\u00e1 decidido pela maioria simples e a data da posse depende da lista vencedora.","og_url":"https:\/\/portaltela.pt\/noticias\/2026\/03\/12\/mais-de-75-mil-socios-do-sporting-estao-aptos-a-votar-no-sabado\/","og_site_name":"Portal Tela Portugal","article_published_time":"2026-03-12T10:52:41+00:00","author":"Telinha","twitter_card":"summary_large_image","twitter_misc":{"Escrito por":"Telinha","Tempo estimado de leitura":"1 minuto"},"schema":{"@context":"https:\/\/schema.org","@graph":[{"@type":"Article","@id":"https:\/\/portaltela.pt\/noticias\/2026\/03\/12\/mais-de-75-mil-socios-do-sporting-estao-aptos-a-votar-no-sabado\/#article","isPartOf":{"@id":"https:\/\/portaltela.pt\/noticias\/2026\/03\/12\/mais-de-75-mil-socios-do-sporting-estao-aptos-a-votar-no-sabado\/"},"author":{"name":"Telinha","@id":"https:\/\/portaltela.pt\/#\/schema\/person\/c4278d4a6028830caff9ee44b42d32ed"},"headline":"Mais de 75 mil s\u00f3cios do Sporting est\u00e3o aptos a votar no s\u00e1bado","datePublished":"2026-03-12T10:52:41+00:00","mainEntityOfPage":{"@id":"https:\/\/portaltela.pt\/noticias\/2026\/03\/12\/mais-de-75-mil-socios-do-sporting-estao-aptos-a-votar-no-sabado\/"},"wordCount":270,"image":{"@id":"https:\/\/portaltela.pt\/noticias\/2026\/03\/12\/mais-de-75-mil-socios-do-sporting-estao-aptos-a-votar-no-sabado\/#primaryimage"},"thumbnailUrl":"https:\/\/portaltela.pt\/s.01k8rhncp4jt1\/2026\/03\/img_1500x1000uu2026-03-12-10-52-29-2271888.jpg","keywords":["Assembleia Geral","Conselho Diretivo","Conselho Fiscal e Disciplinar","elei\u00e7\u00f5es","Lisboa","Sporting"],"articleSection":["Desporto","Futebol"],"inLanguage":"pt-PT"},{"@type":"WebPage","@id":"https:\/\/portaltela.pt\/noticias\/2026\/03\/12\/mais-de-75-mil-socios-do-sporting-estao-aptos-a-votar-no-sabado\/","url":"https:\/\/portaltela.pt\/noticias\/2026\/03\/12\/mais-de-75-mil-socios-do-sporting-estao-aptos-a-votar-no-sabado\/","name":"Mais de 75 mil s\u00f3cios do Sporting est\u00e3o aptos a votar no s\u00e1bado - Portal Tela Portugal","isPartOf":{"@id":"https:\/\/portaltela.pt\/#website"},"primaryImageOfPage":{"@id":"https:\/\/portaltela.pt\/noticias\/2026\/03\/12\/mais-de-75-mil-socios-do-sporting-estao-aptos-a-votar-no-sabado\/#primaryimage"},"image":{"@id":"https:\/\/portaltela.pt\/noticias\/2026\/03\/12\/mais-de-75-mil-socios-do-sporting-estao-aptos-a-votar-no-sabado\/#primaryimage"},"thumbnailUrl":"https:\/\/portaltela.pt\/s.01k8rhncp4jt1\/2026\/03\/img_1500x1000uu2026-03-12-10-52-29-2271888.jpg","datePublished":"2026-03-12T10:52:41+00:00","author":{"@id":"https:\/\/portaltela.pt\/#\/schema\/person\/c4278d4a6028830caff9ee44b42d32ed"},"breadcrumb":{"@id":"https:\/\/portaltela.pt\/noticias\/2026\/03\/12\/mais-de-75-mil-socios-do-sporting-estao-aptos-a-votar-no-sabado\/#breadcrumb"},"inLanguage":"pt-PT","potentialAction":[{"@type":"ReadAction","target":["https:\/\/portaltela.pt\/noticias\/2026\/03\/12\/mais-de-75-mil-socios-do-sporting-estao-aptos-a-votar-no-sabado\/"]}]},{"@type":"ImageObject","inLanguage":"pt-PT","@id":"https:\/\/portaltela.pt\/noticias\/2026\/03\/12\/mais-de-75-mil-socios-do-sporting-estao-aptos-a-votar-no-sabado\/#primaryimage","url":"https:\/\/portaltela.pt\/s.01k8rhncp4jt1\/2026\/03\/img_1500x1000uu2026-03-12-10-52-29-2271888.jpg","contentUrl":"https:\/\/portaltela.pt\/s.01k8rhncp4jt1\/2026\/03\/img_1500x1000uu2026-03-12-10-52-29-2271888.jpg","width":796,"height":448,"caption":"Adeptos do Sporting"},{"@type":"BreadcrumbList","@id":"https:\/\/portaltela.pt\/noticias\/2026\/03\/12\/mais-de-75-mil-socios-do-sporting-estao-aptos-a-votar-no-sabado\/#breadcrumb","itemListElement":[{"@type":"ListItem","position":1,"name":"In\u00edcio","item":"https:\/\/portaltela.pt\/"},{"@type":"ListItem","position":2,"name":"Mais de 75 mil s\u00f3cios do Sporting est\u00e3o aptos a votar no s\u00e1bado"}]},{"@type":"WebSite","@id":"https:\/\/portaltela.pt\/#website","url":"https:\/\/portaltela.pt\/","name":"Portal Tela Portugal","description":"","potentialAction":[{"@type":"SearchAction","target":{"@type":"EntryPoint","urlTemplate":"https:\/\/portaltela.pt\/?s={search_term_string}"},"query-input":{"@type":"PropertyValueSpecification","valueRequired":true,"valueName":"search_term_string"}}],"inLanguage":"pt-PT"},{"@type":"Person","@id":"https:\/\/portaltela.pt\/#\/schema\/person\/c4278d4a6028830caff9ee44b42d32ed","name":"Telinha","image":{"@type":"ImageObject","inLanguage":"pt-PT","@id":"https:\/\/portaltela.pt\/s.01k8rhncp4jt1\/2025\/11\/talking-bot-125x125.png","url":"https:\/\/portaltela.pt\/s.01k8rhncp4jt1\/2025\/11\/talking-bot-125x125.png","contentUrl":"https:\/\/portaltela.pt\/s.01k8rhncp4jt1\/2025\/11\/talking-bot-125x125.png","caption":"Telinha"},"sameAs":["https:\/\/portaltela.pt\/"],"url":"https:\/\/portaltela.pt\/por\/367410592786\/"}]}},"_links":{"self":[{"href":"https:\/\/portaltela.pt\/api\/wp\/v2\/posts\/407173","targetHints":{"allow":["GET"]}}],"collection":[{"href":"https:\/\/portaltela.pt\/api\/wp\/v2\/posts"}],"about":[{"href":"https:\/\/portaltela.pt\/api\/wp\/v2\/types\/post"}],"author":[{"embeddable":true,"href":"https:\/\/portaltela.pt\/api\/wp\/v2\/users\/2"}],"replies":[{"embeddable":true,"href":"https:\/\/portaltela.pt\/api\/wp\/v2\/comments?post=407173"}],"version-history":[{"count":0,"href":"https:\/\/portaltela.pt\/api\/wp\/v2\/posts\/407173\/revisions"}],"wp:featuredmedia":[{"embeddable":true,"href":"https:\/\/portaltela.pt\/api\/wp\/v2\/media\/407176"}],"wp:attachment":[{"href":"https:\/\/portaltela.pt\/api\/wp\/v2\/media?parent=407173"}],"wp:term":[{"taxonomy":"category","embeddable":true,"href":"https:\/\/portaltela.pt\/api\/wp\/v2\/categories?post=407173"},{"taxonomy":"post_tag","embeddable":true,"href":"https:\/\/portaltela.pt\/api\/wp\/v2\/tags?post=407173"}],"curies":[{"name":"wp","href":"https:\/\/api.w.org\/{rel}","templated":true}]}}