{"id":407171,"date":"2026-03-12T07:47:03","date_gmt":"2026-03-12T10:47:03","guid":{"rendered":"https:\/\/portaltela.pt\/noticias\/2026\/03\/12\/centro-de-apoio-de-oliveira-do-bairro-acompanhou-mais-de-mil-imigrantes-em-2025\/"},"modified":"2026-03-12T07:47:03","modified_gmt":"2026-03-12T10:47:03","slug":"centro-de-apoio-de-oliveira-do-bairro-acompanhou-mais-de-mil-imigrantes-em-2025","status":"publish","type":"post","link":"https:\/\/portaltela.pt\/sociedade\/2026\/03\/12\/centro-de-apoio-de-oliveira-do-bairro-acompanhou-mais-de-mil-imigrantes-em-2025\/","title":{"rendered":"Centro de Apoio de Oliveira do Bairro acompanhou mais de mil imigrantes em 2025"},"content":{"rendered":"<p>O Centro Local de Apoio \u00e0 Integra\u00e7\u00e3o de Migrantes (CLAIM) de Oliveira do Bairro acompanhou mais de mil imigrantes em 2025, num total aproximado de 1.700 atendimentos. O munic\u00edpio informou os n\u00fameros oficiais, destacando a import\u00e2ncia do servi\u00e7o para a popula\u00e7\u00e3o migrante que vive ou trabalha na regi\u00e3o.<\/p>\n<p>O munic\u00edpio aponta que o CLAIM iniciou 667 processos individuais durante o ano e realizou 1.701 atendimentos. Entre estes, 1.673 foram solicitados por particulares e 28 por entidades, incluindo Seguran\u00e7a Social, empresas privadas e institui\u00e7\u00f5es do setor social e educativo.<\/p>\n<h3>Principais n\u00fameros e alcance<\/h3>\n<p>A maioria dos atendimentos destinou-se a migrantes residentes em Oliveira do Bairro (1.189). O servi\u00e7o tamb\u00e9m atendeu cidad\u00e3os de concelhos vizinhos, com destaque para Anadia (283) e \u00c1gueda (104).<\/p>\n<p>Quase metade dos atendimentos tratou de perman\u00eancia em territ\u00f3rio nacional, totalizando 864 casos. Seguiu-se reagrupamento familiar (171), quest\u00f5es relativas a cidad\u00e3os europeus e familiares (150), inser\u00e7\u00e3o profissional (106) e assuntos da Seguran\u00e7a Social (66).<\/p>\n<p>Os processos acompanhados envolveram sobretudo pessoas de pa\u00edses de l\u00edngua oficial portuguesa e da Venezuela, com 248 procedimentos de S\u00e3o Tom\u00e9 e Pr\u00edncipe, 151 do Brasil, 101 da Venezuela e 47 de Angola.<\/p>\n<p>O CLAIM expandiu o atendimento com o formato itinerante, realizando 36 visitas \u00e0s quatro juntas de freguesia do concelho. A iniciativa facilita o acesso a servi\u00e7os para migrantes com maiores dificuldades de mobilidade.<\/p>\n<h3>Contexto e enquadramento institucional<\/h3>\n<p>O CLAIM de Oliveira do Bairro integra a Rede Nacional de Centros Locais de Apoio \u00e0 Integra\u00e7\u00e3o de Migrantes, que re\u00fane cerca de 180 estruturas a n\u00edvel nacional. O servi\u00e7o funciona desde fevereiro de 2020, no \u00e2mbito de um protocolo com o Alto Comissariado para as Migra\u00e7\u00f5es e, desde ent\u00e3o, est\u00e1 operado pela Ag\u00eancia para a Integra\u00e7\u00e3o, Migra\u00e7\u00f5es e Asilo (AIMA).<\/p>\n","protected":false},"excerpt":{"rendered":"<ul>\n<li>O Centro Local de Apoio \u00e0 Integra\u00e7\u00e3o de Migrantes (CLAIM) de Oliveira do Bairro acompanhou 1.052 imigrantes em 2025, com 1.701 atendimentos e 667 processos abertos.<\/li>\n<li>A maior parte dos atendimentos destinou-se a migrantes residentes no concelho (1.189), com chegadas destacadas de Anadia (283) e \u00c1gueda (104).<\/li>\n<li>Dos atendimentos realizados, 1.673 foram solicitados por particulares e 28 por entidades, incluindo Seguran\u00e7a Social, empresas e institui\u00e7\u00f5es do setor social e educativo.<\/li>\n<li>Entre os temas, 49,1% dos atendimentos estiveram ligados \u00e0 perman\u00eancia no pa\u00eds (864 no total), seguidos de reagrupamento familiar (171), quest\u00f5es com cidad\u00e3os europeus\/familiares (150) e inser\u00e7\u00e3o profissional (106).<\/li>\n<li>O CLAIM intensificou o atendimento descentralizado com 36 visitas do CLAIM itinerante \u00e0s quatro juntas de freguesia do concelho, integrando a Rede Nacional de Centros Locais de Apoio \u00e0 Integra\u00e7\u00e3o de Migrantes.<\/li>\n<\/ul>\n","protected":false},"author":2,"featured_media":407177,"comment_status":"closed","ping_status":"closed","sticky":false,"template":"","format":"standard","meta":{"footnotes":""},"categories":[6745,6871],"tags":[4837,2547,712,6612,4486,2758],"class_list":["post-407171","post","type-post","status-publish","format-standard","has-post-thumbnail","hentry","category-saude","category-sociedade","tag-angola","tag-brasil","tag-imigracao","tag-imigracao-internacional","tag-sao-tome-e-principe","tag-venezuela"],"yoast_head":"<!-- This site is optimized with the Yoast SEO plugin v27.2 - https:\/\/yoast.com\/product\/yoast-seo-wordpress\/ -->\n<title>Centro de Apoio de Oliveira do Bairro acompanhou mais de mil imigrantes em 2025 - Portal Tela Portugal<\/title>\n<meta name=\"robots\" content=\"index, follow, max-snippet:-1, max-image-preview:large, max-video-preview:-1\" \/>\n<meta property=\"og:locale\" content=\"pt_PT\" \/>\n<meta property=\"og:type\" content=\"article\" \/>\n<meta property=\"og:title\" content=\"Centro de Apoio de Oliveira do Bairro acompanhou mais de mil imigrantes em 2025 - Portal Tela Portugal\" \/>\n<meta property=\"og:description\" content=\"O Centro Local de Apoio \u00e0 Integra\u00e7\u00e3o de Migrantes (CLAIM) de Oliveira do Bairro acompanhou 1.052 imigrantes em 2025, com 1.701 atendimentos e 667 processos abertos. A maior parte dos atendimentos destinou-se a migrantes residentes no concelho (1.189), com chegadas destacadas de Anadia (283) e \u00c1gueda (104). Dos atendimentos realizados, 1.673 foram solicitados por particulares e 28 por entidades, incluindo Seguran\u00e7a Social, empresas e institui\u00e7\u00f5es do setor social e educativo. Entre os temas, 49,1% dos atendimentos estiveram ligados \u00e0 perman\u00eancia no pa\u00eds (864 no total), seguidos de reagrupamento familiar (171), quest\u00f5es com cidad\u00e3os europeus\/familiares (150) e inser\u00e7\u00e3o profissional (106). O CLAIM intensificou o atendimento descentralizado com 36 visitas do CLAIM itinerante \u00e0s quatro juntas de freguesia do concelho, integrando a Rede Nacional de Centros Locais de Apoio \u00e0 Integra\u00e7\u00e3o de Migrantes.\" \/>\n<meta property=\"og:url\" content=\"https:\/\/portaltela.pt\/noticias\/2026\/03\/12\/centro-de-apoio-de-oliveira-do-bairro-acompanhou-mais-de-mil-imigrantes-em-2025\/\" \/>\n<meta property=\"og:site_name\" content=\"Portal Tela Portugal\" \/>\n<meta property=\"article:published_time\" content=\"2026-03-12T10:47:03+00:00\" \/>\n<meta name=\"author\" content=\"Telinha\" \/>\n<meta name=\"twitter:card\" content=\"summary_large_image\" \/>\n<meta name=\"twitter:label1\" content=\"Escrito por\" \/>\n\t<meta name=\"twitter:data1\" content=\"Telinha\" \/>\n\t<meta name=\"twitter:label2\" content=\"Tempo estimado de leitura\" \/>\n\t<meta name=\"twitter:data2\" content=\"1 minuto\" \/>\n<script type=\"application\/ld+json\" class=\"yoast-schema-graph\">{\"@context\":\"https:\/\/schema.org\",\"@graph\":[{\"@type\":\"Article\",\"@id\":\"https:\/\/portaltela.pt\/noticias\/2026\/03\/12\/centro-de-apoio-de-oliveira-do-bairro-acompanhou-mais-de-mil-imigrantes-em-2025\/#article\",\"isPartOf\":{\"@id\":\"https:\/\/portaltela.pt\/noticias\/2026\/03\/12\/centro-de-apoio-de-oliveira-do-bairro-acompanhou-mais-de-mil-imigrantes-em-2025\/\"},\"author\":{\"name\":\"Telinha\",\"@id\":\"https:\/\/portaltela.pt\/#\/schema\/person\/c4278d4a6028830caff9ee44b42d32ed\"},\"headline\":\"Centro de Apoio de Oliveira do Bairro acompanhou mais de mil imigrantes em 2025\",\"datePublished\":\"2026-03-12T10:47:03+00:00\",\"mainEntityOfPage\":{\"@id\":\"https:\/\/portaltela.pt\/noticias\/2026\/03\/12\/centro-de-apoio-de-oliveira-do-bairro-acompanhou-mais-de-mil-imigrantes-em-2025\/\"},\"wordCount\":310,\"image\":{\"@id\":\"https:\/\/portaltela.pt\/noticias\/2026\/03\/12\/centro-de-apoio-de-oliveira-do-bairro-acompanhou-mais-de-mil-imigrantes-em-2025\/#primaryimage\"},\"thumbnailUrl\":\"https:\/\/portaltela.pt\/s.01k8rhncp4jt1\/2026\/03\/img_1500x1000uu2019-07-12-10-23-09-868671.jpg\",\"keywords\":[\"Angola\",\"Brasil\",\"imigra\u00e7\u00e3o\",\"imigra\u00e7\u00e3o internacional\",\"S\u00e3o Tom\u00e9 e Pr\u00edncipe\",\"Venezuela\"],\"articleSection\":[\"Sa\u00fade\",\"Sociedade\"],\"inLanguage\":\"pt-PT\"},{\"@type\":\"WebPage\",\"@id\":\"https:\/\/portaltela.pt\/noticias\/2026\/03\/12\/centro-de-apoio-de-oliveira-do-bairro-acompanhou-mais-de-mil-imigrantes-em-2025\/\",\"url\":\"https:\/\/portaltela.pt\/noticias\/2026\/03\/12\/centro-de-apoio-de-oliveira-do-bairro-acompanhou-mais-de-mil-imigrantes-em-2025\/\",\"name\":\"Centro de Apoio de Oliveira do Bairro acompanhou mais de mil imigrantes em 2025 - Portal Tela Portugal\",\"isPartOf\":{\"@id\":\"https:\/\/portaltela.pt\/#website\"},\"primaryImageOfPage\":{\"@id\":\"https:\/\/portaltela.pt\/noticias\/2026\/03\/12\/centro-de-apoio-de-oliveira-do-bairro-acompanhou-mais-de-mil-imigrantes-em-2025\/#primaryimage\"},\"image\":{\"@id\":\"https:\/\/portaltela.pt\/noticias\/2026\/03\/12\/centro-de-apoio-de-oliveira-do-bairro-acompanhou-mais-de-mil-imigrantes-em-2025\/#primaryimage\"},\"thumbnailUrl\":\"https:\/\/portaltela.pt\/s.01k8rhncp4jt1\/2026\/03\/img_1500x1000uu2019-07-12-10-23-09-868671.jpg\",\"datePublished\":\"2026-03-12T10:47:03+00:00\",\"author\":{\"@id\":\"https:\/\/portaltela.pt\/#\/schema\/person\/c4278d4a6028830caff9ee44b42d32ed\"},\"breadcrumb\":{\"@id\":\"https:\/\/portaltela.pt\/noticias\/2026\/03\/12\/centro-de-apoio-de-oliveira-do-bairro-acompanhou-mais-de-mil-imigrantes-em-2025\/#breadcrumb\"},\"inLanguage\":\"pt-PT\",\"potentialAction\":[{\"@type\":\"ReadAction\",\"target\":[\"https:\/\/portaltela.pt\/noticias\/2026\/03\/12\/centro-de-apoio-de-oliveira-do-bairro-acompanhou-mais-de-mil-imigrantes-em-2025\/\"]}]},{\"@type\":\"ImageObject\",\"inLanguage\":\"pt-PT\",\"@id\":\"https:\/\/portaltela.pt\/noticias\/2026\/03\/12\/centro-de-apoio-de-oliveira-do-bairro-acompanhou-mais-de-mil-imigrantes-em-2025\/#primaryimage\",\"url\":\"https:\/\/portaltela.pt\/s.01k8rhncp4jt1\/2026\/03\/img_1500x1000uu2019-07-12-10-23-09-868671.jpg\",\"contentUrl\":\"https:\/\/portaltela.pt\/s.01k8rhncp4jt1\/2026\/03\/img_1500x1000uu2019-07-12-10-23-09-868671.jpg\",\"width\":796,\"height\":448,\"caption\":\"C\u00e2mara Municipal de Oliveira do Bairro\"},{\"@type\":\"BreadcrumbList\",\"@id\":\"https:\/\/portaltela.pt\/noticias\/2026\/03\/12\/centro-de-apoio-de-oliveira-do-bairro-acompanhou-mais-de-mil-imigrantes-em-2025\/#breadcrumb\",\"itemListElement\":[{\"@type\":\"ListItem\",\"position\":1,\"name\":\"In\u00edcio\",\"item\":\"https:\/\/portaltela.pt\/\"},{\"@type\":\"ListItem\",\"position\":2,\"name\":\"Centro de Apoio de Oliveira do Bairro acompanhou mais de mil imigrantes em 2025\"}]},{\"@type\":\"WebSite\",\"@id\":\"https:\/\/portaltela.pt\/#website\",\"url\":\"https:\/\/portaltela.pt\/\",\"name\":\"Portal Tela Portugal\",\"description\":\"\",\"potentialAction\":[{\"@type\":\"SearchAction\",\"target\":{\"@type\":\"EntryPoint\",\"urlTemplate\":\"https:\/\/portaltela.pt\/?s={search_term_string}\"},\"query-input\":{\"@type\":\"PropertyValueSpecification\",\"valueRequired\":true,\"valueName\":\"search_term_string\"}}],\"inLanguage\":\"pt-PT\"},{\"@type\":\"Person\",\"@id\":\"https:\/\/portaltela.pt\/#\/schema\/person\/c4278d4a6028830caff9ee44b42d32ed\",\"name\":\"Telinha\",\"image\":{\"@type\":\"ImageObject\",\"inLanguage\":\"pt-PT\",\"@id\":\"https:\/\/portaltela.pt\/s.01k8rhncp4jt1\/2025\/11\/talking-bot-125x125.png\",\"url\":\"https:\/\/portaltela.pt\/s.01k8rhncp4jt1\/2025\/11\/talking-bot-125x125.png\",\"contentUrl\":\"https:\/\/portaltela.pt\/s.01k8rhncp4jt1\/2025\/11\/talking-bot-125x125.png\",\"caption\":\"Telinha\"},\"sameAs\":[\"https:\/\/portaltela.pt\/\"],\"url\":\"https:\/\/portaltela.pt\/por\/367410592786\/\"}]}<\/script>\n<!-- \/ Yoast SEO plugin. -->","yoast_head_json":{"title":"Centro de Apoio de Oliveira do Bairro acompanhou mais de mil imigrantes em 2025 - Portal Tela Portugal","robots":{"index":"index","follow":"follow","max-snippet":"max-snippet:-1","max-image-preview":"max-image-preview:large","max-video-preview":"max-video-preview:-1"},"og_locale":"pt_PT","og_type":"article","og_title":"Centro de Apoio de Oliveira do Bairro acompanhou mais de mil imigrantes em 2025 - Portal Tela Portugal","og_description":"O Centro Local de Apoio \u00e0 Integra\u00e7\u00e3o de Migrantes (CLAIM) de Oliveira do Bairro acompanhou 1.052 imigrantes em 2025, com 1.701 atendimentos e 667 processos abertos. A maior parte dos atendimentos destinou-se a migrantes residentes no concelho (1.189), com chegadas destacadas de Anadia (283) e \u00c1gueda (104). Dos atendimentos realizados, 1.673 foram solicitados por particulares e 28 por entidades, incluindo Seguran\u00e7a Social, empresas e institui\u00e7\u00f5es do setor social e educativo. Entre os temas, 49,1% dos atendimentos estiveram ligados \u00e0 perman\u00eancia no pa\u00eds (864 no total), seguidos de reagrupamento familiar (171), quest\u00f5es com cidad\u00e3os europeus\/familiares (150) e inser\u00e7\u00e3o profissional (106). O CLAIM intensificou o atendimento descentralizado com 36 visitas do CLAIM itinerante \u00e0s quatro juntas de freguesia do concelho, integrando a Rede Nacional de Centros Locais de Apoio \u00e0 Integra\u00e7\u00e3o de Migrantes.","og_url":"https:\/\/portaltela.pt\/noticias\/2026\/03\/12\/centro-de-apoio-de-oliveira-do-bairro-acompanhou-mais-de-mil-imigrantes-em-2025\/","og_site_name":"Portal Tela Portugal","article_published_time":"2026-03-12T10:47:03+00:00","author":"Telinha","twitter_card":"summary_large_image","twitter_misc":{"Escrito por":"Telinha","Tempo estimado de leitura":"1 minuto"},"schema":{"@context":"https:\/\/schema.org","@graph":[{"@type":"Article","@id":"https:\/\/portaltela.pt\/noticias\/2026\/03\/12\/centro-de-apoio-de-oliveira-do-bairro-acompanhou-mais-de-mil-imigrantes-em-2025\/#article","isPartOf":{"@id":"https:\/\/portaltela.pt\/noticias\/2026\/03\/12\/centro-de-apoio-de-oliveira-do-bairro-acompanhou-mais-de-mil-imigrantes-em-2025\/"},"author":{"name":"Telinha","@id":"https:\/\/portaltela.pt\/#\/schema\/person\/c4278d4a6028830caff9ee44b42d32ed"},"headline":"Centro de Apoio de Oliveira do Bairro acompanhou mais de mil imigrantes em 2025","datePublished":"2026-03-12T10:47:03+00:00","mainEntityOfPage":{"@id":"https:\/\/portaltela.pt\/noticias\/2026\/03\/12\/centro-de-apoio-de-oliveira-do-bairro-acompanhou-mais-de-mil-imigrantes-em-2025\/"},"wordCount":310,"image":{"@id":"https:\/\/portaltela.pt\/noticias\/2026\/03\/12\/centro-de-apoio-de-oliveira-do-bairro-acompanhou-mais-de-mil-imigrantes-em-2025\/#primaryimage"},"thumbnailUrl":"https:\/\/portaltela.pt\/s.01k8rhncp4jt1\/2026\/03\/img_1500x1000uu2019-07-12-10-23-09-868671.jpg","keywords":["Angola","Brasil","imigra\u00e7\u00e3o","imigra\u00e7\u00e3o internacional","S\u00e3o Tom\u00e9 e Pr\u00edncipe","Venezuela"],"articleSection":["Sa\u00fade","Sociedade"],"inLanguage":"pt-PT"},{"@type":"WebPage","@id":"https:\/\/portaltela.pt\/noticias\/2026\/03\/12\/centro-de-apoio-de-oliveira-do-bairro-acompanhou-mais-de-mil-imigrantes-em-2025\/","url":"https:\/\/portaltela.pt\/noticias\/2026\/03\/12\/centro-de-apoio-de-oliveira-do-bairro-acompanhou-mais-de-mil-imigrantes-em-2025\/","name":"Centro de Apoio de Oliveira do Bairro acompanhou mais de mil imigrantes em 2025 - Portal Tela Portugal","isPartOf":{"@id":"https:\/\/portaltela.pt\/#website"},"primaryImageOfPage":{"@id":"https:\/\/portaltela.pt\/noticias\/2026\/03\/12\/centro-de-apoio-de-oliveira-do-bairro-acompanhou-mais-de-mil-imigrantes-em-2025\/#primaryimage"},"image":{"@id":"https:\/\/portaltela.pt\/noticias\/2026\/03\/12\/centro-de-apoio-de-oliveira-do-bairro-acompanhou-mais-de-mil-imigrantes-em-2025\/#primaryimage"},"thumbnailUrl":"https:\/\/portaltela.pt\/s.01k8rhncp4jt1\/2026\/03\/img_1500x1000uu2019-07-12-10-23-09-868671.jpg","datePublished":"2026-03-12T10:47:03+00:00","author":{"@id":"https:\/\/portaltela.pt\/#\/schema\/person\/c4278d4a6028830caff9ee44b42d32ed"},"breadcrumb":{"@id":"https:\/\/portaltela.pt\/noticias\/2026\/03\/12\/centro-de-apoio-de-oliveira-do-bairro-acompanhou-mais-de-mil-imigrantes-em-2025\/#breadcrumb"},"inLanguage":"pt-PT","potentialAction":[{"@type":"ReadAction","target":["https:\/\/portaltela.pt\/noticias\/2026\/03\/12\/centro-de-apoio-de-oliveira-do-bairro-acompanhou-mais-de-mil-imigrantes-em-2025\/"]}]},{"@type":"ImageObject","inLanguage":"pt-PT","@id":"https:\/\/portaltela.pt\/noticias\/2026\/03\/12\/centro-de-apoio-de-oliveira-do-bairro-acompanhou-mais-de-mil-imigrantes-em-2025\/#primaryimage","url":"https:\/\/portaltela.pt\/s.01k8rhncp4jt1\/2026\/03\/img_1500x1000uu2019-07-12-10-23-09-868671.jpg","contentUrl":"https:\/\/portaltela.pt\/s.01k8rhncp4jt1\/2026\/03\/img_1500x1000uu2019-07-12-10-23-09-868671.jpg","width":796,"height":448,"caption":"C\u00e2mara Municipal de Oliveira do Bairro"},{"@type":"BreadcrumbList","@id":"https:\/\/portaltela.pt\/noticias\/2026\/03\/12\/centro-de-apoio-de-oliveira-do-bairro-acompanhou-mais-de-mil-imigrantes-em-2025\/#breadcrumb","itemListElement":[{"@type":"ListItem","position":1,"name":"In\u00edcio","item":"https:\/\/portaltela.pt\/"},{"@type":"ListItem","position":2,"name":"Centro de Apoio de Oliveira do Bairro acompanhou mais de mil imigrantes em 2025"}]},{"@type":"WebSite","@id":"https:\/\/portaltela.pt\/#website","url":"https:\/\/portaltela.pt\/","name":"Portal Tela Portugal","description":"","potentialAction":[{"@type":"SearchAction","target":{"@type":"EntryPoint","urlTemplate":"https:\/\/portaltela.pt\/?s={search_term_string}"},"query-input":{"@type":"PropertyValueSpecification","valueRequired":true,"valueName":"search_term_string"}}],"inLanguage":"pt-PT"},{"@type":"Person","@id":"https:\/\/portaltela.pt\/#\/schema\/person\/c4278d4a6028830caff9ee44b42d32ed","name":"Telinha","image":{"@type":"ImageObject","inLanguage":"pt-PT","@id":"https:\/\/portaltela.pt\/s.01k8rhncp4jt1\/2025\/11\/talking-bot-125x125.png","url":"https:\/\/portaltela.pt\/s.01k8rhncp4jt1\/2025\/11\/talking-bot-125x125.png","contentUrl":"https:\/\/portaltela.pt\/s.01k8rhncp4jt1\/2025\/11\/talking-bot-125x125.png","caption":"Telinha"},"sameAs":["https:\/\/portaltela.pt\/"],"url":"https:\/\/portaltela.pt\/por\/367410592786\/"}]}},"_links":{"self":[{"href":"https:\/\/portaltela.pt\/api\/wp\/v2\/posts\/407171","targetHints":{"allow":["GET"]}}],"collection":[{"href":"https:\/\/portaltela.pt\/api\/wp\/v2\/posts"}],"about":[{"href":"https:\/\/portaltela.pt\/api\/wp\/v2\/types\/post"}],"author":[{"embeddable":true,"href":"https:\/\/portaltela.pt\/api\/wp\/v2\/users\/2"}],"replies":[{"embeddable":true,"href":"https:\/\/portaltela.pt\/api\/wp\/v2\/comments?post=407171"}],"version-history":[{"count":0,"href":"https:\/\/portaltela.pt\/api\/wp\/v2\/posts\/407171\/revisions"}],"wp:featuredmedia":[{"embeddable":true,"href":"https:\/\/portaltela.pt\/api\/wp\/v2\/media\/407177"}],"wp:attachment":[{"href":"https:\/\/portaltela.pt\/api\/wp\/v2\/media?parent=407171"}],"wp:term":[{"taxonomy":"category","embeddable":true,"href":"https:\/\/portaltela.pt\/api\/wp\/v2\/categories?post=407171"},{"taxonomy":"post_tag","embeddable":true,"href":"https:\/\/portaltela.pt\/api\/wp\/v2\/tags?post=407171"}],"curies":[{"name":"wp","href":"https:\/\/api.w.org\/{rel}","templated":true}]}}