{"id":407134,"date":"2026-03-12T07:23:00","date_gmt":"2026-03-12T10:23:00","guid":{"rendered":"https:\/\/portaltela.pt\/noticias\/2026\/03\/12\/mau-tempo-eleva-prejuizos-da-marinha-grande-para-143-milhoes-de-euros\/"},"modified":"2026-03-12T07:23:00","modified_gmt":"2026-03-12T10:23:00","slug":"mau-tempo-eleva-prejuizos-da-marinha-grande-para-143-milhoes-de-euros","status":"publish","type":"post","link":"https:\/\/portaltela.pt\/noticias\/2026\/03\/12\/mau-tempo-eleva-prejuizos-da-marinha-grande-para-143-milhoes-de-euros\/","title":{"rendered":"Mau tempo eleva preju\u00edzos da Marinha Grande para 143 milh\u00f5es de euros"},"content":{"rendered":"<p>A Marinha Grande revelou um preju\u00edzo total estimado em 143 milh\u00f5es de euros devido ao mau tempo causado pela depress\u00e3o Kristin, no dia 28 de janeiro. O levantamento, feito pela C\u00e2mara Municipal, foi apresentado \u00e0 CCDR Centro com os danos em infraestruturas, equipamentos e \u00e1reas naturais.<\/p>\n<p>Segundo a autarquia do distrito de Leiria, 132 milh\u00f5es de euros correspondem a danos em equipamentos e infraestruturas municipais, incluindo edif\u00edcios, vias, drenagem, espa\u00e7os verdes e equipamentos desportivos e culturais. Outros 1,13 milh\u00f5es dizem respeito \u00e0s juntas de freguesia, e 10 milh\u00f5es aos privados e entidades religiosas.<\/p>\n<p>A prefeitura destacou que os preju\u00edzos ainda n\u00e3o incluem o impacto no sector empresarial, que tamb\u00e9m registou perdas significativas em maquinaria, armaz\u00e9ns e per\u00edodos de paragem produtiva. A avalia\u00e7\u00e3o indica um cen\u00e1rio de destrui\u00e7\u00e3o ampliado pela depress\u00e3o Kristin.<\/p>\n<h3>Reconstru\u00e7\u00e3o em curso<\/h3>\n<p>O presidente da C\u00e2mara, Paulo Vicente, sublinhou a gravidade da situa\u00e7\u00e3o e a necessidade de resposta r\u00e1pida. A gest\u00e3o dos impactos exige recursos elevados e interven\u00e7\u00e3o coordenada entre entidades locais, regionais e nacionais, com prioridade para n\u00e3o deixar ningu\u00e9m para tr\u00e1s.<\/p>\n<p>A nota indica que, at\u00e9 24 de fevereiro, j\u00e1 tinham sido identificados preju\u00edzos relevantes em \u00e1reas como estabelecimentos escolares, habita\u00e7\u00e3o social, equipamentos culturais e vias. O pedido de apoios comunit\u00e1rios segue em curso junto das entidades competentes.<\/p>\n<p>As autoridades lembram que as depress\u00f5es Kristin, Leonardo e Marta causaram destrui\u00e7\u00e3o generalizada em v\u00e1rias regi\u00f5es, com milhares de casas afetadas, interrup\u00e7\u00f5es de energia e r\u00e1pidas a\u00e7\u00f5es de socorro em curso.<\/p>\n","protected":false},"excerpt":{"rendered":"<ul>\n<li>A C\u00e2mara da Marinha Grande comunicou \u00e0 CCDR Centro preju\u00edzos de 143 milh\u00f5es de euros por causa da depress\u00e3o Kristin.<\/li>\n<li>Do total, 132 milh\u00f5es dizem respeito a danos em equipamentos e infraestruturas municipais, incluindo edif\u00edcios p\u00fablicos, vias, drenagem, espa\u00e7os verdes e equipamentos desportivos e culturais.<\/li>\n<li>H\u00e1 1,13 milh\u00f5es de euros de preju\u00edzos reportados pelas juntas de freguesia e 10 milh\u00f5es por institui\u00e7\u00f5es privadas de solidariedade social, associa\u00e7\u00f5es, coletividades e entidades religiosas do concelho.<\/li>\n<li>O valor foi atualizado a partir de um levantamento preliminar de 118 milh\u00f5es de euros, ap\u00f3s avalia\u00e7\u00e3o t\u00e9cnica dos servi\u00e7os municipais.<\/li>\n<li>O presidente da C\u00e2mara, Paulo Vicente, afirmou que a reconstru\u00e7\u00e3o ser\u00e1 exigente e exigir\u00e1 recursos e coordena\u00e7\u00e3o entre entidades locais, regionais e nacionais.<\/li>\n<\/ul>\n","protected":false},"author":2,"featured_media":407138,"comment_status":"closed","ping_status":"closed","sticky":false,"template":"","format":"standard","meta":{"footnotes":""},"categories":[1],"tags":[6115,5215,6063,174,1385,4643],"class_list":["post-407134","post","type-post","status-publish","format-standard","has-post-thumbnail","hentry","category-noticias","tag-_economia","tag-catastrofes-naturais","tag-desastres","tag-energia","tag-leiria","tag-marinha-grande"],"yoast_head":"<!-- This site is optimized with the Yoast SEO plugin v27.2 - https:\/\/yoast.com\/product\/yoast-seo-wordpress\/ -->\n<title>Mau tempo eleva preju\u00edzos da Marinha Grande para 143 milh\u00f5es de euros - Portal Tela Portugal<\/title>\n<meta name=\"robots\" content=\"index, follow, max-snippet:-1, max-image-preview:large, max-video-preview:-1\" \/>\n<meta property=\"og:locale\" content=\"pt_PT\" \/>\n<meta property=\"og:type\" content=\"article\" \/>\n<meta property=\"og:title\" content=\"Mau tempo eleva preju\u00edzos da Marinha Grande para 143 milh\u00f5es de euros - Portal Tela Portugal\" \/>\n<meta property=\"og:description\" content=\"A C\u00e2mara da Marinha Grande comunicou \u00e0 CCDR Centro preju\u00edzos de 143 milh\u00f5es de euros por causa da depress\u00e3o Kristin. Do total, 132 milh\u00f5es dizem respeito a danos em equipamentos e infraestruturas municipais, incluindo edif\u00edcios p\u00fablicos, vias, drenagem, espa\u00e7os verdes e equipamentos desportivos e culturais. H\u00e1 1,13 milh\u00f5es de euros de preju\u00edzos reportados pelas juntas de freguesia e 10 milh\u00f5es por institui\u00e7\u00f5es privadas de solidariedade social, associa\u00e7\u00f5es, coletividades e entidades religiosas do concelho. O valor foi atualizado a partir de um levantamento preliminar de 118 milh\u00f5es de euros, ap\u00f3s avalia\u00e7\u00e3o t\u00e9cnica dos servi\u00e7os municipais. O presidente da C\u00e2mara, Paulo Vicente, afirmou que a reconstru\u00e7\u00e3o ser\u00e1 exigente e exigir\u00e1 recursos e coordena\u00e7\u00e3o entre entidades locais, regionais e nacionais.\" \/>\n<meta property=\"og:url\" content=\"https:\/\/portaltela.pt\/noticias\/2026\/03\/12\/mau-tempo-eleva-prejuizos-da-marinha-grande-para-143-milhoes-de-euros\/\" \/>\n<meta property=\"og:site_name\" content=\"Portal Tela Portugal\" \/>\n<meta property=\"article:published_time\" content=\"2026-03-12T10:23:00+00:00\" \/>\n<meta name=\"author\" content=\"Telinha\" \/>\n<meta name=\"twitter:card\" content=\"summary_large_image\" \/>\n<meta name=\"twitter:label1\" content=\"Escrito por\" \/>\n\t<meta name=\"twitter:data1\" content=\"Telinha\" \/>\n\t<meta name=\"twitter:label2\" content=\"Tempo estimado de leitura\" \/>\n\t<meta name=\"twitter:data2\" content=\"1 minuto\" \/>\n<script type=\"application\/ld+json\" class=\"yoast-schema-graph\">{\"@context\":\"https:\/\/schema.org\",\"@graph\":[{\"@type\":\"Article\",\"@id\":\"https:\/\/portaltela.pt\/noticias\/2026\/03\/12\/mau-tempo-eleva-prejuizos-da-marinha-grande-para-143-milhoes-de-euros\/#article\",\"isPartOf\":{\"@id\":\"https:\/\/portaltela.pt\/noticias\/2026\/03\/12\/mau-tempo-eleva-prejuizos-da-marinha-grande-para-143-milhoes-de-euros\/\"},\"author\":{\"name\":\"Telinha\",\"@id\":\"https:\/\/portaltela.pt\/#\/schema\/person\/c4278d4a6028830caff9ee44b42d32ed\"},\"headline\":\"Mau tempo eleva preju\u00edzos da Marinha Grande para 143 milh\u00f5es de euros\",\"datePublished\":\"2026-03-12T10:23:00+00:00\",\"mainEntityOfPage\":{\"@id\":\"https:\/\/portaltela.pt\/noticias\/2026\/03\/12\/mau-tempo-eleva-prejuizos-da-marinha-grande-para-143-milhoes-de-euros\/\"},\"wordCount\":286,\"image\":{\"@id\":\"https:\/\/portaltela.pt\/noticias\/2026\/03\/12\/mau-tempo-eleva-prejuizos-da-marinha-grande-para-143-milhoes-de-euros\/#primaryimage\"},\"thumbnailUrl\":\"https:\/\/portaltela.pt\/s.01k8rhncp4jt1\/2026\/03\/2073544.jpg\",\"keywords\":[\"_economia\",\"cat\u00e1strofes naturais\",\"desastres\",\"energia\",\"Leiria\",\"Marinha Grande\"],\"articleSection\":[\"Not\u00edcias\"],\"inLanguage\":\"pt-PT\"},{\"@type\":\"WebPage\",\"@id\":\"https:\/\/portaltela.pt\/noticias\/2026\/03\/12\/mau-tempo-eleva-prejuizos-da-marinha-grande-para-143-milhoes-de-euros\/\",\"url\":\"https:\/\/portaltela.pt\/noticias\/2026\/03\/12\/mau-tempo-eleva-prejuizos-da-marinha-grande-para-143-milhoes-de-euros\/\",\"name\":\"Mau tempo eleva preju\u00edzos da Marinha Grande para 143 milh\u00f5es de euros - Portal Tela Portugal\",\"isPartOf\":{\"@id\":\"https:\/\/portaltela.pt\/#website\"},\"primaryImageOfPage\":{\"@id\":\"https:\/\/portaltela.pt\/noticias\/2026\/03\/12\/mau-tempo-eleva-prejuizos-da-marinha-grande-para-143-milhoes-de-euros\/#primaryimage\"},\"image\":{\"@id\":\"https:\/\/portaltela.pt\/noticias\/2026\/03\/12\/mau-tempo-eleva-prejuizos-da-marinha-grande-para-143-milhoes-de-euros\/#primaryimage\"},\"thumbnailUrl\":\"https:\/\/portaltela.pt\/s.01k8rhncp4jt1\/2026\/03\/2073544.jpg\",\"datePublished\":\"2026-03-12T10:23:00+00:00\",\"author\":{\"@id\":\"https:\/\/portaltela.pt\/#\/schema\/person\/c4278d4a6028830caff9ee44b42d32ed\"},\"breadcrumb\":{\"@id\":\"https:\/\/portaltela.pt\/noticias\/2026\/03\/12\/mau-tempo-eleva-prejuizos-da-marinha-grande-para-143-milhoes-de-euros\/#breadcrumb\"},\"inLanguage\":\"pt-PT\",\"potentialAction\":[{\"@type\":\"ReadAction\",\"target\":[\"https:\/\/portaltela.pt\/noticias\/2026\/03\/12\/mau-tempo-eleva-prejuizos-da-marinha-grande-para-143-milhoes-de-euros\/\"]}]},{\"@type\":\"ImageObject\",\"inLanguage\":\"pt-PT\",\"@id\":\"https:\/\/portaltela.pt\/noticias\/2026\/03\/12\/mau-tempo-eleva-prejuizos-da-marinha-grande-para-143-milhoes-de-euros\/#primaryimage\",\"url\":\"https:\/\/portaltela.pt\/s.01k8rhncp4jt1\/2026\/03\/2073544.jpg\",\"contentUrl\":\"https:\/\/portaltela.pt\/s.01k8rhncp4jt1\/2026\/03\/2073544.jpg\",\"width\":796,\"height\":448,\"caption\":\"Houve grandes preju\u00edzos na Marinha Grande\"},{\"@type\":\"BreadcrumbList\",\"@id\":\"https:\/\/portaltela.pt\/noticias\/2026\/03\/12\/mau-tempo-eleva-prejuizos-da-marinha-grande-para-143-milhoes-de-euros\/#breadcrumb\",\"itemListElement\":[{\"@type\":\"ListItem\",\"position\":1,\"name\":\"In\u00edcio\",\"item\":\"https:\/\/portaltela.pt\/\"},{\"@type\":\"ListItem\",\"position\":2,\"name\":\"Mau tempo eleva preju\u00edzos da Marinha Grande para 143 milh\u00f5es de euros\"}]},{\"@type\":\"WebSite\",\"@id\":\"https:\/\/portaltela.pt\/#website\",\"url\":\"https:\/\/portaltela.pt\/\",\"name\":\"Portal Tela Portugal\",\"description\":\"\",\"potentialAction\":[{\"@type\":\"SearchAction\",\"target\":{\"@type\":\"EntryPoint\",\"urlTemplate\":\"https:\/\/portaltela.pt\/?s={search_term_string}\"},\"query-input\":{\"@type\":\"PropertyValueSpecification\",\"valueRequired\":true,\"valueName\":\"search_term_string\"}}],\"inLanguage\":\"pt-PT\"},{\"@type\":\"Person\",\"@id\":\"https:\/\/portaltela.pt\/#\/schema\/person\/c4278d4a6028830caff9ee44b42d32ed\",\"name\":\"Telinha\",\"image\":{\"@type\":\"ImageObject\",\"inLanguage\":\"pt-PT\",\"@id\":\"https:\/\/portaltela.pt\/s.01k8rhncp4jt1\/2025\/11\/talking-bot-125x125.png\",\"url\":\"https:\/\/portaltela.pt\/s.01k8rhncp4jt1\/2025\/11\/talking-bot-125x125.png\",\"contentUrl\":\"https:\/\/portaltela.pt\/s.01k8rhncp4jt1\/2025\/11\/talking-bot-125x125.png\",\"caption\":\"Telinha\"},\"sameAs\":[\"https:\/\/portaltela.pt\/\"],\"url\":\"https:\/\/portaltela.pt\/por\/367410592786\/\"}]}<\/script>\n<!-- \/ Yoast SEO plugin. -->","yoast_head_json":{"title":"Mau tempo eleva preju\u00edzos da Marinha Grande para 143 milh\u00f5es de euros - Portal Tela Portugal","robots":{"index":"index","follow":"follow","max-snippet":"max-snippet:-1","max-image-preview":"max-image-preview:large","max-video-preview":"max-video-preview:-1"},"og_locale":"pt_PT","og_type":"article","og_title":"Mau tempo eleva preju\u00edzos da Marinha Grande para 143 milh\u00f5es de euros - Portal Tela Portugal","og_description":"A C\u00e2mara da Marinha Grande comunicou \u00e0 CCDR Centro preju\u00edzos de 143 milh\u00f5es de euros por causa da depress\u00e3o Kristin. Do total, 132 milh\u00f5es dizem respeito a danos em equipamentos e infraestruturas municipais, incluindo edif\u00edcios p\u00fablicos, vias, drenagem, espa\u00e7os verdes e equipamentos desportivos e culturais. H\u00e1 1,13 milh\u00f5es de euros de preju\u00edzos reportados pelas juntas de freguesia e 10 milh\u00f5es por institui\u00e7\u00f5es privadas de solidariedade social, associa\u00e7\u00f5es, coletividades e entidades religiosas do concelho. O valor foi atualizado a partir de um levantamento preliminar de 118 milh\u00f5es de euros, ap\u00f3s avalia\u00e7\u00e3o t\u00e9cnica dos servi\u00e7os municipais. O presidente da C\u00e2mara, Paulo Vicente, afirmou que a reconstru\u00e7\u00e3o ser\u00e1 exigente e exigir\u00e1 recursos e coordena\u00e7\u00e3o entre entidades locais, regionais e nacionais.","og_url":"https:\/\/portaltela.pt\/noticias\/2026\/03\/12\/mau-tempo-eleva-prejuizos-da-marinha-grande-para-143-milhoes-de-euros\/","og_site_name":"Portal Tela Portugal","article_published_time":"2026-03-12T10:23:00+00:00","author":"Telinha","twitter_card":"summary_large_image","twitter_misc":{"Escrito por":"Telinha","Tempo estimado de leitura":"1 minuto"},"schema":{"@context":"https:\/\/schema.org","@graph":[{"@type":"Article","@id":"https:\/\/portaltela.pt\/noticias\/2026\/03\/12\/mau-tempo-eleva-prejuizos-da-marinha-grande-para-143-milhoes-de-euros\/#article","isPartOf":{"@id":"https:\/\/portaltela.pt\/noticias\/2026\/03\/12\/mau-tempo-eleva-prejuizos-da-marinha-grande-para-143-milhoes-de-euros\/"},"author":{"name":"Telinha","@id":"https:\/\/portaltela.pt\/#\/schema\/person\/c4278d4a6028830caff9ee44b42d32ed"},"headline":"Mau tempo eleva preju\u00edzos da Marinha Grande para 143 milh\u00f5es de euros","datePublished":"2026-03-12T10:23:00+00:00","mainEntityOfPage":{"@id":"https:\/\/portaltela.pt\/noticias\/2026\/03\/12\/mau-tempo-eleva-prejuizos-da-marinha-grande-para-143-milhoes-de-euros\/"},"wordCount":286,"image":{"@id":"https:\/\/portaltela.pt\/noticias\/2026\/03\/12\/mau-tempo-eleva-prejuizos-da-marinha-grande-para-143-milhoes-de-euros\/#primaryimage"},"thumbnailUrl":"https:\/\/portaltela.pt\/s.01k8rhncp4jt1\/2026\/03\/2073544.jpg","keywords":["_economia","cat\u00e1strofes naturais","desastres","energia","Leiria","Marinha Grande"],"articleSection":["Not\u00edcias"],"inLanguage":"pt-PT"},{"@type":"WebPage","@id":"https:\/\/portaltela.pt\/noticias\/2026\/03\/12\/mau-tempo-eleva-prejuizos-da-marinha-grande-para-143-milhoes-de-euros\/","url":"https:\/\/portaltela.pt\/noticias\/2026\/03\/12\/mau-tempo-eleva-prejuizos-da-marinha-grande-para-143-milhoes-de-euros\/","name":"Mau tempo eleva preju\u00edzos da Marinha Grande para 143 milh\u00f5es de euros - Portal Tela Portugal","isPartOf":{"@id":"https:\/\/portaltela.pt\/#website"},"primaryImageOfPage":{"@id":"https:\/\/portaltela.pt\/noticias\/2026\/03\/12\/mau-tempo-eleva-prejuizos-da-marinha-grande-para-143-milhoes-de-euros\/#primaryimage"},"image":{"@id":"https:\/\/portaltela.pt\/noticias\/2026\/03\/12\/mau-tempo-eleva-prejuizos-da-marinha-grande-para-143-milhoes-de-euros\/#primaryimage"},"thumbnailUrl":"https:\/\/portaltela.pt\/s.01k8rhncp4jt1\/2026\/03\/2073544.jpg","datePublished":"2026-03-12T10:23:00+00:00","author":{"@id":"https:\/\/portaltela.pt\/#\/schema\/person\/c4278d4a6028830caff9ee44b42d32ed"},"breadcrumb":{"@id":"https:\/\/portaltela.pt\/noticias\/2026\/03\/12\/mau-tempo-eleva-prejuizos-da-marinha-grande-para-143-milhoes-de-euros\/#breadcrumb"},"inLanguage":"pt-PT","potentialAction":[{"@type":"ReadAction","target":["https:\/\/portaltela.pt\/noticias\/2026\/03\/12\/mau-tempo-eleva-prejuizos-da-marinha-grande-para-143-milhoes-de-euros\/"]}]},{"@type":"ImageObject","inLanguage":"pt-PT","@id":"https:\/\/portaltela.pt\/noticias\/2026\/03\/12\/mau-tempo-eleva-prejuizos-da-marinha-grande-para-143-milhoes-de-euros\/#primaryimage","url":"https:\/\/portaltela.pt\/s.01k8rhncp4jt1\/2026\/03\/2073544.jpg","contentUrl":"https:\/\/portaltela.pt\/s.01k8rhncp4jt1\/2026\/03\/2073544.jpg","width":796,"height":448,"caption":"Houve grandes preju\u00edzos na Marinha Grande"},{"@type":"BreadcrumbList","@id":"https:\/\/portaltela.pt\/noticias\/2026\/03\/12\/mau-tempo-eleva-prejuizos-da-marinha-grande-para-143-milhoes-de-euros\/#breadcrumb","itemListElement":[{"@type":"ListItem","position":1,"name":"In\u00edcio","item":"https:\/\/portaltela.pt\/"},{"@type":"ListItem","position":2,"name":"Mau tempo eleva preju\u00edzos da Marinha Grande para 143 milh\u00f5es de euros"}]},{"@type":"WebSite","@id":"https:\/\/portaltela.pt\/#website","url":"https:\/\/portaltela.pt\/","name":"Portal Tela Portugal","description":"","potentialAction":[{"@type":"SearchAction","target":{"@type":"EntryPoint","urlTemplate":"https:\/\/portaltela.pt\/?s={search_term_string}"},"query-input":{"@type":"PropertyValueSpecification","valueRequired":true,"valueName":"search_term_string"}}],"inLanguage":"pt-PT"},{"@type":"Person","@id":"https:\/\/portaltela.pt\/#\/schema\/person\/c4278d4a6028830caff9ee44b42d32ed","name":"Telinha","image":{"@type":"ImageObject","inLanguage":"pt-PT","@id":"https:\/\/portaltela.pt\/s.01k8rhncp4jt1\/2025\/11\/talking-bot-125x125.png","url":"https:\/\/portaltela.pt\/s.01k8rhncp4jt1\/2025\/11\/talking-bot-125x125.png","contentUrl":"https:\/\/portaltela.pt\/s.01k8rhncp4jt1\/2025\/11\/talking-bot-125x125.png","caption":"Telinha"},"sameAs":["https:\/\/portaltela.pt\/"],"url":"https:\/\/portaltela.pt\/por\/367410592786\/"}]}},"_links":{"self":[{"href":"https:\/\/portaltela.pt\/api\/wp\/v2\/posts\/407134","targetHints":{"allow":["GET"]}}],"collection":[{"href":"https:\/\/portaltela.pt\/api\/wp\/v2\/posts"}],"about":[{"href":"https:\/\/portaltela.pt\/api\/wp\/v2\/types\/post"}],"author":[{"embeddable":true,"href":"https:\/\/portaltela.pt\/api\/wp\/v2\/users\/2"}],"replies":[{"embeddable":true,"href":"https:\/\/portaltela.pt\/api\/wp\/v2\/comments?post=407134"}],"version-history":[{"count":0,"href":"https:\/\/portaltela.pt\/api\/wp\/v2\/posts\/407134\/revisions"}],"wp:featuredmedia":[{"embeddable":true,"href":"https:\/\/portaltela.pt\/api\/wp\/v2\/media\/407138"}],"wp:attachment":[{"href":"https:\/\/portaltela.pt\/api\/wp\/v2\/media?parent=407134"}],"wp:term":[{"taxonomy":"category","embeddable":true,"href":"https:\/\/portaltela.pt\/api\/wp\/v2\/categories?post=407134"},{"taxonomy":"post_tag","embeddable":true,"href":"https:\/\/portaltela.pt\/api\/wp\/v2\/tags?post=407134"}],"curies":[{"name":"wp","href":"https:\/\/api.w.org\/{rel}","templated":true}]}}