{"id":407125,"date":"2026-03-12T07:05:02","date_gmt":"2026-03-12T10:05:02","guid":{"rendered":"https:\/\/portaltela.pt\/noticias\/2026\/03\/12\/escolas-do-seixal-fechadas-em-protesto-por-melhores-condicoes-de-trabalho\/"},"modified":"2026-03-12T07:05:02","modified_gmt":"2026-03-12T10:05:02","slug":"escolas-do-seixal-fechadas-em-protesto-por-melhores-condicoes-de-trabalho","status":"publish","type":"post","link":"https:\/\/portaltela.pt\/noticias\/2026\/03\/12\/escolas-do-seixal-fechadas-em-protesto-por-melhores-condicoes-de-trabalho\/","title":{"rendered":"Escolas do Seixal fechadas em protesto por melhores condi\u00e7\u00f5es de trabalho"},"content":{"rendered":"<p>Mais de metade das 10 escolas do Agrupamento de Vale de Milha\u00e7os, no Seixal, encerraram \u00e0s 08h30 de hoje devido a um protesto de trabalhadores que exigem melhores condi\u00e7\u00f5es de trabalho. A informa\u00e7\u00e3o foi confirmada \u00e0 Lusa por uma fonte sindical.<\/p>\n<p>Segundo o representante do S.TO.P. \u2013 Sindicato de Todos os Profissionais da Educa\u00e7\u00e3o, mais de uma centena de profissionais concentraram-se \u00e0 porta da Escola B\u00e1sica de Vale de Milha\u00e7os, sede do agrupamento, em protesto pela verifica\u00e7\u00e3o de refor\u00e7o de pessoal e pela retirada de amianto.<\/p>\n<p>Os trabalhadores justificam a a\u00e7\u00e3o pela necessidade de substitui\u00e7\u00e3o dos cobertos da escola, que incluem amianto, considerado perigoso. Al\u00e9m disso, apontam a falta de assistentes operacionais para vigil\u00e2ncia, limpeza, manuten\u00e7\u00e3o e apoio a alunos com necessidades especiais.<\/p>\n<p>O protesto visa tamb\u00e9m a revis\u00e3o e valoriza\u00e7\u00e3o das carreiras docentes. Os docentes referem que o Minist\u00e9rio da Educa\u00e7\u00e3o n\u00e3o vincula t\u00e9cnicos superiores ou especializados, como psic\u00f3logos, assistentes sociais e terapeutas da fala, sendo que um concurso anunciado n\u00e3o tem data definida.<\/p>\n<p>De acordo com o sindicalista, a \u00faltima promessa para o concurso era o primeiro trimestre, mas n\u00e3o houve confirma\u00e7\u00e3o mais recente. O agrupamento de Vale de Milha\u00e7os \u00e9 composto por 10 estabelecimentos, incluindo escolas b\u00e1sicas e jardins-de-inf\u00e2ncia, todos situados na freguesia de Corroios.<\/p>\n<h3>Propostas e perspetivas<\/h3>\n<p>O protesto persiste em manter a press\u00e3o at\u00e9 existir uma resposta formal sobre o refor\u00e7o de pessoal e a retirada de amianto. As partes envolvidas aguardam informa\u00e7\u00f5es do Minist\u00e9rio da Educa\u00e7\u00e3o sobre calendariza\u00e7\u00e3o de concursos e altera\u00e7\u00f5es ao Estatuto da Carreira Docente.<\/p>\n","protected":false},"excerpt":{"rendered":"<ul>\n<li>Mais de metade das 10 escolas do Agrupamento de Vale de Milha\u00e7os, no Seixal, estavam encerradas \u00e0s 08h30 de quinta-feira devido a um protesto de trabalhadores.<\/li>\n<li>Mais de cem profissionais de educa\u00e7\u00e3o estavam \u00e0 porta da Escola B\u00e1sica sede do agrupamento, em Corroios, para exigir melhores condi\u00e7\u00f5es de trabalho e refor\u00e7o de pessoal.<\/li>\n<li>O protesto reclama a retirada de amianto dos cobertos da Escola B\u00e1sica de Vale de Milha\u00e7os, considerado risco para a comunidade escolar e para o corpo docente.<\/li>\n<li>Os manifestantes destacam a falta de assistentes operacionais e de pessoal para vigil\u00e2ncia, limpeza, manuten\u00e7\u00e3o e apoio a alunos com necessidades especiais.<\/li>\n<li>Entre as reivindica\u00e7\u00f5es est\u00e3o a valoriza\u00e7\u00e3o das carreiras de educa\u00e7\u00e3o e cr\u00edticas a altera\u00e7\u00f5es previstas no Estatuto da Carreira Docente e a promessas de vincula\u00e7\u00e3o de t\u00e9cnicos superiores.<\/li>\n<\/ul>\n","protected":false},"author":2,"featured_media":407128,"comment_status":"closed","ping_status":"closed","sticky":false,"template":"","format":"standard","meta":{"footnotes":""},"categories":[1],"tags":[6584,3356,163,2443,1064,966],"class_list":["post-407125","post","type-post","status-publish","format-standard","has-post-thumbnail","hentry","category-noticias","tag-amianto","tag-corroios","tag-educacao","tag-educacao-publica","tag-seixal","tag-sindicatos"],"yoast_head":"<!-- This site is optimized with the Yoast SEO plugin v27.2 - https:\/\/yoast.com\/product\/yoast-seo-wordpress\/ -->\n<title>Escolas do Seixal fechadas em protesto por melhores condi\u00e7\u00f5es de trabalho - Portal Tela Portugal<\/title>\n<meta name=\"robots\" content=\"index, follow, max-snippet:-1, max-image-preview:large, max-video-preview:-1\" \/>\n<meta property=\"og:locale\" content=\"pt_PT\" \/>\n<meta property=\"og:type\" content=\"article\" \/>\n<meta property=\"og:title\" content=\"Escolas do Seixal fechadas em protesto por melhores condi\u00e7\u00f5es de trabalho - Portal Tela Portugal\" \/>\n<meta property=\"og:description\" content=\"Mais de metade das 10 escolas do Agrupamento de Vale de Milha\u00e7os, no Seixal, estavam encerradas \u00e0s 08h30 de quinta-feira devido a um protesto de trabalhadores. Mais de cem profissionais de educa\u00e7\u00e3o estavam \u00e0 porta da Escola B\u00e1sica sede do agrupamento, em Corroios, para exigir melhores condi\u00e7\u00f5es de trabalho e refor\u00e7o de pessoal. O protesto reclama a retirada de amianto dos cobertos da Escola B\u00e1sica de Vale de Milha\u00e7os, considerado risco para a comunidade escolar e para o corpo docente. Os manifestantes destacam a falta de assistentes operacionais e de pessoal para vigil\u00e2ncia, limpeza, manuten\u00e7\u00e3o e apoio a alunos com necessidades especiais. Entre as reivindica\u00e7\u00f5es est\u00e3o a valoriza\u00e7\u00e3o das carreiras de educa\u00e7\u00e3o e cr\u00edticas a altera\u00e7\u00f5es previstas no Estatuto da Carreira Docente e a promessas de vincula\u00e7\u00e3o de t\u00e9cnicos superiores.\" \/>\n<meta property=\"og:url\" content=\"https:\/\/portaltela.pt\/noticias\/2026\/03\/12\/escolas-do-seixal-fechadas-em-protesto-por-melhores-condicoes-de-trabalho\/\" \/>\n<meta property=\"og:site_name\" content=\"Portal Tela Portugal\" \/>\n<meta property=\"article:published_time\" content=\"2026-03-12T10:05:02+00:00\" \/>\n<meta name=\"author\" content=\"Telinha\" \/>\n<meta name=\"twitter:card\" content=\"summary_large_image\" \/>\n<meta name=\"twitter:label1\" content=\"Escrito por\" \/>\n\t<meta name=\"twitter:data1\" content=\"Telinha\" \/>\n\t<meta name=\"twitter:label2\" content=\"Tempo estimado de leitura\" \/>\n\t<meta name=\"twitter:data2\" content=\"1 minuto\" \/>\n<script type=\"application\/ld+json\" class=\"yoast-schema-graph\">{\"@context\":\"https:\/\/schema.org\",\"@graph\":[{\"@type\":\"Article\",\"@id\":\"https:\/\/portaltela.pt\/noticias\/2026\/03\/12\/escolas-do-seixal-fechadas-em-protesto-por-melhores-condicoes-de-trabalho\/#article\",\"isPartOf\":{\"@id\":\"https:\/\/portaltela.pt\/noticias\/2026\/03\/12\/escolas-do-seixal-fechadas-em-protesto-por-melhores-condicoes-de-trabalho\/\"},\"author\":{\"name\":\"Telinha\",\"@id\":\"https:\/\/portaltela.pt\/#\/schema\/person\/c4278d4a6028830caff9ee44b42d32ed\"},\"headline\":\"Escolas do Seixal fechadas em protesto por melhores condi\u00e7\u00f5es de trabalho\",\"datePublished\":\"2026-03-12T10:05:02+00:00\",\"mainEntityOfPage\":{\"@id\":\"https:\/\/portaltela.pt\/noticias\/2026\/03\/12\/escolas-do-seixal-fechadas-em-protesto-por-melhores-condicoes-de-trabalho\/\"},\"wordCount\":295,\"image\":{\"@id\":\"https:\/\/portaltela.pt\/noticias\/2026\/03\/12\/escolas-do-seixal-fechadas-em-protesto-por-melhores-condicoes-de-trabalho\/#primaryimage\"},\"thumbnailUrl\":\"https:\/\/portaltela.pt\/s.01k8rhncp4jt1\/2026\/03\/img_1500x1000uu2017-06-19-02-29-00-639195.jpg\",\"keywords\":[\"amianto\",\"Corroios\",\"educa\u00e7\u00e3o\",\"educa\u00e7\u00e3o p\u00fablica\",\"Seixal\",\"sindicatos\"],\"articleSection\":[\"Not\u00edcias\"],\"inLanguage\":\"pt-PT\"},{\"@type\":\"WebPage\",\"@id\":\"https:\/\/portaltela.pt\/noticias\/2026\/03\/12\/escolas-do-seixal-fechadas-em-protesto-por-melhores-condicoes-de-trabalho\/\",\"url\":\"https:\/\/portaltela.pt\/noticias\/2026\/03\/12\/escolas-do-seixal-fechadas-em-protesto-por-melhores-condicoes-de-trabalho\/\",\"name\":\"Escolas do Seixal fechadas em protesto por melhores condi\u00e7\u00f5es de trabalho - Portal Tela Portugal\",\"isPartOf\":{\"@id\":\"https:\/\/portaltela.pt\/#website\"},\"primaryImageOfPage\":{\"@id\":\"https:\/\/portaltela.pt\/noticias\/2026\/03\/12\/escolas-do-seixal-fechadas-em-protesto-por-melhores-condicoes-de-trabalho\/#primaryimage\"},\"image\":{\"@id\":\"https:\/\/portaltela.pt\/noticias\/2026\/03\/12\/escolas-do-seixal-fechadas-em-protesto-por-melhores-condicoes-de-trabalho\/#primaryimage\"},\"thumbnailUrl\":\"https:\/\/portaltela.pt\/s.01k8rhncp4jt1\/2026\/03\/img_1500x1000uu2017-06-19-02-29-00-639195.jpg\",\"datePublished\":\"2026-03-12T10:05:02+00:00\",\"author\":{\"@id\":\"https:\/\/portaltela.pt\/#\/schema\/person\/c4278d4a6028830caff9ee44b42d32ed\"},\"breadcrumb\":{\"@id\":\"https:\/\/portaltela.pt\/noticias\/2026\/03\/12\/escolas-do-seixal-fechadas-em-protesto-por-melhores-condicoes-de-trabalho\/#breadcrumb\"},\"inLanguage\":\"pt-PT\",\"potentialAction\":[{\"@type\":\"ReadAction\",\"target\":[\"https:\/\/portaltela.pt\/noticias\/2026\/03\/12\/escolas-do-seixal-fechadas-em-protesto-por-melhores-condicoes-de-trabalho\/\"]}]},{\"@type\":\"ImageObject\",\"inLanguage\":\"pt-PT\",\"@id\":\"https:\/\/portaltela.pt\/noticias\/2026\/03\/12\/escolas-do-seixal-fechadas-em-protesto-por-melhores-condicoes-de-trabalho\/#primaryimage\",\"url\":\"https:\/\/portaltela.pt\/s.01k8rhncp4jt1\/2026\/03\/img_1500x1000uu2017-06-19-02-29-00-639195.jpg\",\"contentUrl\":\"https:\/\/portaltela.pt\/s.01k8rhncp4jt1\/2026\/03\/img_1500x1000uu2017-06-19-02-29-00-639195.jpg\",\"width\":796,\"height\":448,\"caption\":\"Escolas\"},{\"@type\":\"BreadcrumbList\",\"@id\":\"https:\/\/portaltela.pt\/noticias\/2026\/03\/12\/escolas-do-seixal-fechadas-em-protesto-por-melhores-condicoes-de-trabalho\/#breadcrumb\",\"itemListElement\":[{\"@type\":\"ListItem\",\"position\":1,\"name\":\"In\u00edcio\",\"item\":\"https:\/\/portaltela.pt\/\"},{\"@type\":\"ListItem\",\"position\":2,\"name\":\"Escolas do Seixal fechadas em protesto por melhores condi\u00e7\u00f5es de trabalho\"}]},{\"@type\":\"WebSite\",\"@id\":\"https:\/\/portaltela.pt\/#website\",\"url\":\"https:\/\/portaltela.pt\/\",\"name\":\"Portal Tela Portugal\",\"description\":\"\",\"potentialAction\":[{\"@type\":\"SearchAction\",\"target\":{\"@type\":\"EntryPoint\",\"urlTemplate\":\"https:\/\/portaltela.pt\/?s={search_term_string}\"},\"query-input\":{\"@type\":\"PropertyValueSpecification\",\"valueRequired\":true,\"valueName\":\"search_term_string\"}}],\"inLanguage\":\"pt-PT\"},{\"@type\":\"Person\",\"@id\":\"https:\/\/portaltela.pt\/#\/schema\/person\/c4278d4a6028830caff9ee44b42d32ed\",\"name\":\"Telinha\",\"image\":{\"@type\":\"ImageObject\",\"inLanguage\":\"pt-PT\",\"@id\":\"https:\/\/portaltela.pt\/s.01k8rhncp4jt1\/2025\/11\/talking-bot-125x125.png\",\"url\":\"https:\/\/portaltela.pt\/s.01k8rhncp4jt1\/2025\/11\/talking-bot-125x125.png\",\"contentUrl\":\"https:\/\/portaltela.pt\/s.01k8rhncp4jt1\/2025\/11\/talking-bot-125x125.png\",\"caption\":\"Telinha\"},\"sameAs\":[\"https:\/\/portaltela.pt\/\"],\"url\":\"https:\/\/portaltela.pt\/por\/367410592786\/\"}]}<\/script>\n<!-- \/ Yoast SEO plugin. -->","yoast_head_json":{"title":"Escolas do Seixal fechadas em protesto por melhores condi\u00e7\u00f5es de trabalho - Portal Tela Portugal","robots":{"index":"index","follow":"follow","max-snippet":"max-snippet:-1","max-image-preview":"max-image-preview:large","max-video-preview":"max-video-preview:-1"},"og_locale":"pt_PT","og_type":"article","og_title":"Escolas do Seixal fechadas em protesto por melhores condi\u00e7\u00f5es de trabalho - Portal Tela Portugal","og_description":"Mais de metade das 10 escolas do Agrupamento de Vale de Milha\u00e7os, no Seixal, estavam encerradas \u00e0s 08h30 de quinta-feira devido a um protesto de trabalhadores. Mais de cem profissionais de educa\u00e7\u00e3o estavam \u00e0 porta da Escola B\u00e1sica sede do agrupamento, em Corroios, para exigir melhores condi\u00e7\u00f5es de trabalho e refor\u00e7o de pessoal. O protesto reclama a retirada de amianto dos cobertos da Escola B\u00e1sica de Vale de Milha\u00e7os, considerado risco para a comunidade escolar e para o corpo docente. Os manifestantes destacam a falta de assistentes operacionais e de pessoal para vigil\u00e2ncia, limpeza, manuten\u00e7\u00e3o e apoio a alunos com necessidades especiais. Entre as reivindica\u00e7\u00f5es est\u00e3o a valoriza\u00e7\u00e3o das carreiras de educa\u00e7\u00e3o e cr\u00edticas a altera\u00e7\u00f5es previstas no Estatuto da Carreira Docente e a promessas de vincula\u00e7\u00e3o de t\u00e9cnicos superiores.","og_url":"https:\/\/portaltela.pt\/noticias\/2026\/03\/12\/escolas-do-seixal-fechadas-em-protesto-por-melhores-condicoes-de-trabalho\/","og_site_name":"Portal Tela Portugal","article_published_time":"2026-03-12T10:05:02+00:00","author":"Telinha","twitter_card":"summary_large_image","twitter_misc":{"Escrito por":"Telinha","Tempo estimado de leitura":"1 minuto"},"schema":{"@context":"https:\/\/schema.org","@graph":[{"@type":"Article","@id":"https:\/\/portaltela.pt\/noticias\/2026\/03\/12\/escolas-do-seixal-fechadas-em-protesto-por-melhores-condicoes-de-trabalho\/#article","isPartOf":{"@id":"https:\/\/portaltela.pt\/noticias\/2026\/03\/12\/escolas-do-seixal-fechadas-em-protesto-por-melhores-condicoes-de-trabalho\/"},"author":{"name":"Telinha","@id":"https:\/\/portaltela.pt\/#\/schema\/person\/c4278d4a6028830caff9ee44b42d32ed"},"headline":"Escolas do Seixal fechadas em protesto por melhores condi\u00e7\u00f5es de trabalho","datePublished":"2026-03-12T10:05:02+00:00","mainEntityOfPage":{"@id":"https:\/\/portaltela.pt\/noticias\/2026\/03\/12\/escolas-do-seixal-fechadas-em-protesto-por-melhores-condicoes-de-trabalho\/"},"wordCount":295,"image":{"@id":"https:\/\/portaltela.pt\/noticias\/2026\/03\/12\/escolas-do-seixal-fechadas-em-protesto-por-melhores-condicoes-de-trabalho\/#primaryimage"},"thumbnailUrl":"https:\/\/portaltela.pt\/s.01k8rhncp4jt1\/2026\/03\/img_1500x1000uu2017-06-19-02-29-00-639195.jpg","keywords":["amianto","Corroios","educa\u00e7\u00e3o","educa\u00e7\u00e3o p\u00fablica","Seixal","sindicatos"],"articleSection":["Not\u00edcias"],"inLanguage":"pt-PT"},{"@type":"WebPage","@id":"https:\/\/portaltela.pt\/noticias\/2026\/03\/12\/escolas-do-seixal-fechadas-em-protesto-por-melhores-condicoes-de-trabalho\/","url":"https:\/\/portaltela.pt\/noticias\/2026\/03\/12\/escolas-do-seixal-fechadas-em-protesto-por-melhores-condicoes-de-trabalho\/","name":"Escolas do Seixal fechadas em protesto por melhores condi\u00e7\u00f5es de trabalho - Portal Tela Portugal","isPartOf":{"@id":"https:\/\/portaltela.pt\/#website"},"primaryImageOfPage":{"@id":"https:\/\/portaltela.pt\/noticias\/2026\/03\/12\/escolas-do-seixal-fechadas-em-protesto-por-melhores-condicoes-de-trabalho\/#primaryimage"},"image":{"@id":"https:\/\/portaltela.pt\/noticias\/2026\/03\/12\/escolas-do-seixal-fechadas-em-protesto-por-melhores-condicoes-de-trabalho\/#primaryimage"},"thumbnailUrl":"https:\/\/portaltela.pt\/s.01k8rhncp4jt1\/2026\/03\/img_1500x1000uu2017-06-19-02-29-00-639195.jpg","datePublished":"2026-03-12T10:05:02+00:00","author":{"@id":"https:\/\/portaltela.pt\/#\/schema\/person\/c4278d4a6028830caff9ee44b42d32ed"},"breadcrumb":{"@id":"https:\/\/portaltela.pt\/noticias\/2026\/03\/12\/escolas-do-seixal-fechadas-em-protesto-por-melhores-condicoes-de-trabalho\/#breadcrumb"},"inLanguage":"pt-PT","potentialAction":[{"@type":"ReadAction","target":["https:\/\/portaltela.pt\/noticias\/2026\/03\/12\/escolas-do-seixal-fechadas-em-protesto-por-melhores-condicoes-de-trabalho\/"]}]},{"@type":"ImageObject","inLanguage":"pt-PT","@id":"https:\/\/portaltela.pt\/noticias\/2026\/03\/12\/escolas-do-seixal-fechadas-em-protesto-por-melhores-condicoes-de-trabalho\/#primaryimage","url":"https:\/\/portaltela.pt\/s.01k8rhncp4jt1\/2026\/03\/img_1500x1000uu2017-06-19-02-29-00-639195.jpg","contentUrl":"https:\/\/portaltela.pt\/s.01k8rhncp4jt1\/2026\/03\/img_1500x1000uu2017-06-19-02-29-00-639195.jpg","width":796,"height":448,"caption":"Escolas"},{"@type":"BreadcrumbList","@id":"https:\/\/portaltela.pt\/noticias\/2026\/03\/12\/escolas-do-seixal-fechadas-em-protesto-por-melhores-condicoes-de-trabalho\/#breadcrumb","itemListElement":[{"@type":"ListItem","position":1,"name":"In\u00edcio","item":"https:\/\/portaltela.pt\/"},{"@type":"ListItem","position":2,"name":"Escolas do Seixal fechadas em protesto por melhores condi\u00e7\u00f5es de trabalho"}]},{"@type":"WebSite","@id":"https:\/\/portaltela.pt\/#website","url":"https:\/\/portaltela.pt\/","name":"Portal Tela Portugal","description":"","potentialAction":[{"@type":"SearchAction","target":{"@type":"EntryPoint","urlTemplate":"https:\/\/portaltela.pt\/?s={search_term_string}"},"query-input":{"@type":"PropertyValueSpecification","valueRequired":true,"valueName":"search_term_string"}}],"inLanguage":"pt-PT"},{"@type":"Person","@id":"https:\/\/portaltela.pt\/#\/schema\/person\/c4278d4a6028830caff9ee44b42d32ed","name":"Telinha","image":{"@type":"ImageObject","inLanguage":"pt-PT","@id":"https:\/\/portaltela.pt\/s.01k8rhncp4jt1\/2025\/11\/talking-bot-125x125.png","url":"https:\/\/portaltela.pt\/s.01k8rhncp4jt1\/2025\/11\/talking-bot-125x125.png","contentUrl":"https:\/\/portaltela.pt\/s.01k8rhncp4jt1\/2025\/11\/talking-bot-125x125.png","caption":"Telinha"},"sameAs":["https:\/\/portaltela.pt\/"],"url":"https:\/\/portaltela.pt\/por\/367410592786\/"}]}},"_links":{"self":[{"href":"https:\/\/portaltela.pt\/api\/wp\/v2\/posts\/407125","targetHints":{"allow":["GET"]}}],"collection":[{"href":"https:\/\/portaltela.pt\/api\/wp\/v2\/posts"}],"about":[{"href":"https:\/\/portaltela.pt\/api\/wp\/v2\/types\/post"}],"author":[{"embeddable":true,"href":"https:\/\/portaltela.pt\/api\/wp\/v2\/users\/2"}],"replies":[{"embeddable":true,"href":"https:\/\/portaltela.pt\/api\/wp\/v2\/comments?post=407125"}],"version-history":[{"count":0,"href":"https:\/\/portaltela.pt\/api\/wp\/v2\/posts\/407125\/revisions"}],"wp:featuredmedia":[{"embeddable":true,"href":"https:\/\/portaltela.pt\/api\/wp\/v2\/media\/407128"}],"wp:attachment":[{"href":"https:\/\/portaltela.pt\/api\/wp\/v2\/media?parent=407125"}],"wp:term":[{"taxonomy":"category","embeddable":true,"href":"https:\/\/portaltela.pt\/api\/wp\/v2\/categories?post=407125"},{"taxonomy":"post_tag","embeddable":true,"href":"https:\/\/portaltela.pt\/api\/wp\/v2\/tags?post=407125"}],"curies":[{"name":"wp","href":"https:\/\/api.w.org\/{rel}","templated":true}]}}