{"id":407117,"date":"2026-03-12T06:43:00","date_gmt":"2026-03-12T09:43:00","guid":{"rendered":"https:\/\/portaltela.pt\/noticias\/2026\/03\/12\/modalisboa-utiliza-nome-de-patrocinador-no-titulo-para-diversificar-orcamento\/"},"modified":"2026-03-12T06:43:00","modified_gmt":"2026-03-12T09:43:00","slug":"modalisboa-utiliza-nome-de-patrocinador-no-titulo-para-diversificar-orcamento","status":"publish","type":"post","link":"https:\/\/portaltela.pt\/noticias\/2026\/03\/12\/modalisboa-utiliza-nome-de-patrocinador-no-titulo-para-diversificar-orcamento\/","title":{"rendered":"ModaLisboa utiliza nome de patrocinador no t\u00edtulo para diversificar or\u00e7amento"},"content":{"rendered":"<p>ModaLisboa anuncia um novo modelo de patroc\u00ednio, ao nomear um patrocinador principal que d\u00e1 identidade ao evento. A edi\u00e7\u00e3o lisboeta passa a sofrer a influ\u00eancia de uma marca parceira no t\u00edtulo do ciclo.<\/p>\n<p>O patrocinador principal \u00e9 a Omoda &amp; Jaecoo, fabricante chinesa de autom\u00f3veis. A escolha integra uma estrat\u00e9gia j\u00e1 adotada noutras capitais, como Madrid e Londres, para diversificar o financiamento da semana da moda.<\/p>\n<p>A mudan\u00e7a surge numa fase em que a organiza\u00e7\u00e3o pretende reduzir a depend\u00eancia de financiamento p\u00fablico e encontrar novas formas de apoiar a moda de autor portuguesa. A gestora de projecto da associa\u00e7\u00e3o, Joana Jorge, explicou ao P\u00daBLICO que a prioridade \u00e9 robustecer o or\u00e7amento e abrir novas oportunidades.<\/p>\n<h3>Novo enquadramento financeiro<\/h3>\n<p>A 66.\u00aa edi\u00e7\u00e3o de ModaLisboa arrancou nesta quinta-feira, em Lisboa, com o novo formato de patroc\u00ednio em vigor. A parceria com a marca autom\u00f3vel permite refor\u00e7ar o financiamento do evento, assegurando continuidade ao calend\u00e1rio de desfiles.<\/p>\n<p>A iniciativa \u00e9 apresentada como uma evolu\u00e7\u00e3o da estrat\u00e9gia de sustentabilidade financeira da organiza\u00e7\u00e3o, que pretende manter o padr\u00e3o hist\u00f3rico de eventos de autor, sem depender exclusivamente de fundos p\u00fablicos. A mudan\u00e7a mant\u00e9m o foco na preserva\u00e7\u00e3o da qualidade criativa e na promo\u00e7\u00e3o da ind\u00fastria local.<\/p>\n<h3>Contexto e impacto<\/h3>\n<p>O patroc\u00ednio principal introduz uma nova din\u00e2mica na comunica\u00e7\u00e3o e na gest\u00e3o da edi\u00e7\u00e3o, influenciando, por exemplo, o naming do evento e a forma como o programa \u00e9 estruturado. Analistas costumam destacar a necessidade de diversifica\u00e7\u00e3o para a continuidade de iniciativas culturais no pa\u00eds.<\/p>\n<p>A ModaLisboa n\u00e3o revela n\u00fameros financeiros nem detalhes contratuais, limitando-se a afirmar que o objetivo \u00e9 assegurar estabilidade e oportunidades para criadores nacionais, mantendo o foco na qualidade e na visibilidade da moda de autor portuguesa.<\/p>\n","protected":false},"excerpt":{"rendered":"<ul>\n<li>A ModaLisboa tem como principal patrocinador a marca chinesa de carros Omoda &amp; Jaecoo, que d\u00e1 nome em parte ao evento.<\/li>\n<li>A estrat\u00e9gia visa diversificar o financiamento da semana de moda de Lisboa para reduzir a depend\u00eancia de financiamento p\u00fablico.<\/li>\n<li>A abordagem j\u00e1 acontece noutras capitais, como Madrid e Londres.<\/li>\n<li>Joana Jorge, gestora de projecto da associa\u00e7\u00e3o, afirma que a organiza\u00e7\u00e3o procura fortalecer-se e abrir novas oportunidades.<\/li>\n<li>A 66.\u00aa edi\u00e7\u00e3o de ModaLisboa come\u00e7a esta quinta-feira.<\/li>\n<\/ul>\n","protected":false},"author":2,"featured_media":407118,"comment_status":"closed","ping_status":"closed","sticky":false,"template":"","format":"standard","meta":{"footnotes":""},"categories":[1],"tags":[145,255,981,2783,1014,2025],"class_list":["post-407117","post","type-post","status-publish","format-standard","has-post-thumbnail","hentry","category-noticias","tag-cultura","tag-industria","tag-lisboa","tag-patrocinio","tag-portugal","tag-textil-vestuario"],"yoast_head":"<!-- This site is optimized with the Yoast SEO plugin v27.2 - https:\/\/yoast.com\/product\/yoast-seo-wordpress\/ -->\n<title>ModaLisboa utiliza nome de patrocinador no t\u00edtulo para diversificar or\u00e7amento - Portal Tela Portugal<\/title>\n<meta name=\"robots\" content=\"index, follow, max-snippet:-1, max-image-preview:large, max-video-preview:-1\" \/>\n<meta property=\"og:locale\" content=\"pt_PT\" \/>\n<meta property=\"og:type\" content=\"article\" \/>\n<meta property=\"og:title\" content=\"ModaLisboa utiliza nome de patrocinador no t\u00edtulo para diversificar or\u00e7amento - Portal Tela Portugal\" \/>\n<meta property=\"og:description\" content=\"A ModaLisboa tem como principal patrocinador a marca chinesa de carros Omoda &amp; Jaecoo, que d\u00e1 nome em parte ao evento. A estrat\u00e9gia visa diversificar o financiamento da semana de moda de Lisboa para reduzir a depend\u00eancia de financiamento p\u00fablico. A abordagem j\u00e1 acontece noutras capitais, como Madrid e Londres. Joana Jorge, gestora de projecto da associa\u00e7\u00e3o, afirma que a organiza\u00e7\u00e3o procura fortalecer-se e abrir novas oportunidades. A 66.\u00aa edi\u00e7\u00e3o de ModaLisboa come\u00e7a esta quinta-feira.\" \/>\n<meta property=\"og:url\" content=\"https:\/\/portaltela.pt\/noticias\/2026\/03\/12\/modalisboa-utiliza-nome-de-patrocinador-no-titulo-para-diversificar-orcamento\/\" \/>\n<meta property=\"og:site_name\" content=\"Portal Tela Portugal\" \/>\n<meta property=\"article:published_time\" content=\"2026-03-12T09:43:00+00:00\" \/>\n<meta name=\"author\" content=\"Telinha\" \/>\n<meta name=\"twitter:card\" content=\"summary_large_image\" \/>\n<meta name=\"twitter:label1\" content=\"Escrito por\" \/>\n\t<meta name=\"twitter:data1\" content=\"Telinha\" \/>\n\t<meta name=\"twitter:label2\" content=\"Tempo estimado de leitura\" \/>\n\t<meta name=\"twitter:data2\" content=\"2 minutos\" \/>\n<script type=\"application\/ld+json\" class=\"yoast-schema-graph\">{\"@context\":\"https:\/\/schema.org\",\"@graph\":[{\"@type\":\"Article\",\"@id\":\"https:\/\/portaltela.pt\/noticias\/2026\/03\/12\/modalisboa-utiliza-nome-de-patrocinador-no-titulo-para-diversificar-orcamento\/#article\",\"isPartOf\":{\"@id\":\"https:\/\/portaltela.pt\/noticias\/2026\/03\/12\/modalisboa-utiliza-nome-de-patrocinador-no-titulo-para-diversificar-orcamento\/\"},\"author\":{\"name\":\"Telinha\",\"@id\":\"https:\/\/portaltela.pt\/#\/schema\/person\/c4278d4a6028830caff9ee44b42d32ed\"},\"headline\":\"ModaLisboa utiliza nome de patrocinador no t\u00edtulo para diversificar or\u00e7amento\",\"datePublished\":\"2026-03-12T09:43:00+00:00\",\"mainEntityOfPage\":{\"@id\":\"https:\/\/portaltela.pt\/noticias\/2026\/03\/12\/modalisboa-utiliza-nome-de-patrocinador-no-titulo-para-diversificar-orcamento\/\"},\"wordCount\":327,\"image\":{\"@id\":\"https:\/\/portaltela.pt\/noticias\/2026\/03\/12\/modalisboa-utiliza-nome-de-patrocinador-no-titulo-para-diversificar-orcamento\/#primaryimage\"},\"thumbnailUrl\":\"https:\/\/portaltela.pt\/s.01k8rhncp4jt1\/2026\/03\/2073387.jpg\",\"keywords\":[\"cultura\",\"ind\u00fastria\",\"Lisboa\",\"patroc\u00ednio\",\"Portugal\",\"t\u00eaxtil-vestu\u00e1rio\"],\"articleSection\":[\"Not\u00edcias\"],\"inLanguage\":\"pt-PT\"},{\"@type\":\"WebPage\",\"@id\":\"https:\/\/portaltela.pt\/noticias\/2026\/03\/12\/modalisboa-utiliza-nome-de-patrocinador-no-titulo-para-diversificar-orcamento\/\",\"url\":\"https:\/\/portaltela.pt\/noticias\/2026\/03\/12\/modalisboa-utiliza-nome-de-patrocinador-no-titulo-para-diversificar-orcamento\/\",\"name\":\"ModaLisboa utiliza nome de patrocinador no t\u00edtulo para diversificar or\u00e7amento - Portal Tela Portugal\",\"isPartOf\":{\"@id\":\"https:\/\/portaltela.pt\/#website\"},\"primaryImageOfPage\":{\"@id\":\"https:\/\/portaltela.pt\/noticias\/2026\/03\/12\/modalisboa-utiliza-nome-de-patrocinador-no-titulo-para-diversificar-orcamento\/#primaryimage\"},\"image\":{\"@id\":\"https:\/\/portaltela.pt\/noticias\/2026\/03\/12\/modalisboa-utiliza-nome-de-patrocinador-no-titulo-para-diversificar-orcamento\/#primaryimage\"},\"thumbnailUrl\":\"https:\/\/portaltela.pt\/s.01k8rhncp4jt1\/2026\/03\/2073387.jpg\",\"datePublished\":\"2026-03-12T09:43:00+00:00\",\"author\":{\"@id\":\"https:\/\/portaltela.pt\/#\/schema\/person\/c4278d4a6028830caff9ee44b42d32ed\"},\"breadcrumb\":{\"@id\":\"https:\/\/portaltela.pt\/noticias\/2026\/03\/12\/modalisboa-utiliza-nome-de-patrocinador-no-titulo-para-diversificar-orcamento\/#breadcrumb\"},\"inLanguage\":\"pt-PT\",\"potentialAction\":[{\"@type\":\"ReadAction\",\"target\":[\"https:\/\/portaltela.pt\/noticias\/2026\/03\/12\/modalisboa-utiliza-nome-de-patrocinador-no-titulo-para-diversificar-orcamento\/\"]}]},{\"@type\":\"ImageObject\",\"inLanguage\":\"pt-PT\",\"@id\":\"https:\/\/portaltela.pt\/noticias\/2026\/03\/12\/modalisboa-utiliza-nome-de-patrocinador-no-titulo-para-diversificar-orcamento\/#primaryimage\",\"url\":\"https:\/\/portaltela.pt\/s.01k8rhncp4jt1\/2026\/03\/2073387.jpg\",\"contentUrl\":\"https:\/\/portaltela.pt\/s.01k8rhncp4jt1\/2026\/03\/2073387.jpg\",\"width\":796,\"height\":448,\"caption\":\"A maioria dos desfiles desta 66.\u00aa edi\u00e7\u00e3o centra-se no P\u00e1tio da Gal\u00e9. Na fotografia, a colec\u00e7\u00e3o de Nuno Baltazar em Mar\u00e7o de 2025\"},{\"@type\":\"BreadcrumbList\",\"@id\":\"https:\/\/portaltela.pt\/noticias\/2026\/03\/12\/modalisboa-utiliza-nome-de-patrocinador-no-titulo-para-diversificar-orcamento\/#breadcrumb\",\"itemListElement\":[{\"@type\":\"ListItem\",\"position\":1,\"name\":\"In\u00edcio\",\"item\":\"https:\/\/portaltela.pt\/\"},{\"@type\":\"ListItem\",\"position\":2,\"name\":\"ModaLisboa utiliza nome de patrocinador no t\u00edtulo para diversificar or\u00e7amento\"}]},{\"@type\":\"WebSite\",\"@id\":\"https:\/\/portaltela.pt\/#website\",\"url\":\"https:\/\/portaltela.pt\/\",\"name\":\"Portal Tela Portugal\",\"description\":\"\",\"potentialAction\":[{\"@type\":\"SearchAction\",\"target\":{\"@type\":\"EntryPoint\",\"urlTemplate\":\"https:\/\/portaltela.pt\/?s={search_term_string}\"},\"query-input\":{\"@type\":\"PropertyValueSpecification\",\"valueRequired\":true,\"valueName\":\"search_term_string\"}}],\"inLanguage\":\"pt-PT\"},{\"@type\":\"Person\",\"@id\":\"https:\/\/portaltela.pt\/#\/schema\/person\/c4278d4a6028830caff9ee44b42d32ed\",\"name\":\"Telinha\",\"image\":{\"@type\":\"ImageObject\",\"inLanguage\":\"pt-PT\",\"@id\":\"https:\/\/portaltela.pt\/s.01k8rhncp4jt1\/2025\/11\/talking-bot-125x125.png\",\"url\":\"https:\/\/portaltela.pt\/s.01k8rhncp4jt1\/2025\/11\/talking-bot-125x125.png\",\"contentUrl\":\"https:\/\/portaltela.pt\/s.01k8rhncp4jt1\/2025\/11\/talking-bot-125x125.png\",\"caption\":\"Telinha\"},\"sameAs\":[\"https:\/\/portaltela.pt\/\"],\"url\":\"https:\/\/portaltela.pt\/por\/367410592786\/\"}]}<\/script>\n<!-- \/ Yoast SEO plugin. -->","yoast_head_json":{"title":"ModaLisboa utiliza nome de patrocinador no t\u00edtulo para diversificar or\u00e7amento - Portal Tela Portugal","robots":{"index":"index","follow":"follow","max-snippet":"max-snippet:-1","max-image-preview":"max-image-preview:large","max-video-preview":"max-video-preview:-1"},"og_locale":"pt_PT","og_type":"article","og_title":"ModaLisboa utiliza nome de patrocinador no t\u00edtulo para diversificar or\u00e7amento - Portal Tela Portugal","og_description":"A ModaLisboa tem como principal patrocinador a marca chinesa de carros Omoda &amp; Jaecoo, que d\u00e1 nome em parte ao evento. A estrat\u00e9gia visa diversificar o financiamento da semana de moda de Lisboa para reduzir a depend\u00eancia de financiamento p\u00fablico. A abordagem j\u00e1 acontece noutras capitais, como Madrid e Londres. Joana Jorge, gestora de projecto da associa\u00e7\u00e3o, afirma que a organiza\u00e7\u00e3o procura fortalecer-se e abrir novas oportunidades. A 66.\u00aa edi\u00e7\u00e3o de ModaLisboa come\u00e7a esta quinta-feira.","og_url":"https:\/\/portaltela.pt\/noticias\/2026\/03\/12\/modalisboa-utiliza-nome-de-patrocinador-no-titulo-para-diversificar-orcamento\/","og_site_name":"Portal Tela Portugal","article_published_time":"2026-03-12T09:43:00+00:00","author":"Telinha","twitter_card":"summary_large_image","twitter_misc":{"Escrito por":"Telinha","Tempo estimado de leitura":"2 minutos"},"schema":{"@context":"https:\/\/schema.org","@graph":[{"@type":"Article","@id":"https:\/\/portaltela.pt\/noticias\/2026\/03\/12\/modalisboa-utiliza-nome-de-patrocinador-no-titulo-para-diversificar-orcamento\/#article","isPartOf":{"@id":"https:\/\/portaltela.pt\/noticias\/2026\/03\/12\/modalisboa-utiliza-nome-de-patrocinador-no-titulo-para-diversificar-orcamento\/"},"author":{"name":"Telinha","@id":"https:\/\/portaltela.pt\/#\/schema\/person\/c4278d4a6028830caff9ee44b42d32ed"},"headline":"ModaLisboa utiliza nome de patrocinador no t\u00edtulo para diversificar or\u00e7amento","datePublished":"2026-03-12T09:43:00+00:00","mainEntityOfPage":{"@id":"https:\/\/portaltela.pt\/noticias\/2026\/03\/12\/modalisboa-utiliza-nome-de-patrocinador-no-titulo-para-diversificar-orcamento\/"},"wordCount":327,"image":{"@id":"https:\/\/portaltela.pt\/noticias\/2026\/03\/12\/modalisboa-utiliza-nome-de-patrocinador-no-titulo-para-diversificar-orcamento\/#primaryimage"},"thumbnailUrl":"https:\/\/portaltela.pt\/s.01k8rhncp4jt1\/2026\/03\/2073387.jpg","keywords":["cultura","ind\u00fastria","Lisboa","patroc\u00ednio","Portugal","t\u00eaxtil-vestu\u00e1rio"],"articleSection":["Not\u00edcias"],"inLanguage":"pt-PT"},{"@type":"WebPage","@id":"https:\/\/portaltela.pt\/noticias\/2026\/03\/12\/modalisboa-utiliza-nome-de-patrocinador-no-titulo-para-diversificar-orcamento\/","url":"https:\/\/portaltela.pt\/noticias\/2026\/03\/12\/modalisboa-utiliza-nome-de-patrocinador-no-titulo-para-diversificar-orcamento\/","name":"ModaLisboa utiliza nome de patrocinador no t\u00edtulo para diversificar or\u00e7amento - Portal Tela Portugal","isPartOf":{"@id":"https:\/\/portaltela.pt\/#website"},"primaryImageOfPage":{"@id":"https:\/\/portaltela.pt\/noticias\/2026\/03\/12\/modalisboa-utiliza-nome-de-patrocinador-no-titulo-para-diversificar-orcamento\/#primaryimage"},"image":{"@id":"https:\/\/portaltela.pt\/noticias\/2026\/03\/12\/modalisboa-utiliza-nome-de-patrocinador-no-titulo-para-diversificar-orcamento\/#primaryimage"},"thumbnailUrl":"https:\/\/portaltela.pt\/s.01k8rhncp4jt1\/2026\/03\/2073387.jpg","datePublished":"2026-03-12T09:43:00+00:00","author":{"@id":"https:\/\/portaltela.pt\/#\/schema\/person\/c4278d4a6028830caff9ee44b42d32ed"},"breadcrumb":{"@id":"https:\/\/portaltela.pt\/noticias\/2026\/03\/12\/modalisboa-utiliza-nome-de-patrocinador-no-titulo-para-diversificar-orcamento\/#breadcrumb"},"inLanguage":"pt-PT","potentialAction":[{"@type":"ReadAction","target":["https:\/\/portaltela.pt\/noticias\/2026\/03\/12\/modalisboa-utiliza-nome-de-patrocinador-no-titulo-para-diversificar-orcamento\/"]}]},{"@type":"ImageObject","inLanguage":"pt-PT","@id":"https:\/\/portaltela.pt\/noticias\/2026\/03\/12\/modalisboa-utiliza-nome-de-patrocinador-no-titulo-para-diversificar-orcamento\/#primaryimage","url":"https:\/\/portaltela.pt\/s.01k8rhncp4jt1\/2026\/03\/2073387.jpg","contentUrl":"https:\/\/portaltela.pt\/s.01k8rhncp4jt1\/2026\/03\/2073387.jpg","width":796,"height":448,"caption":"A maioria dos desfiles desta 66.\u00aa edi\u00e7\u00e3o centra-se no P\u00e1tio da Gal\u00e9. Na fotografia, a colec\u00e7\u00e3o de Nuno Baltazar em Mar\u00e7o de 2025"},{"@type":"BreadcrumbList","@id":"https:\/\/portaltela.pt\/noticias\/2026\/03\/12\/modalisboa-utiliza-nome-de-patrocinador-no-titulo-para-diversificar-orcamento\/#breadcrumb","itemListElement":[{"@type":"ListItem","position":1,"name":"In\u00edcio","item":"https:\/\/portaltela.pt\/"},{"@type":"ListItem","position":2,"name":"ModaLisboa utiliza nome de patrocinador no t\u00edtulo para diversificar or\u00e7amento"}]},{"@type":"WebSite","@id":"https:\/\/portaltela.pt\/#website","url":"https:\/\/portaltela.pt\/","name":"Portal Tela Portugal","description":"","potentialAction":[{"@type":"SearchAction","target":{"@type":"EntryPoint","urlTemplate":"https:\/\/portaltela.pt\/?s={search_term_string}"},"query-input":{"@type":"PropertyValueSpecification","valueRequired":true,"valueName":"search_term_string"}}],"inLanguage":"pt-PT"},{"@type":"Person","@id":"https:\/\/portaltela.pt\/#\/schema\/person\/c4278d4a6028830caff9ee44b42d32ed","name":"Telinha","image":{"@type":"ImageObject","inLanguage":"pt-PT","@id":"https:\/\/portaltela.pt\/s.01k8rhncp4jt1\/2025\/11\/talking-bot-125x125.png","url":"https:\/\/portaltela.pt\/s.01k8rhncp4jt1\/2025\/11\/talking-bot-125x125.png","contentUrl":"https:\/\/portaltela.pt\/s.01k8rhncp4jt1\/2025\/11\/talking-bot-125x125.png","caption":"Telinha"},"sameAs":["https:\/\/portaltela.pt\/"],"url":"https:\/\/portaltela.pt\/por\/367410592786\/"}]}},"_links":{"self":[{"href":"https:\/\/portaltela.pt\/api\/wp\/v2\/posts\/407117","targetHints":{"allow":["GET"]}}],"collection":[{"href":"https:\/\/portaltela.pt\/api\/wp\/v2\/posts"}],"about":[{"href":"https:\/\/portaltela.pt\/api\/wp\/v2\/types\/post"}],"author":[{"embeddable":true,"href":"https:\/\/portaltela.pt\/api\/wp\/v2\/users\/2"}],"replies":[{"embeddable":true,"href":"https:\/\/portaltela.pt\/api\/wp\/v2\/comments?post=407117"}],"version-history":[{"count":0,"href":"https:\/\/portaltela.pt\/api\/wp\/v2\/posts\/407117\/revisions"}],"wp:featuredmedia":[{"embeddable":true,"href":"https:\/\/portaltela.pt\/api\/wp\/v2\/media\/407118"}],"wp:attachment":[{"href":"https:\/\/portaltela.pt\/api\/wp\/v2\/media?parent=407117"}],"wp:term":[{"taxonomy":"category","embeddable":true,"href":"https:\/\/portaltela.pt\/api\/wp\/v2\/categories?post=407117"},{"taxonomy":"post_tag","embeddable":true,"href":"https:\/\/portaltela.pt\/api\/wp\/v2\/tags?post=407117"}],"curies":[{"name":"wp","href":"https:\/\/api.w.org\/{rel}","templated":true}]}}