{"id":407105,"date":"2026-03-12T06:57:00","date_gmt":"2026-03-12T09:57:00","guid":{"rendered":"https:\/\/portaltela.pt\/noticias\/2026\/03\/12\/protesto-por-amianto-e-falta-de-pessoal-encerra-varias-escolas-do-seixal\/"},"modified":"2026-03-12T06:57:00","modified_gmt":"2026-03-12T09:57:00","slug":"protesto-por-amianto-e-falta-de-pessoal-encerra-varias-escolas-do-seixal","status":"publish","type":"post","link":"https:\/\/portaltela.pt\/noticias\/2026\/03\/12\/protesto-por-amianto-e-falta-de-pessoal-encerra-varias-escolas-do-seixal\/","title":{"rendered":"Protesto por amianto e falta de pessoal encerra v\u00e1rias escolas do Seixal"},"content":{"rendered":"<p>Mais de uma centena de profissionais de educa\u00e7\u00e3o do Agrupamento de Escolas de Vale de Milha\u00e7os, em Corroios, Seixal, estavam hoje \u00e0s 8h30 \u00e0 porta da escola b\u00e1sica sede, em protesto por condi\u00e7\u00f5es de trabalho e pela retirada de amianto. O grupo reuniu-se no exterior do recinto escolar, numa a\u00e7\u00e3o marcada por plen\u00e1rio junto aos espa\u00e7os da escola.<\/p>\n<p>Segundo Daniel Martins, do S.T.O.P. &#8211; Sindicato de Todos os Profissionais da Educa\u00e7\u00e3o, o amianto exp\u00f5e a comunidade escolar a riscos, sobretudo quem trabalha nos corredores e quem ali se refugia. O protesto tamb\u00e9m denuncia a falta de assistentes operacionais.<\/p>\n<p>O plen\u00e1rio, decidido h\u00e1 cerca de uma semana, aponta para a necessidade de refor\u00e7o de pessoal nas v\u00e1rias fun\u00e7\u00f5es, desde vigil\u00e2ncia e limpeza at\u00e9 apoio a alunos com necessidades especiais. As faixas do movimento chamam ainda a aten\u00e7\u00e3o para a falta de recursos humanos.<\/p>\n<h3>Demandas<\/h3>\n<p>Reivindica-se a calendariza\u00e7\u00e3o de concursos para vincular t\u00e9cnicos superiores e especializados, incluindo psic\u00f3logos, assistentes sociais e terapeutas da fala, que o Minist\u00e9rio da Educa\u00e7\u00e3o ainda n\u00e3o definiu. O grupo acusa atrasos e promete manter a mobiliza\u00e7\u00e3o at\u00e9 obter respostas.<\/p>\n<p>A contesta\u00e7\u00e3o incide ainda sobre altera\u00e7\u00f5es previstas no Estatuto da Carreira Docente, que, segundo os trabalhadores, podem tornar o estatuto gen\u00e9rico e afectar direitos espec\u00edficos dos docentes. A mat\u00e9ria est\u00e1 a ser acompanhada pelos representantes do agrupamento.<\/p>\n","protected":false},"excerpt":{"rendered":"<ul>\n<li>Mais de uma centena de profissionais de educa\u00e7\u00e3o do Agrupamento de Escolas de Vale de Milha\u00e7os est\u00e3o em protesto \u00e0 porta da escola sede, \u00e0s 8.30 horas, por melhores condi\u00e7\u00f5es de trabalho.<\/li>\n<li>Os docentes exigem a retirada de amianto dos cobertos da Escola B\u00e1sica de Vale de Milha\u00e7os, alegando perigo para a comunidade escolar.<\/li>\n<li>A falta de assistentes operacionais \u00e9 apontada como um problema, afectando vigil\u00e2ncia, limpeza, manuten\u00e7\u00e3o e apoio a alunos com necessidades especiais.<\/li>\n<li>O protesto tamb\u00e9m reclama a calendariza\u00e7\u00e3o de concursos para vincular psic\u00f3logos, assistentes sociais e terapeutas da fala, com promessas ainda n\u00e3o cumpridas pelo Minist\u00e9rio da Educa\u00e7\u00e3o.<\/li>\n<li>O Agrupamento de Escolas de Vale de Milha\u00e7os \u00e9 composto por dez estabelecimentos de ensino, sediado na Escola B\u00e1sica de Vale de Milha\u00e7os.<\/li>\n<\/ul>\n","protected":false},"author":2,"featured_media":407112,"comment_status":"closed","ping_status":"closed","sticky":false,"template":"","format":"standard","meta":{"footnotes":""},"categories":[1],"tags":[6584,3356,163,97,1064,966],"class_list":["post-407105","post","type-post","status-publish","format-standard","has-post-thumbnail","hentry","category-noticias","tag-amianto","tag-corroios","tag-educacao","tag-professores","tag-seixal","tag-sindicatos"],"yoast_head":"<!-- This site is optimized with the Yoast SEO plugin v27.2 - https:\/\/yoast.com\/product\/yoast-seo-wordpress\/ -->\n<title>Protesto por amianto e falta de pessoal encerra v\u00e1rias escolas do Seixal - Portal Tela Portugal<\/title>\n<meta name=\"robots\" content=\"index, follow, max-snippet:-1, max-image-preview:large, max-video-preview:-1\" \/>\n<meta property=\"og:locale\" content=\"pt_PT\" \/>\n<meta property=\"og:type\" content=\"article\" \/>\n<meta property=\"og:title\" content=\"Protesto por amianto e falta de pessoal encerra v\u00e1rias escolas do Seixal - Portal Tela Portugal\" \/>\n<meta property=\"og:description\" content=\"Mais de uma centena de profissionais de educa\u00e7\u00e3o do Agrupamento de Escolas de Vale de Milha\u00e7os est\u00e3o em protesto \u00e0 porta da escola sede, \u00e0s 8.30 horas, por melhores condi\u00e7\u00f5es de trabalho. Os docentes exigem a retirada de amianto dos cobertos da Escola B\u00e1sica de Vale de Milha\u00e7os, alegando perigo para a comunidade escolar. A falta de assistentes operacionais \u00e9 apontada como um problema, afectando vigil\u00e2ncia, limpeza, manuten\u00e7\u00e3o e apoio a alunos com necessidades especiais. O protesto tamb\u00e9m reclama a calendariza\u00e7\u00e3o de concursos para vincular psic\u00f3logos, assistentes sociais e terapeutas da fala, com promessas ainda n\u00e3o cumpridas pelo Minist\u00e9rio da Educa\u00e7\u00e3o. O Agrupamento de Escolas de Vale de Milha\u00e7os \u00e9 composto por dez estabelecimentos de ensino, sediado na Escola B\u00e1sica de Vale de Milha\u00e7os.\" \/>\n<meta property=\"og:url\" content=\"https:\/\/portaltela.pt\/noticias\/2026\/03\/12\/protesto-por-amianto-e-falta-de-pessoal-encerra-varias-escolas-do-seixal\/\" \/>\n<meta property=\"og:site_name\" content=\"Portal Tela Portugal\" \/>\n<meta property=\"article:published_time\" content=\"2026-03-12T09:57:00+00:00\" \/>\n<meta name=\"author\" content=\"Telinha\" \/>\n<meta name=\"twitter:card\" content=\"summary_large_image\" \/>\n<meta name=\"twitter:label1\" content=\"Escrito por\" \/>\n\t<meta name=\"twitter:data1\" content=\"Telinha\" \/>\n\t<meta name=\"twitter:label2\" content=\"Tempo estimado de leitura\" \/>\n\t<meta name=\"twitter:data2\" content=\"1 minuto\" \/>\n<script type=\"application\/ld+json\" class=\"yoast-schema-graph\">{\"@context\":\"https:\/\/schema.org\",\"@graph\":[{\"@type\":\"Article\",\"@id\":\"https:\/\/portaltela.pt\/noticias\/2026\/03\/12\/protesto-por-amianto-e-falta-de-pessoal-encerra-varias-escolas-do-seixal\/#article\",\"isPartOf\":{\"@id\":\"https:\/\/portaltela.pt\/noticias\/2026\/03\/12\/protesto-por-amianto-e-falta-de-pessoal-encerra-varias-escolas-do-seixal\/\"},\"author\":{\"name\":\"Telinha\",\"@id\":\"https:\/\/portaltela.pt\/#\/schema\/person\/c4278d4a6028830caff9ee44b42d32ed\"},\"headline\":\"Protesto por amianto e falta de pessoal encerra v\u00e1rias escolas do Seixal\",\"datePublished\":\"2026-03-12T09:57:00+00:00\",\"mainEntityOfPage\":{\"@id\":\"https:\/\/portaltela.pt\/noticias\/2026\/03\/12\/protesto-por-amianto-e-falta-de-pessoal-encerra-varias-escolas-do-seixal\/\"},\"wordCount\":262,\"image\":{\"@id\":\"https:\/\/portaltela.pt\/noticias\/2026\/03\/12\/protesto-por-amianto-e-falta-de-pessoal-encerra-varias-escolas-do-seixal\/#primaryimage\"},\"thumbnailUrl\":\"https:\/\/portaltela.pt\/s.01k8rhncp4jt1\/2026\/03\/image-757.jpg\",\"keywords\":[\"amianto\",\"Corroios\",\"educa\u00e7\u00e3o\",\"professores\",\"Seixal\",\"sindicatos\"],\"articleSection\":[\"Not\u00edcias\"],\"inLanguage\":\"pt-PT\"},{\"@type\":\"WebPage\",\"@id\":\"https:\/\/portaltela.pt\/noticias\/2026\/03\/12\/protesto-por-amianto-e-falta-de-pessoal-encerra-varias-escolas-do-seixal\/\",\"url\":\"https:\/\/portaltela.pt\/noticias\/2026\/03\/12\/protesto-por-amianto-e-falta-de-pessoal-encerra-varias-escolas-do-seixal\/\",\"name\":\"Protesto por amianto e falta de pessoal encerra v\u00e1rias escolas do Seixal - Portal Tela Portugal\",\"isPartOf\":{\"@id\":\"https:\/\/portaltela.pt\/#website\"},\"primaryImageOfPage\":{\"@id\":\"https:\/\/portaltela.pt\/noticias\/2026\/03\/12\/protesto-por-amianto-e-falta-de-pessoal-encerra-varias-escolas-do-seixal\/#primaryimage\"},\"image\":{\"@id\":\"https:\/\/portaltela.pt\/noticias\/2026\/03\/12\/protesto-por-amianto-e-falta-de-pessoal-encerra-varias-escolas-do-seixal\/#primaryimage\"},\"thumbnailUrl\":\"https:\/\/portaltela.pt\/s.01k8rhncp4jt1\/2026\/03\/image-757.jpg\",\"datePublished\":\"2026-03-12T09:57:00+00:00\",\"author\":{\"@id\":\"https:\/\/portaltela.pt\/#\/schema\/person\/c4278d4a6028830caff9ee44b42d32ed\"},\"breadcrumb\":{\"@id\":\"https:\/\/portaltela.pt\/noticias\/2026\/03\/12\/protesto-por-amianto-e-falta-de-pessoal-encerra-varias-escolas-do-seixal\/#breadcrumb\"},\"inLanguage\":\"pt-PT\",\"potentialAction\":[{\"@type\":\"ReadAction\",\"target\":[\"https:\/\/portaltela.pt\/noticias\/2026\/03\/12\/protesto-por-amianto-e-falta-de-pessoal-encerra-varias-escolas-do-seixal\/\"]}]},{\"@type\":\"ImageObject\",\"inLanguage\":\"pt-PT\",\"@id\":\"https:\/\/portaltela.pt\/noticias\/2026\/03\/12\/protesto-por-amianto-e-falta-de-pessoal-encerra-varias-escolas-do-seixal\/#primaryimage\",\"url\":\"https:\/\/portaltela.pt\/s.01k8rhncp4jt1\/2026\/03\/image-757.jpg\",\"contentUrl\":\"https:\/\/portaltela.pt\/s.01k8rhncp4jt1\/2026\/03\/image-757.jpg\",\"width\":796,\"height\":448,\"caption\":\"Coberturas de amianto s\u00e3o um dos motivos do protesto\"},{\"@type\":\"BreadcrumbList\",\"@id\":\"https:\/\/portaltela.pt\/noticias\/2026\/03\/12\/protesto-por-amianto-e-falta-de-pessoal-encerra-varias-escolas-do-seixal\/#breadcrumb\",\"itemListElement\":[{\"@type\":\"ListItem\",\"position\":1,\"name\":\"In\u00edcio\",\"item\":\"https:\/\/portaltela.pt\/\"},{\"@type\":\"ListItem\",\"position\":2,\"name\":\"Protesto por amianto e falta de pessoal encerra v\u00e1rias escolas do Seixal\"}]},{\"@type\":\"WebSite\",\"@id\":\"https:\/\/portaltela.pt\/#website\",\"url\":\"https:\/\/portaltela.pt\/\",\"name\":\"Portal Tela Portugal\",\"description\":\"\",\"potentialAction\":[{\"@type\":\"SearchAction\",\"target\":{\"@type\":\"EntryPoint\",\"urlTemplate\":\"https:\/\/portaltela.pt\/?s={search_term_string}\"},\"query-input\":{\"@type\":\"PropertyValueSpecification\",\"valueRequired\":true,\"valueName\":\"search_term_string\"}}],\"inLanguage\":\"pt-PT\"},{\"@type\":\"Person\",\"@id\":\"https:\/\/portaltela.pt\/#\/schema\/person\/c4278d4a6028830caff9ee44b42d32ed\",\"name\":\"Telinha\",\"image\":{\"@type\":\"ImageObject\",\"inLanguage\":\"pt-PT\",\"@id\":\"https:\/\/portaltela.pt\/s.01k8rhncp4jt1\/2025\/11\/talking-bot-125x125.png\",\"url\":\"https:\/\/portaltela.pt\/s.01k8rhncp4jt1\/2025\/11\/talking-bot-125x125.png\",\"contentUrl\":\"https:\/\/portaltela.pt\/s.01k8rhncp4jt1\/2025\/11\/talking-bot-125x125.png\",\"caption\":\"Telinha\"},\"sameAs\":[\"https:\/\/portaltela.pt\/\"],\"url\":\"https:\/\/portaltela.pt\/por\/367410592786\/\"}]}<\/script>\n<!-- \/ Yoast SEO plugin. -->","yoast_head_json":{"title":"Protesto por amianto e falta de pessoal encerra v\u00e1rias escolas do Seixal - Portal Tela Portugal","robots":{"index":"index","follow":"follow","max-snippet":"max-snippet:-1","max-image-preview":"max-image-preview:large","max-video-preview":"max-video-preview:-1"},"og_locale":"pt_PT","og_type":"article","og_title":"Protesto por amianto e falta de pessoal encerra v\u00e1rias escolas do Seixal - Portal Tela Portugal","og_description":"Mais de uma centena de profissionais de educa\u00e7\u00e3o do Agrupamento de Escolas de Vale de Milha\u00e7os est\u00e3o em protesto \u00e0 porta da escola sede, \u00e0s 8.30 horas, por melhores condi\u00e7\u00f5es de trabalho. Os docentes exigem a retirada de amianto dos cobertos da Escola B\u00e1sica de Vale de Milha\u00e7os, alegando perigo para a comunidade escolar. A falta de assistentes operacionais \u00e9 apontada como um problema, afectando vigil\u00e2ncia, limpeza, manuten\u00e7\u00e3o e apoio a alunos com necessidades especiais. O protesto tamb\u00e9m reclama a calendariza\u00e7\u00e3o de concursos para vincular psic\u00f3logos, assistentes sociais e terapeutas da fala, com promessas ainda n\u00e3o cumpridas pelo Minist\u00e9rio da Educa\u00e7\u00e3o. O Agrupamento de Escolas de Vale de Milha\u00e7os \u00e9 composto por dez estabelecimentos de ensino, sediado na Escola B\u00e1sica de Vale de Milha\u00e7os.","og_url":"https:\/\/portaltela.pt\/noticias\/2026\/03\/12\/protesto-por-amianto-e-falta-de-pessoal-encerra-varias-escolas-do-seixal\/","og_site_name":"Portal Tela Portugal","article_published_time":"2026-03-12T09:57:00+00:00","author":"Telinha","twitter_card":"summary_large_image","twitter_misc":{"Escrito por":"Telinha","Tempo estimado de leitura":"1 minuto"},"schema":{"@context":"https:\/\/schema.org","@graph":[{"@type":"Article","@id":"https:\/\/portaltela.pt\/noticias\/2026\/03\/12\/protesto-por-amianto-e-falta-de-pessoal-encerra-varias-escolas-do-seixal\/#article","isPartOf":{"@id":"https:\/\/portaltela.pt\/noticias\/2026\/03\/12\/protesto-por-amianto-e-falta-de-pessoal-encerra-varias-escolas-do-seixal\/"},"author":{"name":"Telinha","@id":"https:\/\/portaltela.pt\/#\/schema\/person\/c4278d4a6028830caff9ee44b42d32ed"},"headline":"Protesto por amianto e falta de pessoal encerra v\u00e1rias escolas do Seixal","datePublished":"2026-03-12T09:57:00+00:00","mainEntityOfPage":{"@id":"https:\/\/portaltela.pt\/noticias\/2026\/03\/12\/protesto-por-amianto-e-falta-de-pessoal-encerra-varias-escolas-do-seixal\/"},"wordCount":262,"image":{"@id":"https:\/\/portaltela.pt\/noticias\/2026\/03\/12\/protesto-por-amianto-e-falta-de-pessoal-encerra-varias-escolas-do-seixal\/#primaryimage"},"thumbnailUrl":"https:\/\/portaltela.pt\/s.01k8rhncp4jt1\/2026\/03\/image-757.jpg","keywords":["amianto","Corroios","educa\u00e7\u00e3o","professores","Seixal","sindicatos"],"articleSection":["Not\u00edcias"],"inLanguage":"pt-PT"},{"@type":"WebPage","@id":"https:\/\/portaltela.pt\/noticias\/2026\/03\/12\/protesto-por-amianto-e-falta-de-pessoal-encerra-varias-escolas-do-seixal\/","url":"https:\/\/portaltela.pt\/noticias\/2026\/03\/12\/protesto-por-amianto-e-falta-de-pessoal-encerra-varias-escolas-do-seixal\/","name":"Protesto por amianto e falta de pessoal encerra v\u00e1rias escolas do Seixal - Portal Tela Portugal","isPartOf":{"@id":"https:\/\/portaltela.pt\/#website"},"primaryImageOfPage":{"@id":"https:\/\/portaltela.pt\/noticias\/2026\/03\/12\/protesto-por-amianto-e-falta-de-pessoal-encerra-varias-escolas-do-seixal\/#primaryimage"},"image":{"@id":"https:\/\/portaltela.pt\/noticias\/2026\/03\/12\/protesto-por-amianto-e-falta-de-pessoal-encerra-varias-escolas-do-seixal\/#primaryimage"},"thumbnailUrl":"https:\/\/portaltela.pt\/s.01k8rhncp4jt1\/2026\/03\/image-757.jpg","datePublished":"2026-03-12T09:57:00+00:00","author":{"@id":"https:\/\/portaltela.pt\/#\/schema\/person\/c4278d4a6028830caff9ee44b42d32ed"},"breadcrumb":{"@id":"https:\/\/portaltela.pt\/noticias\/2026\/03\/12\/protesto-por-amianto-e-falta-de-pessoal-encerra-varias-escolas-do-seixal\/#breadcrumb"},"inLanguage":"pt-PT","potentialAction":[{"@type":"ReadAction","target":["https:\/\/portaltela.pt\/noticias\/2026\/03\/12\/protesto-por-amianto-e-falta-de-pessoal-encerra-varias-escolas-do-seixal\/"]}]},{"@type":"ImageObject","inLanguage":"pt-PT","@id":"https:\/\/portaltela.pt\/noticias\/2026\/03\/12\/protesto-por-amianto-e-falta-de-pessoal-encerra-varias-escolas-do-seixal\/#primaryimage","url":"https:\/\/portaltela.pt\/s.01k8rhncp4jt1\/2026\/03\/image-757.jpg","contentUrl":"https:\/\/portaltela.pt\/s.01k8rhncp4jt1\/2026\/03\/image-757.jpg","width":796,"height":448,"caption":"Coberturas de amianto s\u00e3o um dos motivos do protesto"},{"@type":"BreadcrumbList","@id":"https:\/\/portaltela.pt\/noticias\/2026\/03\/12\/protesto-por-amianto-e-falta-de-pessoal-encerra-varias-escolas-do-seixal\/#breadcrumb","itemListElement":[{"@type":"ListItem","position":1,"name":"In\u00edcio","item":"https:\/\/portaltela.pt\/"},{"@type":"ListItem","position":2,"name":"Protesto por amianto e falta de pessoal encerra v\u00e1rias escolas do Seixal"}]},{"@type":"WebSite","@id":"https:\/\/portaltela.pt\/#website","url":"https:\/\/portaltela.pt\/","name":"Portal Tela Portugal","description":"","potentialAction":[{"@type":"SearchAction","target":{"@type":"EntryPoint","urlTemplate":"https:\/\/portaltela.pt\/?s={search_term_string}"},"query-input":{"@type":"PropertyValueSpecification","valueRequired":true,"valueName":"search_term_string"}}],"inLanguage":"pt-PT"},{"@type":"Person","@id":"https:\/\/portaltela.pt\/#\/schema\/person\/c4278d4a6028830caff9ee44b42d32ed","name":"Telinha","image":{"@type":"ImageObject","inLanguage":"pt-PT","@id":"https:\/\/portaltela.pt\/s.01k8rhncp4jt1\/2025\/11\/talking-bot-125x125.png","url":"https:\/\/portaltela.pt\/s.01k8rhncp4jt1\/2025\/11\/talking-bot-125x125.png","contentUrl":"https:\/\/portaltela.pt\/s.01k8rhncp4jt1\/2025\/11\/talking-bot-125x125.png","caption":"Telinha"},"sameAs":["https:\/\/portaltela.pt\/"],"url":"https:\/\/portaltela.pt\/por\/367410592786\/"}]}},"_links":{"self":[{"href":"https:\/\/portaltela.pt\/api\/wp\/v2\/posts\/407105","targetHints":{"allow":["GET"]}}],"collection":[{"href":"https:\/\/portaltela.pt\/api\/wp\/v2\/posts"}],"about":[{"href":"https:\/\/portaltela.pt\/api\/wp\/v2\/types\/post"}],"author":[{"embeddable":true,"href":"https:\/\/portaltela.pt\/api\/wp\/v2\/users\/2"}],"replies":[{"embeddable":true,"href":"https:\/\/portaltela.pt\/api\/wp\/v2\/comments?post=407105"}],"version-history":[{"count":0,"href":"https:\/\/portaltela.pt\/api\/wp\/v2\/posts\/407105\/revisions"}],"wp:featuredmedia":[{"embeddable":true,"href":"https:\/\/portaltela.pt\/api\/wp\/v2\/media\/407112"}],"wp:attachment":[{"href":"https:\/\/portaltela.pt\/api\/wp\/v2\/media?parent=407105"}],"wp:term":[{"taxonomy":"category","embeddable":true,"href":"https:\/\/portaltela.pt\/api\/wp\/v2\/categories?post=407105"},{"taxonomy":"post_tag","embeddable":true,"href":"https:\/\/portaltela.pt\/api\/wp\/v2\/tags?post=407105"}],"curies":[{"name":"wp","href":"https:\/\/api.w.org\/{rel}","templated":true}]}}