{"id":407102,"date":"2026-03-12T06:52:39","date_gmt":"2026-03-12T09:52:39","guid":{"rendered":"https:\/\/portaltela.pt\/noticias\/2026\/03\/12\/marinha-grande-eleva-os-prejuizos-para-143-milhoes-de-euros-devido-ao-mau-tempo\/"},"modified":"2026-03-12T06:52:39","modified_gmt":"2026-03-12T09:52:39","slug":"marinha-grande-eleva-os-prejuizos-para-143-milhoes-de-euros-devido-ao-mau-tempo","status":"publish","type":"post","link":"https:\/\/portaltela.pt\/noticias\/2026\/03\/12\/marinha-grande-eleva-os-prejuizos-para-143-milhoes-de-euros-devido-ao-mau-tempo\/","title":{"rendered":"Marinha Grande eleva os preju\u00edzos para 143 milh\u00f5es de euros devido ao mau tempo"},"content":{"rendered":"<p>A Marinha Grande informou \u00e0 Comiss\u00e3o de Coordena\u00e7\u00e3o e Desenvolvimento Regional (CCDR) do Centro um total de preju\u00edzos de 143 milh\u00f5es de euros causados pela depress\u00e3o Kristin, que atingiu o concelho a 28 de janeiro. A cobran\u00e7a de danos inclui infraestruturas, equipamentos e \u00e1reas naturais, com avalia\u00e7\u00e3o t\u00e9cnica realizada pelos servi\u00e7os municipais.<\/p>\n<p>Segundo a autarquia do distrito de Leiria, 132 milh\u00f5es de euros dizem respeito a danos em equipamentos e infraestruturas municipais, incluindo edif\u00edcios p\u00fablicos, vias, sistemas de drenagem, espa\u00e7os verdes e equipamentos desportivos e culturais. Outras \u00e1reas somam 1,13 milh\u00f5es de euros (juntas de freguesia) e 10 milh\u00f5es de euros (institui\u00e7\u00f5es privadas de solidariedade social, associa\u00e7\u00f5es, coletividades e entidades religiosas).<\/p>\n<p>A C\u00e2mara ressalva que os n\u00fameros da CCDR Centro n\u00e3o incluem preju\u00edzos no setor empresarial, que tamb\u00e9m registou perdas significativas em equipamentos, mat\u00e9ria-prima, maquinaria, armaz\u00e9ns e paragens produtivas. O representante municipal sublinha a gravidade da situa\u00e7\u00e3o e a necessidade de resposta r\u00e1pida.<\/p>\n<h3>Detalhes dos preju\u00edzos<\/h3>\n<p>Em 24 de fevereiro, o levantamento preliminar apontava mais de 118 milh\u00f5es de euros em danos, com os edif\u00edcios municipais entre os valores mais elevados. Entre as \u00e1reas apontadas constam estabelecimentos escolares, habita\u00e7\u00e3o social, equipamentos culturais, desporto, vias e drenagem. O munic\u00edpio afirma que a reconstru\u00e7\u00e3o ser\u00e1 exigente e exigir\u00e1 recursos e coordena\u00e7\u00e3o entre entidades locais, regionais e nacionais para restabelecer condi\u00e7\u00f5es \u00e0s fam\u00edlias, \u00e0s institui\u00e7\u00f5es e ao espa\u00e7o p\u00fablico.<\/p>\n","protected":false},"excerpt":{"rendered":"<ul>\n<li>A C\u00e2mara da Marinha Grande comunicou \u00e0 CCDR Centro preju\u00edzos de 143 milh\u00f5es de euros, acima do valor inicial de 118 milh\u00f5es de euros apurado em levantamento preliminar.<\/li>\n<li>A depress\u00e3o Kristin, a 28 de janeiro, causou danos significativos em infraestruturas, equipamentos e \u00e1reas naturais do concelho.<\/li>\n<li>Do total, 132 milh\u00f5es de euros correspondem a danos em equipamentos e infraestruturas municipais, incluindo edif\u00edcios, vias, drenagem e espa\u00e7os desportivos e culturais; 1,13 milh\u00f5es de euros s\u00e3o preju\u00edzos nas juntas de freguesia; 10 milh\u00f5es de euros em organiza\u00e7\u00f5es sociais, associa\u00e7\u00f5es, coletividades e entidades religiosas.<\/li>\n<li>Ainda n\u00e3o foram contabilizados os preju\u00edzos do setor empresarial, que tamb\u00e9m sofreu perdas relevantes em equipamentos, mat\u00e9ria-prima, armaz\u00e9ns e paragens produtivas.<\/li>\n<li>A reconstru\u00e7\u00e3o ser\u00e1 exigente e requerer\u00e1 recursos e coordena\u00e7\u00e3o entre entidades locais, regionais e nacionais, com o objetivo de acelerar apoio e restabelecer condi\u00e7\u00f5es para fam\u00edlias, institui\u00e7\u00f5es e espa\u00e7o p\u00fablico.<\/li>\n<\/ul>\n","protected":false},"author":2,"featured_media":407109,"comment_status":"closed","ping_status":"closed","sticky":false,"template":"","format":"standard","meta":{"footnotes":""},"categories":[1],"tags":[6115,5215,1167,1615,1385,6110],"class_list":["post-407102","post","type-post","status-publish","format-standard","has-post-thumbnail","hentry","category-noticias","tag-_economia","tag-catastrofes-naturais","tag-habitacao-social","tag-infraestrutura","tag-leiria","tag-prejuizos"],"yoast_head":"<!-- This site is optimized with the Yoast SEO plugin v27.2 - https:\/\/yoast.com\/product\/yoast-seo-wordpress\/ -->\n<title>Marinha Grande eleva os preju\u00edzos para 143 milh\u00f5es de euros devido ao mau tempo - Portal Tela Portugal<\/title>\n<meta name=\"robots\" content=\"index, follow, max-snippet:-1, max-image-preview:large, max-video-preview:-1\" \/>\n<meta property=\"og:locale\" content=\"pt_PT\" \/>\n<meta property=\"og:type\" content=\"article\" \/>\n<meta property=\"og:title\" content=\"Marinha Grande eleva os preju\u00edzos para 143 milh\u00f5es de euros devido ao mau tempo - Portal Tela Portugal\" \/>\n<meta property=\"og:description\" content=\"A C\u00e2mara da Marinha Grande comunicou \u00e0 CCDR Centro preju\u00edzos de 143 milh\u00f5es de euros, acima do valor inicial de 118 milh\u00f5es de euros apurado em levantamento preliminar. A depress\u00e3o Kristin, a 28 de janeiro, causou danos significativos em infraestruturas, equipamentos e \u00e1reas naturais do concelho. Do total, 132 milh\u00f5es de euros correspondem a danos em equipamentos e infraestruturas municipais, incluindo edif\u00edcios, vias, drenagem e espa\u00e7os desportivos e culturais; 1,13 milh\u00f5es de euros s\u00e3o preju\u00edzos nas juntas de freguesia; 10 milh\u00f5es de euros em organiza\u00e7\u00f5es sociais, associa\u00e7\u00f5es, coletividades e entidades religiosas. Ainda n\u00e3o foram contabilizados os preju\u00edzos do setor empresarial, que tamb\u00e9m sofreu perdas relevantes em equipamentos, mat\u00e9ria-prima, armaz\u00e9ns e paragens produtivas. A reconstru\u00e7\u00e3o ser\u00e1 exigente e requerer\u00e1 recursos e coordena\u00e7\u00e3o entre entidades locais, regionais e nacionais, com o objetivo de acelerar apoio e restabelecer condi\u00e7\u00f5es para fam\u00edlias, institui\u00e7\u00f5es e espa\u00e7o p\u00fablico.\" \/>\n<meta property=\"og:url\" content=\"https:\/\/portaltela.pt\/noticias\/2026\/03\/12\/marinha-grande-eleva-os-prejuizos-para-143-milhoes-de-euros-devido-ao-mau-tempo\/\" \/>\n<meta property=\"og:site_name\" content=\"Portal Tela Portugal\" \/>\n<meta property=\"article:published_time\" content=\"2026-03-12T09:52:39+00:00\" \/>\n<meta name=\"author\" content=\"Telinha\" \/>\n<meta name=\"twitter:card\" content=\"summary_large_image\" \/>\n<meta name=\"twitter:label1\" content=\"Escrito por\" \/>\n\t<meta name=\"twitter:data1\" content=\"Telinha\" \/>\n\t<meta name=\"twitter:label2\" content=\"Tempo estimado de leitura\" \/>\n\t<meta name=\"twitter:data2\" content=\"1 minuto\" \/>\n<script type=\"application\/ld+json\" class=\"yoast-schema-graph\">{\"@context\":\"https:\/\/schema.org\",\"@graph\":[{\"@type\":\"Article\",\"@id\":\"https:\/\/portaltela.pt\/noticias\/2026\/03\/12\/marinha-grande-eleva-os-prejuizos-para-143-milhoes-de-euros-devido-ao-mau-tempo\/#article\",\"isPartOf\":{\"@id\":\"https:\/\/portaltela.pt\/noticias\/2026\/03\/12\/marinha-grande-eleva-os-prejuizos-para-143-milhoes-de-euros-devido-ao-mau-tempo\/\"},\"author\":{\"name\":\"Telinha\",\"@id\":\"https:\/\/portaltela.pt\/#\/schema\/person\/c4278d4a6028830caff9ee44b42d32ed\"},\"headline\":\"Marinha Grande eleva os preju\u00edzos para 143 milh\u00f5es de euros devido ao mau tempo\",\"datePublished\":\"2026-03-12T09:52:39+00:00\",\"mainEntityOfPage\":{\"@id\":\"https:\/\/portaltela.pt\/noticias\/2026\/03\/12\/marinha-grande-eleva-os-prejuizos-para-143-milhoes-de-euros-devido-ao-mau-tempo\/\"},\"wordCount\":271,\"image\":{\"@id\":\"https:\/\/portaltela.pt\/noticias\/2026\/03\/12\/marinha-grande-eleva-os-prejuizos-para-143-milhoes-de-euros-devido-ao-mau-tempo\/#primaryimage\"},\"thumbnailUrl\":\"https:\/\/portaltela.pt\/s.01k8rhncp4jt1\/2026\/03\/img_1500x1000uu2026-02-08-09-19-57-2265524.jpg\",\"keywords\":[\"_economia\",\"cat\u00e1strofes naturais\",\"habita\u00e7\u00e3o social\",\"infraestrutura\",\"Leiria\",\"preju\u00edzos\"],\"articleSection\":[\"Not\u00edcias\"],\"inLanguage\":\"pt-PT\"},{\"@type\":\"WebPage\",\"@id\":\"https:\/\/portaltela.pt\/noticias\/2026\/03\/12\/marinha-grande-eleva-os-prejuizos-para-143-milhoes-de-euros-devido-ao-mau-tempo\/\",\"url\":\"https:\/\/portaltela.pt\/noticias\/2026\/03\/12\/marinha-grande-eleva-os-prejuizos-para-143-milhoes-de-euros-devido-ao-mau-tempo\/\",\"name\":\"Marinha Grande eleva os preju\u00edzos para 143 milh\u00f5es de euros devido ao mau tempo - Portal Tela Portugal\",\"isPartOf\":{\"@id\":\"https:\/\/portaltela.pt\/#website\"},\"primaryImageOfPage\":{\"@id\":\"https:\/\/portaltela.pt\/noticias\/2026\/03\/12\/marinha-grande-eleva-os-prejuizos-para-143-milhoes-de-euros-devido-ao-mau-tempo\/#primaryimage\"},\"image\":{\"@id\":\"https:\/\/portaltela.pt\/noticias\/2026\/03\/12\/marinha-grande-eleva-os-prejuizos-para-143-milhoes-de-euros-devido-ao-mau-tempo\/#primaryimage\"},\"thumbnailUrl\":\"https:\/\/portaltela.pt\/s.01k8rhncp4jt1\/2026\/03\/img_1500x1000uu2026-02-08-09-19-57-2265524.jpg\",\"datePublished\":\"2026-03-12T09:52:39+00:00\",\"author\":{\"@id\":\"https:\/\/portaltela.pt\/#\/schema\/person\/c4278d4a6028830caff9ee44b42d32ed\"},\"breadcrumb\":{\"@id\":\"https:\/\/portaltela.pt\/noticias\/2026\/03\/12\/marinha-grande-eleva-os-prejuizos-para-143-milhoes-de-euros-devido-ao-mau-tempo\/#breadcrumb\"},\"inLanguage\":\"pt-PT\",\"potentialAction\":[{\"@type\":\"ReadAction\",\"target\":[\"https:\/\/portaltela.pt\/noticias\/2026\/03\/12\/marinha-grande-eleva-os-prejuizos-para-143-milhoes-de-euros-devido-ao-mau-tempo\/\"]}]},{\"@type\":\"ImageObject\",\"inLanguage\":\"pt-PT\",\"@id\":\"https:\/\/portaltela.pt\/noticias\/2026\/03\/12\/marinha-grande-eleva-os-prejuizos-para-143-milhoes-de-euros-devido-ao-mau-tempo\/#primaryimage\",\"url\":\"https:\/\/portaltela.pt\/s.01k8rhncp4jt1\/2026\/03\/img_1500x1000uu2026-02-08-09-19-57-2265524.jpg\",\"contentUrl\":\"https:\/\/portaltela.pt\/s.01k8rhncp4jt1\/2026\/03\/img_1500x1000uu2026-02-08-09-19-57-2265524.jpg\",\"width\":796,\"height\":448,\"caption\":\"Estrada intransit\u00e1vel na Marinha Grande, junto \u00e0 Ponte das Mestras\"},{\"@type\":\"BreadcrumbList\",\"@id\":\"https:\/\/portaltela.pt\/noticias\/2026\/03\/12\/marinha-grande-eleva-os-prejuizos-para-143-milhoes-de-euros-devido-ao-mau-tempo\/#breadcrumb\",\"itemListElement\":[{\"@type\":\"ListItem\",\"position\":1,\"name\":\"In\u00edcio\",\"item\":\"https:\/\/portaltela.pt\/\"},{\"@type\":\"ListItem\",\"position\":2,\"name\":\"Marinha Grande eleva os preju\u00edzos para 143 milh\u00f5es de euros devido ao mau tempo\"}]},{\"@type\":\"WebSite\",\"@id\":\"https:\/\/portaltela.pt\/#website\",\"url\":\"https:\/\/portaltela.pt\/\",\"name\":\"Portal Tela Portugal\",\"description\":\"\",\"potentialAction\":[{\"@type\":\"SearchAction\",\"target\":{\"@type\":\"EntryPoint\",\"urlTemplate\":\"https:\/\/portaltela.pt\/?s={search_term_string}\"},\"query-input\":{\"@type\":\"PropertyValueSpecification\",\"valueRequired\":true,\"valueName\":\"search_term_string\"}}],\"inLanguage\":\"pt-PT\"},{\"@type\":\"Person\",\"@id\":\"https:\/\/portaltela.pt\/#\/schema\/person\/c4278d4a6028830caff9ee44b42d32ed\",\"name\":\"Telinha\",\"image\":{\"@type\":\"ImageObject\",\"inLanguage\":\"pt-PT\",\"@id\":\"https:\/\/portaltela.pt\/s.01k8rhncp4jt1\/2025\/11\/talking-bot-125x125.png\",\"url\":\"https:\/\/portaltela.pt\/s.01k8rhncp4jt1\/2025\/11\/talking-bot-125x125.png\",\"contentUrl\":\"https:\/\/portaltela.pt\/s.01k8rhncp4jt1\/2025\/11\/talking-bot-125x125.png\",\"caption\":\"Telinha\"},\"sameAs\":[\"https:\/\/portaltela.pt\/\"],\"url\":\"https:\/\/portaltela.pt\/por\/367410592786\/\"}]}<\/script>\n<!-- \/ Yoast SEO plugin. -->","yoast_head_json":{"title":"Marinha Grande eleva os preju\u00edzos para 143 milh\u00f5es de euros devido ao mau tempo - Portal Tela Portugal","robots":{"index":"index","follow":"follow","max-snippet":"max-snippet:-1","max-image-preview":"max-image-preview:large","max-video-preview":"max-video-preview:-1"},"og_locale":"pt_PT","og_type":"article","og_title":"Marinha Grande eleva os preju\u00edzos para 143 milh\u00f5es de euros devido ao mau tempo - Portal Tela Portugal","og_description":"A C\u00e2mara da Marinha Grande comunicou \u00e0 CCDR Centro preju\u00edzos de 143 milh\u00f5es de euros, acima do valor inicial de 118 milh\u00f5es de euros apurado em levantamento preliminar. A depress\u00e3o Kristin, a 28 de janeiro, causou danos significativos em infraestruturas, equipamentos e \u00e1reas naturais do concelho. Do total, 132 milh\u00f5es de euros correspondem a danos em equipamentos e infraestruturas municipais, incluindo edif\u00edcios, vias, drenagem e espa\u00e7os desportivos e culturais; 1,13 milh\u00f5es de euros s\u00e3o preju\u00edzos nas juntas de freguesia; 10 milh\u00f5es de euros em organiza\u00e7\u00f5es sociais, associa\u00e7\u00f5es, coletividades e entidades religiosas. Ainda n\u00e3o foram contabilizados os preju\u00edzos do setor empresarial, que tamb\u00e9m sofreu perdas relevantes em equipamentos, mat\u00e9ria-prima, armaz\u00e9ns e paragens produtivas. A reconstru\u00e7\u00e3o ser\u00e1 exigente e requerer\u00e1 recursos e coordena\u00e7\u00e3o entre entidades locais, regionais e nacionais, com o objetivo de acelerar apoio e restabelecer condi\u00e7\u00f5es para fam\u00edlias, institui\u00e7\u00f5es e espa\u00e7o p\u00fablico.","og_url":"https:\/\/portaltela.pt\/noticias\/2026\/03\/12\/marinha-grande-eleva-os-prejuizos-para-143-milhoes-de-euros-devido-ao-mau-tempo\/","og_site_name":"Portal Tela Portugal","article_published_time":"2026-03-12T09:52:39+00:00","author":"Telinha","twitter_card":"summary_large_image","twitter_misc":{"Escrito por":"Telinha","Tempo estimado de leitura":"1 minuto"},"schema":{"@context":"https:\/\/schema.org","@graph":[{"@type":"Article","@id":"https:\/\/portaltela.pt\/noticias\/2026\/03\/12\/marinha-grande-eleva-os-prejuizos-para-143-milhoes-de-euros-devido-ao-mau-tempo\/#article","isPartOf":{"@id":"https:\/\/portaltela.pt\/noticias\/2026\/03\/12\/marinha-grande-eleva-os-prejuizos-para-143-milhoes-de-euros-devido-ao-mau-tempo\/"},"author":{"name":"Telinha","@id":"https:\/\/portaltela.pt\/#\/schema\/person\/c4278d4a6028830caff9ee44b42d32ed"},"headline":"Marinha Grande eleva os preju\u00edzos para 143 milh\u00f5es de euros devido ao mau tempo","datePublished":"2026-03-12T09:52:39+00:00","mainEntityOfPage":{"@id":"https:\/\/portaltela.pt\/noticias\/2026\/03\/12\/marinha-grande-eleva-os-prejuizos-para-143-milhoes-de-euros-devido-ao-mau-tempo\/"},"wordCount":271,"image":{"@id":"https:\/\/portaltela.pt\/noticias\/2026\/03\/12\/marinha-grande-eleva-os-prejuizos-para-143-milhoes-de-euros-devido-ao-mau-tempo\/#primaryimage"},"thumbnailUrl":"https:\/\/portaltela.pt\/s.01k8rhncp4jt1\/2026\/03\/img_1500x1000uu2026-02-08-09-19-57-2265524.jpg","keywords":["_economia","cat\u00e1strofes naturais","habita\u00e7\u00e3o social","infraestrutura","Leiria","preju\u00edzos"],"articleSection":["Not\u00edcias"],"inLanguage":"pt-PT"},{"@type":"WebPage","@id":"https:\/\/portaltela.pt\/noticias\/2026\/03\/12\/marinha-grande-eleva-os-prejuizos-para-143-milhoes-de-euros-devido-ao-mau-tempo\/","url":"https:\/\/portaltela.pt\/noticias\/2026\/03\/12\/marinha-grande-eleva-os-prejuizos-para-143-milhoes-de-euros-devido-ao-mau-tempo\/","name":"Marinha Grande eleva os preju\u00edzos para 143 milh\u00f5es de euros devido ao mau tempo - Portal Tela Portugal","isPartOf":{"@id":"https:\/\/portaltela.pt\/#website"},"primaryImageOfPage":{"@id":"https:\/\/portaltela.pt\/noticias\/2026\/03\/12\/marinha-grande-eleva-os-prejuizos-para-143-milhoes-de-euros-devido-ao-mau-tempo\/#primaryimage"},"image":{"@id":"https:\/\/portaltela.pt\/noticias\/2026\/03\/12\/marinha-grande-eleva-os-prejuizos-para-143-milhoes-de-euros-devido-ao-mau-tempo\/#primaryimage"},"thumbnailUrl":"https:\/\/portaltela.pt\/s.01k8rhncp4jt1\/2026\/03\/img_1500x1000uu2026-02-08-09-19-57-2265524.jpg","datePublished":"2026-03-12T09:52:39+00:00","author":{"@id":"https:\/\/portaltela.pt\/#\/schema\/person\/c4278d4a6028830caff9ee44b42d32ed"},"breadcrumb":{"@id":"https:\/\/portaltela.pt\/noticias\/2026\/03\/12\/marinha-grande-eleva-os-prejuizos-para-143-milhoes-de-euros-devido-ao-mau-tempo\/#breadcrumb"},"inLanguage":"pt-PT","potentialAction":[{"@type":"ReadAction","target":["https:\/\/portaltela.pt\/noticias\/2026\/03\/12\/marinha-grande-eleva-os-prejuizos-para-143-milhoes-de-euros-devido-ao-mau-tempo\/"]}]},{"@type":"ImageObject","inLanguage":"pt-PT","@id":"https:\/\/portaltela.pt\/noticias\/2026\/03\/12\/marinha-grande-eleva-os-prejuizos-para-143-milhoes-de-euros-devido-ao-mau-tempo\/#primaryimage","url":"https:\/\/portaltela.pt\/s.01k8rhncp4jt1\/2026\/03\/img_1500x1000uu2026-02-08-09-19-57-2265524.jpg","contentUrl":"https:\/\/portaltela.pt\/s.01k8rhncp4jt1\/2026\/03\/img_1500x1000uu2026-02-08-09-19-57-2265524.jpg","width":796,"height":448,"caption":"Estrada intransit\u00e1vel na Marinha Grande, junto \u00e0 Ponte das Mestras"},{"@type":"BreadcrumbList","@id":"https:\/\/portaltela.pt\/noticias\/2026\/03\/12\/marinha-grande-eleva-os-prejuizos-para-143-milhoes-de-euros-devido-ao-mau-tempo\/#breadcrumb","itemListElement":[{"@type":"ListItem","position":1,"name":"In\u00edcio","item":"https:\/\/portaltela.pt\/"},{"@type":"ListItem","position":2,"name":"Marinha Grande eleva os preju\u00edzos para 143 milh\u00f5es de euros devido ao mau tempo"}]},{"@type":"WebSite","@id":"https:\/\/portaltela.pt\/#website","url":"https:\/\/portaltela.pt\/","name":"Portal Tela Portugal","description":"","potentialAction":[{"@type":"SearchAction","target":{"@type":"EntryPoint","urlTemplate":"https:\/\/portaltela.pt\/?s={search_term_string}"},"query-input":{"@type":"PropertyValueSpecification","valueRequired":true,"valueName":"search_term_string"}}],"inLanguage":"pt-PT"},{"@type":"Person","@id":"https:\/\/portaltela.pt\/#\/schema\/person\/c4278d4a6028830caff9ee44b42d32ed","name":"Telinha","image":{"@type":"ImageObject","inLanguage":"pt-PT","@id":"https:\/\/portaltela.pt\/s.01k8rhncp4jt1\/2025\/11\/talking-bot-125x125.png","url":"https:\/\/portaltela.pt\/s.01k8rhncp4jt1\/2025\/11\/talking-bot-125x125.png","contentUrl":"https:\/\/portaltela.pt\/s.01k8rhncp4jt1\/2025\/11\/talking-bot-125x125.png","caption":"Telinha"},"sameAs":["https:\/\/portaltela.pt\/"],"url":"https:\/\/portaltela.pt\/por\/367410592786\/"}]}},"_links":{"self":[{"href":"https:\/\/portaltela.pt\/api\/wp\/v2\/posts\/407102","targetHints":{"allow":["GET"]}}],"collection":[{"href":"https:\/\/portaltela.pt\/api\/wp\/v2\/posts"}],"about":[{"href":"https:\/\/portaltela.pt\/api\/wp\/v2\/types\/post"}],"author":[{"embeddable":true,"href":"https:\/\/portaltela.pt\/api\/wp\/v2\/users\/2"}],"replies":[{"embeddable":true,"href":"https:\/\/portaltela.pt\/api\/wp\/v2\/comments?post=407102"}],"version-history":[{"count":0,"href":"https:\/\/portaltela.pt\/api\/wp\/v2\/posts\/407102\/revisions"}],"wp:featuredmedia":[{"embeddable":true,"href":"https:\/\/portaltela.pt\/api\/wp\/v2\/media\/407109"}],"wp:attachment":[{"href":"https:\/\/portaltela.pt\/api\/wp\/v2\/media?parent=407102"}],"wp:term":[{"taxonomy":"category","embeddable":true,"href":"https:\/\/portaltela.pt\/api\/wp\/v2\/categories?post=407102"},{"taxonomy":"post_tag","embeddable":true,"href":"https:\/\/portaltela.pt\/api\/wp\/v2\/tags?post=407102"}],"curies":[{"name":"wp","href":"https:\/\/api.w.org\/{rel}","templated":true}]}}