{"id":407101,"date":"2026-03-12T06:45:00","date_gmt":"2026-03-12T09:45:00","guid":{"rendered":"https:\/\/portaltela.pt\/noticias\/2026\/03\/12\/nuno-markl-regressa-a-radio-comercial-e-antecipa-um-dos-melhores-dias-do-ano\/"},"modified":"2026-03-12T06:45:00","modified_gmt":"2026-03-12T09:45:00","slug":"nuno-markl-regressa-a-radio-comercial-e-antecipa-um-dos-melhores-dias-do-ano","status":"publish","type":"post","link":"https:\/\/portaltela.pt\/entretenimento\/2026\/03\/12\/nuno-markl-regressa-a-radio-comercial-e-antecipa-um-dos-melhores-dias-do-ano\/","title":{"rendered":"Nuno Markl regressa \u00e0 R\u00e1dio Comercial e antecipa um dos melhores dias do ano"},"content":{"rendered":"<p>Nuno Markl regressou hoje \u00e0 R\u00e1dio Comercial, pela primeira vez desde 20 de novembro de 2025, data onde sofreu o primeiro de dois AVCs. A emiss\u00e3o coincide com o 47.\u00ba anivers\u00e1rio da esta\u00e7\u00e3o.<\/p>\n<p>Na abertura da rubrica O Homem Que Mordeu O C\u00e3o, o humorista apresentou um tom bem-humorado, anunciando que iria partilhar uma hist\u00f3ria que promete tornar-se um cl\u00e1ssico da rubrica.<\/p>\n<p>O regresso ocorreu numa fase de recupera\u00e7\u00e3o, com Markl ainda em processo de reabilita\u00e7\u00e3o. O comediante indicou que, apesar de os exames n\u00e3o terem afectado a fun\u00e7\u00e3o cognitiva, continua a controlar a sua condi\u00e7\u00e3o de sa\u00fade.<\/p>\n","protected":false},"excerpt":{"rendered":"<ul>\n<li>Nuno Markl regressou \u00e0 R\u00e1dio Comercial esta quinta-feira, pela primeira vez desde 20 de novembro de 2025.<\/li>\n<li>A volta ocorreu no dia em que a esta\u00e7\u00e3o celebra o seu 47\u00ba anivers\u00e1rio.<\/li>\n<li>Na abertura da rubrica \u201cO Homem Que Mordeu O C\u00e3o\u201d, o humorista brincou sobre a sua recupera\u00e7\u00e3o depois de dois AVCs.<\/li>\n<li>Markl referiu ter tido, em 20 de novembro de 2025, uma sorte de gripe \u201ctramada\u201d e que os exames mostraram que a cogni\u00e7\u00e3o n\u00e3o foi afetada.<\/li>\n<li>Comentou ainda que contou uma hist\u00f3ria que pode tornar-se num cl\u00e1ssico da rubrica, dizendo que a culpa, se correr mal, \u00e9 do AVC.<\/li>\n<\/ul>\n","protected":false},"author":2,"featured_media":407108,"comment_status":"closed","ping_status":"closed","sticky":false,"template":"","format":"standard","meta":{"footnotes":""},"categories":[6675,12],"tags":[6883,6598,6529,5661,172],"class_list":["post-407101","post","type-post","status-publish","format-standard","has-post-thumbnail","hentry","category-celebridades","category-entretenimento","tag-comediantes","tag-entretenimento","tag-humoristas","tag-pessoas-publicas","tag-saude"],"yoast_head":"<!-- This site is optimized with the Yoast SEO plugin v27.2 - https:\/\/yoast.com\/product\/yoast-seo-wordpress\/ -->\n<title>Nuno Markl regressa \u00e0 R\u00e1dio Comercial e antecipa um dos melhores dias do ano - Portal Tela Portugal<\/title>\n<meta name=\"robots\" content=\"index, follow, max-snippet:-1, max-image-preview:large, max-video-preview:-1\" \/>\n<meta property=\"og:locale\" content=\"pt_PT\" \/>\n<meta property=\"og:type\" content=\"article\" \/>\n<meta property=\"og:title\" content=\"Nuno Markl regressa \u00e0 R\u00e1dio Comercial e antecipa um dos melhores dias do ano - Portal Tela Portugal\" \/>\n<meta property=\"og:description\" content=\"Nuno Markl regressou \u00e0 R\u00e1dio Comercial esta quinta-feira, pela primeira vez desde 20 de novembro de 2025. A volta ocorreu no dia em que a esta\u00e7\u00e3o celebra o seu 47\u00ba anivers\u00e1rio. Na abertura da rubrica \u201cO Homem Que Mordeu O C\u00e3o\u201d, o humorista brincou sobre a sua recupera\u00e7\u00e3o depois de dois AVCs. Markl referiu ter tido, em 20 de novembro de 2025, uma sorte de gripe \u201ctramada\u201d e que os exames mostraram que a cogni\u00e7\u00e3o n\u00e3o foi afetada. Comentou ainda que contou uma hist\u00f3ria que pode tornar-se num cl\u00e1ssico da rubrica, dizendo que a culpa, se correr mal, \u00e9 do AVC.\" \/>\n<meta property=\"og:url\" content=\"https:\/\/portaltela.pt\/noticias\/2026\/03\/12\/nuno-markl-regressa-a-radio-comercial-e-antecipa-um-dos-melhores-dias-do-ano\/\" \/>\n<meta property=\"og:site_name\" content=\"Portal Tela Portugal\" \/>\n<meta property=\"article:published_time\" content=\"2026-03-12T09:45:00+00:00\" \/>\n<meta name=\"author\" content=\"Telinha\" \/>\n<meta name=\"twitter:card\" content=\"summary_large_image\" \/>\n<meta name=\"twitter:label1\" content=\"Escrito por\" \/>\n\t<meta name=\"twitter:data1\" content=\"Telinha\" \/>\n\t<meta name=\"twitter:label2\" content=\"Tempo estimado de leitura\" \/>\n\t<meta name=\"twitter:data2\" content=\"1 minuto\" \/>\n<script type=\"application\/ld+json\" class=\"yoast-schema-graph\">{\"@context\":\"https:\/\/schema.org\",\"@graph\":[{\"@type\":\"Article\",\"@id\":\"https:\/\/portaltela.pt\/noticias\/2026\/03\/12\/nuno-markl-regressa-a-radio-comercial-e-antecipa-um-dos-melhores-dias-do-ano\/#article\",\"isPartOf\":{\"@id\":\"https:\/\/portaltela.pt\/noticias\/2026\/03\/12\/nuno-markl-regressa-a-radio-comercial-e-antecipa-um-dos-melhores-dias-do-ano\/\"},\"author\":{\"name\":\"Telinha\",\"@id\":\"https:\/\/portaltela.pt\/#\/schema\/person\/c4278d4a6028830caff9ee44b42d32ed\"},\"headline\":\"Nuno Markl regressa \u00e0 R\u00e1dio Comercial e antecipa um dos melhores dias do ano\",\"datePublished\":\"2026-03-12T09:45:00+00:00\",\"mainEntityOfPage\":{\"@id\":\"https:\/\/portaltela.pt\/noticias\/2026\/03\/12\/nuno-markl-regressa-a-radio-comercial-e-antecipa-um-dos-melhores-dias-do-ano\/\"},\"wordCount\":121,\"image\":{\"@id\":\"https:\/\/portaltela.pt\/noticias\/2026\/03\/12\/nuno-markl-regressa-a-radio-comercial-e-antecipa-um-dos-melhores-dias-do-ano\/#primaryimage\"},\"thumbnailUrl\":\"https:\/\/portaltela.pt\/s.01k8rhncp4jt1\/2026\/03\/img_1200x721uu2026-03-12-09-39-39-2426394.jpg\",\"keywords\":[\"comediantes\",\"entretenimento\",\"humoristas\",\"pessoas p\u00fablicas\",\"sa\u00fade\"],\"articleSection\":[\"Celebridades\",\"Entretenimento\"],\"inLanguage\":\"pt-PT\"},{\"@type\":\"WebPage\",\"@id\":\"https:\/\/portaltela.pt\/noticias\/2026\/03\/12\/nuno-markl-regressa-a-radio-comercial-e-antecipa-um-dos-melhores-dias-do-ano\/\",\"url\":\"https:\/\/portaltela.pt\/noticias\/2026\/03\/12\/nuno-markl-regressa-a-radio-comercial-e-antecipa-um-dos-melhores-dias-do-ano\/\",\"name\":\"Nuno Markl regressa \u00e0 R\u00e1dio Comercial e antecipa um dos melhores dias do ano - Portal Tela Portugal\",\"isPartOf\":{\"@id\":\"https:\/\/portaltela.pt\/#website\"},\"primaryImageOfPage\":{\"@id\":\"https:\/\/portaltela.pt\/noticias\/2026\/03\/12\/nuno-markl-regressa-a-radio-comercial-e-antecipa-um-dos-melhores-dias-do-ano\/#primaryimage\"},\"image\":{\"@id\":\"https:\/\/portaltela.pt\/noticias\/2026\/03\/12\/nuno-markl-regressa-a-radio-comercial-e-antecipa-um-dos-melhores-dias-do-ano\/#primaryimage\"},\"thumbnailUrl\":\"https:\/\/portaltela.pt\/s.01k8rhncp4jt1\/2026\/03\/img_1200x721uu2026-03-12-09-39-39-2426394.jpg\",\"datePublished\":\"2026-03-12T09:45:00+00:00\",\"author\":{\"@id\":\"https:\/\/portaltela.pt\/#\/schema\/person\/c4278d4a6028830caff9ee44b42d32ed\"},\"breadcrumb\":{\"@id\":\"https:\/\/portaltela.pt\/noticias\/2026\/03\/12\/nuno-markl-regressa-a-radio-comercial-e-antecipa-um-dos-melhores-dias-do-ano\/#breadcrumb\"},\"inLanguage\":\"pt-PT\",\"potentialAction\":[{\"@type\":\"ReadAction\",\"target\":[\"https:\/\/portaltela.pt\/noticias\/2026\/03\/12\/nuno-markl-regressa-a-radio-comercial-e-antecipa-um-dos-melhores-dias-do-ano\/\"]}]},{\"@type\":\"ImageObject\",\"inLanguage\":\"pt-PT\",\"@id\":\"https:\/\/portaltela.pt\/noticias\/2026\/03\/12\/nuno-markl-regressa-a-radio-comercial-e-antecipa-um-dos-melhores-dias-do-ano\/#primaryimage\",\"url\":\"https:\/\/portaltela.pt\/s.01k8rhncp4jt1\/2026\/03\/img_1200x721uu2026-03-12-09-39-39-2426394.jpg\",\"contentUrl\":\"https:\/\/portaltela.pt\/s.01k8rhncp4jt1\/2026\/03\/img_1200x721uu2026-03-12-09-39-39-2426394.jpg\",\"width\":796,\"height\":448,\"caption\":\"Nuno Markl de volta \u00e0 R\u00e1dio Comercial\"},{\"@type\":\"BreadcrumbList\",\"@id\":\"https:\/\/portaltela.pt\/noticias\/2026\/03\/12\/nuno-markl-regressa-a-radio-comercial-e-antecipa-um-dos-melhores-dias-do-ano\/#breadcrumb\",\"itemListElement\":[{\"@type\":\"ListItem\",\"position\":1,\"name\":\"In\u00edcio\",\"item\":\"https:\/\/portaltela.pt\/\"},{\"@type\":\"ListItem\",\"position\":2,\"name\":\"Nuno Markl regressa \u00e0 R\u00e1dio Comercial e antecipa um dos melhores dias do ano\"}]},{\"@type\":\"WebSite\",\"@id\":\"https:\/\/portaltela.pt\/#website\",\"url\":\"https:\/\/portaltela.pt\/\",\"name\":\"Portal Tela Portugal\",\"description\":\"\",\"potentialAction\":[{\"@type\":\"SearchAction\",\"target\":{\"@type\":\"EntryPoint\",\"urlTemplate\":\"https:\/\/portaltela.pt\/?s={search_term_string}\"},\"query-input\":{\"@type\":\"PropertyValueSpecification\",\"valueRequired\":true,\"valueName\":\"search_term_string\"}}],\"inLanguage\":\"pt-PT\"},{\"@type\":\"Person\",\"@id\":\"https:\/\/portaltela.pt\/#\/schema\/person\/c4278d4a6028830caff9ee44b42d32ed\",\"name\":\"Telinha\",\"image\":{\"@type\":\"ImageObject\",\"inLanguage\":\"pt-PT\",\"@id\":\"https:\/\/portaltela.pt\/s.01k8rhncp4jt1\/2025\/11\/talking-bot-125x125.png\",\"url\":\"https:\/\/portaltela.pt\/s.01k8rhncp4jt1\/2025\/11\/talking-bot-125x125.png\",\"contentUrl\":\"https:\/\/portaltela.pt\/s.01k8rhncp4jt1\/2025\/11\/talking-bot-125x125.png\",\"caption\":\"Telinha\"},\"sameAs\":[\"https:\/\/portaltela.pt\/\"],\"url\":\"https:\/\/portaltela.pt\/por\/367410592786\/\"}]}<\/script>\n<!-- \/ Yoast SEO plugin. -->","yoast_head_json":{"title":"Nuno Markl regressa \u00e0 R\u00e1dio Comercial e antecipa um dos melhores dias do ano - Portal Tela Portugal","robots":{"index":"index","follow":"follow","max-snippet":"max-snippet:-1","max-image-preview":"max-image-preview:large","max-video-preview":"max-video-preview:-1"},"og_locale":"pt_PT","og_type":"article","og_title":"Nuno Markl regressa \u00e0 R\u00e1dio Comercial e antecipa um dos melhores dias do ano - Portal Tela Portugal","og_description":"Nuno Markl regressou \u00e0 R\u00e1dio Comercial esta quinta-feira, pela primeira vez desde 20 de novembro de 2025. A volta ocorreu no dia em que a esta\u00e7\u00e3o celebra o seu 47\u00ba anivers\u00e1rio. Na abertura da rubrica \u201cO Homem Que Mordeu O C\u00e3o\u201d, o humorista brincou sobre a sua recupera\u00e7\u00e3o depois de dois AVCs. Markl referiu ter tido, em 20 de novembro de 2025, uma sorte de gripe \u201ctramada\u201d e que os exames mostraram que a cogni\u00e7\u00e3o n\u00e3o foi afetada. Comentou ainda que contou uma hist\u00f3ria que pode tornar-se num cl\u00e1ssico da rubrica, dizendo que a culpa, se correr mal, \u00e9 do AVC.","og_url":"https:\/\/portaltela.pt\/noticias\/2026\/03\/12\/nuno-markl-regressa-a-radio-comercial-e-antecipa-um-dos-melhores-dias-do-ano\/","og_site_name":"Portal Tela Portugal","article_published_time":"2026-03-12T09:45:00+00:00","author":"Telinha","twitter_card":"summary_large_image","twitter_misc":{"Escrito por":"Telinha","Tempo estimado de leitura":"1 minuto"},"schema":{"@context":"https:\/\/schema.org","@graph":[{"@type":"Article","@id":"https:\/\/portaltela.pt\/noticias\/2026\/03\/12\/nuno-markl-regressa-a-radio-comercial-e-antecipa-um-dos-melhores-dias-do-ano\/#article","isPartOf":{"@id":"https:\/\/portaltela.pt\/noticias\/2026\/03\/12\/nuno-markl-regressa-a-radio-comercial-e-antecipa-um-dos-melhores-dias-do-ano\/"},"author":{"name":"Telinha","@id":"https:\/\/portaltela.pt\/#\/schema\/person\/c4278d4a6028830caff9ee44b42d32ed"},"headline":"Nuno Markl regressa \u00e0 R\u00e1dio Comercial e antecipa um dos melhores dias do ano","datePublished":"2026-03-12T09:45:00+00:00","mainEntityOfPage":{"@id":"https:\/\/portaltela.pt\/noticias\/2026\/03\/12\/nuno-markl-regressa-a-radio-comercial-e-antecipa-um-dos-melhores-dias-do-ano\/"},"wordCount":121,"image":{"@id":"https:\/\/portaltela.pt\/noticias\/2026\/03\/12\/nuno-markl-regressa-a-radio-comercial-e-antecipa-um-dos-melhores-dias-do-ano\/#primaryimage"},"thumbnailUrl":"https:\/\/portaltela.pt\/s.01k8rhncp4jt1\/2026\/03\/img_1200x721uu2026-03-12-09-39-39-2426394.jpg","keywords":["comediantes","entretenimento","humoristas","pessoas p\u00fablicas","sa\u00fade"],"articleSection":["Celebridades","Entretenimento"],"inLanguage":"pt-PT"},{"@type":"WebPage","@id":"https:\/\/portaltela.pt\/noticias\/2026\/03\/12\/nuno-markl-regressa-a-radio-comercial-e-antecipa-um-dos-melhores-dias-do-ano\/","url":"https:\/\/portaltela.pt\/noticias\/2026\/03\/12\/nuno-markl-regressa-a-radio-comercial-e-antecipa-um-dos-melhores-dias-do-ano\/","name":"Nuno Markl regressa \u00e0 R\u00e1dio Comercial e antecipa um dos melhores dias do ano - Portal Tela Portugal","isPartOf":{"@id":"https:\/\/portaltela.pt\/#website"},"primaryImageOfPage":{"@id":"https:\/\/portaltela.pt\/noticias\/2026\/03\/12\/nuno-markl-regressa-a-radio-comercial-e-antecipa-um-dos-melhores-dias-do-ano\/#primaryimage"},"image":{"@id":"https:\/\/portaltela.pt\/noticias\/2026\/03\/12\/nuno-markl-regressa-a-radio-comercial-e-antecipa-um-dos-melhores-dias-do-ano\/#primaryimage"},"thumbnailUrl":"https:\/\/portaltela.pt\/s.01k8rhncp4jt1\/2026\/03\/img_1200x721uu2026-03-12-09-39-39-2426394.jpg","datePublished":"2026-03-12T09:45:00+00:00","author":{"@id":"https:\/\/portaltela.pt\/#\/schema\/person\/c4278d4a6028830caff9ee44b42d32ed"},"breadcrumb":{"@id":"https:\/\/portaltela.pt\/noticias\/2026\/03\/12\/nuno-markl-regressa-a-radio-comercial-e-antecipa-um-dos-melhores-dias-do-ano\/#breadcrumb"},"inLanguage":"pt-PT","potentialAction":[{"@type":"ReadAction","target":["https:\/\/portaltela.pt\/noticias\/2026\/03\/12\/nuno-markl-regressa-a-radio-comercial-e-antecipa-um-dos-melhores-dias-do-ano\/"]}]},{"@type":"ImageObject","inLanguage":"pt-PT","@id":"https:\/\/portaltela.pt\/noticias\/2026\/03\/12\/nuno-markl-regressa-a-radio-comercial-e-antecipa-um-dos-melhores-dias-do-ano\/#primaryimage","url":"https:\/\/portaltela.pt\/s.01k8rhncp4jt1\/2026\/03\/img_1200x721uu2026-03-12-09-39-39-2426394.jpg","contentUrl":"https:\/\/portaltela.pt\/s.01k8rhncp4jt1\/2026\/03\/img_1200x721uu2026-03-12-09-39-39-2426394.jpg","width":796,"height":448,"caption":"Nuno Markl de volta \u00e0 R\u00e1dio Comercial"},{"@type":"BreadcrumbList","@id":"https:\/\/portaltela.pt\/noticias\/2026\/03\/12\/nuno-markl-regressa-a-radio-comercial-e-antecipa-um-dos-melhores-dias-do-ano\/#breadcrumb","itemListElement":[{"@type":"ListItem","position":1,"name":"In\u00edcio","item":"https:\/\/portaltela.pt\/"},{"@type":"ListItem","position":2,"name":"Nuno Markl regressa \u00e0 R\u00e1dio Comercial e antecipa um dos melhores dias do ano"}]},{"@type":"WebSite","@id":"https:\/\/portaltela.pt\/#website","url":"https:\/\/portaltela.pt\/","name":"Portal Tela Portugal","description":"","potentialAction":[{"@type":"SearchAction","target":{"@type":"EntryPoint","urlTemplate":"https:\/\/portaltela.pt\/?s={search_term_string}"},"query-input":{"@type":"PropertyValueSpecification","valueRequired":true,"valueName":"search_term_string"}}],"inLanguage":"pt-PT"},{"@type":"Person","@id":"https:\/\/portaltela.pt\/#\/schema\/person\/c4278d4a6028830caff9ee44b42d32ed","name":"Telinha","image":{"@type":"ImageObject","inLanguage":"pt-PT","@id":"https:\/\/portaltela.pt\/s.01k8rhncp4jt1\/2025\/11\/talking-bot-125x125.png","url":"https:\/\/portaltela.pt\/s.01k8rhncp4jt1\/2025\/11\/talking-bot-125x125.png","contentUrl":"https:\/\/portaltela.pt\/s.01k8rhncp4jt1\/2025\/11\/talking-bot-125x125.png","caption":"Telinha"},"sameAs":["https:\/\/portaltela.pt\/"],"url":"https:\/\/portaltela.pt\/por\/367410592786\/"}]}},"_links":{"self":[{"href":"https:\/\/portaltela.pt\/api\/wp\/v2\/posts\/407101","targetHints":{"allow":["GET"]}}],"collection":[{"href":"https:\/\/portaltela.pt\/api\/wp\/v2\/posts"}],"about":[{"href":"https:\/\/portaltela.pt\/api\/wp\/v2\/types\/post"}],"author":[{"embeddable":true,"href":"https:\/\/portaltela.pt\/api\/wp\/v2\/users\/2"}],"replies":[{"embeddable":true,"href":"https:\/\/portaltela.pt\/api\/wp\/v2\/comments?post=407101"}],"version-history":[{"count":0,"href":"https:\/\/portaltela.pt\/api\/wp\/v2\/posts\/407101\/revisions"}],"wp:featuredmedia":[{"embeddable":true,"href":"https:\/\/portaltela.pt\/api\/wp\/v2\/media\/407108"}],"wp:attachment":[{"href":"https:\/\/portaltela.pt\/api\/wp\/v2\/media?parent=407101"}],"wp:term":[{"taxonomy":"category","embeddable":true,"href":"https:\/\/portaltela.pt\/api\/wp\/v2\/categories?post=407101"},{"taxonomy":"post_tag","embeddable":true,"href":"https:\/\/portaltela.pt\/api\/wp\/v2\/tags?post=407101"}],"curies":[{"name":"wp","href":"https:\/\/api.w.org\/{rel}","templated":true}]}}