{"id":407085,"date":"2026-03-12T05:00:00","date_gmt":"2026-03-12T08:00:00","guid":{"rendered":"https:\/\/portaltela.pt\/noticias\/2026\/03\/12\/emprego-jovem-em-foco-autoridades-nao-comentam\/"},"modified":"2026-03-12T05:00:00","modified_gmt":"2026-03-12T08:00:00","slug":"emprego-jovem-em-foco-autoridades-nao-comentam","status":"publish","type":"post","link":"https:\/\/portaltela.pt\/noticias\/economia\/2026\/03\/12\/emprego-jovem-em-foco-autoridades-nao-comentam\/","title":{"rendered":"Emprego jovem em foco: autoridades n\u00e3o comentam"},"content":{"rendered":"<p>Nos \u00faltimos anos, a entrada de jovens qualificados nas \u00e1reas em que se formaram tornou-se uma corrida com obst\u00e1culos. O desafio n\u00e3o est\u00e1 apenas no talento, mas no acesso a empregos que correspondam \u00e0s qualifica\u00e7\u00f5es.<\/p>\n<p>Em Portugal, a ideia de pleno emprego \u00e9 tema de debate, mas a realidade \u00e9 mais complexa. Muitos jovens concluem o ensino superior e confrontam um mercado que n\u00e3o garante v\u00ednculos est\u00e1veis desde o in\u00edcio da carreira.<\/p>\n<p>Segundo o INE, a taxa de desemprego jovem (menos de 25 anos) situou-se em 21,9% em 2025, acima de 20% desde 2018. Milhares continuam sem ocupa\u00e7\u00e3o, num universo superior a 380 mil.<\/p>\n<p>De acordo com a Pordata, mais de 73 mil jovens estavam desempregados em 2025, com desemprego que persiste ap\u00f3s um ano (18,2% em 2024). Apenas 11,1% dos jovens abaixo dos 25 estavam inscritos no IEFP em 2024.<\/p>\n<p>Olhando para os estagi\u00e1rios, o IEFP tem mostrado que os est\u00e1gios ajudam a entrada no mercado, mas n\u00e3o asseguram contratos a longo prazo. Entre 2021 e 2024, apenas 55% dos est\u00e1gios resultaram em v\u00ednculo est\u00e1vel.<\/p>\n<p>Em debates p\u00fablicos e redes sociais, muitos diplomas n\u00e3o se traduzem imediatamente em oportunidades de trabalho qualificado. Hist\u00f3rias de jovens que aceitam empregos fora da \u00e1rea ilustram a dificuldade atual.<\/p>\n<p>Caso ilustrativo: Ana, 24 anos, licenciada em Marketing e mestre em Gest\u00e3o, passou seis meses \u00e0 procura de emprego na sua \u00e1rea. Aceitou um posto com requisitos m\u00ednimos de secund\u00e1rio.<\/p>\n<p>Este cen\u00e1rio alimenta d\u00favidas sobre o impacto real da forma\u00e7\u00e3o superior no mercado de trabalho. O custo de vida elevado, investimento cauteloso e resist\u00eancia de parte do tecido empresarial refor\u00e7am a complexidade.<\/p>\n<p>Perante este quadro, surgem perguntas sobre reformas laborais e pol\u00edticas de integra\u00e7\u00e3o. A meta \u00e9 reduzir a dist\u00e2ncia entre qualifica\u00e7\u00e3o e oportunidade, mantendo o talento jovem em Portugal.<\/p>\n<h3>Contexto econ\u00f3mico e pol\u00edticas<\/h3>\n<p>A valoriza\u00e7\u00e3o do talento jovem continua a ser tema central para o desenvolvimento do pa\u00eds. A necessidade de respostas pragm\u00e1ticas contrasta com relatos de precariedade no in\u00edcio de carreira.<\/p>\n<h3>Casos e perspetivas<\/h3>\n<p>As experi\u00eancias de est\u00e1gios, caminhos de carreira e escolhas profissionais evidenciam a diversidade de realidades entre diplomados. O desafio permanece: como ligar curr\u00edculo a oportunidade est\u00e1vel?<\/p>\n","protected":false},"excerpt":{"rendered":"<ul>\n<li>Nos \u00faltimos anos, a entrada de jovens altamente qualificados no mercado de trabalho tornou-se mais desafiadora, com a taxa de desemprego jovem (menos de 25 anos) em 2025 a 21,9% e mais de 73 mil jovens desempregados num universo de cerca de 380 mil ativos.<\/li>\n<li>Em 2024, ap\u00f3s um ano de desemprego, a taxa jovem mantinha-se em 18,2%, e apenas 11,1% dos jovens com menos de 25 anos estavam inscritos no IEFP nesse ano.<\/li>\n<li>Entre 2021 e 2024, apenas 55% dos est\u00e1gios do IEFP resultaram em contrato de trabalho, o que aponta para precariedade no in\u00edcio de carreira.<\/li>\n<li>Muitos jovens aceitam empregos fora da \u00e1rea de forma\u00e7\u00e3o ou em condi\u00e7\u00f5es de precariedade, refletindo a perce\u00e7\u00e3o de falta de oportunidades qualificadas e o debate sobre o chamado pleno emprego.<\/li>\n<li>O contexto econ\u00f3mico atual, com custo de vida elevado, investimento internacional contido e resist\u00eancia de parte do tecido empresarial em contratar jovens, complica a integra\u00e7\u00e3o de quadros jovens e exige pol\u00edticas concretas.<\/li>\n<\/ul>\n","protected":false},"author":2,"featured_media":407092,"comment_status":"closed","ping_status":"closed","sticky":false,"template":"","format":"standard","meta":{"footnotes":""},"categories":[2,1],"tags":[820,28,163,4352,2844,2201],"class_list":["post-407085","post","type-post","status-publish","format-standard","has-post-thumbnail","hentry","category-economia","category-noticias","tag-desemprego","tag-economia","tag-educacao","tag-iefp","tag-jovens","tag-trabalho"],"yoast_head":"<!-- This site is optimized with the Yoast SEO plugin v27.2 - https:\/\/yoast.com\/product\/yoast-seo-wordpress\/ -->\n<title>Emprego jovem em foco: autoridades n\u00e3o comentam - Portal Tela Portugal<\/title>\n<meta name=\"robots\" content=\"index, follow, max-snippet:-1, max-image-preview:large, max-video-preview:-1\" \/>\n<meta property=\"og:locale\" content=\"pt_PT\" \/>\n<meta property=\"og:type\" content=\"article\" \/>\n<meta property=\"og:title\" content=\"Emprego jovem em foco: autoridades n\u00e3o comentam - Portal Tela Portugal\" \/>\n<meta property=\"og:description\" content=\"Nos \u00faltimos anos, a entrada de jovens altamente qualificados no mercado de trabalho tornou-se mais desafiadora, com a taxa de desemprego jovem (menos de 25 anos) em 2025 a 21,9% e mais de 73 mil jovens desempregados num universo de cerca de 380 mil ativos. Em 2024, ap\u00f3s um ano de desemprego, a taxa jovem mantinha-se em 18,2%, e apenas 11,1% dos jovens com menos de 25 anos estavam inscritos no IEFP nesse ano. Entre 2021 e 2024, apenas 55% dos est\u00e1gios do IEFP resultaram em contrato de trabalho, o que aponta para precariedade no in\u00edcio de carreira. Muitos jovens aceitam empregos fora da \u00e1rea de forma\u00e7\u00e3o ou em condi\u00e7\u00f5es de precariedade, refletindo a perce\u00e7\u00e3o de falta de oportunidades qualificadas e o debate sobre o chamado pleno emprego. O contexto econ\u00f3mico atual, com custo de vida elevado, investimento internacional contido e resist\u00eancia de parte do tecido empresarial em contratar jovens, complica a integra\u00e7\u00e3o de quadros jovens e exige pol\u00edticas concretas.\" \/>\n<meta property=\"og:url\" content=\"https:\/\/portaltela.pt\/noticias\/2026\/03\/12\/emprego-jovem-em-foco-autoridades-nao-comentam\/\" \/>\n<meta property=\"og:site_name\" content=\"Portal Tela Portugal\" \/>\n<meta property=\"article:published_time\" content=\"2026-03-12T08:00:00+00:00\" \/>\n<meta name=\"author\" content=\"Telinha\" \/>\n<meta name=\"twitter:card\" content=\"summary_large_image\" \/>\n<meta name=\"twitter:label1\" content=\"Escrito por\" \/>\n\t<meta name=\"twitter:data1\" content=\"Telinha\" \/>\n\t<meta name=\"twitter:label2\" content=\"Tempo estimado de leitura\" \/>\n\t<meta name=\"twitter:data2\" content=\"2 minutos\" \/>\n<script type=\"application\/ld+json\" class=\"yoast-schema-graph\">{\"@context\":\"https:\/\/schema.org\",\"@graph\":[{\"@type\":\"Article\",\"@id\":\"https:\/\/portaltela.pt\/noticias\/2026\/03\/12\/emprego-jovem-em-foco-autoridades-nao-comentam\/#article\",\"isPartOf\":{\"@id\":\"https:\/\/portaltela.pt\/noticias\/2026\/03\/12\/emprego-jovem-em-foco-autoridades-nao-comentam\/\"},\"author\":{\"name\":\"Telinha\",\"@id\":\"https:\/\/portaltela.pt\/#\/schema\/person\/c4278d4a6028830caff9ee44b42d32ed\"},\"headline\":\"Emprego jovem em foco: autoridades n\u00e3o comentam\",\"datePublished\":\"2026-03-12T08:00:00+00:00\",\"mainEntityOfPage\":{\"@id\":\"https:\/\/portaltela.pt\/noticias\/2026\/03\/12\/emprego-jovem-em-foco-autoridades-nao-comentam\/\"},\"wordCount\":385,\"image\":{\"@id\":\"https:\/\/portaltela.pt\/noticias\/2026\/03\/12\/emprego-jovem-em-foco-autoridades-nao-comentam\/#primaryimage\"},\"thumbnailUrl\":\"https:\/\/portaltela.pt\/s.01k8rhncp4jt1\/2026\/03\/2073384.jpg\",\"keywords\":[\"desemprego\",\"economia\",\"educa\u00e7\u00e3o\",\"IEFP\",\"jovens\",\"trabalho\"],\"articleSection\":[\"Economia\",\"Not\u00edcias\"],\"inLanguage\":\"pt-PT\"},{\"@type\":\"WebPage\",\"@id\":\"https:\/\/portaltela.pt\/noticias\/2026\/03\/12\/emprego-jovem-em-foco-autoridades-nao-comentam\/\",\"url\":\"https:\/\/portaltela.pt\/noticias\/2026\/03\/12\/emprego-jovem-em-foco-autoridades-nao-comentam\/\",\"name\":\"Emprego jovem em foco: autoridades n\u00e3o comentam - Portal Tela Portugal\",\"isPartOf\":{\"@id\":\"https:\/\/portaltela.pt\/#website\"},\"primaryImageOfPage\":{\"@id\":\"https:\/\/portaltela.pt\/noticias\/2026\/03\/12\/emprego-jovem-em-foco-autoridades-nao-comentam\/#primaryimage\"},\"image\":{\"@id\":\"https:\/\/portaltela.pt\/noticias\/2026\/03\/12\/emprego-jovem-em-foco-autoridades-nao-comentam\/#primaryimage\"},\"thumbnailUrl\":\"https:\/\/portaltela.pt\/s.01k8rhncp4jt1\/2026\/03\/2073384.jpg\",\"datePublished\":\"2026-03-12T08:00:00+00:00\",\"author\":{\"@id\":\"https:\/\/portaltela.pt\/#\/schema\/person\/c4278d4a6028830caff9ee44b42d32ed\"},\"breadcrumb\":{\"@id\":\"https:\/\/portaltela.pt\/noticias\/2026\/03\/12\/emprego-jovem-em-foco-autoridades-nao-comentam\/#breadcrumb\"},\"inLanguage\":\"pt-PT\",\"potentialAction\":[{\"@type\":\"ReadAction\",\"target\":[\"https:\/\/portaltela.pt\/noticias\/2026\/03\/12\/emprego-jovem-em-foco-autoridades-nao-comentam\/\"]}]},{\"@type\":\"ImageObject\",\"inLanguage\":\"pt-PT\",\"@id\":\"https:\/\/portaltela.pt\/noticias\/2026\/03\/12\/emprego-jovem-em-foco-autoridades-nao-comentam\/#primaryimage\",\"url\":\"https:\/\/portaltela.pt\/s.01k8rhncp4jt1\/2026\/03\/2073384.jpg\",\"contentUrl\":\"https:\/\/portaltela.pt\/s.01k8rhncp4jt1\/2026\/03\/2073384.jpg\",\"width\":796,\"height\":448,\"caption\":\"Pode haver emprego, mas n\u00e3o necessariamente emprego qualificado\"},{\"@type\":\"BreadcrumbList\",\"@id\":\"https:\/\/portaltela.pt\/noticias\/2026\/03\/12\/emprego-jovem-em-foco-autoridades-nao-comentam\/#breadcrumb\",\"itemListElement\":[{\"@type\":\"ListItem\",\"position\":1,\"name\":\"In\u00edcio\",\"item\":\"https:\/\/portaltela.pt\/\"},{\"@type\":\"ListItem\",\"position\":2,\"name\":\"Emprego jovem em foco: autoridades n\u00e3o comentam\"}]},{\"@type\":\"WebSite\",\"@id\":\"https:\/\/portaltela.pt\/#website\",\"url\":\"https:\/\/portaltela.pt\/\",\"name\":\"Portal Tela Portugal\",\"description\":\"\",\"potentialAction\":[{\"@type\":\"SearchAction\",\"target\":{\"@type\":\"EntryPoint\",\"urlTemplate\":\"https:\/\/portaltela.pt\/?s={search_term_string}\"},\"query-input\":{\"@type\":\"PropertyValueSpecification\",\"valueRequired\":true,\"valueName\":\"search_term_string\"}}],\"inLanguage\":\"pt-PT\"},{\"@type\":\"Person\",\"@id\":\"https:\/\/portaltela.pt\/#\/schema\/person\/c4278d4a6028830caff9ee44b42d32ed\",\"name\":\"Telinha\",\"image\":{\"@type\":\"ImageObject\",\"inLanguage\":\"pt-PT\",\"@id\":\"https:\/\/portaltela.pt\/s.01k8rhncp4jt1\/2025\/11\/talking-bot-125x125.png\",\"url\":\"https:\/\/portaltela.pt\/s.01k8rhncp4jt1\/2025\/11\/talking-bot-125x125.png\",\"contentUrl\":\"https:\/\/portaltela.pt\/s.01k8rhncp4jt1\/2025\/11\/talking-bot-125x125.png\",\"caption\":\"Telinha\"},\"sameAs\":[\"https:\/\/portaltela.pt\/\"],\"url\":\"https:\/\/portaltela.pt\/por\/367410592786\/\"}]}<\/script>\n<!-- \/ Yoast SEO plugin. -->","yoast_head_json":{"title":"Emprego jovem em foco: autoridades n\u00e3o comentam - Portal Tela Portugal","robots":{"index":"index","follow":"follow","max-snippet":"max-snippet:-1","max-image-preview":"max-image-preview:large","max-video-preview":"max-video-preview:-1"},"og_locale":"pt_PT","og_type":"article","og_title":"Emprego jovem em foco: autoridades n\u00e3o comentam - Portal Tela Portugal","og_description":"Nos \u00faltimos anos, a entrada de jovens altamente qualificados no mercado de trabalho tornou-se mais desafiadora, com a taxa de desemprego jovem (menos de 25 anos) em 2025 a 21,9% e mais de 73 mil jovens desempregados num universo de cerca de 380 mil ativos. Em 2024, ap\u00f3s um ano de desemprego, a taxa jovem mantinha-se em 18,2%, e apenas 11,1% dos jovens com menos de 25 anos estavam inscritos no IEFP nesse ano. Entre 2021 e 2024, apenas 55% dos est\u00e1gios do IEFP resultaram em contrato de trabalho, o que aponta para precariedade no in\u00edcio de carreira. Muitos jovens aceitam empregos fora da \u00e1rea de forma\u00e7\u00e3o ou em condi\u00e7\u00f5es de precariedade, refletindo a perce\u00e7\u00e3o de falta de oportunidades qualificadas e o debate sobre o chamado pleno emprego. O contexto econ\u00f3mico atual, com custo de vida elevado, investimento internacional contido e resist\u00eancia de parte do tecido empresarial em contratar jovens, complica a integra\u00e7\u00e3o de quadros jovens e exige pol\u00edticas concretas.","og_url":"https:\/\/portaltela.pt\/noticias\/2026\/03\/12\/emprego-jovem-em-foco-autoridades-nao-comentam\/","og_site_name":"Portal Tela Portugal","article_published_time":"2026-03-12T08:00:00+00:00","author":"Telinha","twitter_card":"summary_large_image","twitter_misc":{"Escrito por":"Telinha","Tempo estimado de leitura":"2 minutos"},"schema":{"@context":"https:\/\/schema.org","@graph":[{"@type":"Article","@id":"https:\/\/portaltela.pt\/noticias\/2026\/03\/12\/emprego-jovem-em-foco-autoridades-nao-comentam\/#article","isPartOf":{"@id":"https:\/\/portaltela.pt\/noticias\/2026\/03\/12\/emprego-jovem-em-foco-autoridades-nao-comentam\/"},"author":{"name":"Telinha","@id":"https:\/\/portaltela.pt\/#\/schema\/person\/c4278d4a6028830caff9ee44b42d32ed"},"headline":"Emprego jovem em foco: autoridades n\u00e3o comentam","datePublished":"2026-03-12T08:00:00+00:00","mainEntityOfPage":{"@id":"https:\/\/portaltela.pt\/noticias\/2026\/03\/12\/emprego-jovem-em-foco-autoridades-nao-comentam\/"},"wordCount":385,"image":{"@id":"https:\/\/portaltela.pt\/noticias\/2026\/03\/12\/emprego-jovem-em-foco-autoridades-nao-comentam\/#primaryimage"},"thumbnailUrl":"https:\/\/portaltela.pt\/s.01k8rhncp4jt1\/2026\/03\/2073384.jpg","keywords":["desemprego","economia","educa\u00e7\u00e3o","IEFP","jovens","trabalho"],"articleSection":["Economia","Not\u00edcias"],"inLanguage":"pt-PT"},{"@type":"WebPage","@id":"https:\/\/portaltela.pt\/noticias\/2026\/03\/12\/emprego-jovem-em-foco-autoridades-nao-comentam\/","url":"https:\/\/portaltela.pt\/noticias\/2026\/03\/12\/emprego-jovem-em-foco-autoridades-nao-comentam\/","name":"Emprego jovem em foco: autoridades n\u00e3o comentam - Portal Tela Portugal","isPartOf":{"@id":"https:\/\/portaltela.pt\/#website"},"primaryImageOfPage":{"@id":"https:\/\/portaltela.pt\/noticias\/2026\/03\/12\/emprego-jovem-em-foco-autoridades-nao-comentam\/#primaryimage"},"image":{"@id":"https:\/\/portaltela.pt\/noticias\/2026\/03\/12\/emprego-jovem-em-foco-autoridades-nao-comentam\/#primaryimage"},"thumbnailUrl":"https:\/\/portaltela.pt\/s.01k8rhncp4jt1\/2026\/03\/2073384.jpg","datePublished":"2026-03-12T08:00:00+00:00","author":{"@id":"https:\/\/portaltela.pt\/#\/schema\/person\/c4278d4a6028830caff9ee44b42d32ed"},"breadcrumb":{"@id":"https:\/\/portaltela.pt\/noticias\/2026\/03\/12\/emprego-jovem-em-foco-autoridades-nao-comentam\/#breadcrumb"},"inLanguage":"pt-PT","potentialAction":[{"@type":"ReadAction","target":["https:\/\/portaltela.pt\/noticias\/2026\/03\/12\/emprego-jovem-em-foco-autoridades-nao-comentam\/"]}]},{"@type":"ImageObject","inLanguage":"pt-PT","@id":"https:\/\/portaltela.pt\/noticias\/2026\/03\/12\/emprego-jovem-em-foco-autoridades-nao-comentam\/#primaryimage","url":"https:\/\/portaltela.pt\/s.01k8rhncp4jt1\/2026\/03\/2073384.jpg","contentUrl":"https:\/\/portaltela.pt\/s.01k8rhncp4jt1\/2026\/03\/2073384.jpg","width":796,"height":448,"caption":"Pode haver emprego, mas n\u00e3o necessariamente emprego qualificado"},{"@type":"BreadcrumbList","@id":"https:\/\/portaltela.pt\/noticias\/2026\/03\/12\/emprego-jovem-em-foco-autoridades-nao-comentam\/#breadcrumb","itemListElement":[{"@type":"ListItem","position":1,"name":"In\u00edcio","item":"https:\/\/portaltela.pt\/"},{"@type":"ListItem","position":2,"name":"Emprego jovem em foco: autoridades n\u00e3o comentam"}]},{"@type":"WebSite","@id":"https:\/\/portaltela.pt\/#website","url":"https:\/\/portaltela.pt\/","name":"Portal Tela Portugal","description":"","potentialAction":[{"@type":"SearchAction","target":{"@type":"EntryPoint","urlTemplate":"https:\/\/portaltela.pt\/?s={search_term_string}"},"query-input":{"@type":"PropertyValueSpecification","valueRequired":true,"valueName":"search_term_string"}}],"inLanguage":"pt-PT"},{"@type":"Person","@id":"https:\/\/portaltela.pt\/#\/schema\/person\/c4278d4a6028830caff9ee44b42d32ed","name":"Telinha","image":{"@type":"ImageObject","inLanguage":"pt-PT","@id":"https:\/\/portaltela.pt\/s.01k8rhncp4jt1\/2025\/11\/talking-bot-125x125.png","url":"https:\/\/portaltela.pt\/s.01k8rhncp4jt1\/2025\/11\/talking-bot-125x125.png","contentUrl":"https:\/\/portaltela.pt\/s.01k8rhncp4jt1\/2025\/11\/talking-bot-125x125.png","caption":"Telinha"},"sameAs":["https:\/\/portaltela.pt\/"],"url":"https:\/\/portaltela.pt\/por\/367410592786\/"}]}},"_links":{"self":[{"href":"https:\/\/portaltela.pt\/api\/wp\/v2\/posts\/407085","targetHints":{"allow":["GET"]}}],"collection":[{"href":"https:\/\/portaltela.pt\/api\/wp\/v2\/posts"}],"about":[{"href":"https:\/\/portaltela.pt\/api\/wp\/v2\/types\/post"}],"author":[{"embeddable":true,"href":"https:\/\/portaltela.pt\/api\/wp\/v2\/users\/2"}],"replies":[{"embeddable":true,"href":"https:\/\/portaltela.pt\/api\/wp\/v2\/comments?post=407085"}],"version-history":[{"count":0,"href":"https:\/\/portaltela.pt\/api\/wp\/v2\/posts\/407085\/revisions"}],"wp:featuredmedia":[{"embeddable":true,"href":"https:\/\/portaltela.pt\/api\/wp\/v2\/media\/407092"}],"wp:attachment":[{"href":"https:\/\/portaltela.pt\/api\/wp\/v2\/media?parent=407085"}],"wp:term":[{"taxonomy":"category","embeddable":true,"href":"https:\/\/portaltela.pt\/api\/wp\/v2\/categories?post=407085"},{"taxonomy":"post_tag","embeddable":true,"href":"https:\/\/portaltela.pt\/api\/wp\/v2\/tags?post=407085"}],"curies":[{"name":"wp","href":"https:\/\/api.w.org\/{rel}","templated":true}]}}