{"id":407035,"date":"2026-03-12T06:17:04","date_gmt":"2026-03-12T09:17:04","guid":{"rendered":"https:\/\/portaltela.pt\/noticias\/2026\/03\/12\/lucros-da-bmw-caem-115-para-minimo-desde-pandemia-com-tarifas-e-queda-na-china\/"},"modified":"2026-03-12T06:17:04","modified_gmt":"2026-03-12T09:17:04","slug":"lucros-da-bmw-caem-115-para-minimo-desde-pandemia-com-tarifas-e-queda-na-china","status":"publish","type":"post","link":"https:\/\/portaltela.pt\/noticias\/economia\/2026\/03\/12\/lucros-da-bmw-caem-115-para-minimo-desde-pandemia-com-tarifas-e-queda-na-china\/","title":{"rendered":"Lucros da BMW caem 11,5% para m\u00ednimo desde pandemia com tarifas e queda na China"},"content":{"rendered":"<p>A BMW revelou resultados de 2025 que mostram um recuo significativo no lucro operacional, atingindo 10,2 mil milh\u00f5es de euros, o nivel mais baixo desde a pandemia. Tarifas comerciais e uma quebra nas vendas na China pesaram sobre a margem do autom\u00f3vel.<\/p>\n<p>O grupo registou um EBIT 11,5% inferior ao ano anterior, e o lucro l\u00edquido caiu para 7,5 mil milh\u00f5es de euros. A fatura\u00e7\u00e3o ficou em cerca de 133,5 mil milh\u00f5es, com uma descida de 6,3%. O segmento autom\u00f3vel teve margem de 5,3%.<\/p>\n<p>A reviravolta foi impulsionada pelas tarifas, que reduziram margens em cerca de 1,5 p.p., incluindo direitos de importa\u00e7\u00e3o e taxas sobre ve\u00edculos el\u00e9tricos fabricados na China que afetam a marca Mini. A administra\u00e7\u00e3o aponta o peso dessas tarifas como principal fator.<\/p>\n<h3>Desempenho por regi\u00e3o e modelo<\/h3>\n<p>Apesar dos retos, a BMW entregou cerca de 2,46 milh\u00f5es de ve\u00edculos em todo o mundo, mais 0,5% face a 2024. A Europa superou o milh\u00e3o de unidades, pela primeira vez desde antes da pandemia, e a Am\u00e9rica do Norte cresceu cerca de 5%.<\/p>\n<p>Na China, o maior mercado, as vendas recuaram mais de 12%, em meio \u00e0 concorr\u00eancia intensa de fabricantes locais. A eletrifica\u00e7\u00e3o manteve-se como motor de crescimento, com mais de 640 mil ve\u00edculos eletrificados globalmente, 26% do total. Modelos 100% el\u00e9tricos somaram 18%.<\/p>\n<p>No \u00e2mbito tecnol\u00f3gico, a Neue Klasse surge como pilar estrat\u00e9gico para acelerar a mobilidade el\u00e9trica, com o BMW iX3 j\u00e1 lan\u00e7ado. A empresa destaca que a plataforma integrar\u00e1 novas tecnologias em toda a gama.<\/p>\n<h3>Perspetivas para 2026<\/h3>\n<p>A BMW prev\u00ea margem EBIT autom\u00f3vel entre 4% e 6% em 2026, com as tarifas a retirar cerca de 1,25 p.p. \u00e0s margens. Espera-se ainda uma queda moderada nos resultados antes de impostos do grupo. A administra\u00e7\u00e3o mant\u00e9m uma vis\u00e3o cautelosa, mas est\u00e1 confiante no caminho de longo prazo.<\/p>\n","protected":false},"excerpt":{"rendered":"<ul>\n<li>O lucro operacional (EBIT) da BMW em 2025 caiu 11,5%, para 10,2 mil milh\u00f5es de euros, o n\u00edvel mais baixo desde a pandemia de Covid.<\/li>\n<li>O lucro l\u00edquido diminuiu cerca de 3%, para 7,5 mil milh\u00f5es de euros, enquanto o volume de neg\u00f3cios desceu 6,3%, para aproximadamente 133,5 mil milh\u00f5es de euros.<\/li>\n<li>A margem EBIT do segmento autom\u00f3vel ficou em 5,3%, a mais baixa dos \u00faltimos anos e aqu\u00e9m do intervalo alvo de 8% a 10%.<\/li>\n<li>Tarifa de importa\u00e7\u00e3o dos EUA e a taxa da UE sobre ve\u00edculos el\u00e9tricos fabricados na China reduziram as margens em cerca de 1,5 pontos percentuais; a BMW diz que, sem tarifas, os resultados teriam aumentado.<\/li>\n<li>A BMW entregou cerca de 2,46 milh\u00f5es de ve\u00edculos globalmente, com crescimento na Europa e nos EUA, mas as vendas na China ca\u00edram acima de 12% devido \u00e0 forte concorr\u00eancia local.<\/li>\n<\/ul>\n","protected":false},"author":2,"featured_media":407038,"comment_status":"closed","ping_status":"closed","sticky":false,"template":"","format":"standard","meta":{"footnotes":""},"categories":[2,6735],"tags":[5913,2371,28,4405,81,1549],"class_list":["post-407035","post","type-post","status-publish","format-standard","has-post-thumbnail","hentry","category-economia","category-negocios","tag-a-china","tag-automoveis","tag-economia","tag-eletrico","tag-internacionais","tag-tarifas"],"yoast_head":"<!-- This site is optimized with the Yoast SEO plugin v27.2 - https:\/\/yoast.com\/product\/yoast-seo-wordpress\/ -->\n<title>Lucros da BMW caem 11,5% para m\u00ednimo desde pandemia com tarifas e queda na China - Portal Tela Portugal<\/title>\n<meta name=\"robots\" content=\"index, follow, max-snippet:-1, max-image-preview:large, max-video-preview:-1\" \/>\n<meta property=\"og:locale\" content=\"pt_PT\" \/>\n<meta property=\"og:type\" content=\"article\" \/>\n<meta property=\"og:title\" content=\"Lucros da BMW caem 11,5% para m\u00ednimo desde pandemia com tarifas e queda na China - Portal Tela Portugal\" \/>\n<meta property=\"og:description\" content=\"O lucro operacional (EBIT) da BMW em 2025 caiu 11,5%, para 10,2 mil milh\u00f5es de euros, o n\u00edvel mais baixo desde a pandemia de Covid. O lucro l\u00edquido diminuiu cerca de 3%, para 7,5 mil milh\u00f5es de euros, enquanto o volume de neg\u00f3cios desceu 6,3%, para aproximadamente 133,5 mil milh\u00f5es de euros. A margem EBIT do segmento autom\u00f3vel ficou em 5,3%, a mais baixa dos \u00faltimos anos e aqu\u00e9m do intervalo alvo de 8% a 10%. Tarifa de importa\u00e7\u00e3o dos EUA e a taxa da UE sobre ve\u00edculos el\u00e9tricos fabricados na China reduziram as margens em cerca de 1,5 pontos percentuais; a BMW diz que, sem tarifas, os resultados teriam aumentado. A BMW entregou cerca de 2,46 milh\u00f5es de ve\u00edculos globalmente, com crescimento na Europa e nos EUA, mas as vendas na China ca\u00edram acima de 12% devido \u00e0 forte concorr\u00eancia local.\" \/>\n<meta property=\"og:url\" content=\"https:\/\/portaltela.pt\/noticias\/2026\/03\/12\/lucros-da-bmw-caem-115-para-minimo-desde-pandemia-com-tarifas-e-queda-na-china\/\" \/>\n<meta property=\"og:site_name\" content=\"Portal Tela Portugal\" \/>\n<meta property=\"article:published_time\" content=\"2026-03-12T09:17:04+00:00\" \/>\n<meta name=\"author\" content=\"Telinha\" \/>\n<meta name=\"twitter:card\" content=\"summary_large_image\" \/>\n<meta name=\"twitter:label1\" content=\"Escrito por\" \/>\n\t<meta name=\"twitter:data1\" content=\"Telinha\" \/>\n\t<meta name=\"twitter:label2\" content=\"Tempo estimado de leitura\" \/>\n\t<meta name=\"twitter:data2\" content=\"2 minutos\" \/>\n<script type=\"application\/ld+json\" class=\"yoast-schema-graph\">{\"@context\":\"https:\/\/schema.org\",\"@graph\":[{\"@type\":\"Article\",\"@id\":\"https:\/\/portaltela.pt\/noticias\/2026\/03\/12\/lucros-da-bmw-caem-115-para-minimo-desde-pandemia-com-tarifas-e-queda-na-china\/#article\",\"isPartOf\":{\"@id\":\"https:\/\/portaltela.pt\/noticias\/2026\/03\/12\/lucros-da-bmw-caem-115-para-minimo-desde-pandemia-com-tarifas-e-queda-na-china\/\"},\"author\":{\"name\":\"Telinha\",\"@id\":\"https:\/\/portaltela.pt\/#\/schema\/person\/c4278d4a6028830caff9ee44b42d32ed\"},\"headline\":\"Lucros da BMW caem 11,5% para m\u00ednimo desde pandemia com tarifas e queda na China\",\"datePublished\":\"2026-03-12T09:17:04+00:00\",\"mainEntityOfPage\":{\"@id\":\"https:\/\/portaltela.pt\/noticias\/2026\/03\/12\/lucros-da-bmw-caem-115-para-minimo-desde-pandemia-com-tarifas-e-queda-na-china\/\"},\"wordCount\":324,\"image\":{\"@id\":\"https:\/\/portaltela.pt\/noticias\/2026\/03\/12\/lucros-da-bmw-caem-115-para-minimo-desde-pandemia-com-tarifas-e-queda-na-china\/#primaryimage\"},\"thumbnailUrl\":\"https:\/\/portaltela.pt\/s.01k8rhncp4jt1\/2026\/03\/1536x864_cmsv2_0698a197-56f2-5d8c-8ee0-b51f001a4c55-9682879.jpg\",\"keywords\":[\"a china\",\"Autom\u00f3veis\",\"economia\",\"El\u00e9trico\",\"internacionais\",\"tarifas\"],\"articleSection\":[\"Economia\",\"Neg\u00f3cios\"],\"inLanguage\":\"pt-PT\"},{\"@type\":\"WebPage\",\"@id\":\"https:\/\/portaltela.pt\/noticias\/2026\/03\/12\/lucros-da-bmw-caem-115-para-minimo-desde-pandemia-com-tarifas-e-queda-na-china\/\",\"url\":\"https:\/\/portaltela.pt\/noticias\/2026\/03\/12\/lucros-da-bmw-caem-115-para-minimo-desde-pandemia-com-tarifas-e-queda-na-china\/\",\"name\":\"Lucros da BMW caem 11,5% para m\u00ednimo desde pandemia com tarifas e queda na China - Portal Tela Portugal\",\"isPartOf\":{\"@id\":\"https:\/\/portaltela.pt\/#website\"},\"primaryImageOfPage\":{\"@id\":\"https:\/\/portaltela.pt\/noticias\/2026\/03\/12\/lucros-da-bmw-caem-115-para-minimo-desde-pandemia-com-tarifas-e-queda-na-china\/#primaryimage\"},\"image\":{\"@id\":\"https:\/\/portaltela.pt\/noticias\/2026\/03\/12\/lucros-da-bmw-caem-115-para-minimo-desde-pandemia-com-tarifas-e-queda-na-china\/#primaryimage\"},\"thumbnailUrl\":\"https:\/\/portaltela.pt\/s.01k8rhncp4jt1\/2026\/03\/1536x864_cmsv2_0698a197-56f2-5d8c-8ee0-b51f001a4c55-9682879.jpg\",\"datePublished\":\"2026-03-12T09:17:04+00:00\",\"author\":{\"@id\":\"https:\/\/portaltela.pt\/#\/schema\/person\/c4278d4a6028830caff9ee44b42d32ed\"},\"breadcrumb\":{\"@id\":\"https:\/\/portaltela.pt\/noticias\/2026\/03\/12\/lucros-da-bmw-caem-115-para-minimo-desde-pandemia-com-tarifas-e-queda-na-china\/#breadcrumb\"},\"inLanguage\":\"pt-PT\",\"potentialAction\":[{\"@type\":\"ReadAction\",\"target\":[\"https:\/\/portaltela.pt\/noticias\/2026\/03\/12\/lucros-da-bmw-caem-115-para-minimo-desde-pandemia-com-tarifas-e-queda-na-china\/\"]}]},{\"@type\":\"ImageObject\",\"inLanguage\":\"pt-PT\",\"@id\":\"https:\/\/portaltela.pt\/noticias\/2026\/03\/12\/lucros-da-bmw-caem-115-para-minimo-desde-pandemia-com-tarifas-e-queda-na-china\/#primaryimage\",\"url\":\"https:\/\/portaltela.pt\/s.01k8rhncp4jt1\/2026\/03\/1536x864_cmsv2_0698a197-56f2-5d8c-8ee0-b51f001a4c55-9682879.jpg\",\"contentUrl\":\"https:\/\/portaltela.pt\/s.01k8rhncp4jt1\/2026\/03\/1536x864_cmsv2_0698a197-56f2-5d8c-8ee0-b51f001a4c55-9682879.jpg\",\"width\":796,\"height\":448,\"caption\":\"ARQUIVO - O log\u00f3tipo da empresa brilha no cap\u00f4 de um sedan S\u00e9rie 5 de 2008 por vender, num concession\u00e1rio BMW em Denver, em 15 de maio de 2008. (AP Photo\/David Zalubowski)\"},{\"@type\":\"BreadcrumbList\",\"@id\":\"https:\/\/portaltela.pt\/noticias\/2026\/03\/12\/lucros-da-bmw-caem-115-para-minimo-desde-pandemia-com-tarifas-e-queda-na-china\/#breadcrumb\",\"itemListElement\":[{\"@type\":\"ListItem\",\"position\":1,\"name\":\"In\u00edcio\",\"item\":\"https:\/\/portaltela.pt\/\"},{\"@type\":\"ListItem\",\"position\":2,\"name\":\"Lucros da BMW caem 11,5% para m\u00ednimo desde pandemia com tarifas e queda na China\"}]},{\"@type\":\"WebSite\",\"@id\":\"https:\/\/portaltela.pt\/#website\",\"url\":\"https:\/\/portaltela.pt\/\",\"name\":\"Portal Tela Portugal\",\"description\":\"\",\"potentialAction\":[{\"@type\":\"SearchAction\",\"target\":{\"@type\":\"EntryPoint\",\"urlTemplate\":\"https:\/\/portaltela.pt\/?s={search_term_string}\"},\"query-input\":{\"@type\":\"PropertyValueSpecification\",\"valueRequired\":true,\"valueName\":\"search_term_string\"}}],\"inLanguage\":\"pt-PT\"},{\"@type\":\"Person\",\"@id\":\"https:\/\/portaltela.pt\/#\/schema\/person\/c4278d4a6028830caff9ee44b42d32ed\",\"name\":\"Telinha\",\"image\":{\"@type\":\"ImageObject\",\"inLanguage\":\"pt-PT\",\"@id\":\"https:\/\/portaltela.pt\/s.01k8rhncp4jt1\/2025\/11\/talking-bot-125x125.png\",\"url\":\"https:\/\/portaltela.pt\/s.01k8rhncp4jt1\/2025\/11\/talking-bot-125x125.png\",\"contentUrl\":\"https:\/\/portaltela.pt\/s.01k8rhncp4jt1\/2025\/11\/talking-bot-125x125.png\",\"caption\":\"Telinha\"},\"sameAs\":[\"https:\/\/portaltela.pt\/\"],\"url\":\"https:\/\/portaltela.pt\/por\/367410592786\/\"}]}<\/script>\n<!-- \/ Yoast SEO plugin. -->","yoast_head_json":{"title":"Lucros da BMW caem 11,5% para m\u00ednimo desde pandemia com tarifas e queda na China - Portal Tela Portugal","robots":{"index":"index","follow":"follow","max-snippet":"max-snippet:-1","max-image-preview":"max-image-preview:large","max-video-preview":"max-video-preview:-1"},"og_locale":"pt_PT","og_type":"article","og_title":"Lucros da BMW caem 11,5% para m\u00ednimo desde pandemia com tarifas e queda na China - Portal Tela Portugal","og_description":"O lucro operacional (EBIT) da BMW em 2025 caiu 11,5%, para 10,2 mil milh\u00f5es de euros, o n\u00edvel mais baixo desde a pandemia de Covid. O lucro l\u00edquido diminuiu cerca de 3%, para 7,5 mil milh\u00f5es de euros, enquanto o volume de neg\u00f3cios desceu 6,3%, para aproximadamente 133,5 mil milh\u00f5es de euros. A margem EBIT do segmento autom\u00f3vel ficou em 5,3%, a mais baixa dos \u00faltimos anos e aqu\u00e9m do intervalo alvo de 8% a 10%. Tarifa de importa\u00e7\u00e3o dos EUA e a taxa da UE sobre ve\u00edculos el\u00e9tricos fabricados na China reduziram as margens em cerca de 1,5 pontos percentuais; a BMW diz que, sem tarifas, os resultados teriam aumentado. A BMW entregou cerca de 2,46 milh\u00f5es de ve\u00edculos globalmente, com crescimento na Europa e nos EUA, mas as vendas na China ca\u00edram acima de 12% devido \u00e0 forte concorr\u00eancia local.","og_url":"https:\/\/portaltela.pt\/noticias\/2026\/03\/12\/lucros-da-bmw-caem-115-para-minimo-desde-pandemia-com-tarifas-e-queda-na-china\/","og_site_name":"Portal Tela Portugal","article_published_time":"2026-03-12T09:17:04+00:00","author":"Telinha","twitter_card":"summary_large_image","twitter_misc":{"Escrito por":"Telinha","Tempo estimado de leitura":"2 minutos"},"schema":{"@context":"https:\/\/schema.org","@graph":[{"@type":"Article","@id":"https:\/\/portaltela.pt\/noticias\/2026\/03\/12\/lucros-da-bmw-caem-115-para-minimo-desde-pandemia-com-tarifas-e-queda-na-china\/#article","isPartOf":{"@id":"https:\/\/portaltela.pt\/noticias\/2026\/03\/12\/lucros-da-bmw-caem-115-para-minimo-desde-pandemia-com-tarifas-e-queda-na-china\/"},"author":{"name":"Telinha","@id":"https:\/\/portaltela.pt\/#\/schema\/person\/c4278d4a6028830caff9ee44b42d32ed"},"headline":"Lucros da BMW caem 11,5% para m\u00ednimo desde pandemia com tarifas e queda na China","datePublished":"2026-03-12T09:17:04+00:00","mainEntityOfPage":{"@id":"https:\/\/portaltela.pt\/noticias\/2026\/03\/12\/lucros-da-bmw-caem-115-para-minimo-desde-pandemia-com-tarifas-e-queda-na-china\/"},"wordCount":324,"image":{"@id":"https:\/\/portaltela.pt\/noticias\/2026\/03\/12\/lucros-da-bmw-caem-115-para-minimo-desde-pandemia-com-tarifas-e-queda-na-china\/#primaryimage"},"thumbnailUrl":"https:\/\/portaltela.pt\/s.01k8rhncp4jt1\/2026\/03\/1536x864_cmsv2_0698a197-56f2-5d8c-8ee0-b51f001a4c55-9682879.jpg","keywords":["a china","Autom\u00f3veis","economia","El\u00e9trico","internacionais","tarifas"],"articleSection":["Economia","Neg\u00f3cios"],"inLanguage":"pt-PT"},{"@type":"WebPage","@id":"https:\/\/portaltela.pt\/noticias\/2026\/03\/12\/lucros-da-bmw-caem-115-para-minimo-desde-pandemia-com-tarifas-e-queda-na-china\/","url":"https:\/\/portaltela.pt\/noticias\/2026\/03\/12\/lucros-da-bmw-caem-115-para-minimo-desde-pandemia-com-tarifas-e-queda-na-china\/","name":"Lucros da BMW caem 11,5% para m\u00ednimo desde pandemia com tarifas e queda na China - Portal Tela Portugal","isPartOf":{"@id":"https:\/\/portaltela.pt\/#website"},"primaryImageOfPage":{"@id":"https:\/\/portaltela.pt\/noticias\/2026\/03\/12\/lucros-da-bmw-caem-115-para-minimo-desde-pandemia-com-tarifas-e-queda-na-china\/#primaryimage"},"image":{"@id":"https:\/\/portaltela.pt\/noticias\/2026\/03\/12\/lucros-da-bmw-caem-115-para-minimo-desde-pandemia-com-tarifas-e-queda-na-china\/#primaryimage"},"thumbnailUrl":"https:\/\/portaltela.pt\/s.01k8rhncp4jt1\/2026\/03\/1536x864_cmsv2_0698a197-56f2-5d8c-8ee0-b51f001a4c55-9682879.jpg","datePublished":"2026-03-12T09:17:04+00:00","author":{"@id":"https:\/\/portaltela.pt\/#\/schema\/person\/c4278d4a6028830caff9ee44b42d32ed"},"breadcrumb":{"@id":"https:\/\/portaltela.pt\/noticias\/2026\/03\/12\/lucros-da-bmw-caem-115-para-minimo-desde-pandemia-com-tarifas-e-queda-na-china\/#breadcrumb"},"inLanguage":"pt-PT","potentialAction":[{"@type":"ReadAction","target":["https:\/\/portaltela.pt\/noticias\/2026\/03\/12\/lucros-da-bmw-caem-115-para-minimo-desde-pandemia-com-tarifas-e-queda-na-china\/"]}]},{"@type":"ImageObject","inLanguage":"pt-PT","@id":"https:\/\/portaltela.pt\/noticias\/2026\/03\/12\/lucros-da-bmw-caem-115-para-minimo-desde-pandemia-com-tarifas-e-queda-na-china\/#primaryimage","url":"https:\/\/portaltela.pt\/s.01k8rhncp4jt1\/2026\/03\/1536x864_cmsv2_0698a197-56f2-5d8c-8ee0-b51f001a4c55-9682879.jpg","contentUrl":"https:\/\/portaltela.pt\/s.01k8rhncp4jt1\/2026\/03\/1536x864_cmsv2_0698a197-56f2-5d8c-8ee0-b51f001a4c55-9682879.jpg","width":796,"height":448,"caption":"ARQUIVO - O log\u00f3tipo da empresa brilha no cap\u00f4 de um sedan S\u00e9rie 5 de 2008 por vender, num concession\u00e1rio BMW em Denver, em 15 de maio de 2008. (AP Photo\/David Zalubowski)"},{"@type":"BreadcrumbList","@id":"https:\/\/portaltela.pt\/noticias\/2026\/03\/12\/lucros-da-bmw-caem-115-para-minimo-desde-pandemia-com-tarifas-e-queda-na-china\/#breadcrumb","itemListElement":[{"@type":"ListItem","position":1,"name":"In\u00edcio","item":"https:\/\/portaltela.pt\/"},{"@type":"ListItem","position":2,"name":"Lucros da BMW caem 11,5% para m\u00ednimo desde pandemia com tarifas e queda na China"}]},{"@type":"WebSite","@id":"https:\/\/portaltela.pt\/#website","url":"https:\/\/portaltela.pt\/","name":"Portal Tela Portugal","description":"","potentialAction":[{"@type":"SearchAction","target":{"@type":"EntryPoint","urlTemplate":"https:\/\/portaltela.pt\/?s={search_term_string}"},"query-input":{"@type":"PropertyValueSpecification","valueRequired":true,"valueName":"search_term_string"}}],"inLanguage":"pt-PT"},{"@type":"Person","@id":"https:\/\/portaltela.pt\/#\/schema\/person\/c4278d4a6028830caff9ee44b42d32ed","name":"Telinha","image":{"@type":"ImageObject","inLanguage":"pt-PT","@id":"https:\/\/portaltela.pt\/s.01k8rhncp4jt1\/2025\/11\/talking-bot-125x125.png","url":"https:\/\/portaltela.pt\/s.01k8rhncp4jt1\/2025\/11\/talking-bot-125x125.png","contentUrl":"https:\/\/portaltela.pt\/s.01k8rhncp4jt1\/2025\/11\/talking-bot-125x125.png","caption":"Telinha"},"sameAs":["https:\/\/portaltela.pt\/"],"url":"https:\/\/portaltela.pt\/por\/367410592786\/"}]}},"_links":{"self":[{"href":"https:\/\/portaltela.pt\/api\/wp\/v2\/posts\/407035","targetHints":{"allow":["GET"]}}],"collection":[{"href":"https:\/\/portaltela.pt\/api\/wp\/v2\/posts"}],"about":[{"href":"https:\/\/portaltela.pt\/api\/wp\/v2\/types\/post"}],"author":[{"embeddable":true,"href":"https:\/\/portaltela.pt\/api\/wp\/v2\/users\/2"}],"replies":[{"embeddable":true,"href":"https:\/\/portaltela.pt\/api\/wp\/v2\/comments?post=407035"}],"version-history":[{"count":0,"href":"https:\/\/portaltela.pt\/api\/wp\/v2\/posts\/407035\/revisions"}],"wp:featuredmedia":[{"embeddable":true,"href":"https:\/\/portaltela.pt\/api\/wp\/v2\/media\/407038"}],"wp:attachment":[{"href":"https:\/\/portaltela.pt\/api\/wp\/v2\/media?parent=407035"}],"wp:term":[{"taxonomy":"category","embeddable":true,"href":"https:\/\/portaltela.pt\/api\/wp\/v2\/categories?post=407035"},{"taxonomy":"post_tag","embeddable":true,"href":"https:\/\/portaltela.pt\/api\/wp\/v2\/tags?post=407035"}],"curies":[{"name":"wp","href":"https:\/\/api.w.org\/{rel}","templated":true}]}}