{"id":407029,"date":"2026-03-12T06:02:23","date_gmt":"2026-03-12T09:02:23","guid":{"rendered":"https:\/\/portaltela.pt\/noticias\/2026\/03\/12\/abrigos-civis-na-europa-desmoronam-bruxelas-pouco-pode-fazer-para-impedir\/"},"modified":"2026-03-12T06:02:23","modified_gmt":"2026-03-12T09:02:23","slug":"abrigos-civis-na-europa-desmoronam-bruxelas-pouco-pode-fazer-para-impedir","status":"publish","type":"post","link":"https:\/\/portaltela.pt\/noticias\/2026\/03\/12\/abrigos-civis-na-europa-desmoronam-bruxelas-pouco-pode-fazer-para-impedir\/","title":{"rendered":"Abrigos civis na Europa desmoronam; Bruxelas pouco pode fazer para impedir"},"content":{"rendered":"<p>Os abrigos civis da Europa voltam a preocupar. As inspe\u00e7\u00f5es em Chipre, ap\u00f3s um alegado drone de fabrico iraniano ter atingido uma base brit\u00e2nica, mostraram que cerca de 200 dos 2.500 abrigos registados estavam inutiliz\u00e1veis. Os controlos come\u00e7aram a 1 de mar\u00e7o e inclu\u00edram limpeza de espa\u00e7os ocupados por estacionamento bloqueado, caves usadas para armazenamento e locais n\u00e3o localiz\u00e1veis na aplica\u00e7\u00e3o SafeCY.<\/p>\n<p>Equipes especiais, entre engenheiros civis do Minist\u00e9rio do Interior e profissionais de v\u00e1rias entidades, aceleraram os trabalhos de inspe\u00e7\u00e3o. Em dois dias, receberam instru\u00e7\u00f5es para limpar os abrigos, que se encontravam em condi\u00e7\u00f5es de desfun\u00e7\u00e3o e abandono. O caso em Chipre evidencia um problema comum a muitos pa\u00edses: a degrada\u00e7\u00e3o de infraestruturas de defesa civil criadas na Guerra Fria.<\/p>\n<p>A Uni\u00e3o Europeia tem uma atua\u00e7\u00e3o limitada na prote\u00e7\u00e3o civil, dependendo dos Estados\u2011membros para construir e manter abrigos. O MPCU facilita assist\u00eancia quando a capacidade nacional falha, e a reserva rescEU oferece abrigos tempor\u00e1rios, n\u00e3o bunkers de alta resist\u00eancia.<\/p>\n<h3>O que \u00e9 que a UE pode e n\u00e3o pode fazer<\/h3>\n<p>A prote\u00e7\u00e3o civil \u00e9, em \u00faltima inst\u00e2ncia, compet\u00eancia nacional. A UE pode coordenar a\u00e7\u00f5es, n\u00e3o impor normas ou financiar de forma obrigat\u00f3ria a constru\u00e7\u00e3o de abrigos. O subs\u00eddio de subsidiariedade restringe Bruxelas sem altera\u00e7\u00e3o do Tratado.<\/p>\n<p>A UE gerencia capacidade de resposta via MPCU e reserva rescEU, que facilita desloca\u00e7\u00e3o de abrigos tempor\u00e1rios em emerg\u00eancias. Contudo, estes abrigos s\u00e3o modulares e n\u00e3o substituem bunkers resistentes a explos\u00f5es.<\/p>\n<h3>Custos e utilizadores da rede rescEU<\/h3>\n<p>A UE autorizou mais de 196 milh\u00f5es de euros para reservas rescEU entre 2021 e 2027. A Su\u00e9cia lidera com 40,4 milh\u00f5es e capacidade para 36.000 pessoas. A Pol\u00f3nia desenvolve seis &#8220;cidades-contentores&#8221; a um custo de 35,5 milh\u00f5es de euros.<\/p>\n<p>Chipre pode candidatar\u2011se a acolher a sua reserva rescEU, pagando com fundos da UE. At\u00e9 agora, n\u00e3o houve pedido formal. O modelo de resposta de emerg\u00eancia internacional tem mostrado efic\u00e1cia na Ucr\u00e2nia, mas sem suprir todas as necessidades locais de abrigo permanente.<\/p>\n<h3>Desigualdade de cobertura entre Estados\u2011Membros<\/h3>\n<p>A cobertura de abrigos varia muito. A Finl\u00e2ndia tem 50.500 abrigos para 85% da popula\u00e7\u00e3o. Alemanha opera menos de 600 bunkers, com planos de ampliar a capacidade at\u00e9 1 milh\u00e3o de pessoas at\u00e9 2030. Pa\u00edses baixos e alguns Estados mediterr\u00e2neos mant\u00eam n\u00fameros modestos.<\/p>\n<p>Chipre est\u00e1 a reavaliar o seu programa de abrigos desde 1999, estudando exigir que espa\u00e7os subterr\u00e2neos de novos edif\u00edcios sirvam de abrigo, com incentivos de constru\u00e7\u00e3o para privados. O objetivo \u00e9 refor\u00e7ar a resili\u00eancia sem depender de grandes redes permanentes.<\/p>\n","protected":false},"excerpt":{"rendered":"<ul>\n<li>Ap\u00f3s o alegado ataque com drone perto de uma base brit\u00e2nica em Acrot\u00edri, Chipre, as inspe\u00e7\u00f5es revelaram que cerca de 200 dos 2.500 abrigos civis registados estavam inutiliz\u00e1veis.<\/li>\n<li>Foram encontrados parques de estacionamento bloqueados, caves usadas para armazenamento, abrigos cheios de lixo e locais que n\u00e3o conseguiam ser localizados na aplica\u00e7\u00e3o SafeCY.<\/li>\n<li>Equipes especializadas, incluindo engenheiros civis do minist\u00e9rio do Interior, iniciaram os controlos a 1 de mar\u00e7o, com instru\u00e7\u00f5es de limpar os abrigos dois dias depois.<\/li>\n<li>A UE tem poder limitado na prote\u00e7\u00e3o civil: pode apoiar e coordenar via o Mecanismo de Prote\u00e7\u00e3o Civil da Uni\u00e3o Europeia (MPCU) e a reserva rescEU, mas n\u00e3o impor ou financiar a constru\u00e7\u00e3o de abrigos permanentes.<\/li>\n<li>O caso de Chipre evidencia disparidades entre os Estados-membros: a Finl\u00e2ndia est\u00e1 amplamente coberta por abrigos; a Alemanha planeia investir para aumentar a capacidade, enquanto outros pa\u00edses t\u00eam cobertura m\u00ednima ou inexistente.<\/li>\n<\/ul>\n","protected":false},"author":2,"featured_media":407030,"comment_status":"closed","ping_status":"closed","sticky":false,"template":"","format":"standard","meta":{"footnotes":""},"categories":[1],"tags":[3094,5215,2487,1615,320,2055],"class_list":["post-407029","post","type-post","status-publish","format-standard","has-post-thumbnail","hentry","category-noticias","tag-abrigos","tag-catastrofes-naturais","tag-europa","tag-infraestrutura","tag-protecao-civil","tag-uniao-europeia"],"yoast_head":"<!-- This site is optimized with the Yoast SEO plugin v27.2 - https:\/\/yoast.com\/product\/yoast-seo-wordpress\/ -->\n<title>Abrigos civis na Europa desmoronam; Bruxelas pouco pode fazer para impedir - Portal Tela Portugal<\/title>\n<meta name=\"robots\" content=\"index, follow, max-snippet:-1, max-image-preview:large, max-video-preview:-1\" \/>\n<meta property=\"og:locale\" content=\"pt_PT\" \/>\n<meta property=\"og:type\" content=\"article\" \/>\n<meta property=\"og:title\" content=\"Abrigos civis na Europa desmoronam; Bruxelas pouco pode fazer para impedir - Portal Tela Portugal\" \/>\n<meta property=\"og:description\" content=\"Ap\u00f3s o alegado ataque com drone perto de uma base brit\u00e2nica em Acrot\u00edri, Chipre, as inspe\u00e7\u00f5es revelaram que cerca de 200 dos 2.500 abrigos civis registados estavam inutiliz\u00e1veis. Foram encontrados parques de estacionamento bloqueados, caves usadas para armazenamento, abrigos cheios de lixo e locais que n\u00e3o conseguiam ser localizados na aplica\u00e7\u00e3o SafeCY. Equipes especializadas, incluindo engenheiros civis do minist\u00e9rio do Interior, iniciaram os controlos a 1 de mar\u00e7o, com instru\u00e7\u00f5es de limpar os abrigos dois dias depois. A UE tem poder limitado na prote\u00e7\u00e3o civil: pode apoiar e coordenar via o Mecanismo de Prote\u00e7\u00e3o Civil da Uni\u00e3o Europeia (MPCU) e a reserva rescEU, mas n\u00e3o impor ou financiar a constru\u00e7\u00e3o de abrigos permanentes. O caso de Chipre evidencia disparidades entre os Estados-membros: a Finl\u00e2ndia est\u00e1 amplamente coberta por abrigos; a Alemanha planeia investir para aumentar a capacidade, enquanto outros pa\u00edses t\u00eam cobertura m\u00ednima ou inexistente.\" \/>\n<meta property=\"og:url\" content=\"https:\/\/portaltela.pt\/noticias\/2026\/03\/12\/abrigos-civis-na-europa-desmoronam-bruxelas-pouco-pode-fazer-para-impedir\/\" \/>\n<meta property=\"og:site_name\" content=\"Portal Tela Portugal\" \/>\n<meta property=\"article:published_time\" content=\"2026-03-12T09:02:23+00:00\" \/>\n<meta name=\"author\" content=\"Telinha\" \/>\n<meta name=\"twitter:card\" content=\"summary_large_image\" \/>\n<meta name=\"twitter:label1\" content=\"Escrito por\" \/>\n\t<meta name=\"twitter:data1\" content=\"Telinha\" \/>\n\t<meta name=\"twitter:label2\" content=\"Tempo estimado de leitura\" \/>\n\t<meta name=\"twitter:data2\" content=\"2 minutos\" \/>\n<script type=\"application\/ld+json\" class=\"yoast-schema-graph\">{\"@context\":\"https:\/\/schema.org\",\"@graph\":[{\"@type\":\"Article\",\"@id\":\"https:\/\/portaltela.pt\/noticias\/2026\/03\/12\/abrigos-civis-na-europa-desmoronam-bruxelas-pouco-pode-fazer-para-impedir\/#article\",\"isPartOf\":{\"@id\":\"https:\/\/portaltela.pt\/noticias\/2026\/03\/12\/abrigos-civis-na-europa-desmoronam-bruxelas-pouco-pode-fazer-para-impedir\/\"},\"author\":{\"name\":\"Telinha\",\"@id\":\"https:\/\/portaltela.pt\/#\/schema\/person\/c4278d4a6028830caff9ee44b42d32ed\"},\"headline\":\"Abrigos civis na Europa desmoronam; Bruxelas pouco pode fazer para impedir\",\"datePublished\":\"2026-03-12T09:02:23+00:00\",\"mainEntityOfPage\":{\"@id\":\"https:\/\/portaltela.pt\/noticias\/2026\/03\/12\/abrigos-civis-na-europa-desmoronam-bruxelas-pouco-pode-fazer-para-impedir\/\"},\"wordCount\":474,\"image\":{\"@id\":\"https:\/\/portaltela.pt\/noticias\/2026\/03\/12\/abrigos-civis-na-europa-desmoronam-bruxelas-pouco-pode-fazer-para-impedir\/#primaryimage\"},\"thumbnailUrl\":\"https:\/\/portaltela.pt\/s.01k8rhncp4jt1\/2026\/03\/1536x864_cmsv2_12338dc6-7642-565a-931d-fc5b3ada8ef1-9682213.jpg\",\"keywords\":[\"abrigos\",\"cat\u00e1strofes naturais\",\"Europa\",\"infraestrutura\",\"prote\u00e7\u00e3o civil\",\"Uni\u00e3o Europeia\"],\"articleSection\":[\"Not\u00edcias\"],\"inLanguage\":\"pt-PT\"},{\"@type\":\"WebPage\",\"@id\":\"https:\/\/portaltela.pt\/noticias\/2026\/03\/12\/abrigos-civis-na-europa-desmoronam-bruxelas-pouco-pode-fazer-para-impedir\/\",\"url\":\"https:\/\/portaltela.pt\/noticias\/2026\/03\/12\/abrigos-civis-na-europa-desmoronam-bruxelas-pouco-pode-fazer-para-impedir\/\",\"name\":\"Abrigos civis na Europa desmoronam; Bruxelas pouco pode fazer para impedir - Portal Tela Portugal\",\"isPartOf\":{\"@id\":\"https:\/\/portaltela.pt\/#website\"},\"primaryImageOfPage\":{\"@id\":\"https:\/\/portaltela.pt\/noticias\/2026\/03\/12\/abrigos-civis-na-europa-desmoronam-bruxelas-pouco-pode-fazer-para-impedir\/#primaryimage\"},\"image\":{\"@id\":\"https:\/\/portaltela.pt\/noticias\/2026\/03\/12\/abrigos-civis-na-europa-desmoronam-bruxelas-pouco-pode-fazer-para-impedir\/#primaryimage\"},\"thumbnailUrl\":\"https:\/\/portaltela.pt\/s.01k8rhncp4jt1\/2026\/03\/1536x864_cmsv2_12338dc6-7642-565a-931d-fc5b3ada8ef1-9682213.jpg\",\"datePublished\":\"2026-03-12T09:02:23+00:00\",\"author\":{\"@id\":\"https:\/\/portaltela.pt\/#\/schema\/person\/c4278d4a6028830caff9ee44b42d32ed\"},\"breadcrumb\":{\"@id\":\"https:\/\/portaltela.pt\/noticias\/2026\/03\/12\/abrigos-civis-na-europa-desmoronam-bruxelas-pouco-pode-fazer-para-impedir\/#breadcrumb\"},\"inLanguage\":\"pt-PT\",\"potentialAction\":[{\"@type\":\"ReadAction\",\"target\":[\"https:\/\/portaltela.pt\/noticias\/2026\/03\/12\/abrigos-civis-na-europa-desmoronam-bruxelas-pouco-pode-fazer-para-impedir\/\"]}]},{\"@type\":\"ImageObject\",\"inLanguage\":\"pt-PT\",\"@id\":\"https:\/\/portaltela.pt\/noticias\/2026\/03\/12\/abrigos-civis-na-europa-desmoronam-bruxelas-pouco-pode-fazer-para-impedir\/#primaryimage\",\"url\":\"https:\/\/portaltela.pt\/s.01k8rhncp4jt1\/2026\/03\/1536x864_cmsv2_12338dc6-7642-565a-931d-fc5b3ada8ef1-9682213.jpg\",\"contentUrl\":\"https:\/\/portaltela.pt\/s.01k8rhncp4jt1\/2026\/03\/1536x864_cmsv2_12338dc6-7642-565a-931d-fc5b3ada8ef1-9682213.jpg\",\"width\":796,\"height\":448,\"caption\":\"Salina Turda, um potencial abrigo de defesa civil em Turda, no centro da Rom\u00e9nia\"},{\"@type\":\"BreadcrumbList\",\"@id\":\"https:\/\/portaltela.pt\/noticias\/2026\/03\/12\/abrigos-civis-na-europa-desmoronam-bruxelas-pouco-pode-fazer-para-impedir\/#breadcrumb\",\"itemListElement\":[{\"@type\":\"ListItem\",\"position\":1,\"name\":\"In\u00edcio\",\"item\":\"https:\/\/portaltela.pt\/\"},{\"@type\":\"ListItem\",\"position\":2,\"name\":\"Abrigos civis na Europa desmoronam; Bruxelas pouco pode fazer para impedir\"}]},{\"@type\":\"WebSite\",\"@id\":\"https:\/\/portaltela.pt\/#website\",\"url\":\"https:\/\/portaltela.pt\/\",\"name\":\"Portal Tela Portugal\",\"description\":\"\",\"potentialAction\":[{\"@type\":\"SearchAction\",\"target\":{\"@type\":\"EntryPoint\",\"urlTemplate\":\"https:\/\/portaltela.pt\/?s={search_term_string}\"},\"query-input\":{\"@type\":\"PropertyValueSpecification\",\"valueRequired\":true,\"valueName\":\"search_term_string\"}}],\"inLanguage\":\"pt-PT\"},{\"@type\":\"Person\",\"@id\":\"https:\/\/portaltela.pt\/#\/schema\/person\/c4278d4a6028830caff9ee44b42d32ed\",\"name\":\"Telinha\",\"image\":{\"@type\":\"ImageObject\",\"inLanguage\":\"pt-PT\",\"@id\":\"https:\/\/portaltela.pt\/s.01k8rhncp4jt1\/2025\/11\/talking-bot-125x125.png\",\"url\":\"https:\/\/portaltela.pt\/s.01k8rhncp4jt1\/2025\/11\/talking-bot-125x125.png\",\"contentUrl\":\"https:\/\/portaltela.pt\/s.01k8rhncp4jt1\/2025\/11\/talking-bot-125x125.png\",\"caption\":\"Telinha\"},\"sameAs\":[\"https:\/\/portaltela.pt\/\"],\"url\":\"https:\/\/portaltela.pt\/por\/367410592786\/\"}]}<\/script>\n<!-- \/ Yoast SEO plugin. -->","yoast_head_json":{"title":"Abrigos civis na Europa desmoronam; Bruxelas pouco pode fazer para impedir - Portal Tela Portugal","robots":{"index":"index","follow":"follow","max-snippet":"max-snippet:-1","max-image-preview":"max-image-preview:large","max-video-preview":"max-video-preview:-1"},"og_locale":"pt_PT","og_type":"article","og_title":"Abrigos civis na Europa desmoronam; Bruxelas pouco pode fazer para impedir - Portal Tela Portugal","og_description":"Ap\u00f3s o alegado ataque com drone perto de uma base brit\u00e2nica em Acrot\u00edri, Chipre, as inspe\u00e7\u00f5es revelaram que cerca de 200 dos 2.500 abrigos civis registados estavam inutiliz\u00e1veis. Foram encontrados parques de estacionamento bloqueados, caves usadas para armazenamento, abrigos cheios de lixo e locais que n\u00e3o conseguiam ser localizados na aplica\u00e7\u00e3o SafeCY. Equipes especializadas, incluindo engenheiros civis do minist\u00e9rio do Interior, iniciaram os controlos a 1 de mar\u00e7o, com instru\u00e7\u00f5es de limpar os abrigos dois dias depois. A UE tem poder limitado na prote\u00e7\u00e3o civil: pode apoiar e coordenar via o Mecanismo de Prote\u00e7\u00e3o Civil da Uni\u00e3o Europeia (MPCU) e a reserva rescEU, mas n\u00e3o impor ou financiar a constru\u00e7\u00e3o de abrigos permanentes. O caso de Chipre evidencia disparidades entre os Estados-membros: a Finl\u00e2ndia est\u00e1 amplamente coberta por abrigos; a Alemanha planeia investir para aumentar a capacidade, enquanto outros pa\u00edses t\u00eam cobertura m\u00ednima ou inexistente.","og_url":"https:\/\/portaltela.pt\/noticias\/2026\/03\/12\/abrigos-civis-na-europa-desmoronam-bruxelas-pouco-pode-fazer-para-impedir\/","og_site_name":"Portal Tela Portugal","article_published_time":"2026-03-12T09:02:23+00:00","author":"Telinha","twitter_card":"summary_large_image","twitter_misc":{"Escrito por":"Telinha","Tempo estimado de leitura":"2 minutos"},"schema":{"@context":"https:\/\/schema.org","@graph":[{"@type":"Article","@id":"https:\/\/portaltela.pt\/noticias\/2026\/03\/12\/abrigos-civis-na-europa-desmoronam-bruxelas-pouco-pode-fazer-para-impedir\/#article","isPartOf":{"@id":"https:\/\/portaltela.pt\/noticias\/2026\/03\/12\/abrigos-civis-na-europa-desmoronam-bruxelas-pouco-pode-fazer-para-impedir\/"},"author":{"name":"Telinha","@id":"https:\/\/portaltela.pt\/#\/schema\/person\/c4278d4a6028830caff9ee44b42d32ed"},"headline":"Abrigos civis na Europa desmoronam; Bruxelas pouco pode fazer para impedir","datePublished":"2026-03-12T09:02:23+00:00","mainEntityOfPage":{"@id":"https:\/\/portaltela.pt\/noticias\/2026\/03\/12\/abrigos-civis-na-europa-desmoronam-bruxelas-pouco-pode-fazer-para-impedir\/"},"wordCount":474,"image":{"@id":"https:\/\/portaltela.pt\/noticias\/2026\/03\/12\/abrigos-civis-na-europa-desmoronam-bruxelas-pouco-pode-fazer-para-impedir\/#primaryimage"},"thumbnailUrl":"https:\/\/portaltela.pt\/s.01k8rhncp4jt1\/2026\/03\/1536x864_cmsv2_12338dc6-7642-565a-931d-fc5b3ada8ef1-9682213.jpg","keywords":["abrigos","cat\u00e1strofes naturais","Europa","infraestrutura","prote\u00e7\u00e3o civil","Uni\u00e3o Europeia"],"articleSection":["Not\u00edcias"],"inLanguage":"pt-PT"},{"@type":"WebPage","@id":"https:\/\/portaltela.pt\/noticias\/2026\/03\/12\/abrigos-civis-na-europa-desmoronam-bruxelas-pouco-pode-fazer-para-impedir\/","url":"https:\/\/portaltela.pt\/noticias\/2026\/03\/12\/abrigos-civis-na-europa-desmoronam-bruxelas-pouco-pode-fazer-para-impedir\/","name":"Abrigos civis na Europa desmoronam; Bruxelas pouco pode fazer para impedir - Portal Tela Portugal","isPartOf":{"@id":"https:\/\/portaltela.pt\/#website"},"primaryImageOfPage":{"@id":"https:\/\/portaltela.pt\/noticias\/2026\/03\/12\/abrigos-civis-na-europa-desmoronam-bruxelas-pouco-pode-fazer-para-impedir\/#primaryimage"},"image":{"@id":"https:\/\/portaltela.pt\/noticias\/2026\/03\/12\/abrigos-civis-na-europa-desmoronam-bruxelas-pouco-pode-fazer-para-impedir\/#primaryimage"},"thumbnailUrl":"https:\/\/portaltela.pt\/s.01k8rhncp4jt1\/2026\/03\/1536x864_cmsv2_12338dc6-7642-565a-931d-fc5b3ada8ef1-9682213.jpg","datePublished":"2026-03-12T09:02:23+00:00","author":{"@id":"https:\/\/portaltela.pt\/#\/schema\/person\/c4278d4a6028830caff9ee44b42d32ed"},"breadcrumb":{"@id":"https:\/\/portaltela.pt\/noticias\/2026\/03\/12\/abrigos-civis-na-europa-desmoronam-bruxelas-pouco-pode-fazer-para-impedir\/#breadcrumb"},"inLanguage":"pt-PT","potentialAction":[{"@type":"ReadAction","target":["https:\/\/portaltela.pt\/noticias\/2026\/03\/12\/abrigos-civis-na-europa-desmoronam-bruxelas-pouco-pode-fazer-para-impedir\/"]}]},{"@type":"ImageObject","inLanguage":"pt-PT","@id":"https:\/\/portaltela.pt\/noticias\/2026\/03\/12\/abrigos-civis-na-europa-desmoronam-bruxelas-pouco-pode-fazer-para-impedir\/#primaryimage","url":"https:\/\/portaltela.pt\/s.01k8rhncp4jt1\/2026\/03\/1536x864_cmsv2_12338dc6-7642-565a-931d-fc5b3ada8ef1-9682213.jpg","contentUrl":"https:\/\/portaltela.pt\/s.01k8rhncp4jt1\/2026\/03\/1536x864_cmsv2_12338dc6-7642-565a-931d-fc5b3ada8ef1-9682213.jpg","width":796,"height":448,"caption":"Salina Turda, um potencial abrigo de defesa civil em Turda, no centro da Rom\u00e9nia"},{"@type":"BreadcrumbList","@id":"https:\/\/portaltela.pt\/noticias\/2026\/03\/12\/abrigos-civis-na-europa-desmoronam-bruxelas-pouco-pode-fazer-para-impedir\/#breadcrumb","itemListElement":[{"@type":"ListItem","position":1,"name":"In\u00edcio","item":"https:\/\/portaltela.pt\/"},{"@type":"ListItem","position":2,"name":"Abrigos civis na Europa desmoronam; Bruxelas pouco pode fazer para impedir"}]},{"@type":"WebSite","@id":"https:\/\/portaltela.pt\/#website","url":"https:\/\/portaltela.pt\/","name":"Portal Tela Portugal","description":"","potentialAction":[{"@type":"SearchAction","target":{"@type":"EntryPoint","urlTemplate":"https:\/\/portaltela.pt\/?s={search_term_string}"},"query-input":{"@type":"PropertyValueSpecification","valueRequired":true,"valueName":"search_term_string"}}],"inLanguage":"pt-PT"},{"@type":"Person","@id":"https:\/\/portaltela.pt\/#\/schema\/person\/c4278d4a6028830caff9ee44b42d32ed","name":"Telinha","image":{"@type":"ImageObject","inLanguage":"pt-PT","@id":"https:\/\/portaltela.pt\/s.01k8rhncp4jt1\/2025\/11\/talking-bot-125x125.png","url":"https:\/\/portaltela.pt\/s.01k8rhncp4jt1\/2025\/11\/talking-bot-125x125.png","contentUrl":"https:\/\/portaltela.pt\/s.01k8rhncp4jt1\/2025\/11\/talking-bot-125x125.png","caption":"Telinha"},"sameAs":["https:\/\/portaltela.pt\/"],"url":"https:\/\/portaltela.pt\/por\/367410592786\/"}]}},"_links":{"self":[{"href":"https:\/\/portaltela.pt\/api\/wp\/v2\/posts\/407029","targetHints":{"allow":["GET"]}}],"collection":[{"href":"https:\/\/portaltela.pt\/api\/wp\/v2\/posts"}],"about":[{"href":"https:\/\/portaltela.pt\/api\/wp\/v2\/types\/post"}],"author":[{"embeddable":true,"href":"https:\/\/portaltela.pt\/api\/wp\/v2\/users\/2"}],"replies":[{"embeddable":true,"href":"https:\/\/portaltela.pt\/api\/wp\/v2\/comments?post=407029"}],"version-history":[{"count":0,"href":"https:\/\/portaltela.pt\/api\/wp\/v2\/posts\/407029\/revisions"}],"wp:featuredmedia":[{"embeddable":true,"href":"https:\/\/portaltela.pt\/api\/wp\/v2\/media\/407030"}],"wp:attachment":[{"href":"https:\/\/portaltela.pt\/api\/wp\/v2\/media?parent=407029"}],"wp:term":[{"taxonomy":"category","embeddable":true,"href":"https:\/\/portaltela.pt\/api\/wp\/v2\/categories?post=407029"},{"taxonomy":"post_tag","embeddable":true,"href":"https:\/\/portaltela.pt\/api\/wp\/v2\/tags?post=407029"}],"curies":[{"name":"wp","href":"https:\/\/api.w.org\/{rel}","templated":true}]}}