{"id":407019,"date":"2026-03-12T05:37:56","date_gmt":"2026-03-12T08:37:56","guid":{"rendered":"https:\/\/portaltela.pt\/noticias\/2026\/03\/12\/policia-confirma-libertacao-de-empresario-portugues-raptado-em-maputo-em-outubro\/"},"modified":"2026-03-12T05:37:56","modified_gmt":"2026-03-12T08:37:56","slug":"policia-confirma-libertacao-de-empresario-portugues-raptado-em-maputo-em-outubro","status":"publish","type":"post","link":"https:\/\/portaltela.pt\/policia\/2026\/03\/12\/policia-confirma-libertacao-de-empresario-portugues-raptado-em-maputo-em-outubro\/","title":{"rendered":"Pol\u00edcia confirma liberta\u00e7\u00e3o de empres\u00e1rio portugu\u00eas raptado em Maputo em outubro"},"content":{"rendered":"<p>O Servi\u00e7o Nacional de Investiga\u00e7\u00e3o Criminal (Sernic) de Mo\u00e7ambique confirmou a liberta\u00e7\u00e3o de um empres\u00e1rio portugu\u00eas sequestrado em 7 de outubro, no centro de Maputo. Segundo o Sernic, o indiv\u00edduo encontra-se novamente em conv\u00edvio com a fam\u00edlia, sem ind\u00edcios de que tenha havido resgate.<\/p>\n<p>A liberta\u00e7\u00e3o ocorreu antes de ontem, segundo o porta-voz do Sernic, Hil\u00e1rio Lole. O agente indicou que a atua\u00e7\u00e3o das autoridades policiais foi determinante para a resolu\u00e7\u00e3o do caso.<\/p>\n<p>O empres\u00e1rio, de 69 anos, possui tamb\u00e9m nacionalidade mo\u00e7ambicana. As autoridades n\u00e3o avan\u00e7aram detalhes sobre o local da liberta\u00e7\u00e3o nem sobre eventuais respons\u00e1veis, limitando-se a afirmar que a press\u00e3o policial contribuiu para solucionar o crime.<\/p>\n","protected":false},"excerpt":{"rendered":"<ul>\n<li>O Servi\u00e7o Nacional de Investiga\u00e7\u00e3o Criminal (Sernic) mo\u00e7ambicano confirmou a liberta\u00e7\u00e3o do empres\u00e1rio portugu\u00eas raptado a 7 de outubro no centro de Maputo.<\/li>\n<li>A liberta\u00e7\u00e3o ocorreu antes de ontem, e o empres\u00e1rio permanece em conv\u00edvio familiar, segundo o porta-voz Hil\u00e1rio Lole.<\/li>\n<li>N\u00e3o h\u00e1 ind\u00edcios de que tenha havido resgate, de acordo com a fam\u00edlia, segundo o Sernic.<\/li>\n<li>O homem tem 69 anos e possui nacionalidade mo\u00e7ambicana, al\u00e9m da portuguesa.<\/li>\n<li>A liberta\u00e7\u00e3o \u00e9 atribu\u00edda pela pol\u00edcia \u00e0 press\u00e3o exercida pelas autoridades nas dilig\u00eancias para resolver o caso.<\/li>\n<\/ul>\n","protected":false},"author":2,"featured_media":407021,"comment_status":"closed","ping_status":"closed","sticky":false,"template":"","format":"standard","meta":{"footnotes":""},"categories":[6907,6781],"tags":[147,6628,215,1911,1014,1170],"class_list":["post-407019","post","type-post","status-publish","format-standard","has-post-thumbnail","hentry","category-crime","category-policia","tag-crime","tag-empresarios","tag-investigacao","tag-mocambique","tag-portugal","tag-sequestro"],"yoast_head":"<!-- This site is optimized with the Yoast SEO plugin v27.2 - https:\/\/yoast.com\/product\/yoast-seo-wordpress\/ -->\n<title>Pol\u00edcia confirma liberta\u00e7\u00e3o de empres\u00e1rio portugu\u00eas raptado em Maputo em outubro - Portal Tela Portugal<\/title>\n<meta name=\"robots\" content=\"index, follow, max-snippet:-1, max-image-preview:large, max-video-preview:-1\" \/>\n<meta property=\"og:locale\" content=\"pt_PT\" \/>\n<meta property=\"og:type\" content=\"article\" \/>\n<meta property=\"og:title\" content=\"Pol\u00edcia confirma liberta\u00e7\u00e3o de empres\u00e1rio portugu\u00eas raptado em Maputo em outubro - Portal Tela Portugal\" \/>\n<meta property=\"og:description\" content=\"O Servi\u00e7o Nacional de Investiga\u00e7\u00e3o Criminal (Sernic) mo\u00e7ambicano confirmou a liberta\u00e7\u00e3o do empres\u00e1rio portugu\u00eas raptado a 7 de outubro no centro de Maputo. A liberta\u00e7\u00e3o ocorreu antes de ontem, e o empres\u00e1rio permanece em conv\u00edvio familiar, segundo o porta-voz Hil\u00e1rio Lole. N\u00e3o h\u00e1 ind\u00edcios de que tenha havido resgate, de acordo com a fam\u00edlia, segundo o Sernic. O homem tem 69 anos e possui nacionalidade mo\u00e7ambicana, al\u00e9m da portuguesa. A liberta\u00e7\u00e3o \u00e9 atribu\u00edda pela pol\u00edcia \u00e0 press\u00e3o exercida pelas autoridades nas dilig\u00eancias para resolver o caso.\" \/>\n<meta property=\"og:url\" content=\"https:\/\/portaltela.pt\/noticias\/2026\/03\/12\/policia-confirma-libertacao-de-empresario-portugues-raptado-em-maputo-em-outubro\/\" \/>\n<meta property=\"og:site_name\" content=\"Portal Tela Portugal\" \/>\n<meta property=\"article:published_time\" content=\"2026-03-12T08:37:56+00:00\" \/>\n<meta name=\"author\" content=\"Telinha\" \/>\n<meta name=\"twitter:card\" content=\"summary_large_image\" \/>\n<meta name=\"twitter:label1\" content=\"Escrito por\" \/>\n\t<meta name=\"twitter:data1\" content=\"Telinha\" \/>\n\t<meta name=\"twitter:label2\" content=\"Tempo estimado de leitura\" \/>\n\t<meta name=\"twitter:data2\" content=\"1 minuto\" \/>\n<script type=\"application\/ld+json\" class=\"yoast-schema-graph\">{\"@context\":\"https:\/\/schema.org\",\"@graph\":[{\"@type\":\"Article\",\"@id\":\"https:\/\/portaltela.pt\/noticias\/2026\/03\/12\/policia-confirma-libertacao-de-empresario-portugues-raptado-em-maputo-em-outubro\/#article\",\"isPartOf\":{\"@id\":\"https:\/\/portaltela.pt\/noticias\/2026\/03\/12\/policia-confirma-libertacao-de-empresario-portugues-raptado-em-maputo-em-outubro\/\"},\"author\":{\"name\":\"Telinha\",\"@id\":\"https:\/\/portaltela.pt\/#\/schema\/person\/c4278d4a6028830caff9ee44b42d32ed\"},\"headline\":\"Pol\u00edcia confirma liberta\u00e7\u00e3o de empres\u00e1rio portugu\u00eas raptado em Maputo em outubro\",\"datePublished\":\"2026-03-12T08:37:56+00:00\",\"mainEntityOfPage\":{\"@id\":\"https:\/\/portaltela.pt\/noticias\/2026\/03\/12\/policia-confirma-libertacao-de-empresario-portugues-raptado-em-maputo-em-outubro\/\"},\"wordCount\":143,\"image\":{\"@id\":\"https:\/\/portaltela.pt\/noticias\/2026\/03\/12\/policia-confirma-libertacao-de-empresario-portugues-raptado-em-maputo-em-outubro\/#primaryimage\"},\"thumbnailUrl\":\"https:\/\/portaltela.pt\/s.01k8rhncp4jt1\/2026\/03\/img_1280x721uu2025-10-07-17-38-20-2240008.jpg\",\"keywords\":[\"crime\",\"empres\u00e1rios\",\"investiga\u00e7\u00e3o\",\"Mo\u00e7ambique\",\"Portugal\",\"sequestro\"],\"articleSection\":[\"Crime\",\"Pol\u00edcia\"],\"inLanguage\":\"pt-PT\"},{\"@type\":\"WebPage\",\"@id\":\"https:\/\/portaltela.pt\/noticias\/2026\/03\/12\/policia-confirma-libertacao-de-empresario-portugues-raptado-em-maputo-em-outubro\/\",\"url\":\"https:\/\/portaltela.pt\/noticias\/2026\/03\/12\/policia-confirma-libertacao-de-empresario-portugues-raptado-em-maputo-em-outubro\/\",\"name\":\"Pol\u00edcia confirma liberta\u00e7\u00e3o de empres\u00e1rio portugu\u00eas raptado em Maputo em outubro - Portal Tela Portugal\",\"isPartOf\":{\"@id\":\"https:\/\/portaltela.pt\/#website\"},\"primaryImageOfPage\":{\"@id\":\"https:\/\/portaltela.pt\/noticias\/2026\/03\/12\/policia-confirma-libertacao-de-empresario-portugues-raptado-em-maputo-em-outubro\/#primaryimage\"},\"image\":{\"@id\":\"https:\/\/portaltela.pt\/noticias\/2026\/03\/12\/policia-confirma-libertacao-de-empresario-portugues-raptado-em-maputo-em-outubro\/#primaryimage\"},\"thumbnailUrl\":\"https:\/\/portaltela.pt\/s.01k8rhncp4jt1\/2026\/03\/img_1280x721uu2025-10-07-17-38-20-2240008.jpg\",\"datePublished\":\"2026-03-12T08:37:56+00:00\",\"author\":{\"@id\":\"https:\/\/portaltela.pt\/#\/schema\/person\/c4278d4a6028830caff9ee44b42d32ed\"},\"breadcrumb\":{\"@id\":\"https:\/\/portaltela.pt\/noticias\/2026\/03\/12\/policia-confirma-libertacao-de-empresario-portugues-raptado-em-maputo-em-outubro\/#breadcrumb\"},\"inLanguage\":\"pt-PT\",\"potentialAction\":[{\"@type\":\"ReadAction\",\"target\":[\"https:\/\/portaltela.pt\/noticias\/2026\/03\/12\/policia-confirma-libertacao-de-empresario-portugues-raptado-em-maputo-em-outubro\/\"]}]},{\"@type\":\"ImageObject\",\"inLanguage\":\"pt-PT\",\"@id\":\"https:\/\/portaltela.pt\/noticias\/2026\/03\/12\/policia-confirma-libertacao-de-empresario-portugues-raptado-em-maputo-em-outubro\/#primaryimage\",\"url\":\"https:\/\/portaltela.pt\/s.01k8rhncp4jt1\/2026\/03\/img_1280x721uu2025-10-07-17-38-20-2240008.jpg\",\"contentUrl\":\"https:\/\/portaltela.pt\/s.01k8rhncp4jt1\/2026\/03\/img_1280x721uu2025-10-07-17-38-20-2240008.jpg\",\"width\":796,\"height\":448,\"caption\":\"Photo\"},{\"@type\":\"BreadcrumbList\",\"@id\":\"https:\/\/portaltela.pt\/noticias\/2026\/03\/12\/policia-confirma-libertacao-de-empresario-portugues-raptado-em-maputo-em-outubro\/#breadcrumb\",\"itemListElement\":[{\"@type\":\"ListItem\",\"position\":1,\"name\":\"In\u00edcio\",\"item\":\"https:\/\/portaltela.pt\/\"},{\"@type\":\"ListItem\",\"position\":2,\"name\":\"Pol\u00edcia confirma liberta\u00e7\u00e3o de empres\u00e1rio portugu\u00eas raptado em Maputo em outubro\"}]},{\"@type\":\"WebSite\",\"@id\":\"https:\/\/portaltela.pt\/#website\",\"url\":\"https:\/\/portaltela.pt\/\",\"name\":\"Portal Tela Portugal\",\"description\":\"\",\"potentialAction\":[{\"@type\":\"SearchAction\",\"target\":{\"@type\":\"EntryPoint\",\"urlTemplate\":\"https:\/\/portaltela.pt\/?s={search_term_string}\"},\"query-input\":{\"@type\":\"PropertyValueSpecification\",\"valueRequired\":true,\"valueName\":\"search_term_string\"}}],\"inLanguage\":\"pt-PT\"},{\"@type\":\"Person\",\"@id\":\"https:\/\/portaltela.pt\/#\/schema\/person\/c4278d4a6028830caff9ee44b42d32ed\",\"name\":\"Telinha\",\"image\":{\"@type\":\"ImageObject\",\"inLanguage\":\"pt-PT\",\"@id\":\"https:\/\/portaltela.pt\/s.01k8rhncp4jt1\/2025\/11\/talking-bot-125x125.png\",\"url\":\"https:\/\/portaltela.pt\/s.01k8rhncp4jt1\/2025\/11\/talking-bot-125x125.png\",\"contentUrl\":\"https:\/\/portaltela.pt\/s.01k8rhncp4jt1\/2025\/11\/talking-bot-125x125.png\",\"caption\":\"Telinha\"},\"sameAs\":[\"https:\/\/portaltela.pt\/\"],\"url\":\"https:\/\/portaltela.pt\/por\/367410592786\/\"}]}<\/script>\n<!-- \/ Yoast SEO plugin. -->","yoast_head_json":{"title":"Pol\u00edcia confirma liberta\u00e7\u00e3o de empres\u00e1rio portugu\u00eas raptado em Maputo em outubro - Portal Tela Portugal","robots":{"index":"index","follow":"follow","max-snippet":"max-snippet:-1","max-image-preview":"max-image-preview:large","max-video-preview":"max-video-preview:-1"},"og_locale":"pt_PT","og_type":"article","og_title":"Pol\u00edcia confirma liberta\u00e7\u00e3o de empres\u00e1rio portugu\u00eas raptado em Maputo em outubro - Portal Tela Portugal","og_description":"O Servi\u00e7o Nacional de Investiga\u00e7\u00e3o Criminal (Sernic) mo\u00e7ambicano confirmou a liberta\u00e7\u00e3o do empres\u00e1rio portugu\u00eas raptado a 7 de outubro no centro de Maputo. A liberta\u00e7\u00e3o ocorreu antes de ontem, e o empres\u00e1rio permanece em conv\u00edvio familiar, segundo o porta-voz Hil\u00e1rio Lole. N\u00e3o h\u00e1 ind\u00edcios de que tenha havido resgate, de acordo com a fam\u00edlia, segundo o Sernic. O homem tem 69 anos e possui nacionalidade mo\u00e7ambicana, al\u00e9m da portuguesa. A liberta\u00e7\u00e3o \u00e9 atribu\u00edda pela pol\u00edcia \u00e0 press\u00e3o exercida pelas autoridades nas dilig\u00eancias para resolver o caso.","og_url":"https:\/\/portaltela.pt\/noticias\/2026\/03\/12\/policia-confirma-libertacao-de-empresario-portugues-raptado-em-maputo-em-outubro\/","og_site_name":"Portal Tela Portugal","article_published_time":"2026-03-12T08:37:56+00:00","author":"Telinha","twitter_card":"summary_large_image","twitter_misc":{"Escrito por":"Telinha","Tempo estimado de leitura":"1 minuto"},"schema":{"@context":"https:\/\/schema.org","@graph":[{"@type":"Article","@id":"https:\/\/portaltela.pt\/noticias\/2026\/03\/12\/policia-confirma-libertacao-de-empresario-portugues-raptado-em-maputo-em-outubro\/#article","isPartOf":{"@id":"https:\/\/portaltela.pt\/noticias\/2026\/03\/12\/policia-confirma-libertacao-de-empresario-portugues-raptado-em-maputo-em-outubro\/"},"author":{"name":"Telinha","@id":"https:\/\/portaltela.pt\/#\/schema\/person\/c4278d4a6028830caff9ee44b42d32ed"},"headline":"Pol\u00edcia confirma liberta\u00e7\u00e3o de empres\u00e1rio portugu\u00eas raptado em Maputo em outubro","datePublished":"2026-03-12T08:37:56+00:00","mainEntityOfPage":{"@id":"https:\/\/portaltela.pt\/noticias\/2026\/03\/12\/policia-confirma-libertacao-de-empresario-portugues-raptado-em-maputo-em-outubro\/"},"wordCount":143,"image":{"@id":"https:\/\/portaltela.pt\/noticias\/2026\/03\/12\/policia-confirma-libertacao-de-empresario-portugues-raptado-em-maputo-em-outubro\/#primaryimage"},"thumbnailUrl":"https:\/\/portaltela.pt\/s.01k8rhncp4jt1\/2026\/03\/img_1280x721uu2025-10-07-17-38-20-2240008.jpg","keywords":["crime","empres\u00e1rios","investiga\u00e7\u00e3o","Mo\u00e7ambique","Portugal","sequestro"],"articleSection":["Crime","Pol\u00edcia"],"inLanguage":"pt-PT"},{"@type":"WebPage","@id":"https:\/\/portaltela.pt\/noticias\/2026\/03\/12\/policia-confirma-libertacao-de-empresario-portugues-raptado-em-maputo-em-outubro\/","url":"https:\/\/portaltela.pt\/noticias\/2026\/03\/12\/policia-confirma-libertacao-de-empresario-portugues-raptado-em-maputo-em-outubro\/","name":"Pol\u00edcia confirma liberta\u00e7\u00e3o de empres\u00e1rio portugu\u00eas raptado em Maputo em outubro - Portal Tela Portugal","isPartOf":{"@id":"https:\/\/portaltela.pt\/#website"},"primaryImageOfPage":{"@id":"https:\/\/portaltela.pt\/noticias\/2026\/03\/12\/policia-confirma-libertacao-de-empresario-portugues-raptado-em-maputo-em-outubro\/#primaryimage"},"image":{"@id":"https:\/\/portaltela.pt\/noticias\/2026\/03\/12\/policia-confirma-libertacao-de-empresario-portugues-raptado-em-maputo-em-outubro\/#primaryimage"},"thumbnailUrl":"https:\/\/portaltela.pt\/s.01k8rhncp4jt1\/2026\/03\/img_1280x721uu2025-10-07-17-38-20-2240008.jpg","datePublished":"2026-03-12T08:37:56+00:00","author":{"@id":"https:\/\/portaltela.pt\/#\/schema\/person\/c4278d4a6028830caff9ee44b42d32ed"},"breadcrumb":{"@id":"https:\/\/portaltela.pt\/noticias\/2026\/03\/12\/policia-confirma-libertacao-de-empresario-portugues-raptado-em-maputo-em-outubro\/#breadcrumb"},"inLanguage":"pt-PT","potentialAction":[{"@type":"ReadAction","target":["https:\/\/portaltela.pt\/noticias\/2026\/03\/12\/policia-confirma-libertacao-de-empresario-portugues-raptado-em-maputo-em-outubro\/"]}]},{"@type":"ImageObject","inLanguage":"pt-PT","@id":"https:\/\/portaltela.pt\/noticias\/2026\/03\/12\/policia-confirma-libertacao-de-empresario-portugues-raptado-em-maputo-em-outubro\/#primaryimage","url":"https:\/\/portaltela.pt\/s.01k8rhncp4jt1\/2026\/03\/img_1280x721uu2025-10-07-17-38-20-2240008.jpg","contentUrl":"https:\/\/portaltela.pt\/s.01k8rhncp4jt1\/2026\/03\/img_1280x721uu2025-10-07-17-38-20-2240008.jpg","width":796,"height":448,"caption":"Photo"},{"@type":"BreadcrumbList","@id":"https:\/\/portaltela.pt\/noticias\/2026\/03\/12\/policia-confirma-libertacao-de-empresario-portugues-raptado-em-maputo-em-outubro\/#breadcrumb","itemListElement":[{"@type":"ListItem","position":1,"name":"In\u00edcio","item":"https:\/\/portaltela.pt\/"},{"@type":"ListItem","position":2,"name":"Pol\u00edcia confirma liberta\u00e7\u00e3o de empres\u00e1rio portugu\u00eas raptado em Maputo em outubro"}]},{"@type":"WebSite","@id":"https:\/\/portaltela.pt\/#website","url":"https:\/\/portaltela.pt\/","name":"Portal Tela Portugal","description":"","potentialAction":[{"@type":"SearchAction","target":{"@type":"EntryPoint","urlTemplate":"https:\/\/portaltela.pt\/?s={search_term_string}"},"query-input":{"@type":"PropertyValueSpecification","valueRequired":true,"valueName":"search_term_string"}}],"inLanguage":"pt-PT"},{"@type":"Person","@id":"https:\/\/portaltela.pt\/#\/schema\/person\/c4278d4a6028830caff9ee44b42d32ed","name":"Telinha","image":{"@type":"ImageObject","inLanguage":"pt-PT","@id":"https:\/\/portaltela.pt\/s.01k8rhncp4jt1\/2025\/11\/talking-bot-125x125.png","url":"https:\/\/portaltela.pt\/s.01k8rhncp4jt1\/2025\/11\/talking-bot-125x125.png","contentUrl":"https:\/\/portaltela.pt\/s.01k8rhncp4jt1\/2025\/11\/talking-bot-125x125.png","caption":"Telinha"},"sameAs":["https:\/\/portaltela.pt\/"],"url":"https:\/\/portaltela.pt\/por\/367410592786\/"}]}},"_links":{"self":[{"href":"https:\/\/portaltela.pt\/api\/wp\/v2\/posts\/407019","targetHints":{"allow":["GET"]}}],"collection":[{"href":"https:\/\/portaltela.pt\/api\/wp\/v2\/posts"}],"about":[{"href":"https:\/\/portaltela.pt\/api\/wp\/v2\/types\/post"}],"author":[{"embeddable":true,"href":"https:\/\/portaltela.pt\/api\/wp\/v2\/users\/2"}],"replies":[{"embeddable":true,"href":"https:\/\/portaltela.pt\/api\/wp\/v2\/comments?post=407019"}],"version-history":[{"count":0,"href":"https:\/\/portaltela.pt\/api\/wp\/v2\/posts\/407019\/revisions"}],"wp:featuredmedia":[{"embeddable":true,"href":"https:\/\/portaltela.pt\/api\/wp\/v2\/media\/407021"}],"wp:attachment":[{"href":"https:\/\/portaltela.pt\/api\/wp\/v2\/media?parent=407019"}],"wp:term":[{"taxonomy":"category","embeddable":true,"href":"https:\/\/portaltela.pt\/api\/wp\/v2\/categories?post=407019"},{"taxonomy":"post_tag","embeddable":true,"href":"https:\/\/portaltela.pt\/api\/wp\/v2\/tags?post=407019"}],"curies":[{"name":"wp","href":"https:\/\/api.w.org\/{rel}","templated":true}]}}