{"id":407011,"date":"2026-03-12T05:22:00","date_gmt":"2026-03-12T08:22:00","guid":{"rendered":"https:\/\/portaltela.pt\/noticias\/2026\/03\/12\/reabilitacao-da-secundaria-antonio-nobre-no-porto-custa-quase-16-milhoes\/"},"modified":"2026-03-12T05:22:00","modified_gmt":"2026-03-12T08:22:00","slug":"reabilitacao-da-secundaria-antonio-nobre-no-porto-custa-quase-16-milhoes","status":"publish","type":"post","link":"https:\/\/portaltela.pt\/noticias\/2026\/03\/12\/reabilitacao-da-secundaria-antonio-nobre-no-porto-custa-quase-16-milhoes\/","title":{"rendered":"Reabilita\u00e7\u00e3o da Secund\u00e1ria Ant\u00f3nio Nobre no Porto custa quase 16 milh\u00f5es"},"content":{"rendered":"<p>A reabilita\u00e7\u00e3o da Secund\u00e1ria Ant\u00f3nio Nobre, no Porto, vai custar quase 16 milh\u00f5es de euros. A escola, com mais de 50 anos, situa-se em Paranhos e nunca recebeu uma interven\u00e7\u00e3o de fundo. O objetivo \u00e9 renovar infraestruturas que apresentam degrada\u00e7\u00e3o.<\/p>\n<p>A C\u00e2mara do Porto lan\u00e7ou um concurso para elabora\u00e7\u00e3o do projeto de reabilita\u00e7\u00e3o da escola. O processo visa definir solu\u00e7\u00f5es para melhorar a efici\u00eancia energ\u00e9tica, acessibilidade e condi\u00e7\u00f5es de ensino.<\/p>\n<p>A interven\u00e7\u00e3o prev\u00ea interven\u00e7\u00f5es em v\u00e1rias estruturas, com foco na seguran\u00e7a, conforto e funcionamento das atividades letivas. A decis\u00e3o de avan\u00e7ar com a obra surge da necessidade de modernizar um edif\u00edcio de longa data.<\/p>\n","protected":false},"excerpt":{"rendered":"<ul>\n<li>A reabilita\u00e7\u00e3o da Escola Secund\u00e1ria Ant\u00f3nio Nobre, no Porto, vai custar quase 16 milh\u00f5es de euros.<\/li>\n<li>A c\u00e2mara lan\u00e7ou concurso para a elabora\u00e7\u00e3o do projeto de reabilita\u00e7\u00e3o da escola.<\/li>\n<li>A escola fica em Paranhos, tem mais de cinquenta anos e nunca teve obras de fundo.<\/li>\n<li>A institui\u00e7\u00e3o apresenta sinais de degrada\u00e7\u00e3o em v\u00e1rias estruturas.<\/li>\n<li>O objetivo \u00e9 requalificar o estabelecimento de ensino.<\/li>\n<\/ul>\n","protected":false},"author":2,"featured_media":407016,"comment_status":"closed","ping_status":"closed","sticky":false,"template":"","format":"standard","meta":{"footnotes":""},"categories":[1],"tags":[3772,718,163,1022,982,2643],"class_list":["post-407011","post","type-post","status-publish","format-standard","has-post-thumbnail","hentry","category-noticias","tag-acessibilidade","tag-construcao","tag-educacao","tag-eficiencia-energetica","tag-porto","tag-reabilitacao-urbana"],"yoast_head":"<!-- This site is optimized with the Yoast SEO plugin v27.2 - https:\/\/yoast.com\/product\/yoast-seo-wordpress\/ -->\n<title>Reabilita\u00e7\u00e3o da Secund\u00e1ria Ant\u00f3nio Nobre no Porto custa quase 16 milh\u00f5es - Portal Tela Portugal<\/title>\n<meta name=\"robots\" content=\"index, follow, max-snippet:-1, max-image-preview:large, max-video-preview:-1\" \/>\n<meta property=\"og:locale\" content=\"pt_PT\" \/>\n<meta property=\"og:type\" content=\"article\" \/>\n<meta property=\"og:title\" content=\"Reabilita\u00e7\u00e3o da Secund\u00e1ria Ant\u00f3nio Nobre no Porto custa quase 16 milh\u00f5es - Portal Tela Portugal\" \/>\n<meta property=\"og:description\" content=\"A reabilita\u00e7\u00e3o da Escola Secund\u00e1ria Ant\u00f3nio Nobre, no Porto, vai custar quase 16 milh\u00f5es de euros. A c\u00e2mara lan\u00e7ou concurso para a elabora\u00e7\u00e3o do projeto de reabilita\u00e7\u00e3o da escola. A escola fica em Paranhos, tem mais de cinquenta anos e nunca teve obras de fundo. A institui\u00e7\u00e3o apresenta sinais de degrada\u00e7\u00e3o em v\u00e1rias estruturas. O objetivo \u00e9 requalificar o estabelecimento de ensino.\" \/>\n<meta property=\"og:url\" content=\"https:\/\/portaltela.pt\/noticias\/2026\/03\/12\/reabilitacao-da-secundaria-antonio-nobre-no-porto-custa-quase-16-milhoes\/\" \/>\n<meta property=\"og:site_name\" content=\"Portal Tela Portugal\" \/>\n<meta property=\"article:published_time\" content=\"2026-03-12T08:22:00+00:00\" \/>\n<meta name=\"author\" content=\"Telinha\" \/>\n<meta name=\"twitter:card\" content=\"summary_large_image\" \/>\n<meta name=\"twitter:label1\" content=\"Escrito por\" \/>\n\t<meta name=\"twitter:data1\" content=\"Telinha\" \/>\n\t<meta name=\"twitter:label2\" content=\"Tempo estimado de leitura\" \/>\n\t<meta name=\"twitter:data2\" content=\"1 minuto\" \/>\n<script type=\"application\/ld+json\" class=\"yoast-schema-graph\">{\"@context\":\"https:\/\/schema.org\",\"@graph\":[{\"@type\":\"Article\",\"@id\":\"https:\/\/portaltela.pt\/noticias\/2026\/03\/12\/reabilitacao-da-secundaria-antonio-nobre-no-porto-custa-quase-16-milhoes\/#article\",\"isPartOf\":{\"@id\":\"https:\/\/portaltela.pt\/noticias\/2026\/03\/12\/reabilitacao-da-secundaria-antonio-nobre-no-porto-custa-quase-16-milhoes\/\"},\"author\":{\"name\":\"Telinha\",\"@id\":\"https:\/\/portaltela.pt\/#\/schema\/person\/c4278d4a6028830caff9ee44b42d32ed\"},\"headline\":\"Reabilita\u00e7\u00e3o da Secund\u00e1ria Ant\u00f3nio Nobre no Porto custa quase 16 milh\u00f5es\",\"datePublished\":\"2026-03-12T08:22:00+00:00\",\"mainEntityOfPage\":{\"@id\":\"https:\/\/portaltela.pt\/noticias\/2026\/03\/12\/reabilitacao-da-secundaria-antonio-nobre-no-porto-custa-quase-16-milhoes\/\"},\"wordCount\":136,\"image\":{\"@id\":\"https:\/\/portaltela.pt\/noticias\/2026\/03\/12\/reabilitacao-da-secundaria-antonio-nobre-no-porto-custa-quase-16-milhoes\/#primaryimage\"},\"thumbnailUrl\":\"https:\/\/portaltela.pt\/s.01k8rhncp4jt1\/2026\/03\/image-751.jpg\",\"keywords\":[\"acessibilidade\",\"Constru\u00e7\u00e3o\",\"educa\u00e7\u00e3o\",\"Efici\u00eancia Energ\u00e9tica\",\"Porto\",\"reabilita\u00e7\u00e3o urbana\"],\"articleSection\":[\"Not\u00edcias\"],\"inLanguage\":\"pt-PT\"},{\"@type\":\"WebPage\",\"@id\":\"https:\/\/portaltela.pt\/noticias\/2026\/03\/12\/reabilitacao-da-secundaria-antonio-nobre-no-porto-custa-quase-16-milhoes\/\",\"url\":\"https:\/\/portaltela.pt\/noticias\/2026\/03\/12\/reabilitacao-da-secundaria-antonio-nobre-no-porto-custa-quase-16-milhoes\/\",\"name\":\"Reabilita\u00e7\u00e3o da Secund\u00e1ria Ant\u00f3nio Nobre no Porto custa quase 16 milh\u00f5es - Portal Tela Portugal\",\"isPartOf\":{\"@id\":\"https:\/\/portaltela.pt\/#website\"},\"primaryImageOfPage\":{\"@id\":\"https:\/\/portaltela.pt\/noticias\/2026\/03\/12\/reabilitacao-da-secundaria-antonio-nobre-no-porto-custa-quase-16-milhoes\/#primaryimage\"},\"image\":{\"@id\":\"https:\/\/portaltela.pt\/noticias\/2026\/03\/12\/reabilitacao-da-secundaria-antonio-nobre-no-porto-custa-quase-16-milhoes\/#primaryimage\"},\"thumbnailUrl\":\"https:\/\/portaltela.pt\/s.01k8rhncp4jt1\/2026\/03\/image-751.jpg\",\"datePublished\":\"2026-03-12T08:22:00+00:00\",\"author\":{\"@id\":\"https:\/\/portaltela.pt\/#\/schema\/person\/c4278d4a6028830caff9ee44b42d32ed\"},\"breadcrumb\":{\"@id\":\"https:\/\/portaltela.pt\/noticias\/2026\/03\/12\/reabilitacao-da-secundaria-antonio-nobre-no-porto-custa-quase-16-milhoes\/#breadcrumb\"},\"inLanguage\":\"pt-PT\",\"potentialAction\":[{\"@type\":\"ReadAction\",\"target\":[\"https:\/\/portaltela.pt\/noticias\/2026\/03\/12\/reabilitacao-da-secundaria-antonio-nobre-no-porto-custa-quase-16-milhoes\/\"]}]},{\"@type\":\"ImageObject\",\"inLanguage\":\"pt-PT\",\"@id\":\"https:\/\/portaltela.pt\/noticias\/2026\/03\/12\/reabilitacao-da-secundaria-antonio-nobre-no-porto-custa-quase-16-milhoes\/#primaryimage\",\"url\":\"https:\/\/portaltela.pt\/s.01k8rhncp4jt1\/2026\/03\/image-751.jpg\",\"contentUrl\":\"https:\/\/portaltela.pt\/s.01k8rhncp4jt1\/2026\/03\/image-751.jpg\",\"width\":796,\"height\":448,\"caption\":\"C\u00e2mara lan\u00e7ou concurso para elaborar projeto de reabilita\u00e7\u00e3o da escola\"},{\"@type\":\"BreadcrumbList\",\"@id\":\"https:\/\/portaltela.pt\/noticias\/2026\/03\/12\/reabilitacao-da-secundaria-antonio-nobre-no-porto-custa-quase-16-milhoes\/#breadcrumb\",\"itemListElement\":[{\"@type\":\"ListItem\",\"position\":1,\"name\":\"In\u00edcio\",\"item\":\"https:\/\/portaltela.pt\/\"},{\"@type\":\"ListItem\",\"position\":2,\"name\":\"Reabilita\u00e7\u00e3o da Secund\u00e1ria Ant\u00f3nio Nobre no Porto custa quase 16 milh\u00f5es\"}]},{\"@type\":\"WebSite\",\"@id\":\"https:\/\/portaltela.pt\/#website\",\"url\":\"https:\/\/portaltela.pt\/\",\"name\":\"Portal Tela Portugal\",\"description\":\"\",\"potentialAction\":[{\"@type\":\"SearchAction\",\"target\":{\"@type\":\"EntryPoint\",\"urlTemplate\":\"https:\/\/portaltela.pt\/?s={search_term_string}\"},\"query-input\":{\"@type\":\"PropertyValueSpecification\",\"valueRequired\":true,\"valueName\":\"search_term_string\"}}],\"inLanguage\":\"pt-PT\"},{\"@type\":\"Person\",\"@id\":\"https:\/\/portaltela.pt\/#\/schema\/person\/c4278d4a6028830caff9ee44b42d32ed\",\"name\":\"Telinha\",\"image\":{\"@type\":\"ImageObject\",\"inLanguage\":\"pt-PT\",\"@id\":\"https:\/\/portaltela.pt\/s.01k8rhncp4jt1\/2025\/11\/talking-bot-125x125.png\",\"url\":\"https:\/\/portaltela.pt\/s.01k8rhncp4jt1\/2025\/11\/talking-bot-125x125.png\",\"contentUrl\":\"https:\/\/portaltela.pt\/s.01k8rhncp4jt1\/2025\/11\/talking-bot-125x125.png\",\"caption\":\"Telinha\"},\"sameAs\":[\"https:\/\/portaltela.pt\/\"],\"url\":\"https:\/\/portaltela.pt\/por\/367410592786\/\"}]}<\/script>\n<!-- \/ Yoast SEO plugin. -->","yoast_head_json":{"title":"Reabilita\u00e7\u00e3o da Secund\u00e1ria Ant\u00f3nio Nobre no Porto custa quase 16 milh\u00f5es - Portal Tela Portugal","robots":{"index":"index","follow":"follow","max-snippet":"max-snippet:-1","max-image-preview":"max-image-preview:large","max-video-preview":"max-video-preview:-1"},"og_locale":"pt_PT","og_type":"article","og_title":"Reabilita\u00e7\u00e3o da Secund\u00e1ria Ant\u00f3nio Nobre no Porto custa quase 16 milh\u00f5es - Portal Tela Portugal","og_description":"A reabilita\u00e7\u00e3o da Escola Secund\u00e1ria Ant\u00f3nio Nobre, no Porto, vai custar quase 16 milh\u00f5es de euros. A c\u00e2mara lan\u00e7ou concurso para a elabora\u00e7\u00e3o do projeto de reabilita\u00e7\u00e3o da escola. A escola fica em Paranhos, tem mais de cinquenta anos e nunca teve obras de fundo. A institui\u00e7\u00e3o apresenta sinais de degrada\u00e7\u00e3o em v\u00e1rias estruturas. O objetivo \u00e9 requalificar o estabelecimento de ensino.","og_url":"https:\/\/portaltela.pt\/noticias\/2026\/03\/12\/reabilitacao-da-secundaria-antonio-nobre-no-porto-custa-quase-16-milhoes\/","og_site_name":"Portal Tela Portugal","article_published_time":"2026-03-12T08:22:00+00:00","author":"Telinha","twitter_card":"summary_large_image","twitter_misc":{"Escrito por":"Telinha","Tempo estimado de leitura":"1 minuto"},"schema":{"@context":"https:\/\/schema.org","@graph":[{"@type":"Article","@id":"https:\/\/portaltela.pt\/noticias\/2026\/03\/12\/reabilitacao-da-secundaria-antonio-nobre-no-porto-custa-quase-16-milhoes\/#article","isPartOf":{"@id":"https:\/\/portaltela.pt\/noticias\/2026\/03\/12\/reabilitacao-da-secundaria-antonio-nobre-no-porto-custa-quase-16-milhoes\/"},"author":{"name":"Telinha","@id":"https:\/\/portaltela.pt\/#\/schema\/person\/c4278d4a6028830caff9ee44b42d32ed"},"headline":"Reabilita\u00e7\u00e3o da Secund\u00e1ria Ant\u00f3nio Nobre no Porto custa quase 16 milh\u00f5es","datePublished":"2026-03-12T08:22:00+00:00","mainEntityOfPage":{"@id":"https:\/\/portaltela.pt\/noticias\/2026\/03\/12\/reabilitacao-da-secundaria-antonio-nobre-no-porto-custa-quase-16-milhoes\/"},"wordCount":136,"image":{"@id":"https:\/\/portaltela.pt\/noticias\/2026\/03\/12\/reabilitacao-da-secundaria-antonio-nobre-no-porto-custa-quase-16-milhoes\/#primaryimage"},"thumbnailUrl":"https:\/\/portaltela.pt\/s.01k8rhncp4jt1\/2026\/03\/image-751.jpg","keywords":["acessibilidade","Constru\u00e7\u00e3o","educa\u00e7\u00e3o","Efici\u00eancia Energ\u00e9tica","Porto","reabilita\u00e7\u00e3o urbana"],"articleSection":["Not\u00edcias"],"inLanguage":"pt-PT"},{"@type":"WebPage","@id":"https:\/\/portaltela.pt\/noticias\/2026\/03\/12\/reabilitacao-da-secundaria-antonio-nobre-no-porto-custa-quase-16-milhoes\/","url":"https:\/\/portaltela.pt\/noticias\/2026\/03\/12\/reabilitacao-da-secundaria-antonio-nobre-no-porto-custa-quase-16-milhoes\/","name":"Reabilita\u00e7\u00e3o da Secund\u00e1ria Ant\u00f3nio Nobre no Porto custa quase 16 milh\u00f5es - Portal Tela Portugal","isPartOf":{"@id":"https:\/\/portaltela.pt\/#website"},"primaryImageOfPage":{"@id":"https:\/\/portaltela.pt\/noticias\/2026\/03\/12\/reabilitacao-da-secundaria-antonio-nobre-no-porto-custa-quase-16-milhoes\/#primaryimage"},"image":{"@id":"https:\/\/portaltela.pt\/noticias\/2026\/03\/12\/reabilitacao-da-secundaria-antonio-nobre-no-porto-custa-quase-16-milhoes\/#primaryimage"},"thumbnailUrl":"https:\/\/portaltela.pt\/s.01k8rhncp4jt1\/2026\/03\/image-751.jpg","datePublished":"2026-03-12T08:22:00+00:00","author":{"@id":"https:\/\/portaltela.pt\/#\/schema\/person\/c4278d4a6028830caff9ee44b42d32ed"},"breadcrumb":{"@id":"https:\/\/portaltela.pt\/noticias\/2026\/03\/12\/reabilitacao-da-secundaria-antonio-nobre-no-porto-custa-quase-16-milhoes\/#breadcrumb"},"inLanguage":"pt-PT","potentialAction":[{"@type":"ReadAction","target":["https:\/\/portaltela.pt\/noticias\/2026\/03\/12\/reabilitacao-da-secundaria-antonio-nobre-no-porto-custa-quase-16-milhoes\/"]}]},{"@type":"ImageObject","inLanguage":"pt-PT","@id":"https:\/\/portaltela.pt\/noticias\/2026\/03\/12\/reabilitacao-da-secundaria-antonio-nobre-no-porto-custa-quase-16-milhoes\/#primaryimage","url":"https:\/\/portaltela.pt\/s.01k8rhncp4jt1\/2026\/03\/image-751.jpg","contentUrl":"https:\/\/portaltela.pt\/s.01k8rhncp4jt1\/2026\/03\/image-751.jpg","width":796,"height":448,"caption":"C\u00e2mara lan\u00e7ou concurso para elaborar projeto de reabilita\u00e7\u00e3o da escola"},{"@type":"BreadcrumbList","@id":"https:\/\/portaltela.pt\/noticias\/2026\/03\/12\/reabilitacao-da-secundaria-antonio-nobre-no-porto-custa-quase-16-milhoes\/#breadcrumb","itemListElement":[{"@type":"ListItem","position":1,"name":"In\u00edcio","item":"https:\/\/portaltela.pt\/"},{"@type":"ListItem","position":2,"name":"Reabilita\u00e7\u00e3o da Secund\u00e1ria Ant\u00f3nio Nobre no Porto custa quase 16 milh\u00f5es"}]},{"@type":"WebSite","@id":"https:\/\/portaltela.pt\/#website","url":"https:\/\/portaltela.pt\/","name":"Portal Tela Portugal","description":"","potentialAction":[{"@type":"SearchAction","target":{"@type":"EntryPoint","urlTemplate":"https:\/\/portaltela.pt\/?s={search_term_string}"},"query-input":{"@type":"PropertyValueSpecification","valueRequired":true,"valueName":"search_term_string"}}],"inLanguage":"pt-PT"},{"@type":"Person","@id":"https:\/\/portaltela.pt\/#\/schema\/person\/c4278d4a6028830caff9ee44b42d32ed","name":"Telinha","image":{"@type":"ImageObject","inLanguage":"pt-PT","@id":"https:\/\/portaltela.pt\/s.01k8rhncp4jt1\/2025\/11\/talking-bot-125x125.png","url":"https:\/\/portaltela.pt\/s.01k8rhncp4jt1\/2025\/11\/talking-bot-125x125.png","contentUrl":"https:\/\/portaltela.pt\/s.01k8rhncp4jt1\/2025\/11\/talking-bot-125x125.png","caption":"Telinha"},"sameAs":["https:\/\/portaltela.pt\/"],"url":"https:\/\/portaltela.pt\/por\/367410592786\/"}]}},"_links":{"self":[{"href":"https:\/\/portaltela.pt\/api\/wp\/v2\/posts\/407011","targetHints":{"allow":["GET"]}}],"collection":[{"href":"https:\/\/portaltela.pt\/api\/wp\/v2\/posts"}],"about":[{"href":"https:\/\/portaltela.pt\/api\/wp\/v2\/types\/post"}],"author":[{"embeddable":true,"href":"https:\/\/portaltela.pt\/api\/wp\/v2\/users\/2"}],"replies":[{"embeddable":true,"href":"https:\/\/portaltela.pt\/api\/wp\/v2\/comments?post=407011"}],"version-history":[{"count":0,"href":"https:\/\/portaltela.pt\/api\/wp\/v2\/posts\/407011\/revisions"}],"wp:featuredmedia":[{"embeddable":true,"href":"https:\/\/portaltela.pt\/api\/wp\/v2\/media\/407016"}],"wp:attachment":[{"href":"https:\/\/portaltela.pt\/api\/wp\/v2\/media?parent=407011"}],"wp:term":[{"taxonomy":"category","embeddable":true,"href":"https:\/\/portaltela.pt\/api\/wp\/v2\/categories?post=407011"},{"taxonomy":"post_tag","embeddable":true,"href":"https:\/\/portaltela.pt\/api\/wp\/v2\/tags?post=407011"}],"curies":[{"name":"wp","href":"https:\/\/api.w.org\/{rel}","templated":true}]}}