{"id":406993,"date":"2026-03-12T05:16:35","date_gmt":"2026-03-12T08:16:35","guid":{"rendered":"https:\/\/portaltela.pt\/noticias\/2026\/03\/12\/casos-de-tortura-por-agentes-abalam-a-policia-de-seguranca-publica\/"},"modified":"2026-03-12T05:16:35","modified_gmt":"2026-03-12T08:16:35","slug":"casos-de-tortura-por-agentes-abalam-a-policia-de-seguranca-publica","status":"publish","type":"post","link":"https:\/\/portaltela.pt\/seguranca\/2026\/03\/12\/casos-de-tortura-por-agentes-abalam-a-policia-de-seguranca-publica\/","title":{"rendered":"Casos de tortura por agentes abalam a Pol\u00edcia de Seguran\u00e7a P\u00fablica"},"content":{"rendered":"<p>Sete agentes da PSP ficaram em pris\u00e3o preventiva por suspeitas de tortura grave, viola\u00e7\u00e3o consumada e tentada, abuso de poder, deten\u00e7\u00e3o de arma proibida e ofensas \u00e0 integridade f\u00edsica graves. Os factos ocorreram na Esquadra do Rato, em Lisboa, no dia 4 de mar\u00e7o. A pris\u00e3o justifica-se pelo risco de continua\u00e7\u00e3o da atividade criminosa, perturba\u00e7\u00e3o da ordem p\u00fablica e preserva\u00e7\u00e3o de provas.<\/p>\n<p>A investiga\u00e7\u00e3o aponta para a exist\u00eancia de v\u00eddeos e fotografias partilhados em grupos de mensagens entre v\u00e1rios agentes. O processo est\u00e1 em segredo de justi\u00e7a e pode abranger cerca de 70 colegas de v\u00e1rias esquadras, incluindo potenciais chefias, conforme informa\u00e7\u00f5es recolhidas pela imprensa.<\/p>\n<p>Na sequ\u00eancia do caso, o Comando Metropolitano de Lisboa abriu sete processos disciplinares. A PSP afirma repudiar qualquer conduta que contrarie princ\u00edpios institucionais e acrescenta que, assim que teve conhecimento dos factos, denunciou, investigou e colaborou com o Minist\u00e9rio P\u00fablico.<\/p>\n<h3>Investiga\u00e7\u00e3o em curso<\/h3>\n<p>O departamento de IGAI descreveu os processos como priorit\u00e1rios, com tratamento c\u00e9lere devido \u00e0 sua relev\u00e2ncia. Para al\u00e9m dos sete agentes detidos, outros dois elementos da PSP permanecem em pris\u00e3o preventiva por crimes semelhantes na mesma esquadra, com liga\u00e7\u00f5es a opera\u00e7\u00f5es anteriores.<\/p>\n<p>Estes dois casos remontam a a\u00e7\u00f5es preparat\u00f3rias de busca a v\u00e1rias esquadras da capital, envolvendo alegadas pr\u00e1ticas de tortura, ofensas graves e outros il\u00edcitos. O Minist\u00e9rio P\u00fablico j\u00e1 comunicou que a PSP denunciou os factos, dando in\u00edcio \u00e0s dilig\u00eancias legais.<\/p>\n<p>O sindicato SINAPOL alerta para impactos reputacionais na PSP e defende que, se confirmadas as acusa\u00e7\u00f5es, n\u00e3o devem haver lugar para quem violar padr\u00f5es \u00e9ticos. O sindicalista ressalva que a justi\u00e7a dever\u00e1 apurar responsabilidades e que a entrada na pol\u00edcia tem vindo a sofrer altera\u00e7\u00f5es no recrutamento.<\/p>\n<p>O ministro da Administra\u00e7\u00e3o Interna sublinha que a esmagadora maioria dos profissionais serve Portugal com integridade. Refor\u00e7a que a den\u00fancia partiu internamente, demonstrando mecanismos de controlo e preven\u00e7\u00e3o em funcionamento.<\/p>\n<p>No contexto, o processo de admiss\u00e3o na PSP tem passado por mudan\u00e7as para ampliar o recrutamento, incluindo aumento da idade de entrada e elimina\u00e7\u00e3o de barreiras f\u00edsicas, com o objetivo de responder a vagas e a atratividade da carreira.<\/p>\n","protected":false},"excerpt":{"rendered":"<ul>\n<li>Sete agentes da Pol\u00edcia de Seguran\u00e7a P\u00fablica est\u00e3o em pris\u00e3o preventiva por tortura grave, viola\u00e7\u00e3o consumada e tentada, abuso de poder e ofensas \u00e0 integridade f\u00edsica graves, ocorridos na Esquadra do Rato, em Lisboa.<\/li>\n<li>A investiga\u00e7\u00e3o pode envolver cerca de setenta colegas de v\u00e1rias esquadras e at\u00e9 alguns com patente de chefe, com v\u00eddeos e fotos a circularem sem den\u00fancias anteriores.<\/li>\n<li>Em rea\u00e7\u00e3o, a PSP abriu sete processos disciplinares e disse repudiar qualquer conduta que viole princ\u00edpios, acionando dilig\u00eancias sob coordena\u00e7\u00e3o do Minist\u00e9rio P\u00fablico.<\/li>\n<li>O inspetor-geral da Administra\u00e7\u00e3o Interna classificou os processos como priorit\u00e1rios, para serem tratados de forma mais c\u00e9lere devido \u00e0 relev\u00e2ncia.<\/li>\n<li>No total, j\u00e1 s\u00e3o nove agentes detidos por suspeitas de tortura, com processos criminais e disciplinares em curso.<\/li>\n<\/ul>\n","protected":false},"author":2,"featured_media":406994,"comment_status":"closed","ping_status":"closed","sticky":false,"template":"","format":"standard","meta":{"footnotes":""},"categories":[6781,6779],"tags":[470,215,3418,1381,250,3535],"class_list":["post-406993","post","type-post","status-publish","format-standard","has-post-thumbnail","hentry","category-policia","category-seguranca","tag-abuso-de-autoridade","tag-investigacao","tag-policia-de-seguranca-publica","tag-psp","tag-seguranca-publica","tag-tortura"],"yoast_head":"<!-- This site is optimized with the Yoast SEO plugin v27.2 - https:\/\/yoast.com\/product\/yoast-seo-wordpress\/ -->\n<title>Casos de tortura por agentes abalam a Pol\u00edcia de Seguran\u00e7a P\u00fablica - Portal Tela Portugal<\/title>\n<meta name=\"robots\" content=\"index, follow, max-snippet:-1, max-image-preview:large, max-video-preview:-1\" \/>\n<meta property=\"og:locale\" content=\"pt_PT\" \/>\n<meta property=\"og:type\" content=\"article\" \/>\n<meta property=\"og:title\" content=\"Casos de tortura por agentes abalam a Pol\u00edcia de Seguran\u00e7a P\u00fablica - Portal Tela Portugal\" \/>\n<meta property=\"og:description\" content=\"Sete agentes da Pol\u00edcia de Seguran\u00e7a P\u00fablica est\u00e3o em pris\u00e3o preventiva por tortura grave, viola\u00e7\u00e3o consumada e tentada, abuso de poder e ofensas \u00e0 integridade f\u00edsica graves, ocorridos na Esquadra do Rato, em Lisboa. A investiga\u00e7\u00e3o pode envolver cerca de setenta colegas de v\u00e1rias esquadras e at\u00e9 alguns com patente de chefe, com v\u00eddeos e fotos a circularem sem den\u00fancias anteriores. Em rea\u00e7\u00e3o, a PSP abriu sete processos disciplinares e disse repudiar qualquer conduta que viole princ\u00edpios, acionando dilig\u00eancias sob coordena\u00e7\u00e3o do Minist\u00e9rio P\u00fablico. O inspetor-geral da Administra\u00e7\u00e3o Interna classificou os processos como priorit\u00e1rios, para serem tratados de forma mais c\u00e9lere devido \u00e0 relev\u00e2ncia. No total, j\u00e1 s\u00e3o nove agentes detidos por suspeitas de tortura, com processos criminais e disciplinares em curso.\" \/>\n<meta property=\"og:url\" content=\"https:\/\/portaltela.pt\/noticias\/2026\/03\/12\/casos-de-tortura-por-agentes-abalam-a-policia-de-seguranca-publica\/\" \/>\n<meta property=\"og:site_name\" content=\"Portal Tela Portugal\" \/>\n<meta property=\"article:published_time\" content=\"2026-03-12T08:16:35+00:00\" \/>\n<meta name=\"author\" content=\"Telinha\" \/>\n<meta name=\"twitter:card\" content=\"summary_large_image\" \/>\n<meta name=\"twitter:label1\" content=\"Escrito por\" \/>\n\t<meta name=\"twitter:data1\" content=\"Telinha\" \/>\n\t<meta name=\"twitter:label2\" content=\"Tempo estimado de leitura\" \/>\n\t<meta name=\"twitter:data2\" content=\"2 minutos\" \/>\n<script type=\"application\/ld+json\" class=\"yoast-schema-graph\">{\"@context\":\"https:\/\/schema.org\",\"@graph\":[{\"@type\":\"Article\",\"@id\":\"https:\/\/portaltela.pt\/noticias\/2026\/03\/12\/casos-de-tortura-por-agentes-abalam-a-policia-de-seguranca-publica\/#article\",\"isPartOf\":{\"@id\":\"https:\/\/portaltela.pt\/noticias\/2026\/03\/12\/casos-de-tortura-por-agentes-abalam-a-policia-de-seguranca-publica\/\"},\"author\":{\"name\":\"Telinha\",\"@id\":\"https:\/\/portaltela.pt\/#\/schema\/person\/c4278d4a6028830caff9ee44b42d32ed\"},\"headline\":\"Casos de tortura por agentes abalam a Pol\u00edcia de Seguran\u00e7a P\u00fablica\",\"datePublished\":\"2026-03-12T08:16:35+00:00\",\"mainEntityOfPage\":{\"@id\":\"https:\/\/portaltela.pt\/noticias\/2026\/03\/12\/casos-de-tortura-por-agentes-abalam-a-policia-de-seguranca-publica\/\"},\"wordCount\":408,\"image\":{\"@id\":\"https:\/\/portaltela.pt\/noticias\/2026\/03\/12\/casos-de-tortura-por-agentes-abalam-a-policia-de-seguranca-publica\/#primaryimage\"},\"thumbnailUrl\":\"https:\/\/portaltela.pt\/s.01k8rhncp4jt1\/2026\/03\/1536x864_cmsv2_a4d5a861-106d-584f-9931-795acc28e78e-9680803.jpg\",\"keywords\":[\"abuso de autoridade\",\"investiga\u00e7\u00e3o\",\"Pol\u00edcia de Seguran\u00e7a P\u00fablica\",\"PSP\",\"seguran\u00e7a p\u00fablica\",\"tortura\"],\"articleSection\":[\"Pol\u00edcia\",\"Seguran\u00e7a\"],\"inLanguage\":\"pt-PT\"},{\"@type\":\"WebPage\",\"@id\":\"https:\/\/portaltela.pt\/noticias\/2026\/03\/12\/casos-de-tortura-por-agentes-abalam-a-policia-de-seguranca-publica\/\",\"url\":\"https:\/\/portaltela.pt\/noticias\/2026\/03\/12\/casos-de-tortura-por-agentes-abalam-a-policia-de-seguranca-publica\/\",\"name\":\"Casos de tortura por agentes abalam a Pol\u00edcia de Seguran\u00e7a P\u00fablica - Portal Tela Portugal\",\"isPartOf\":{\"@id\":\"https:\/\/portaltela.pt\/#website\"},\"primaryImageOfPage\":{\"@id\":\"https:\/\/portaltela.pt\/noticias\/2026\/03\/12\/casos-de-tortura-por-agentes-abalam-a-policia-de-seguranca-publica\/#primaryimage\"},\"image\":{\"@id\":\"https:\/\/portaltela.pt\/noticias\/2026\/03\/12\/casos-de-tortura-por-agentes-abalam-a-policia-de-seguranca-publica\/#primaryimage\"},\"thumbnailUrl\":\"https:\/\/portaltela.pt\/s.01k8rhncp4jt1\/2026\/03\/1536x864_cmsv2_a4d5a861-106d-584f-9931-795acc28e78e-9680803.jpg\",\"datePublished\":\"2026-03-12T08:16:35+00:00\",\"author\":{\"@id\":\"https:\/\/portaltela.pt\/#\/schema\/person\/c4278d4a6028830caff9ee44b42d32ed\"},\"breadcrumb\":{\"@id\":\"https:\/\/portaltela.pt\/noticias\/2026\/03\/12\/casos-de-tortura-por-agentes-abalam-a-policia-de-seguranca-publica\/#breadcrumb\"},\"inLanguage\":\"pt-PT\",\"potentialAction\":[{\"@type\":\"ReadAction\",\"target\":[\"https:\/\/portaltela.pt\/noticias\/2026\/03\/12\/casos-de-tortura-por-agentes-abalam-a-policia-de-seguranca-publica\/\"]}]},{\"@type\":\"ImageObject\",\"inLanguage\":\"pt-PT\",\"@id\":\"https:\/\/portaltela.pt\/noticias\/2026\/03\/12\/casos-de-tortura-por-agentes-abalam-a-policia-de-seguranca-publica\/#primaryimage\",\"url\":\"https:\/\/portaltela.pt\/s.01k8rhncp4jt1\/2026\/03\/1536x864_cmsv2_a4d5a861-106d-584f-9931-795acc28e78e-9680803.jpg\",\"contentUrl\":\"https:\/\/portaltela.pt\/s.01k8rhncp4jt1\/2026\/03\/1536x864_cmsv2_a4d5a861-106d-584f-9931-795acc28e78e-9680803.jpg\",\"width\":1536,\"height\":864,\"caption\":\"Caso de tortura na PSP pode alastrar-se a centenas de agentes\"},{\"@type\":\"BreadcrumbList\",\"@id\":\"https:\/\/portaltela.pt\/noticias\/2026\/03\/12\/casos-de-tortura-por-agentes-abalam-a-policia-de-seguranca-publica\/#breadcrumb\",\"itemListElement\":[{\"@type\":\"ListItem\",\"position\":1,\"name\":\"In\u00edcio\",\"item\":\"https:\/\/portaltela.pt\/\"},{\"@type\":\"ListItem\",\"position\":2,\"name\":\"Casos de tortura por agentes abalam a Pol\u00edcia de Seguran\u00e7a P\u00fablica\"}]},{\"@type\":\"WebSite\",\"@id\":\"https:\/\/portaltela.pt\/#website\",\"url\":\"https:\/\/portaltela.pt\/\",\"name\":\"Portal Tela Portugal\",\"description\":\"\",\"potentialAction\":[{\"@type\":\"SearchAction\",\"target\":{\"@type\":\"EntryPoint\",\"urlTemplate\":\"https:\/\/portaltela.pt\/?s={search_term_string}\"},\"query-input\":{\"@type\":\"PropertyValueSpecification\",\"valueRequired\":true,\"valueName\":\"search_term_string\"}}],\"inLanguage\":\"pt-PT\"},{\"@type\":\"Person\",\"@id\":\"https:\/\/portaltela.pt\/#\/schema\/person\/c4278d4a6028830caff9ee44b42d32ed\",\"name\":\"Telinha\",\"image\":{\"@type\":\"ImageObject\",\"inLanguage\":\"pt-PT\",\"@id\":\"https:\/\/portaltela.pt\/s.01k8rhncp4jt1\/2025\/11\/talking-bot-125x125.png\",\"url\":\"https:\/\/portaltela.pt\/s.01k8rhncp4jt1\/2025\/11\/talking-bot-125x125.png\",\"contentUrl\":\"https:\/\/portaltela.pt\/s.01k8rhncp4jt1\/2025\/11\/talking-bot-125x125.png\",\"caption\":\"Telinha\"},\"sameAs\":[\"https:\/\/portaltela.pt\/\"],\"url\":\"https:\/\/portaltela.pt\/por\/367410592786\/\"}]}<\/script>\n<!-- \/ Yoast SEO plugin. -->","yoast_head_json":{"title":"Casos de tortura por agentes abalam a Pol\u00edcia de Seguran\u00e7a P\u00fablica - Portal Tela Portugal","robots":{"index":"index","follow":"follow","max-snippet":"max-snippet:-1","max-image-preview":"max-image-preview:large","max-video-preview":"max-video-preview:-1"},"og_locale":"pt_PT","og_type":"article","og_title":"Casos de tortura por agentes abalam a Pol\u00edcia de Seguran\u00e7a P\u00fablica - Portal Tela Portugal","og_description":"Sete agentes da Pol\u00edcia de Seguran\u00e7a P\u00fablica est\u00e3o em pris\u00e3o preventiva por tortura grave, viola\u00e7\u00e3o consumada e tentada, abuso de poder e ofensas \u00e0 integridade f\u00edsica graves, ocorridos na Esquadra do Rato, em Lisboa. A investiga\u00e7\u00e3o pode envolver cerca de setenta colegas de v\u00e1rias esquadras e at\u00e9 alguns com patente de chefe, com v\u00eddeos e fotos a circularem sem den\u00fancias anteriores. Em rea\u00e7\u00e3o, a PSP abriu sete processos disciplinares e disse repudiar qualquer conduta que viole princ\u00edpios, acionando dilig\u00eancias sob coordena\u00e7\u00e3o do Minist\u00e9rio P\u00fablico. O inspetor-geral da Administra\u00e7\u00e3o Interna classificou os processos como priorit\u00e1rios, para serem tratados de forma mais c\u00e9lere devido \u00e0 relev\u00e2ncia. No total, j\u00e1 s\u00e3o nove agentes detidos por suspeitas de tortura, com processos criminais e disciplinares em curso.","og_url":"https:\/\/portaltela.pt\/noticias\/2026\/03\/12\/casos-de-tortura-por-agentes-abalam-a-policia-de-seguranca-publica\/","og_site_name":"Portal Tela Portugal","article_published_time":"2026-03-12T08:16:35+00:00","author":"Telinha","twitter_card":"summary_large_image","twitter_misc":{"Escrito por":"Telinha","Tempo estimado de leitura":"2 minutos"},"schema":{"@context":"https:\/\/schema.org","@graph":[{"@type":"Article","@id":"https:\/\/portaltela.pt\/noticias\/2026\/03\/12\/casos-de-tortura-por-agentes-abalam-a-policia-de-seguranca-publica\/#article","isPartOf":{"@id":"https:\/\/portaltela.pt\/noticias\/2026\/03\/12\/casos-de-tortura-por-agentes-abalam-a-policia-de-seguranca-publica\/"},"author":{"name":"Telinha","@id":"https:\/\/portaltela.pt\/#\/schema\/person\/c4278d4a6028830caff9ee44b42d32ed"},"headline":"Casos de tortura por agentes abalam a Pol\u00edcia de Seguran\u00e7a P\u00fablica","datePublished":"2026-03-12T08:16:35+00:00","mainEntityOfPage":{"@id":"https:\/\/portaltela.pt\/noticias\/2026\/03\/12\/casos-de-tortura-por-agentes-abalam-a-policia-de-seguranca-publica\/"},"wordCount":408,"image":{"@id":"https:\/\/portaltela.pt\/noticias\/2026\/03\/12\/casos-de-tortura-por-agentes-abalam-a-policia-de-seguranca-publica\/#primaryimage"},"thumbnailUrl":"https:\/\/portaltela.pt\/s.01k8rhncp4jt1\/2026\/03\/1536x864_cmsv2_a4d5a861-106d-584f-9931-795acc28e78e-9680803.jpg","keywords":["abuso de autoridade","investiga\u00e7\u00e3o","Pol\u00edcia de Seguran\u00e7a P\u00fablica","PSP","seguran\u00e7a p\u00fablica","tortura"],"articleSection":["Pol\u00edcia","Seguran\u00e7a"],"inLanguage":"pt-PT"},{"@type":"WebPage","@id":"https:\/\/portaltela.pt\/noticias\/2026\/03\/12\/casos-de-tortura-por-agentes-abalam-a-policia-de-seguranca-publica\/","url":"https:\/\/portaltela.pt\/noticias\/2026\/03\/12\/casos-de-tortura-por-agentes-abalam-a-policia-de-seguranca-publica\/","name":"Casos de tortura por agentes abalam a Pol\u00edcia de Seguran\u00e7a P\u00fablica - Portal Tela Portugal","isPartOf":{"@id":"https:\/\/portaltela.pt\/#website"},"primaryImageOfPage":{"@id":"https:\/\/portaltela.pt\/noticias\/2026\/03\/12\/casos-de-tortura-por-agentes-abalam-a-policia-de-seguranca-publica\/#primaryimage"},"image":{"@id":"https:\/\/portaltela.pt\/noticias\/2026\/03\/12\/casos-de-tortura-por-agentes-abalam-a-policia-de-seguranca-publica\/#primaryimage"},"thumbnailUrl":"https:\/\/portaltela.pt\/s.01k8rhncp4jt1\/2026\/03\/1536x864_cmsv2_a4d5a861-106d-584f-9931-795acc28e78e-9680803.jpg","datePublished":"2026-03-12T08:16:35+00:00","author":{"@id":"https:\/\/portaltela.pt\/#\/schema\/person\/c4278d4a6028830caff9ee44b42d32ed"},"breadcrumb":{"@id":"https:\/\/portaltela.pt\/noticias\/2026\/03\/12\/casos-de-tortura-por-agentes-abalam-a-policia-de-seguranca-publica\/#breadcrumb"},"inLanguage":"pt-PT","potentialAction":[{"@type":"ReadAction","target":["https:\/\/portaltela.pt\/noticias\/2026\/03\/12\/casos-de-tortura-por-agentes-abalam-a-policia-de-seguranca-publica\/"]}]},{"@type":"ImageObject","inLanguage":"pt-PT","@id":"https:\/\/portaltela.pt\/noticias\/2026\/03\/12\/casos-de-tortura-por-agentes-abalam-a-policia-de-seguranca-publica\/#primaryimage","url":"https:\/\/portaltela.pt\/s.01k8rhncp4jt1\/2026\/03\/1536x864_cmsv2_a4d5a861-106d-584f-9931-795acc28e78e-9680803.jpg","contentUrl":"https:\/\/portaltela.pt\/s.01k8rhncp4jt1\/2026\/03\/1536x864_cmsv2_a4d5a861-106d-584f-9931-795acc28e78e-9680803.jpg","width":1536,"height":864,"caption":"Caso de tortura na PSP pode alastrar-se a centenas de agentes"},{"@type":"BreadcrumbList","@id":"https:\/\/portaltela.pt\/noticias\/2026\/03\/12\/casos-de-tortura-por-agentes-abalam-a-policia-de-seguranca-publica\/#breadcrumb","itemListElement":[{"@type":"ListItem","position":1,"name":"In\u00edcio","item":"https:\/\/portaltela.pt\/"},{"@type":"ListItem","position":2,"name":"Casos de tortura por agentes abalam a Pol\u00edcia de Seguran\u00e7a P\u00fablica"}]},{"@type":"WebSite","@id":"https:\/\/portaltela.pt\/#website","url":"https:\/\/portaltela.pt\/","name":"Portal Tela Portugal","description":"","potentialAction":[{"@type":"SearchAction","target":{"@type":"EntryPoint","urlTemplate":"https:\/\/portaltela.pt\/?s={search_term_string}"},"query-input":{"@type":"PropertyValueSpecification","valueRequired":true,"valueName":"search_term_string"}}],"inLanguage":"pt-PT"},{"@type":"Person","@id":"https:\/\/portaltela.pt\/#\/schema\/person\/c4278d4a6028830caff9ee44b42d32ed","name":"Telinha","image":{"@type":"ImageObject","inLanguage":"pt-PT","@id":"https:\/\/portaltela.pt\/s.01k8rhncp4jt1\/2025\/11\/talking-bot-125x125.png","url":"https:\/\/portaltela.pt\/s.01k8rhncp4jt1\/2025\/11\/talking-bot-125x125.png","contentUrl":"https:\/\/portaltela.pt\/s.01k8rhncp4jt1\/2025\/11\/talking-bot-125x125.png","caption":"Telinha"},"sameAs":["https:\/\/portaltela.pt\/"],"url":"https:\/\/portaltela.pt\/por\/367410592786\/"}]}},"_links":{"self":[{"href":"https:\/\/portaltela.pt\/api\/wp\/v2\/posts\/406993","targetHints":{"allow":["GET"]}}],"collection":[{"href":"https:\/\/portaltela.pt\/api\/wp\/v2\/posts"}],"about":[{"href":"https:\/\/portaltela.pt\/api\/wp\/v2\/types\/post"}],"author":[{"embeddable":true,"href":"https:\/\/portaltela.pt\/api\/wp\/v2\/users\/2"}],"replies":[{"embeddable":true,"href":"https:\/\/portaltela.pt\/api\/wp\/v2\/comments?post=406993"}],"version-history":[{"count":0,"href":"https:\/\/portaltela.pt\/api\/wp\/v2\/posts\/406993\/revisions"}],"wp:featuredmedia":[{"embeddable":true,"href":"https:\/\/portaltela.pt\/api\/wp\/v2\/media\/406994"}],"wp:attachment":[{"href":"https:\/\/portaltela.pt\/api\/wp\/v2\/media?parent=406993"}],"wp:term":[{"taxonomy":"category","embeddable":true,"href":"https:\/\/portaltela.pt\/api\/wp\/v2\/categories?post=406993"},{"taxonomy":"post_tag","embeddable":true,"href":"https:\/\/portaltela.pt\/api\/wp\/v2\/tags?post=406993"}],"curies":[{"name":"wp","href":"https:\/\/api.w.org\/{rel}","templated":true}]}}