{"id":406988,"date":"2026-03-12T04:45:39","date_gmt":"2026-03-12T07:45:39","guid":{"rendered":"https:\/\/portaltela.pt\/noticias\/2026\/03\/12\/pedida-rapidez-na-investigacao-do-assassinato-de-jornalista-na-venezuela\/"},"modified":"2026-03-12T04:45:39","modified_gmt":"2026-03-12T07:45:39","slug":"pedida-rapidez-na-investigacao-do-assassinato-de-jornalista-na-venezuela","status":"publish","type":"post","link":"https:\/\/portaltela.pt\/justica\/2026\/03\/12\/pedida-rapidez-na-investigacao-do-assassinato-de-jornalista-na-venezuela\/","title":{"rendered":"Pedida rapidez na investiga\u00e7\u00e3o do assassinato de jornalista na Venezuela"},"content":{"rendered":"<p>O Col\u00e9gio Nacional de Jornalistas (CNP) pediu celeridade \u00e0s investiga\u00e7\u00f5es sobre o assassinato da jornalista Yolimar Hidalgo, ocorrido em Cagua, no estado de Ar\u00e1gua. O ocorrido eleva para dois o n\u00famero de profissionais assassinados este m\u00eas na Venezuela.<\/p>\n<p>Hidalgo tinha 30 anos e foi morta no domingo por um tiro na cabe\u00e7a, numa resid\u00eancia do bairro Huete, em Cagua, munic\u00edpio de Sucre.<\/p>\n<p>O an\u00fancio foi feito por comunicado divulgado na rede social X na quarta-feira, defendendo que as investiga\u00e7\u00f5es avancem para esclarecer o caso.<\/p>\n<p>O sucedido aumenta o saldo de viol\u00eancia contra jornalistas no pa\u00eds, com informa\u00e7\u00f5es locais a indicar a dupla morte de profissionais neste m\u00eas. As autoridades n\u00e3o avan\u00e7aram com pris\u00f5es ou motiva\u00e7\u00f5es at\u00e9 o momento.<\/p>\n","protected":false},"excerpt":{"rendered":"<ul>\n<li>O Col\u00e9gio Nacional de Jornalistas (CNP) pediu celeridade \u00e0s autoridades nas investiga\u00e7\u00f5es sobre o assass\u00ednio da jornalista Yolimar Hidalgo, em C\u00e1gua, Ar\u00e1gua, Venezuela.<\/li>\n<li>Hidalgo, de 30 anos, morreu ap\u00f3s ser atingida por um tiro na cabe\u00e7a numa resid\u00eancia do bairro Huete, em C\u00e1gua, munic\u00edpio de Sucre.<\/li>\n<li>O caso eleva para dois o n\u00famero de profissionais da comunica\u00e7\u00e3o assassinados este m\u00eas no pa\u00eds.<\/li>\n<li>Segundo a imprensa local, o incidente ocorreu no domingo.<\/li>\n<li>A solicita\u00e7\u00e3o do CNP foi divulgada numa mensagem publicada na rede social X.<\/li>\n<\/ul>\n","protected":false},"author":2,"featured_media":406990,"comment_status":"closed","ping_status":"closed","sticky":false,"template":"","format":"standard","meta":{"footnotes":""},"categories":[6907,6815],"tags":[5842,147,6369,5707,2758,939],"class_list":["post-406988","post","type-post","status-publish","format-standard","has-post-thumbnail","hentry","category-crime","category-justica","tag-assassinatos","tag-crime","tag-homicidios","tag-jornalistas","tag-venezuela","tag-violencia"],"yoast_head":"<!-- This site is optimized with the Yoast SEO plugin v27.2 - https:\/\/yoast.com\/product\/yoast-seo-wordpress\/ -->\n<title>Pedida rapidez na investiga\u00e7\u00e3o do assassinato de jornalista na Venezuela - Portal Tela Portugal<\/title>\n<meta name=\"robots\" content=\"index, follow, max-snippet:-1, max-image-preview:large, max-video-preview:-1\" \/>\n<meta property=\"og:locale\" content=\"pt_PT\" \/>\n<meta property=\"og:type\" content=\"article\" \/>\n<meta property=\"og:title\" content=\"Pedida rapidez na investiga\u00e7\u00e3o do assassinato de jornalista na Venezuela - Portal Tela Portugal\" \/>\n<meta property=\"og:description\" content=\"O Col\u00e9gio Nacional de Jornalistas (CNP) pediu celeridade \u00e0s autoridades nas investiga\u00e7\u00f5es sobre o assass\u00ednio da jornalista Yolimar Hidalgo, em C\u00e1gua, Ar\u00e1gua, Venezuela. Hidalgo, de 30 anos, morreu ap\u00f3s ser atingida por um tiro na cabe\u00e7a numa resid\u00eancia do bairro Huete, em C\u00e1gua, munic\u00edpio de Sucre. O caso eleva para dois o n\u00famero de profissionais da comunica\u00e7\u00e3o assassinados este m\u00eas no pa\u00eds. Segundo a imprensa local, o incidente ocorreu no domingo. A solicita\u00e7\u00e3o do CNP foi divulgada numa mensagem publicada na rede social X.\" \/>\n<meta property=\"og:url\" content=\"https:\/\/portaltela.pt\/noticias\/2026\/03\/12\/pedida-rapidez-na-investigacao-do-assassinato-de-jornalista-na-venezuela\/\" \/>\n<meta property=\"og:site_name\" content=\"Portal Tela Portugal\" \/>\n<meta property=\"article:published_time\" content=\"2026-03-12T07:45:39+00:00\" \/>\n<meta name=\"author\" content=\"Telinha\" \/>\n<meta name=\"twitter:card\" content=\"summary_large_image\" \/>\n<meta name=\"twitter:label1\" content=\"Escrito por\" \/>\n\t<meta name=\"twitter:data1\" content=\"Telinha\" \/>\n\t<meta name=\"twitter:label2\" content=\"Tempo estimado de leitura\" \/>\n\t<meta name=\"twitter:data2\" content=\"1 minuto\" \/>\n<script type=\"application\/ld+json\" class=\"yoast-schema-graph\">{\"@context\":\"https:\/\/schema.org\",\"@graph\":[{\"@type\":\"Article\",\"@id\":\"https:\/\/portaltela.pt\/noticias\/2026\/03\/12\/pedida-rapidez-na-investigacao-do-assassinato-de-jornalista-na-venezuela\/#article\",\"isPartOf\":{\"@id\":\"https:\/\/portaltela.pt\/noticias\/2026\/03\/12\/pedida-rapidez-na-investigacao-do-assassinato-de-jornalista-na-venezuela\/\"},\"author\":{\"name\":\"Telinha\",\"@id\":\"https:\/\/portaltela.pt\/#\/schema\/person\/c4278d4a6028830caff9ee44b42d32ed\"},\"headline\":\"Pedida rapidez na investiga\u00e7\u00e3o do assassinato de jornalista na Venezuela\",\"datePublished\":\"2026-03-12T07:45:39+00:00\",\"mainEntityOfPage\":{\"@id\":\"https:\/\/portaltela.pt\/noticias\/2026\/03\/12\/pedida-rapidez-na-investigacao-do-assassinato-de-jornalista-na-venezuela\/\"},\"wordCount\":146,\"image\":{\"@id\":\"https:\/\/portaltela.pt\/noticias\/2026\/03\/12\/pedida-rapidez-na-investigacao-do-assassinato-de-jornalista-na-venezuela\/#primaryimage\"},\"thumbnailUrl\":\"https:\/\/portaltela.pt\/s.01k8rhncp4jt1\/2026\/03\/img_1500x1000uu2026-03-12-07-45-15-2271869-im-639088983277540192.jpg\",\"keywords\":[\"assassinatos\",\"crime\",\"homic\u00eddios\",\"jornalistas\",\"Venezuela\",\"viol\u00eancia\"],\"articleSection\":[\"Crime\",\"Justi\u00e7a\"],\"inLanguage\":\"pt-PT\"},{\"@type\":\"WebPage\",\"@id\":\"https:\/\/portaltela.pt\/noticias\/2026\/03\/12\/pedida-rapidez-na-investigacao-do-assassinato-de-jornalista-na-venezuela\/\",\"url\":\"https:\/\/portaltela.pt\/noticias\/2026\/03\/12\/pedida-rapidez-na-investigacao-do-assassinato-de-jornalista-na-venezuela\/\",\"name\":\"Pedida rapidez na investiga\u00e7\u00e3o do assassinato de jornalista na Venezuela - Portal Tela Portugal\",\"isPartOf\":{\"@id\":\"https:\/\/portaltela.pt\/#website\"},\"primaryImageOfPage\":{\"@id\":\"https:\/\/portaltela.pt\/noticias\/2026\/03\/12\/pedida-rapidez-na-investigacao-do-assassinato-de-jornalista-na-venezuela\/#primaryimage\"},\"image\":{\"@id\":\"https:\/\/portaltela.pt\/noticias\/2026\/03\/12\/pedida-rapidez-na-investigacao-do-assassinato-de-jornalista-na-venezuela\/#primaryimage\"},\"thumbnailUrl\":\"https:\/\/portaltela.pt\/s.01k8rhncp4jt1\/2026\/03\/img_1500x1000uu2026-03-12-07-45-15-2271869-im-639088983277540192.jpg\",\"datePublished\":\"2026-03-12T07:45:39+00:00\",\"author\":{\"@id\":\"https:\/\/portaltela.pt\/#\/schema\/person\/c4278d4a6028830caff9ee44b42d32ed\"},\"breadcrumb\":{\"@id\":\"https:\/\/portaltela.pt\/noticias\/2026\/03\/12\/pedida-rapidez-na-investigacao-do-assassinato-de-jornalista-na-venezuela\/#breadcrumb\"},\"inLanguage\":\"pt-PT\",\"potentialAction\":[{\"@type\":\"ReadAction\",\"target\":[\"https:\/\/portaltela.pt\/noticias\/2026\/03\/12\/pedida-rapidez-na-investigacao-do-assassinato-de-jornalista-na-venezuela\/\"]}]},{\"@type\":\"ImageObject\",\"inLanguage\":\"pt-PT\",\"@id\":\"https:\/\/portaltela.pt\/noticias\/2026\/03\/12\/pedida-rapidez-na-investigacao-do-assassinato-de-jornalista-na-venezuela\/#primaryimage\",\"url\":\"https:\/\/portaltela.pt\/s.01k8rhncp4jt1\/2026\/03\/img_1500x1000uu2026-03-12-07-45-15-2271869-im-639088983277540192.jpg\",\"contentUrl\":\"https:\/\/portaltela.pt\/s.01k8rhncp4jt1\/2026\/03\/img_1500x1000uu2026-03-12-07-45-15-2271869-im-639088983277540192.jpg\",\"width\":796,\"height\":448,\"caption\":\"Yolimar Hidalgo\"},{\"@type\":\"BreadcrumbList\",\"@id\":\"https:\/\/portaltela.pt\/noticias\/2026\/03\/12\/pedida-rapidez-na-investigacao-do-assassinato-de-jornalista-na-venezuela\/#breadcrumb\",\"itemListElement\":[{\"@type\":\"ListItem\",\"position\":1,\"name\":\"In\u00edcio\",\"item\":\"https:\/\/portaltela.pt\/\"},{\"@type\":\"ListItem\",\"position\":2,\"name\":\"Pedida rapidez na investiga\u00e7\u00e3o do assassinato de jornalista na Venezuela\"}]},{\"@type\":\"WebSite\",\"@id\":\"https:\/\/portaltela.pt\/#website\",\"url\":\"https:\/\/portaltela.pt\/\",\"name\":\"Portal Tela Portugal\",\"description\":\"\",\"potentialAction\":[{\"@type\":\"SearchAction\",\"target\":{\"@type\":\"EntryPoint\",\"urlTemplate\":\"https:\/\/portaltela.pt\/?s={search_term_string}\"},\"query-input\":{\"@type\":\"PropertyValueSpecification\",\"valueRequired\":true,\"valueName\":\"search_term_string\"}}],\"inLanguage\":\"pt-PT\"},{\"@type\":\"Person\",\"@id\":\"https:\/\/portaltela.pt\/#\/schema\/person\/c4278d4a6028830caff9ee44b42d32ed\",\"name\":\"Telinha\",\"image\":{\"@type\":\"ImageObject\",\"inLanguage\":\"pt-PT\",\"@id\":\"https:\/\/portaltela.pt\/s.01k8rhncp4jt1\/2025\/11\/talking-bot-125x125.png\",\"url\":\"https:\/\/portaltela.pt\/s.01k8rhncp4jt1\/2025\/11\/talking-bot-125x125.png\",\"contentUrl\":\"https:\/\/portaltela.pt\/s.01k8rhncp4jt1\/2025\/11\/talking-bot-125x125.png\",\"caption\":\"Telinha\"},\"sameAs\":[\"https:\/\/portaltela.pt\/\"],\"url\":\"https:\/\/portaltela.pt\/por\/367410592786\/\"}]}<\/script>\n<!-- \/ Yoast SEO plugin. -->","yoast_head_json":{"title":"Pedida rapidez na investiga\u00e7\u00e3o do assassinato de jornalista na Venezuela - Portal Tela Portugal","robots":{"index":"index","follow":"follow","max-snippet":"max-snippet:-1","max-image-preview":"max-image-preview:large","max-video-preview":"max-video-preview:-1"},"og_locale":"pt_PT","og_type":"article","og_title":"Pedida rapidez na investiga\u00e7\u00e3o do assassinato de jornalista na Venezuela - Portal Tela Portugal","og_description":"O Col\u00e9gio Nacional de Jornalistas (CNP) pediu celeridade \u00e0s autoridades nas investiga\u00e7\u00f5es sobre o assass\u00ednio da jornalista Yolimar Hidalgo, em C\u00e1gua, Ar\u00e1gua, Venezuela. Hidalgo, de 30 anos, morreu ap\u00f3s ser atingida por um tiro na cabe\u00e7a numa resid\u00eancia do bairro Huete, em C\u00e1gua, munic\u00edpio de Sucre. O caso eleva para dois o n\u00famero de profissionais da comunica\u00e7\u00e3o assassinados este m\u00eas no pa\u00eds. Segundo a imprensa local, o incidente ocorreu no domingo. A solicita\u00e7\u00e3o do CNP foi divulgada numa mensagem publicada na rede social X.","og_url":"https:\/\/portaltela.pt\/noticias\/2026\/03\/12\/pedida-rapidez-na-investigacao-do-assassinato-de-jornalista-na-venezuela\/","og_site_name":"Portal Tela Portugal","article_published_time":"2026-03-12T07:45:39+00:00","author":"Telinha","twitter_card":"summary_large_image","twitter_misc":{"Escrito por":"Telinha","Tempo estimado de leitura":"1 minuto"},"schema":{"@context":"https:\/\/schema.org","@graph":[{"@type":"Article","@id":"https:\/\/portaltela.pt\/noticias\/2026\/03\/12\/pedida-rapidez-na-investigacao-do-assassinato-de-jornalista-na-venezuela\/#article","isPartOf":{"@id":"https:\/\/portaltela.pt\/noticias\/2026\/03\/12\/pedida-rapidez-na-investigacao-do-assassinato-de-jornalista-na-venezuela\/"},"author":{"name":"Telinha","@id":"https:\/\/portaltela.pt\/#\/schema\/person\/c4278d4a6028830caff9ee44b42d32ed"},"headline":"Pedida rapidez na investiga\u00e7\u00e3o do assassinato de jornalista na Venezuela","datePublished":"2026-03-12T07:45:39+00:00","mainEntityOfPage":{"@id":"https:\/\/portaltela.pt\/noticias\/2026\/03\/12\/pedida-rapidez-na-investigacao-do-assassinato-de-jornalista-na-venezuela\/"},"wordCount":146,"image":{"@id":"https:\/\/portaltela.pt\/noticias\/2026\/03\/12\/pedida-rapidez-na-investigacao-do-assassinato-de-jornalista-na-venezuela\/#primaryimage"},"thumbnailUrl":"https:\/\/portaltela.pt\/s.01k8rhncp4jt1\/2026\/03\/img_1500x1000uu2026-03-12-07-45-15-2271869-im-639088983277540192.jpg","keywords":["assassinatos","crime","homic\u00eddios","jornalistas","Venezuela","viol\u00eancia"],"articleSection":["Crime","Justi\u00e7a"],"inLanguage":"pt-PT"},{"@type":"WebPage","@id":"https:\/\/portaltela.pt\/noticias\/2026\/03\/12\/pedida-rapidez-na-investigacao-do-assassinato-de-jornalista-na-venezuela\/","url":"https:\/\/portaltela.pt\/noticias\/2026\/03\/12\/pedida-rapidez-na-investigacao-do-assassinato-de-jornalista-na-venezuela\/","name":"Pedida rapidez na investiga\u00e7\u00e3o do assassinato de jornalista na Venezuela - Portal Tela Portugal","isPartOf":{"@id":"https:\/\/portaltela.pt\/#website"},"primaryImageOfPage":{"@id":"https:\/\/portaltela.pt\/noticias\/2026\/03\/12\/pedida-rapidez-na-investigacao-do-assassinato-de-jornalista-na-venezuela\/#primaryimage"},"image":{"@id":"https:\/\/portaltela.pt\/noticias\/2026\/03\/12\/pedida-rapidez-na-investigacao-do-assassinato-de-jornalista-na-venezuela\/#primaryimage"},"thumbnailUrl":"https:\/\/portaltela.pt\/s.01k8rhncp4jt1\/2026\/03\/img_1500x1000uu2026-03-12-07-45-15-2271869-im-639088983277540192.jpg","datePublished":"2026-03-12T07:45:39+00:00","author":{"@id":"https:\/\/portaltela.pt\/#\/schema\/person\/c4278d4a6028830caff9ee44b42d32ed"},"breadcrumb":{"@id":"https:\/\/portaltela.pt\/noticias\/2026\/03\/12\/pedida-rapidez-na-investigacao-do-assassinato-de-jornalista-na-venezuela\/#breadcrumb"},"inLanguage":"pt-PT","potentialAction":[{"@type":"ReadAction","target":["https:\/\/portaltela.pt\/noticias\/2026\/03\/12\/pedida-rapidez-na-investigacao-do-assassinato-de-jornalista-na-venezuela\/"]}]},{"@type":"ImageObject","inLanguage":"pt-PT","@id":"https:\/\/portaltela.pt\/noticias\/2026\/03\/12\/pedida-rapidez-na-investigacao-do-assassinato-de-jornalista-na-venezuela\/#primaryimage","url":"https:\/\/portaltela.pt\/s.01k8rhncp4jt1\/2026\/03\/img_1500x1000uu2026-03-12-07-45-15-2271869-im-639088983277540192.jpg","contentUrl":"https:\/\/portaltela.pt\/s.01k8rhncp4jt1\/2026\/03\/img_1500x1000uu2026-03-12-07-45-15-2271869-im-639088983277540192.jpg","width":796,"height":448,"caption":"Yolimar Hidalgo"},{"@type":"BreadcrumbList","@id":"https:\/\/portaltela.pt\/noticias\/2026\/03\/12\/pedida-rapidez-na-investigacao-do-assassinato-de-jornalista-na-venezuela\/#breadcrumb","itemListElement":[{"@type":"ListItem","position":1,"name":"In\u00edcio","item":"https:\/\/portaltela.pt\/"},{"@type":"ListItem","position":2,"name":"Pedida rapidez na investiga\u00e7\u00e3o do assassinato de jornalista na Venezuela"}]},{"@type":"WebSite","@id":"https:\/\/portaltela.pt\/#website","url":"https:\/\/portaltela.pt\/","name":"Portal Tela Portugal","description":"","potentialAction":[{"@type":"SearchAction","target":{"@type":"EntryPoint","urlTemplate":"https:\/\/portaltela.pt\/?s={search_term_string}"},"query-input":{"@type":"PropertyValueSpecification","valueRequired":true,"valueName":"search_term_string"}}],"inLanguage":"pt-PT"},{"@type":"Person","@id":"https:\/\/portaltela.pt\/#\/schema\/person\/c4278d4a6028830caff9ee44b42d32ed","name":"Telinha","image":{"@type":"ImageObject","inLanguage":"pt-PT","@id":"https:\/\/portaltela.pt\/s.01k8rhncp4jt1\/2025\/11\/talking-bot-125x125.png","url":"https:\/\/portaltela.pt\/s.01k8rhncp4jt1\/2025\/11\/talking-bot-125x125.png","contentUrl":"https:\/\/portaltela.pt\/s.01k8rhncp4jt1\/2025\/11\/talking-bot-125x125.png","caption":"Telinha"},"sameAs":["https:\/\/portaltela.pt\/"],"url":"https:\/\/portaltela.pt\/por\/367410592786\/"}]}},"_links":{"self":[{"href":"https:\/\/portaltela.pt\/api\/wp\/v2\/posts\/406988","targetHints":{"allow":["GET"]}}],"collection":[{"href":"https:\/\/portaltela.pt\/api\/wp\/v2\/posts"}],"about":[{"href":"https:\/\/portaltela.pt\/api\/wp\/v2\/types\/post"}],"author":[{"embeddable":true,"href":"https:\/\/portaltela.pt\/api\/wp\/v2\/users\/2"}],"replies":[{"embeddable":true,"href":"https:\/\/portaltela.pt\/api\/wp\/v2\/comments?post=406988"}],"version-history":[{"count":0,"href":"https:\/\/portaltela.pt\/api\/wp\/v2\/posts\/406988\/revisions"}],"wp:featuredmedia":[{"embeddable":true,"href":"https:\/\/portaltela.pt\/api\/wp\/v2\/media\/406990"}],"wp:attachment":[{"href":"https:\/\/portaltela.pt\/api\/wp\/v2\/media?parent=406988"}],"wp:term":[{"taxonomy":"category","embeddable":true,"href":"https:\/\/portaltela.pt\/api\/wp\/v2\/categories?post=406988"},{"taxonomy":"post_tag","embeddable":true,"href":"https:\/\/portaltela.pt\/api\/wp\/v2\/tags?post=406988"}],"curies":[{"name":"wp","href":"https:\/\/api.w.org\/{rel}","templated":true}]}}