{"id":406984,"date":"2026-03-12T04:57:20","date_gmt":"2026-03-12T07:57:20","guid":{"rendered":"https:\/\/portaltela.pt\/noticias\/2026\/03\/12\/tensao-entre-vitinha-e-enzo-fernandez-no-final-do-psg-chelsea-mendes-interveio\/"},"modified":"2026-03-12T04:57:20","modified_gmt":"2026-03-12T07:57:20","slug":"tensao-entre-vitinha-e-enzo-fernandez-no-final-do-psg-chelsea-mendes-interveio","status":"publish","type":"post","link":"https:\/\/portaltela.pt\/desporto\/futebol\/2026\/03\/12\/tensao-entre-vitinha-e-enzo-fernandez-no-final-do-psg-chelsea-mendes-interveio\/","title":{"rendered":"Tens\u00e3o entre Vitinha e Enzo Fern\u00e1ndez no final do PSG-Chelsea; Mendes interveio"},"content":{"rendered":"<p>O PSG venceu o Chelsea por 5-2 na primeira m\u00e3o dos oitavos de final da Liga dos Campe\u00f5es, disputada no Parc des Princes, em Paris. O encontro abriu a eliminat\u00f3ria com o conjunto franc\u00eas em vantagem.<\/p>\n<p>No final do jogo, Vitinha tentou cumprimentar Enzo Fern\u00e1ndez, que disputava a sua primeira participa\u00e7\u00e3o frente ao clube portugu\u00eas. Foi a\u00ed que uma troca de palavras nasceu entre o m\u00e9dio portugu\u00eas e o argentino, resultando num empurr\u00e3o de Fern\u00e1ndez.<\/p>\n<p>Nuno Mendes interveio prontamente para evitar que o incidente ganhasse contornos maiores, afastando o companheiro de equipa e da sele\u00e7\u00e3o. O defesa-lateral manteve a situa\u00e7\u00e3o sob controlo junto ao centro do relvado.<\/p>\n<h3>Detalhes do incidente<\/h3>\n<p>O momento gerou debate entre adeptos, mas n\u00e3o houve confirma\u00e7\u00e3o de san\u00e7\u00f5es at\u00e9 ao momento. O clube n\u00e3o divulgou qualquer comunicado adicional sobre o sucedido al\u00e9m da atua\u00e7\u00e3o de Mendes para acalmar os \u00e2nimos.<\/p>\n","protected":false},"excerpt":{"rendered":"<ul>\n<li>O PSG venceu o Chelsea por 5-2 na primeira m\u00e3o dos oitavos de final da Liga dos Campe\u00f5es, em Paris.<\/li>\n<li>No final do encontro, Vitinha tentou cumprimentar Enzo Fern\u00e1ndez no centro do relvado, ap\u00f3s a vit\u00f3ria dos franceses.<\/li>\n<li>Houve uma troca de palavras entre os dois jogadores, que terminou com Enzo Fern\u00e1ndez a empurrar Vitinha.<\/li>\n<li>Nuno Mendes interveio para afastar os dois companheiros e evitar uma interven\u00e7\u00e3o mais acalorada.<\/li>\n<\/ul>\n","protected":false},"author":2,"featured_media":406987,"comment_status":"closed","ping_status":"closed","sticky":false,"template":"","format":"standard","meta":{"footnotes":""},"categories":[21,24],"tags":[3577,2164,5066,32,2753,2752],"class_list":["post-406984","post","type-post","status-publish","format-standard","has-post-thumbnail","hentry","category-desporto","category-futebol","tag-champions-league","tag-chelsea","tag-enzo-fernandez","tag-futebol","tag-nuno-mendes","tag-vitinha"],"yoast_head":"<!-- This site is optimized with the Yoast SEO plugin v27.2 - https:\/\/yoast.com\/product\/yoast-seo-wordpress\/ -->\n<title>Tens\u00e3o entre Vitinha e Enzo Fern\u00e1ndez no final do PSG-Chelsea; Mendes interveio - Portal Tela Portugal<\/title>\n<meta name=\"robots\" content=\"index, follow, max-snippet:-1, max-image-preview:large, max-video-preview:-1\" \/>\n<meta property=\"og:locale\" content=\"pt_PT\" \/>\n<meta property=\"og:type\" content=\"article\" \/>\n<meta property=\"og:title\" content=\"Tens\u00e3o entre Vitinha e Enzo Fern\u00e1ndez no final do PSG-Chelsea; Mendes interveio - Portal Tela Portugal\" \/>\n<meta property=\"og:description\" content=\"O PSG venceu o Chelsea por 5-2 na primeira m\u00e3o dos oitavos de final da Liga dos Campe\u00f5es, em Paris. No final do encontro, Vitinha tentou cumprimentar Enzo Fern\u00e1ndez no centro do relvado, ap\u00f3s a vit\u00f3ria dos franceses. Houve uma troca de palavras entre os dois jogadores, que terminou com Enzo Fern\u00e1ndez a empurrar Vitinha. Nuno Mendes interveio para afastar os dois companheiros e evitar uma interven\u00e7\u00e3o mais acalorada.\" \/>\n<meta property=\"og:url\" content=\"https:\/\/portaltela.pt\/noticias\/2026\/03\/12\/tensao-entre-vitinha-e-enzo-fernandez-no-final-do-psg-chelsea-mendes-interveio\/\" \/>\n<meta property=\"og:site_name\" content=\"Portal Tela Portugal\" \/>\n<meta property=\"article:published_time\" content=\"2026-03-12T07:57:20+00:00\" \/>\n<meta name=\"author\" content=\"Telinha\" \/>\n<meta name=\"twitter:card\" content=\"summary_large_image\" \/>\n<meta name=\"twitter:label1\" content=\"Escrito por\" \/>\n\t<meta name=\"twitter:data1\" content=\"Telinha\" \/>\n\t<meta name=\"twitter:label2\" content=\"Tempo estimado de leitura\" \/>\n\t<meta name=\"twitter:data2\" content=\"1 minuto\" \/>\n<script type=\"application\/ld+json\" class=\"yoast-schema-graph\">{\"@context\":\"https:\/\/schema.org\",\"@graph\":[{\"@type\":\"Article\",\"@id\":\"https:\/\/portaltela.pt\/noticias\/2026\/03\/12\/tensao-entre-vitinha-e-enzo-fernandez-no-final-do-psg-chelsea-mendes-interveio\/#article\",\"isPartOf\":{\"@id\":\"https:\/\/portaltela.pt\/noticias\/2026\/03\/12\/tensao-entre-vitinha-e-enzo-fernandez-no-final-do-psg-chelsea-mendes-interveio\/\"},\"author\":{\"name\":\"Telinha\",\"@id\":\"https:\/\/portaltela.pt\/#\/schema\/person\/c4278d4a6028830caff9ee44b42d32ed\"},\"headline\":\"Tens\u00e3o entre Vitinha e Enzo Fern\u00e1ndez no final do PSG-Chelsea; Mendes interveio\",\"datePublished\":\"2026-03-12T07:57:20+00:00\",\"mainEntityOfPage\":{\"@id\":\"https:\/\/portaltela.pt\/noticias\/2026\/03\/12\/tensao-entre-vitinha-e-enzo-fernandez-no-final-do-psg-chelsea-mendes-interveio\/\"},\"wordCount\":177,\"image\":{\"@id\":\"https:\/\/portaltela.pt\/noticias\/2026\/03\/12\/tensao-entre-vitinha-e-enzo-fernandez-no-final-do-psg-chelsea-mendes-interveio\/#primaryimage\"},\"thumbnailUrl\":\"https:\/\/portaltela.pt\/s.01k8rhncp4jt1\/2026\/03\/img_1200x721uu2026-03-12-07-54-17-2426387.jpg\",\"keywords\":[\"Champions League\",\"Chelsea\",\"Enzo Fern\u00e1ndez\",\"futebol\",\"Nuno Mendes\",\"Vitinha\"],\"articleSection\":[\"Desporto\",\"Futebol\"],\"inLanguage\":\"pt-PT\"},{\"@type\":\"WebPage\",\"@id\":\"https:\/\/portaltela.pt\/noticias\/2026\/03\/12\/tensao-entre-vitinha-e-enzo-fernandez-no-final-do-psg-chelsea-mendes-interveio\/\",\"url\":\"https:\/\/portaltela.pt\/noticias\/2026\/03\/12\/tensao-entre-vitinha-e-enzo-fernandez-no-final-do-psg-chelsea-mendes-interveio\/\",\"name\":\"Tens\u00e3o entre Vitinha e Enzo Fern\u00e1ndez no final do PSG-Chelsea; Mendes interveio - Portal Tela Portugal\",\"isPartOf\":{\"@id\":\"https:\/\/portaltela.pt\/#website\"},\"primaryImageOfPage\":{\"@id\":\"https:\/\/portaltela.pt\/noticias\/2026\/03\/12\/tensao-entre-vitinha-e-enzo-fernandez-no-final-do-psg-chelsea-mendes-interveio\/#primaryimage\"},\"image\":{\"@id\":\"https:\/\/portaltela.pt\/noticias\/2026\/03\/12\/tensao-entre-vitinha-e-enzo-fernandez-no-final-do-psg-chelsea-mendes-interveio\/#primaryimage\"},\"thumbnailUrl\":\"https:\/\/portaltela.pt\/s.01k8rhncp4jt1\/2026\/03\/img_1200x721uu2026-03-12-07-54-17-2426387.jpg\",\"datePublished\":\"2026-03-12T07:57:20+00:00\",\"author\":{\"@id\":\"https:\/\/portaltela.pt\/#\/schema\/person\/c4278d4a6028830caff9ee44b42d32ed\"},\"breadcrumb\":{\"@id\":\"https:\/\/portaltela.pt\/noticias\/2026\/03\/12\/tensao-entre-vitinha-e-enzo-fernandez-no-final-do-psg-chelsea-mendes-interveio\/#breadcrumb\"},\"inLanguage\":\"pt-PT\",\"potentialAction\":[{\"@type\":\"ReadAction\",\"target\":[\"https:\/\/portaltela.pt\/noticias\/2026\/03\/12\/tensao-entre-vitinha-e-enzo-fernandez-no-final-do-psg-chelsea-mendes-interveio\/\"]}]},{\"@type\":\"ImageObject\",\"inLanguage\":\"pt-PT\",\"@id\":\"https:\/\/portaltela.pt\/noticias\/2026\/03\/12\/tensao-entre-vitinha-e-enzo-fernandez-no-final-do-psg-chelsea-mendes-interveio\/#primaryimage\",\"url\":\"https:\/\/portaltela.pt\/s.01k8rhncp4jt1\/2026\/03\/img_1200x721uu2026-03-12-07-54-17-2426387.jpg\",\"contentUrl\":\"https:\/\/portaltela.pt\/s.01k8rhncp4jt1\/2026\/03\/img_1200x721uu2026-03-12-07-54-17-2426387.jpg\",\"width\":796,\"height\":448,\"caption\":\"O momento tenso entre Vitinha e Enzo Fern\u00e1ndez no final do PSG-Chelsea: at\u00e9 Nuno Mendes teve de intervir\"},{\"@type\":\"BreadcrumbList\",\"@id\":\"https:\/\/portaltela.pt\/noticias\/2026\/03\/12\/tensao-entre-vitinha-e-enzo-fernandez-no-final-do-psg-chelsea-mendes-interveio\/#breadcrumb\",\"itemListElement\":[{\"@type\":\"ListItem\",\"position\":1,\"name\":\"In\u00edcio\",\"item\":\"https:\/\/portaltela.pt\/\"},{\"@type\":\"ListItem\",\"position\":2,\"name\":\"Tens\u00e3o entre Vitinha e Enzo Fern\u00e1ndez no final do PSG-Chelsea; Mendes interveio\"}]},{\"@type\":\"WebSite\",\"@id\":\"https:\/\/portaltela.pt\/#website\",\"url\":\"https:\/\/portaltela.pt\/\",\"name\":\"Portal Tela Portugal\",\"description\":\"\",\"potentialAction\":[{\"@type\":\"SearchAction\",\"target\":{\"@type\":\"EntryPoint\",\"urlTemplate\":\"https:\/\/portaltela.pt\/?s={search_term_string}\"},\"query-input\":{\"@type\":\"PropertyValueSpecification\",\"valueRequired\":true,\"valueName\":\"search_term_string\"}}],\"inLanguage\":\"pt-PT\"},{\"@type\":\"Person\",\"@id\":\"https:\/\/portaltela.pt\/#\/schema\/person\/c4278d4a6028830caff9ee44b42d32ed\",\"name\":\"Telinha\",\"image\":{\"@type\":\"ImageObject\",\"inLanguage\":\"pt-PT\",\"@id\":\"https:\/\/portaltela.pt\/s.01k8rhncp4jt1\/2025\/11\/talking-bot-125x125.png\",\"url\":\"https:\/\/portaltela.pt\/s.01k8rhncp4jt1\/2025\/11\/talking-bot-125x125.png\",\"contentUrl\":\"https:\/\/portaltela.pt\/s.01k8rhncp4jt1\/2025\/11\/talking-bot-125x125.png\",\"caption\":\"Telinha\"},\"sameAs\":[\"https:\/\/portaltela.pt\/\"],\"url\":\"https:\/\/portaltela.pt\/por\/367410592786\/\"}]}<\/script>\n<!-- \/ Yoast SEO plugin. -->","yoast_head_json":{"title":"Tens\u00e3o entre Vitinha e Enzo Fern\u00e1ndez no final do PSG-Chelsea; Mendes interveio - Portal Tela Portugal","robots":{"index":"index","follow":"follow","max-snippet":"max-snippet:-1","max-image-preview":"max-image-preview:large","max-video-preview":"max-video-preview:-1"},"og_locale":"pt_PT","og_type":"article","og_title":"Tens\u00e3o entre Vitinha e Enzo Fern\u00e1ndez no final do PSG-Chelsea; Mendes interveio - Portal Tela Portugal","og_description":"O PSG venceu o Chelsea por 5-2 na primeira m\u00e3o dos oitavos de final da Liga dos Campe\u00f5es, em Paris. No final do encontro, Vitinha tentou cumprimentar Enzo Fern\u00e1ndez no centro do relvado, ap\u00f3s a vit\u00f3ria dos franceses. Houve uma troca de palavras entre os dois jogadores, que terminou com Enzo Fern\u00e1ndez a empurrar Vitinha. Nuno Mendes interveio para afastar os dois companheiros e evitar uma interven\u00e7\u00e3o mais acalorada.","og_url":"https:\/\/portaltela.pt\/noticias\/2026\/03\/12\/tensao-entre-vitinha-e-enzo-fernandez-no-final-do-psg-chelsea-mendes-interveio\/","og_site_name":"Portal Tela Portugal","article_published_time":"2026-03-12T07:57:20+00:00","author":"Telinha","twitter_card":"summary_large_image","twitter_misc":{"Escrito por":"Telinha","Tempo estimado de leitura":"1 minuto"},"schema":{"@context":"https:\/\/schema.org","@graph":[{"@type":"Article","@id":"https:\/\/portaltela.pt\/noticias\/2026\/03\/12\/tensao-entre-vitinha-e-enzo-fernandez-no-final-do-psg-chelsea-mendes-interveio\/#article","isPartOf":{"@id":"https:\/\/portaltela.pt\/noticias\/2026\/03\/12\/tensao-entre-vitinha-e-enzo-fernandez-no-final-do-psg-chelsea-mendes-interveio\/"},"author":{"name":"Telinha","@id":"https:\/\/portaltela.pt\/#\/schema\/person\/c4278d4a6028830caff9ee44b42d32ed"},"headline":"Tens\u00e3o entre Vitinha e Enzo Fern\u00e1ndez no final do PSG-Chelsea; Mendes interveio","datePublished":"2026-03-12T07:57:20+00:00","mainEntityOfPage":{"@id":"https:\/\/portaltela.pt\/noticias\/2026\/03\/12\/tensao-entre-vitinha-e-enzo-fernandez-no-final-do-psg-chelsea-mendes-interveio\/"},"wordCount":177,"image":{"@id":"https:\/\/portaltela.pt\/noticias\/2026\/03\/12\/tensao-entre-vitinha-e-enzo-fernandez-no-final-do-psg-chelsea-mendes-interveio\/#primaryimage"},"thumbnailUrl":"https:\/\/portaltela.pt\/s.01k8rhncp4jt1\/2026\/03\/img_1200x721uu2026-03-12-07-54-17-2426387.jpg","keywords":["Champions League","Chelsea","Enzo Fern\u00e1ndez","futebol","Nuno Mendes","Vitinha"],"articleSection":["Desporto","Futebol"],"inLanguage":"pt-PT"},{"@type":"WebPage","@id":"https:\/\/portaltela.pt\/noticias\/2026\/03\/12\/tensao-entre-vitinha-e-enzo-fernandez-no-final-do-psg-chelsea-mendes-interveio\/","url":"https:\/\/portaltela.pt\/noticias\/2026\/03\/12\/tensao-entre-vitinha-e-enzo-fernandez-no-final-do-psg-chelsea-mendes-interveio\/","name":"Tens\u00e3o entre Vitinha e Enzo Fern\u00e1ndez no final do PSG-Chelsea; Mendes interveio - Portal Tela Portugal","isPartOf":{"@id":"https:\/\/portaltela.pt\/#website"},"primaryImageOfPage":{"@id":"https:\/\/portaltela.pt\/noticias\/2026\/03\/12\/tensao-entre-vitinha-e-enzo-fernandez-no-final-do-psg-chelsea-mendes-interveio\/#primaryimage"},"image":{"@id":"https:\/\/portaltela.pt\/noticias\/2026\/03\/12\/tensao-entre-vitinha-e-enzo-fernandez-no-final-do-psg-chelsea-mendes-interveio\/#primaryimage"},"thumbnailUrl":"https:\/\/portaltela.pt\/s.01k8rhncp4jt1\/2026\/03\/img_1200x721uu2026-03-12-07-54-17-2426387.jpg","datePublished":"2026-03-12T07:57:20+00:00","author":{"@id":"https:\/\/portaltela.pt\/#\/schema\/person\/c4278d4a6028830caff9ee44b42d32ed"},"breadcrumb":{"@id":"https:\/\/portaltela.pt\/noticias\/2026\/03\/12\/tensao-entre-vitinha-e-enzo-fernandez-no-final-do-psg-chelsea-mendes-interveio\/#breadcrumb"},"inLanguage":"pt-PT","potentialAction":[{"@type":"ReadAction","target":["https:\/\/portaltela.pt\/noticias\/2026\/03\/12\/tensao-entre-vitinha-e-enzo-fernandez-no-final-do-psg-chelsea-mendes-interveio\/"]}]},{"@type":"ImageObject","inLanguage":"pt-PT","@id":"https:\/\/portaltela.pt\/noticias\/2026\/03\/12\/tensao-entre-vitinha-e-enzo-fernandez-no-final-do-psg-chelsea-mendes-interveio\/#primaryimage","url":"https:\/\/portaltela.pt\/s.01k8rhncp4jt1\/2026\/03\/img_1200x721uu2026-03-12-07-54-17-2426387.jpg","contentUrl":"https:\/\/portaltela.pt\/s.01k8rhncp4jt1\/2026\/03\/img_1200x721uu2026-03-12-07-54-17-2426387.jpg","width":796,"height":448,"caption":"O momento tenso entre Vitinha e Enzo Fern\u00e1ndez no final do PSG-Chelsea: at\u00e9 Nuno Mendes teve de intervir"},{"@type":"BreadcrumbList","@id":"https:\/\/portaltela.pt\/noticias\/2026\/03\/12\/tensao-entre-vitinha-e-enzo-fernandez-no-final-do-psg-chelsea-mendes-interveio\/#breadcrumb","itemListElement":[{"@type":"ListItem","position":1,"name":"In\u00edcio","item":"https:\/\/portaltela.pt\/"},{"@type":"ListItem","position":2,"name":"Tens\u00e3o entre Vitinha e Enzo Fern\u00e1ndez no final do PSG-Chelsea; Mendes interveio"}]},{"@type":"WebSite","@id":"https:\/\/portaltela.pt\/#website","url":"https:\/\/portaltela.pt\/","name":"Portal Tela Portugal","description":"","potentialAction":[{"@type":"SearchAction","target":{"@type":"EntryPoint","urlTemplate":"https:\/\/portaltela.pt\/?s={search_term_string}"},"query-input":{"@type":"PropertyValueSpecification","valueRequired":true,"valueName":"search_term_string"}}],"inLanguage":"pt-PT"},{"@type":"Person","@id":"https:\/\/portaltela.pt\/#\/schema\/person\/c4278d4a6028830caff9ee44b42d32ed","name":"Telinha","image":{"@type":"ImageObject","inLanguage":"pt-PT","@id":"https:\/\/portaltela.pt\/s.01k8rhncp4jt1\/2025\/11\/talking-bot-125x125.png","url":"https:\/\/portaltela.pt\/s.01k8rhncp4jt1\/2025\/11\/talking-bot-125x125.png","contentUrl":"https:\/\/portaltela.pt\/s.01k8rhncp4jt1\/2025\/11\/talking-bot-125x125.png","caption":"Telinha"},"sameAs":["https:\/\/portaltela.pt\/"],"url":"https:\/\/portaltela.pt\/por\/367410592786\/"}]}},"_links":{"self":[{"href":"https:\/\/portaltela.pt\/api\/wp\/v2\/posts\/406984","targetHints":{"allow":["GET"]}}],"collection":[{"href":"https:\/\/portaltela.pt\/api\/wp\/v2\/posts"}],"about":[{"href":"https:\/\/portaltela.pt\/api\/wp\/v2\/types\/post"}],"author":[{"embeddable":true,"href":"https:\/\/portaltela.pt\/api\/wp\/v2\/users\/2"}],"replies":[{"embeddable":true,"href":"https:\/\/portaltela.pt\/api\/wp\/v2\/comments?post=406984"}],"version-history":[{"count":0,"href":"https:\/\/portaltela.pt\/api\/wp\/v2\/posts\/406984\/revisions"}],"wp:featuredmedia":[{"embeddable":true,"href":"https:\/\/portaltela.pt\/api\/wp\/v2\/media\/406987"}],"wp:attachment":[{"href":"https:\/\/portaltela.pt\/api\/wp\/v2\/media?parent=406984"}],"wp:term":[{"taxonomy":"category","embeddable":true,"href":"https:\/\/portaltela.pt\/api\/wp\/v2\/categories?post=406984"},{"taxonomy":"post_tag","embeddable":true,"href":"https:\/\/portaltela.pt\/api\/wp\/v2\/tags?post=406984"}],"curies":[{"name":"wp","href":"https:\/\/api.w.org\/{rel}","templated":true}]}}