{"id":406968,"date":"2026-03-12T04:23:00","date_gmt":"2026-03-12T07:23:00","guid":{"rendered":"https:\/\/portaltela.pt\/noticias\/2026\/03\/12\/parque-automovel-portugues-torna-se-mais-jovem-e-diversificado-em-2026\/"},"modified":"2026-03-12T04:23:00","modified_gmt":"2026-03-12T07:23:00","slug":"parque-automovel-portugues-torna-se-mais-jovem-e-diversificado-em-2026","status":"publish","type":"post","link":"https:\/\/portaltela.pt\/noticias\/2026\/03\/12\/parque-automovel-portugues-torna-se-mais-jovem-e-diversificado-em-2026\/","title":{"rendered":"Parque autom\u00f3vel portugu\u00eas torna-se mais jovem e diversificado em 2026"},"content":{"rendered":"<p>O parque autom\u00f3vel portugu\u00eas est\u00e1 mais jovem e diversificado em 2026, face a 2025, aponta o Observat\u00f3rio ACP \u2013 Mobilidade El\u00e9trica em Portugal 2026. O estudo revela um aumento de cinco pontos percentuais nos ve\u00edculos com menos de quatro anos.<\/p>\n<p>Entre os dados relevantes, 38% dos carros t\u00eam mais de 15 anos, uma descida de cinco pontos percentuais. A maior propor\u00e7\u00e3o de ve\u00edculos com menos de quatro anos concentra-se na Grande Lisboa, entre propriet\u00e1rios de carros eletrificados e nas classes sociais A e B.<\/p>\n<p>Os ve\u00edculos el\u00e9tricos passaram a representar 9% dos condutores, com ganho de 5,5 p.p. em rela\u00e7\u00e3o a 2025. Carros a gasolina evolu\u00edram 11 p.p., enquanto os diesel recuaram 18 p.p.<\/p>\n<h3>Resultados-chave<\/h3>\n<p>As marcas francesas Peugeot e Renault mant\u00eam a lideran\u00e7a, cada uma com 10% do parque. Seguem-se Volkswagen (7%), BMW (6%) e Opel (6%). Mais de 80% dos inquiridos possuem carro pr\u00f3prio, face a 70% no ano anterior.<\/p>\n<p>Quanto aos quil\u00f3metros mensais, 79% percorrem at\u00e9 1000 km, o que representa um aumento de 20 p.p. Em termos de compra, 57% adquiriram o carro a pronto, 22% recorreram a cr\u00e9dito autom\u00f3vel.<\/p>\n<p>Entre quem compra a pronto pagamento destacam-se condutores com mais de 65 anos, na regi\u00e3o de Lisboa, Oeste e Vale do Tejo, sem carro eletrificado e na classe A. Quase metade considera trocar de carro dentro de 1 a 5 anos, aumento de 25 p.p.<\/p>\n<p>Quanto \u00e0 prefer\u00eancia na compra de novo, 21% escolheriam el\u00e9trico, 20% h\u00edbrido plug-in, 19% diesel, 19% gasolina e 10% h\u00edbrido simples. Em m\u00e9dia, existem 1,8 autom\u00f3veis por agregado familiar, queda de 0,2 p.p. em rela\u00e7\u00e3o a 2025.<\/p>\n<p>Os agregados mais jovens (18-34 anos), nas regi\u00f5es Oeste e Vale do Tejo, e na classe alta, concentram as viaturas adicionais. Entre propriet\u00e1rios de ve\u00edculos eletrificados, 82% possuem carro h\u00e1 menos de cinco anos; Tesla e BMW mant\u00eam lideran\u00e7a.<\/p>\n<p>Custos de carregamento apontam para at\u00e9 7 euros por carregamento dom\u00e9stico e 50 euros mensais no carregamento p\u00fablico. O estudo aponta que 86% carregam em casa e 91% recorrem a postos p\u00fablicos. Galp Electric e EDP s\u00e3o citadas como comercializadores relevantes.<\/p>\n<p>Foram realizadas 1.608 entrevistas entre 28 de janeiro e 11 de fevereiro, incluindo uma amostra de 1.200 condutores com carta de condu\u00e7\u00e3o e 408 condutores de ve\u00edculos eletrificados.<\/p>\n","protected":false},"excerpt":{"rendered":"<ul>\n<li>O parque autom\u00f3vel portugu\u00eas est\u00e1 mais jovem e diversificado: 38% t\u00eam menos de quatro anos, subindo 5 p.p.; ve\u00edculos com mais de 15 anos ca\u00edram para 38% (queda de 5 p.p.).<\/li>\n<li>Ve\u00edculos el\u00e9tricos representam 9% dos condutores, com aumento de 5,5 p.p. face a 2025; carros a gasolina subiram 11 p.p. enquanto diesel caiu 18 p.p.<\/li>\n<li>Peugeot e Renault lideram o mercado, cada uma com 10%; seguem Volkswagen (7%), BMW (6%) e Opel (6%).<\/li>\n<li>Mais de 80% conduzem o carro pr\u00f3prio; 79% percorrem at\u00e9 1.000 quil\u00f3metros por m\u00eas; 57% compraram a pronto e 22% recorreram a cr\u00e9dito autom\u00f3vel.<\/li>\n<li>Custos de carregamento: at\u00e9 7 euros por carregamento dom\u00e9stico e 50 euros mensais em consumo p\u00fablico; 86% carregam em casa e 91% utilizam postos p\u00fablicos; estudo ouviu 1.608 pessoas entre 28 de janeiro e 11 de fevereiro.<\/li>\n<\/ul>\n","protected":false},"author":2,"featured_media":406972,"comment_status":"closed","ping_status":"closed","sticky":false,"template":"","format":"standard","meta":{"footnotes":""},"categories":[1],"tags":[6042,4405,981,2110,1237,6199],"class_list":["post-406968","post","type-post","status-publish","format-standard","has-post-thumbnail","hentry","category-noticias","tag-carros","tag-eletrico","tag-lisboa","tag-mobilidade","tag-oeste","tag-vale-do-tejo"],"yoast_head":"<!-- This site is optimized with the Yoast SEO plugin v27.2 - https:\/\/yoast.com\/product\/yoast-seo-wordpress\/ -->\n<title>Parque autom\u00f3vel portugu\u00eas torna-se mais jovem e diversificado em 2026 - Portal Tela Portugal<\/title>\n<meta name=\"robots\" content=\"index, follow, max-snippet:-1, max-image-preview:large, max-video-preview:-1\" \/>\n<meta property=\"og:locale\" content=\"pt_PT\" \/>\n<meta property=\"og:type\" content=\"article\" \/>\n<meta property=\"og:title\" content=\"Parque autom\u00f3vel portugu\u00eas torna-se mais jovem e diversificado em 2026 - Portal Tela Portugal\" \/>\n<meta property=\"og:description\" content=\"O parque autom\u00f3vel portugu\u00eas est\u00e1 mais jovem e diversificado: 38% t\u00eam menos de quatro anos, subindo 5 p.p.; ve\u00edculos com mais de 15 anos ca\u00edram para 38% (queda de 5 p.p.). Ve\u00edculos el\u00e9tricos representam 9% dos condutores, com aumento de 5,5 p.p. face a 2025; carros a gasolina subiram 11 p.p. enquanto diesel caiu 18 p.p. Peugeot e Renault lideram o mercado, cada uma com 10%; seguem Volkswagen (7%), BMW (6%) e Opel (6%). Mais de 80% conduzem o carro pr\u00f3prio; 79% percorrem at\u00e9 1.000 quil\u00f3metros por m\u00eas; 57% compraram a pronto e 22% recorreram a cr\u00e9dito autom\u00f3vel. Custos de carregamento: at\u00e9 7 euros por carregamento dom\u00e9stico e 50 euros mensais em consumo p\u00fablico; 86% carregam em casa e 91% utilizam postos p\u00fablicos; estudo ouviu 1.608 pessoas entre 28 de janeiro e 11 de fevereiro.\" \/>\n<meta property=\"og:url\" content=\"https:\/\/portaltela.pt\/noticias\/2026\/03\/12\/parque-automovel-portugues-torna-se-mais-jovem-e-diversificado-em-2026\/\" \/>\n<meta property=\"og:site_name\" content=\"Portal Tela Portugal\" \/>\n<meta property=\"article:published_time\" content=\"2026-03-12T07:23:00+00:00\" \/>\n<meta name=\"author\" content=\"Telinha\" \/>\n<meta name=\"twitter:card\" content=\"summary_large_image\" \/>\n<meta name=\"twitter:label1\" content=\"Escrito por\" \/>\n\t<meta name=\"twitter:data1\" content=\"Telinha\" \/>\n\t<meta name=\"twitter:label2\" content=\"Tempo estimado de leitura\" \/>\n\t<meta name=\"twitter:data2\" content=\"2 minutos\" \/>\n<script type=\"application\/ld+json\" class=\"yoast-schema-graph\">{\"@context\":\"https:\/\/schema.org\",\"@graph\":[{\"@type\":\"Article\",\"@id\":\"https:\/\/portaltela.pt\/noticias\/2026\/03\/12\/parque-automovel-portugues-torna-se-mais-jovem-e-diversificado-em-2026\/#article\",\"isPartOf\":{\"@id\":\"https:\/\/portaltela.pt\/noticias\/2026\/03\/12\/parque-automovel-portugues-torna-se-mais-jovem-e-diversificado-em-2026\/\"},\"author\":{\"name\":\"Telinha\",\"@id\":\"https:\/\/portaltela.pt\/#\/schema\/person\/c4278d4a6028830caff9ee44b42d32ed\"},\"headline\":\"Parque autom\u00f3vel portugu\u00eas torna-se mais jovem e diversificado em 2026\",\"datePublished\":\"2026-03-12T07:23:00+00:00\",\"mainEntityOfPage\":{\"@id\":\"https:\/\/portaltela.pt\/noticias\/2026\/03\/12\/parque-automovel-portugues-torna-se-mais-jovem-e-diversificado-em-2026\/\"},\"wordCount\":384,\"image\":{\"@id\":\"https:\/\/portaltela.pt\/noticias\/2026\/03\/12\/parque-automovel-portugues-torna-se-mais-jovem-e-diversificado-em-2026\/#primaryimage\"},\"thumbnailUrl\":\"https:\/\/portaltela.pt\/s.01k8rhncp4jt1\/2026\/03\/img_1500x1000uu2025-12-12-13-12-00-2254057.jpg\",\"keywords\":[\"carros\",\"El\u00e9trico\",\"Lisboa\",\"mobilidade\",\"Oeste\",\"Vale do Tejo\"],\"articleSection\":[\"Not\u00edcias\"],\"inLanguage\":\"pt-PT\"},{\"@type\":\"WebPage\",\"@id\":\"https:\/\/portaltela.pt\/noticias\/2026\/03\/12\/parque-automovel-portugues-torna-se-mais-jovem-e-diversificado-em-2026\/\",\"url\":\"https:\/\/portaltela.pt\/noticias\/2026\/03\/12\/parque-automovel-portugues-torna-se-mais-jovem-e-diversificado-em-2026\/\",\"name\":\"Parque autom\u00f3vel portugu\u00eas torna-se mais jovem e diversificado em 2026 - Portal Tela Portugal\",\"isPartOf\":{\"@id\":\"https:\/\/portaltela.pt\/#website\"},\"primaryImageOfPage\":{\"@id\":\"https:\/\/portaltela.pt\/noticias\/2026\/03\/12\/parque-automovel-portugues-torna-se-mais-jovem-e-diversificado-em-2026\/#primaryimage\"},\"image\":{\"@id\":\"https:\/\/portaltela.pt\/noticias\/2026\/03\/12\/parque-automovel-portugues-torna-se-mais-jovem-e-diversificado-em-2026\/#primaryimage\"},\"thumbnailUrl\":\"https:\/\/portaltela.pt\/s.01k8rhncp4jt1\/2026\/03\/img_1500x1000uu2025-12-12-13-12-00-2254057.jpg\",\"datePublished\":\"2026-03-12T07:23:00+00:00\",\"author\":{\"@id\":\"https:\/\/portaltela.pt\/#\/schema\/person\/c4278d4a6028830caff9ee44b42d32ed\"},\"breadcrumb\":{\"@id\":\"https:\/\/portaltela.pt\/noticias\/2026\/03\/12\/parque-automovel-portugues-torna-se-mais-jovem-e-diversificado-em-2026\/#breadcrumb\"},\"inLanguage\":\"pt-PT\",\"potentialAction\":[{\"@type\":\"ReadAction\",\"target\":[\"https:\/\/portaltela.pt\/noticias\/2026\/03\/12\/parque-automovel-portugues-torna-se-mais-jovem-e-diversificado-em-2026\/\"]}]},{\"@type\":\"ImageObject\",\"inLanguage\":\"pt-PT\",\"@id\":\"https:\/\/portaltela.pt\/noticias\/2026\/03\/12\/parque-automovel-portugues-torna-se-mais-jovem-e-diversificado-em-2026\/#primaryimage\",\"url\":\"https:\/\/portaltela.pt\/s.01k8rhncp4jt1\/2026\/03\/img_1500x1000uu2025-12-12-13-12-00-2254057.jpg\",\"contentUrl\":\"https:\/\/portaltela.pt\/s.01k8rhncp4jt1\/2026\/03\/img_1500x1000uu2025-12-12-13-12-00-2254057.jpg\",\"width\":796,\"height\":448,\"caption\":\"Autom\u00f3veis\"},{\"@type\":\"BreadcrumbList\",\"@id\":\"https:\/\/portaltela.pt\/noticias\/2026\/03\/12\/parque-automovel-portugues-torna-se-mais-jovem-e-diversificado-em-2026\/#breadcrumb\",\"itemListElement\":[{\"@type\":\"ListItem\",\"position\":1,\"name\":\"In\u00edcio\",\"item\":\"https:\/\/portaltela.pt\/\"},{\"@type\":\"ListItem\",\"position\":2,\"name\":\"Parque autom\u00f3vel portugu\u00eas torna-se mais jovem e diversificado em 2026\"}]},{\"@type\":\"WebSite\",\"@id\":\"https:\/\/portaltela.pt\/#website\",\"url\":\"https:\/\/portaltela.pt\/\",\"name\":\"Portal Tela Portugal\",\"description\":\"\",\"potentialAction\":[{\"@type\":\"SearchAction\",\"target\":{\"@type\":\"EntryPoint\",\"urlTemplate\":\"https:\/\/portaltela.pt\/?s={search_term_string}\"},\"query-input\":{\"@type\":\"PropertyValueSpecification\",\"valueRequired\":true,\"valueName\":\"search_term_string\"}}],\"inLanguage\":\"pt-PT\"},{\"@type\":\"Person\",\"@id\":\"https:\/\/portaltela.pt\/#\/schema\/person\/c4278d4a6028830caff9ee44b42d32ed\",\"name\":\"Telinha\",\"image\":{\"@type\":\"ImageObject\",\"inLanguage\":\"pt-PT\",\"@id\":\"https:\/\/portaltela.pt\/s.01k8rhncp4jt1\/2025\/11\/talking-bot-125x125.png\",\"url\":\"https:\/\/portaltela.pt\/s.01k8rhncp4jt1\/2025\/11\/talking-bot-125x125.png\",\"contentUrl\":\"https:\/\/portaltela.pt\/s.01k8rhncp4jt1\/2025\/11\/talking-bot-125x125.png\",\"caption\":\"Telinha\"},\"sameAs\":[\"https:\/\/portaltela.pt\/\"],\"url\":\"https:\/\/portaltela.pt\/por\/367410592786\/\"}]}<\/script>\n<!-- \/ Yoast SEO plugin. -->","yoast_head_json":{"title":"Parque autom\u00f3vel portugu\u00eas torna-se mais jovem e diversificado em 2026 - Portal Tela Portugal","robots":{"index":"index","follow":"follow","max-snippet":"max-snippet:-1","max-image-preview":"max-image-preview:large","max-video-preview":"max-video-preview:-1"},"og_locale":"pt_PT","og_type":"article","og_title":"Parque autom\u00f3vel portugu\u00eas torna-se mais jovem e diversificado em 2026 - Portal Tela Portugal","og_description":"O parque autom\u00f3vel portugu\u00eas est\u00e1 mais jovem e diversificado: 38% t\u00eam menos de quatro anos, subindo 5 p.p.; ve\u00edculos com mais de 15 anos ca\u00edram para 38% (queda de 5 p.p.). Ve\u00edculos el\u00e9tricos representam 9% dos condutores, com aumento de 5,5 p.p. face a 2025; carros a gasolina subiram 11 p.p. enquanto diesel caiu 18 p.p. Peugeot e Renault lideram o mercado, cada uma com 10%; seguem Volkswagen (7%), BMW (6%) e Opel (6%). Mais de 80% conduzem o carro pr\u00f3prio; 79% percorrem at\u00e9 1.000 quil\u00f3metros por m\u00eas; 57% compraram a pronto e 22% recorreram a cr\u00e9dito autom\u00f3vel. Custos de carregamento: at\u00e9 7 euros por carregamento dom\u00e9stico e 50 euros mensais em consumo p\u00fablico; 86% carregam em casa e 91% utilizam postos p\u00fablicos; estudo ouviu 1.608 pessoas entre 28 de janeiro e 11 de fevereiro.","og_url":"https:\/\/portaltela.pt\/noticias\/2026\/03\/12\/parque-automovel-portugues-torna-se-mais-jovem-e-diversificado-em-2026\/","og_site_name":"Portal Tela Portugal","article_published_time":"2026-03-12T07:23:00+00:00","author":"Telinha","twitter_card":"summary_large_image","twitter_misc":{"Escrito por":"Telinha","Tempo estimado de leitura":"2 minutos"},"schema":{"@context":"https:\/\/schema.org","@graph":[{"@type":"Article","@id":"https:\/\/portaltela.pt\/noticias\/2026\/03\/12\/parque-automovel-portugues-torna-se-mais-jovem-e-diversificado-em-2026\/#article","isPartOf":{"@id":"https:\/\/portaltela.pt\/noticias\/2026\/03\/12\/parque-automovel-portugues-torna-se-mais-jovem-e-diversificado-em-2026\/"},"author":{"name":"Telinha","@id":"https:\/\/portaltela.pt\/#\/schema\/person\/c4278d4a6028830caff9ee44b42d32ed"},"headline":"Parque autom\u00f3vel portugu\u00eas torna-se mais jovem e diversificado em 2026","datePublished":"2026-03-12T07:23:00+00:00","mainEntityOfPage":{"@id":"https:\/\/portaltela.pt\/noticias\/2026\/03\/12\/parque-automovel-portugues-torna-se-mais-jovem-e-diversificado-em-2026\/"},"wordCount":384,"image":{"@id":"https:\/\/portaltela.pt\/noticias\/2026\/03\/12\/parque-automovel-portugues-torna-se-mais-jovem-e-diversificado-em-2026\/#primaryimage"},"thumbnailUrl":"https:\/\/portaltela.pt\/s.01k8rhncp4jt1\/2026\/03\/img_1500x1000uu2025-12-12-13-12-00-2254057.jpg","keywords":["carros","El\u00e9trico","Lisboa","mobilidade","Oeste","Vale do Tejo"],"articleSection":["Not\u00edcias"],"inLanguage":"pt-PT"},{"@type":"WebPage","@id":"https:\/\/portaltela.pt\/noticias\/2026\/03\/12\/parque-automovel-portugues-torna-se-mais-jovem-e-diversificado-em-2026\/","url":"https:\/\/portaltela.pt\/noticias\/2026\/03\/12\/parque-automovel-portugues-torna-se-mais-jovem-e-diversificado-em-2026\/","name":"Parque autom\u00f3vel portugu\u00eas torna-se mais jovem e diversificado em 2026 - Portal Tela Portugal","isPartOf":{"@id":"https:\/\/portaltela.pt\/#website"},"primaryImageOfPage":{"@id":"https:\/\/portaltela.pt\/noticias\/2026\/03\/12\/parque-automovel-portugues-torna-se-mais-jovem-e-diversificado-em-2026\/#primaryimage"},"image":{"@id":"https:\/\/portaltela.pt\/noticias\/2026\/03\/12\/parque-automovel-portugues-torna-se-mais-jovem-e-diversificado-em-2026\/#primaryimage"},"thumbnailUrl":"https:\/\/portaltela.pt\/s.01k8rhncp4jt1\/2026\/03\/img_1500x1000uu2025-12-12-13-12-00-2254057.jpg","datePublished":"2026-03-12T07:23:00+00:00","author":{"@id":"https:\/\/portaltela.pt\/#\/schema\/person\/c4278d4a6028830caff9ee44b42d32ed"},"breadcrumb":{"@id":"https:\/\/portaltela.pt\/noticias\/2026\/03\/12\/parque-automovel-portugues-torna-se-mais-jovem-e-diversificado-em-2026\/#breadcrumb"},"inLanguage":"pt-PT","potentialAction":[{"@type":"ReadAction","target":["https:\/\/portaltela.pt\/noticias\/2026\/03\/12\/parque-automovel-portugues-torna-se-mais-jovem-e-diversificado-em-2026\/"]}]},{"@type":"ImageObject","inLanguage":"pt-PT","@id":"https:\/\/portaltela.pt\/noticias\/2026\/03\/12\/parque-automovel-portugues-torna-se-mais-jovem-e-diversificado-em-2026\/#primaryimage","url":"https:\/\/portaltela.pt\/s.01k8rhncp4jt1\/2026\/03\/img_1500x1000uu2025-12-12-13-12-00-2254057.jpg","contentUrl":"https:\/\/portaltela.pt\/s.01k8rhncp4jt1\/2026\/03\/img_1500x1000uu2025-12-12-13-12-00-2254057.jpg","width":796,"height":448,"caption":"Autom\u00f3veis"},{"@type":"BreadcrumbList","@id":"https:\/\/portaltela.pt\/noticias\/2026\/03\/12\/parque-automovel-portugues-torna-se-mais-jovem-e-diversificado-em-2026\/#breadcrumb","itemListElement":[{"@type":"ListItem","position":1,"name":"In\u00edcio","item":"https:\/\/portaltela.pt\/"},{"@type":"ListItem","position":2,"name":"Parque autom\u00f3vel portugu\u00eas torna-se mais jovem e diversificado em 2026"}]},{"@type":"WebSite","@id":"https:\/\/portaltela.pt\/#website","url":"https:\/\/portaltela.pt\/","name":"Portal Tela Portugal","description":"","potentialAction":[{"@type":"SearchAction","target":{"@type":"EntryPoint","urlTemplate":"https:\/\/portaltela.pt\/?s={search_term_string}"},"query-input":{"@type":"PropertyValueSpecification","valueRequired":true,"valueName":"search_term_string"}}],"inLanguage":"pt-PT"},{"@type":"Person","@id":"https:\/\/portaltela.pt\/#\/schema\/person\/c4278d4a6028830caff9ee44b42d32ed","name":"Telinha","image":{"@type":"ImageObject","inLanguage":"pt-PT","@id":"https:\/\/portaltela.pt\/s.01k8rhncp4jt1\/2025\/11\/talking-bot-125x125.png","url":"https:\/\/portaltela.pt\/s.01k8rhncp4jt1\/2025\/11\/talking-bot-125x125.png","contentUrl":"https:\/\/portaltela.pt\/s.01k8rhncp4jt1\/2025\/11\/talking-bot-125x125.png","caption":"Telinha"},"sameAs":["https:\/\/portaltela.pt\/"],"url":"https:\/\/portaltela.pt\/por\/367410592786\/"}]}},"_links":{"self":[{"href":"https:\/\/portaltela.pt\/api\/wp\/v2\/posts\/406968","targetHints":{"allow":["GET"]}}],"collection":[{"href":"https:\/\/portaltela.pt\/api\/wp\/v2\/posts"}],"about":[{"href":"https:\/\/portaltela.pt\/api\/wp\/v2\/types\/post"}],"author":[{"embeddable":true,"href":"https:\/\/portaltela.pt\/api\/wp\/v2\/users\/2"}],"replies":[{"embeddable":true,"href":"https:\/\/portaltela.pt\/api\/wp\/v2\/comments?post=406968"}],"version-history":[{"count":0,"href":"https:\/\/portaltela.pt\/api\/wp\/v2\/posts\/406968\/revisions"}],"wp:featuredmedia":[{"embeddable":true,"href":"https:\/\/portaltela.pt\/api\/wp\/v2\/media\/406972"}],"wp:attachment":[{"href":"https:\/\/portaltela.pt\/api\/wp\/v2\/media?parent=406968"}],"wp:term":[{"taxonomy":"category","embeddable":true,"href":"https:\/\/portaltela.pt\/api\/wp\/v2\/categories?post=406968"},{"taxonomy":"post_tag","embeddable":true,"href":"https:\/\/portaltela.pt\/api\/wp\/v2\/tags?post=406968"}],"curies":[{"name":"wp","href":"https:\/\/api.w.org\/{rel}","templated":true}]}}