{"id":406914,"date":"2026-03-12T04:05:00","date_gmt":"2026-03-12T07:05:00","guid":{"rendered":"https:\/\/portaltela.pt\/noticias\/2026\/03\/12\/graca-carvalho-afirma-que-edificacoes-devem-ser-retiradas-de-leito-de-cheia\/"},"modified":"2026-03-12T04:05:00","modified_gmt":"2026-03-12T07:05:00","slug":"graca-carvalho-afirma-que-edificacoes-devem-ser-retiradas-de-leito-de-cheia","status":"publish","type":"post","link":"https:\/\/portaltela.pt\/noticias\/2026\/03\/12\/graca-carvalho-afirma-que-edificacoes-devem-ser-retiradas-de-leito-de-cheia\/","title":{"rendered":"Gra\u00e7a Carvalho afirma que edifica\u00e7\u00f5es devem ser retiradas de leito de cheia"},"content":{"rendered":"<p>Ministra do Ambiente e Energia, Gra\u00e7a Carvalho, disse que nem toda zona de leito de cheia admite reconstru\u00e7\u00e3o. Em entrevista ao P\u00daBLICO\/R\u00e1dio Renascen\u00e7a, afirmou que apenas algumas pessoas poder\u00e3o abandonar casas em \u00e1reas de risco, sem abrir portas para solu\u00e7\u00f5es f\u00e1ceis junto \u00e0 praia.<\/p>\n<p>Carvalho explicou que, nas zonas costeiras onde tempestades destru\u00edram estruturas, n\u00e3o haver\u00e1 reconstru\u00e7\u00e3o. A prioridade \u00e9 garantir alternativas seguras, preservando a coabita\u00e7\u00e3o com cheias apenas onde for vi\u00e1vel.<\/p>\n<p>A dada altura, a ministra reiterou que a deslocaliza\u00e7\u00e3o de pequenas comunidades pode ser necess\u00e1ria, mas n\u00e3o a completa desloca\u00e7\u00e3o de aldeias. Enfatizou que edifica\u00e7\u00f5es em leito de cheia devem ser retiradas quando for indispens\u00e1vel.<\/p>\n<h3>Medidas em leitos de cheia<\/h3>\n<p>A posi\u00e7\u00e3o oficial aponta que algumas ocupa\u00e7\u00f5es, como restaurantes e bares fr\u00e1geis, situados em leito de cheia ou junto ao litoral, s\u00e3o ilegais e n\u00e3o ser\u00e3o reconstru\u00eddas. Em concreto, houve casos de estabelecimentos no Forte Novo, em Quarteira, j\u00e1 identificados como ilegais.<\/p>\n<p>Foi referido que algumas estruturas poder\u00e3o ser deslocadas, n\u00e3o reconstru\u00eddas no local original. A ministra destacou que Portugal tem espa\u00e7o para reposicionar atividades, evitando portas abertas diretamente na praia.<\/p>\n<p>Sobre propostas legislativas, menciona-se uma expropria\u00e7\u00e3o urgente de im\u00f3veis e obras em zonas de leito ou margens sem autoriza\u00e7\u00e3o. A resolu\u00e7\u00e3o do Conselho de Ministros prev\u00ea exce\u00e7\u00f5es para avalia\u00e7\u00e3o cuidadosa dos leitos de cheia, com foco em alternativas de localiza\u00e7\u00e3o.<\/p>\n<h3>Direitos adquiridos e impactos no litoral<\/h3>\n<p>Carvalho reconheceu que direitos adquiridos complicam mudan\u00e7as no litoral, citando exemplos em Vilamoura, Quarteira e Arma\u00e7\u00e3o de P\u00eara. Explicou que n\u00e3o \u00e9 poss\u00edvel contrariar a Constitui\u00e7\u00e3o para reescrever o passado, mas enfatizou que, quando h\u00e1 destrui\u00e7\u00e3o, \u00e9 admiss\u00edvel adaptar para locais mais seguros.<\/p>\n<p>A governan\u00e7a ambiental manter\u00e1 o papel da Ag\u00eancia Portuguesa do Ambiente como autoridade competente na \u00e1rea. O objetivo \u00e9 orientar a reconstru\u00e7\u00e3o para \u00e1reas fora de leitos de cheia, assegurando op\u00e7\u00e3o segura para moradores, restaura\u00e7\u00f5es e servi\u00e7os tur\u00edsticos.<\/p>\n<p>A ministra concluiu que a prioridade \u00e9 evitar que casas perigosas permane\u00e7am onde representam risco, com foco na prote\u00e7\u00e3o de pessoas e do ambiente, sem revelar prazos para cada caso espec\u00edfico.<\/p>\n","protected":false},"excerpt":{"rendered":"<ul>\n<li>A ministra do Ambiente e Energia afirmou que, em alguns casos, h\u00e1 edifica\u00e7\u00f5es que t\u00eam de ser retiradas do leito de cheia, e que nas zonas costeiras n\u00e3o haver\u00e1 reconstru\u00e7\u00e3o ap\u00f3s tempestades que destru\u00edrem estruturas.<\/li>\n<li>Em Mondego, a aposta \u00e9 permitir a coabita\u00e7\u00e3o com cheias de forma controlada, reconhecendo que deslocalizar pessoas de forma generalizada n\u00e3o \u00e9 vi\u00e1vel.<\/li>\n<li>Quanto a restaurantes e bares junto a leitos de cheia, h\u00e1 estruturas fr\u00e1geis que j\u00e1 s\u00e3o consideradas ilegais e n\u00e3o ser\u00e3o reconstru\u00eddas; h\u00e1 exemplos como um bar em Quarteira que dever\u00e1 ficar mais atr\u00e1s, longe da praia.<\/li>\n<li>Existe uma proposta de lei que prev\u00ea expropria\u00e7\u00f5es urgentes de im\u00f3veis em zonas de leito ou margens sem autoriza\u00e7\u00e3o; uma resolu\u00e7\u00e3o anterior abriu exce\u00e7\u00f5es para leitos de cheia, exigindo vigil\u00e2ncia antiga e cautela.<\/li>\n<li>Os direitos adquiridos dificultam desloca\u00e7\u00f5es em \u00e1reas costeiras, mas a estrat\u00e9gia passa por n\u00e3o contrariar a Constitui\u00e7\u00e3o e, quando algo \u00e9 destru\u00eddo, deslocar para locais mais seguros com ajustamentos em casas, restaurantes ou hot\u00e9is.<\/li>\n<\/ul>\n","protected":false},"author":2,"featured_media":406938,"comment_status":"closed","ping_status":"closed","sticky":false,"template":"","format":"standard","meta":{"footnotes":""},"categories":[6725,1],"tags":[4802,5561,4254,45,6189,7064],"class_list":["post-406914","post","type-post","status-publish","format-standard","has-post-thumbnail","hentry","category-meio-ambiente","category-noticias","tag-agencia-portuguesa-do-ambiente","tag-costa-do-sol","tag-expropriacoes","tag-meio-ambiente","tag-quarteira","tag-vilamoura"],"yoast_head":"<!-- This site is optimized with the Yoast SEO plugin v27.2 - https:\/\/yoast.com\/product\/yoast-seo-wordpress\/ -->\n<title>Gra\u00e7a Carvalho afirma que edifica\u00e7\u00f5es devem ser retiradas de leito de cheia - Portal Tela Portugal<\/title>\n<meta name=\"robots\" content=\"index, follow, max-snippet:-1, max-image-preview:large, max-video-preview:-1\" \/>\n<meta property=\"og:locale\" content=\"pt_PT\" \/>\n<meta property=\"og:type\" content=\"article\" \/>\n<meta property=\"og:title\" content=\"Gra\u00e7a Carvalho afirma que edifica\u00e7\u00f5es devem ser retiradas de leito de cheia - Portal Tela Portugal\" \/>\n<meta property=\"og:description\" content=\"A ministra do Ambiente e Energia afirmou que, em alguns casos, h\u00e1 edifica\u00e7\u00f5es que t\u00eam de ser retiradas do leito de cheia, e que nas zonas costeiras n\u00e3o haver\u00e1 reconstru\u00e7\u00e3o ap\u00f3s tempestades que destru\u00edrem estruturas. Em Mondego, a aposta \u00e9 permitir a coabita\u00e7\u00e3o com cheias de forma controlada, reconhecendo que deslocalizar pessoas de forma generalizada n\u00e3o \u00e9 vi\u00e1vel. Quanto a restaurantes e bares junto a leitos de cheia, h\u00e1 estruturas fr\u00e1geis que j\u00e1 s\u00e3o consideradas ilegais e n\u00e3o ser\u00e3o reconstru\u00eddas; h\u00e1 exemplos como um bar em Quarteira que dever\u00e1 ficar mais atr\u00e1s, longe da praia. Existe uma proposta de lei que prev\u00ea expropria\u00e7\u00f5es urgentes de im\u00f3veis em zonas de leito ou margens sem autoriza\u00e7\u00e3o; uma resolu\u00e7\u00e3o anterior abriu exce\u00e7\u00f5es para leitos de cheia, exigindo vigil\u00e2ncia antiga e cautela. Os direitos adquiridos dificultam desloca\u00e7\u00f5es em \u00e1reas costeiras, mas a estrat\u00e9gia passa por n\u00e3o contrariar a Constitui\u00e7\u00e3o e, quando algo \u00e9 destru\u00eddo, deslocar para locais mais seguros com ajustamentos em casas, restaurantes ou hot\u00e9is.\" \/>\n<meta property=\"og:url\" content=\"https:\/\/portaltela.pt\/noticias\/2026\/03\/12\/graca-carvalho-afirma-que-edificacoes-devem-ser-retiradas-de-leito-de-cheia\/\" \/>\n<meta property=\"og:site_name\" content=\"Portal Tela Portugal\" \/>\n<meta property=\"article:published_time\" content=\"2026-03-12T07:05:00+00:00\" \/>\n<meta name=\"author\" content=\"Telinha\" \/>\n<meta name=\"twitter:card\" content=\"summary_large_image\" \/>\n<meta name=\"twitter:label1\" content=\"Escrito por\" \/>\n\t<meta name=\"twitter:data1\" content=\"Telinha\" \/>\n\t<meta name=\"twitter:label2\" content=\"Tempo estimado de leitura\" \/>\n\t<meta name=\"twitter:data2\" content=\"2 minutos\" \/>\n<script type=\"application\/ld+json\" class=\"yoast-schema-graph\">{\"@context\":\"https:\/\/schema.org\",\"@graph\":[{\"@type\":\"Article\",\"@id\":\"https:\/\/portaltela.pt\/noticias\/2026\/03\/12\/graca-carvalho-afirma-que-edificacoes-devem-ser-retiradas-de-leito-de-cheia\/#article\",\"isPartOf\":{\"@id\":\"https:\/\/portaltela.pt\/noticias\/2026\/03\/12\/graca-carvalho-afirma-que-edificacoes-devem-ser-retiradas-de-leito-de-cheia\/\"},\"author\":{\"name\":\"Telinha\",\"@id\":\"https:\/\/portaltela.pt\/#\/schema\/person\/c4278d4a6028830caff9ee44b42d32ed\"},\"headline\":\"Gra\u00e7a Carvalho afirma que edifica\u00e7\u00f5es devem ser retiradas de leito de cheia\",\"datePublished\":\"2026-03-12T07:05:00+00:00\",\"mainEntityOfPage\":{\"@id\":\"https:\/\/portaltela.pt\/noticias\/2026\/03\/12\/graca-carvalho-afirma-que-edificacoes-devem-ser-retiradas-de-leito-de-cheia\/\"},\"wordCount\":405,\"image\":{\"@id\":\"https:\/\/portaltela.pt\/noticias\/2026\/03\/12\/graca-carvalho-afirma-que-edificacoes-devem-ser-retiradas-de-leito-de-cheia\/#primaryimage\"},\"thumbnailUrl\":\"https:\/\/portaltela.pt\/s.01k8rhncp4jt1\/2026\/03\/2073480.jpg\",\"keywords\":[\"Ag\u00eancia Portuguesa do Ambiente\",\"Costa do Sol\",\"expropria\u00e7\u00f5es\",\"meio-ambiente\",\"Quarteira\",\"Vilamoura\"],\"articleSection\":[\"Meio Ambiente\",\"Not\u00edcias\"],\"inLanguage\":\"pt-PT\"},{\"@type\":\"WebPage\",\"@id\":\"https:\/\/portaltela.pt\/noticias\/2026\/03\/12\/graca-carvalho-afirma-que-edificacoes-devem-ser-retiradas-de-leito-de-cheia\/\",\"url\":\"https:\/\/portaltela.pt\/noticias\/2026\/03\/12\/graca-carvalho-afirma-que-edificacoes-devem-ser-retiradas-de-leito-de-cheia\/\",\"name\":\"Gra\u00e7a Carvalho afirma que edifica\u00e7\u00f5es devem ser retiradas de leito de cheia - Portal Tela Portugal\",\"isPartOf\":{\"@id\":\"https:\/\/portaltela.pt\/#website\"},\"primaryImageOfPage\":{\"@id\":\"https:\/\/portaltela.pt\/noticias\/2026\/03\/12\/graca-carvalho-afirma-que-edificacoes-devem-ser-retiradas-de-leito-de-cheia\/#primaryimage\"},\"image\":{\"@id\":\"https:\/\/portaltela.pt\/noticias\/2026\/03\/12\/graca-carvalho-afirma-que-edificacoes-devem-ser-retiradas-de-leito-de-cheia\/#primaryimage\"},\"thumbnailUrl\":\"https:\/\/portaltela.pt\/s.01k8rhncp4jt1\/2026\/03\/2073480.jpg\",\"datePublished\":\"2026-03-12T07:05:00+00:00\",\"author\":{\"@id\":\"https:\/\/portaltela.pt\/#\/schema\/person\/c4278d4a6028830caff9ee44b42d32ed\"},\"breadcrumb\":{\"@id\":\"https:\/\/portaltela.pt\/noticias\/2026\/03\/12\/graca-carvalho-afirma-que-edificacoes-devem-ser-retiradas-de-leito-de-cheia\/#breadcrumb\"},\"inLanguage\":\"pt-PT\",\"potentialAction\":[{\"@type\":\"ReadAction\",\"target\":[\"https:\/\/portaltela.pt\/noticias\/2026\/03\/12\/graca-carvalho-afirma-que-edificacoes-devem-ser-retiradas-de-leito-de-cheia\/\"]}]},{\"@type\":\"ImageObject\",\"inLanguage\":\"pt-PT\",\"@id\":\"https:\/\/portaltela.pt\/noticias\/2026\/03\/12\/graca-carvalho-afirma-que-edificacoes-devem-ser-retiradas-de-leito-de-cheia\/#primaryimage\",\"url\":\"https:\/\/portaltela.pt\/s.01k8rhncp4jt1\/2026\/03\/2073480.jpg\",\"contentUrl\":\"https:\/\/portaltela.pt\/s.01k8rhncp4jt1\/2026\/03\/2073480.jpg\",\"width\":796,\"height\":448,\"caption\":\"\\\"Parte dos restaurantes e bares muito fr\u00e1geis e a cair, em zonas de leito cheia ou no litoral, s\u00e3o ilegais\\\"\"},{\"@type\":\"BreadcrumbList\",\"@id\":\"https:\/\/portaltela.pt\/noticias\/2026\/03\/12\/graca-carvalho-afirma-que-edificacoes-devem-ser-retiradas-de-leito-de-cheia\/#breadcrumb\",\"itemListElement\":[{\"@type\":\"ListItem\",\"position\":1,\"name\":\"In\u00edcio\",\"item\":\"https:\/\/portaltela.pt\/\"},{\"@type\":\"ListItem\",\"position\":2,\"name\":\"Gra\u00e7a Carvalho afirma que edifica\u00e7\u00f5es devem ser retiradas de leito de cheia\"}]},{\"@type\":\"WebSite\",\"@id\":\"https:\/\/portaltela.pt\/#website\",\"url\":\"https:\/\/portaltela.pt\/\",\"name\":\"Portal Tela Portugal\",\"description\":\"\",\"potentialAction\":[{\"@type\":\"SearchAction\",\"target\":{\"@type\":\"EntryPoint\",\"urlTemplate\":\"https:\/\/portaltela.pt\/?s={search_term_string}\"},\"query-input\":{\"@type\":\"PropertyValueSpecification\",\"valueRequired\":true,\"valueName\":\"search_term_string\"}}],\"inLanguage\":\"pt-PT\"},{\"@type\":\"Person\",\"@id\":\"https:\/\/portaltela.pt\/#\/schema\/person\/c4278d4a6028830caff9ee44b42d32ed\",\"name\":\"Telinha\",\"image\":{\"@type\":\"ImageObject\",\"inLanguage\":\"pt-PT\",\"@id\":\"https:\/\/portaltela.pt\/s.01k8rhncp4jt1\/2025\/11\/talking-bot-125x125.png\",\"url\":\"https:\/\/portaltela.pt\/s.01k8rhncp4jt1\/2025\/11\/talking-bot-125x125.png\",\"contentUrl\":\"https:\/\/portaltela.pt\/s.01k8rhncp4jt1\/2025\/11\/talking-bot-125x125.png\",\"caption\":\"Telinha\"},\"sameAs\":[\"https:\/\/portaltela.pt\/\"],\"url\":\"https:\/\/portaltela.pt\/por\/367410592786\/\"}]}<\/script>\n<!-- \/ Yoast SEO plugin. -->","yoast_head_json":{"title":"Gra\u00e7a Carvalho afirma que edifica\u00e7\u00f5es devem ser retiradas de leito de cheia - Portal Tela Portugal","robots":{"index":"index","follow":"follow","max-snippet":"max-snippet:-1","max-image-preview":"max-image-preview:large","max-video-preview":"max-video-preview:-1"},"og_locale":"pt_PT","og_type":"article","og_title":"Gra\u00e7a Carvalho afirma que edifica\u00e7\u00f5es devem ser retiradas de leito de cheia - Portal Tela Portugal","og_description":"A ministra do Ambiente e Energia afirmou que, em alguns casos, h\u00e1 edifica\u00e7\u00f5es que t\u00eam de ser retiradas do leito de cheia, e que nas zonas costeiras n\u00e3o haver\u00e1 reconstru\u00e7\u00e3o ap\u00f3s tempestades que destru\u00edrem estruturas. Em Mondego, a aposta \u00e9 permitir a coabita\u00e7\u00e3o com cheias de forma controlada, reconhecendo que deslocalizar pessoas de forma generalizada n\u00e3o \u00e9 vi\u00e1vel. Quanto a restaurantes e bares junto a leitos de cheia, h\u00e1 estruturas fr\u00e1geis que j\u00e1 s\u00e3o consideradas ilegais e n\u00e3o ser\u00e3o reconstru\u00eddas; h\u00e1 exemplos como um bar em Quarteira que dever\u00e1 ficar mais atr\u00e1s, longe da praia. Existe uma proposta de lei que prev\u00ea expropria\u00e7\u00f5es urgentes de im\u00f3veis em zonas de leito ou margens sem autoriza\u00e7\u00e3o; uma resolu\u00e7\u00e3o anterior abriu exce\u00e7\u00f5es para leitos de cheia, exigindo vigil\u00e2ncia antiga e cautela. Os direitos adquiridos dificultam desloca\u00e7\u00f5es em \u00e1reas costeiras, mas a estrat\u00e9gia passa por n\u00e3o contrariar a Constitui\u00e7\u00e3o e, quando algo \u00e9 destru\u00eddo, deslocar para locais mais seguros com ajustamentos em casas, restaurantes ou hot\u00e9is.","og_url":"https:\/\/portaltela.pt\/noticias\/2026\/03\/12\/graca-carvalho-afirma-que-edificacoes-devem-ser-retiradas-de-leito-de-cheia\/","og_site_name":"Portal Tela Portugal","article_published_time":"2026-03-12T07:05:00+00:00","author":"Telinha","twitter_card":"summary_large_image","twitter_misc":{"Escrito por":"Telinha","Tempo estimado de leitura":"2 minutos"},"schema":{"@context":"https:\/\/schema.org","@graph":[{"@type":"Article","@id":"https:\/\/portaltela.pt\/noticias\/2026\/03\/12\/graca-carvalho-afirma-que-edificacoes-devem-ser-retiradas-de-leito-de-cheia\/#article","isPartOf":{"@id":"https:\/\/portaltela.pt\/noticias\/2026\/03\/12\/graca-carvalho-afirma-que-edificacoes-devem-ser-retiradas-de-leito-de-cheia\/"},"author":{"name":"Telinha","@id":"https:\/\/portaltela.pt\/#\/schema\/person\/c4278d4a6028830caff9ee44b42d32ed"},"headline":"Gra\u00e7a Carvalho afirma que edifica\u00e7\u00f5es devem ser retiradas de leito de cheia","datePublished":"2026-03-12T07:05:00+00:00","mainEntityOfPage":{"@id":"https:\/\/portaltela.pt\/noticias\/2026\/03\/12\/graca-carvalho-afirma-que-edificacoes-devem-ser-retiradas-de-leito-de-cheia\/"},"wordCount":405,"image":{"@id":"https:\/\/portaltela.pt\/noticias\/2026\/03\/12\/graca-carvalho-afirma-que-edificacoes-devem-ser-retiradas-de-leito-de-cheia\/#primaryimage"},"thumbnailUrl":"https:\/\/portaltela.pt\/s.01k8rhncp4jt1\/2026\/03\/2073480.jpg","keywords":["Ag\u00eancia Portuguesa do Ambiente","Costa do Sol","expropria\u00e7\u00f5es","meio-ambiente","Quarteira","Vilamoura"],"articleSection":["Meio Ambiente","Not\u00edcias"],"inLanguage":"pt-PT"},{"@type":"WebPage","@id":"https:\/\/portaltela.pt\/noticias\/2026\/03\/12\/graca-carvalho-afirma-que-edificacoes-devem-ser-retiradas-de-leito-de-cheia\/","url":"https:\/\/portaltela.pt\/noticias\/2026\/03\/12\/graca-carvalho-afirma-que-edificacoes-devem-ser-retiradas-de-leito-de-cheia\/","name":"Gra\u00e7a Carvalho afirma que edifica\u00e7\u00f5es devem ser retiradas de leito de cheia - Portal Tela Portugal","isPartOf":{"@id":"https:\/\/portaltela.pt\/#website"},"primaryImageOfPage":{"@id":"https:\/\/portaltela.pt\/noticias\/2026\/03\/12\/graca-carvalho-afirma-que-edificacoes-devem-ser-retiradas-de-leito-de-cheia\/#primaryimage"},"image":{"@id":"https:\/\/portaltela.pt\/noticias\/2026\/03\/12\/graca-carvalho-afirma-que-edificacoes-devem-ser-retiradas-de-leito-de-cheia\/#primaryimage"},"thumbnailUrl":"https:\/\/portaltela.pt\/s.01k8rhncp4jt1\/2026\/03\/2073480.jpg","datePublished":"2026-03-12T07:05:00+00:00","author":{"@id":"https:\/\/portaltela.pt\/#\/schema\/person\/c4278d4a6028830caff9ee44b42d32ed"},"breadcrumb":{"@id":"https:\/\/portaltela.pt\/noticias\/2026\/03\/12\/graca-carvalho-afirma-que-edificacoes-devem-ser-retiradas-de-leito-de-cheia\/#breadcrumb"},"inLanguage":"pt-PT","potentialAction":[{"@type":"ReadAction","target":["https:\/\/portaltela.pt\/noticias\/2026\/03\/12\/graca-carvalho-afirma-que-edificacoes-devem-ser-retiradas-de-leito-de-cheia\/"]}]},{"@type":"ImageObject","inLanguage":"pt-PT","@id":"https:\/\/portaltela.pt\/noticias\/2026\/03\/12\/graca-carvalho-afirma-que-edificacoes-devem-ser-retiradas-de-leito-de-cheia\/#primaryimage","url":"https:\/\/portaltela.pt\/s.01k8rhncp4jt1\/2026\/03\/2073480.jpg","contentUrl":"https:\/\/portaltela.pt\/s.01k8rhncp4jt1\/2026\/03\/2073480.jpg","width":796,"height":448,"caption":"\"Parte dos restaurantes e bares muito fr\u00e1geis e a cair, em zonas de leito cheia ou no litoral, s\u00e3o ilegais\""},{"@type":"BreadcrumbList","@id":"https:\/\/portaltela.pt\/noticias\/2026\/03\/12\/graca-carvalho-afirma-que-edificacoes-devem-ser-retiradas-de-leito-de-cheia\/#breadcrumb","itemListElement":[{"@type":"ListItem","position":1,"name":"In\u00edcio","item":"https:\/\/portaltela.pt\/"},{"@type":"ListItem","position":2,"name":"Gra\u00e7a Carvalho afirma que edifica\u00e7\u00f5es devem ser retiradas de leito de cheia"}]},{"@type":"WebSite","@id":"https:\/\/portaltela.pt\/#website","url":"https:\/\/portaltela.pt\/","name":"Portal Tela Portugal","description":"","potentialAction":[{"@type":"SearchAction","target":{"@type":"EntryPoint","urlTemplate":"https:\/\/portaltela.pt\/?s={search_term_string}"},"query-input":{"@type":"PropertyValueSpecification","valueRequired":true,"valueName":"search_term_string"}}],"inLanguage":"pt-PT"},{"@type":"Person","@id":"https:\/\/portaltela.pt\/#\/schema\/person\/c4278d4a6028830caff9ee44b42d32ed","name":"Telinha","image":{"@type":"ImageObject","inLanguage":"pt-PT","@id":"https:\/\/portaltela.pt\/s.01k8rhncp4jt1\/2025\/11\/talking-bot-125x125.png","url":"https:\/\/portaltela.pt\/s.01k8rhncp4jt1\/2025\/11\/talking-bot-125x125.png","contentUrl":"https:\/\/portaltela.pt\/s.01k8rhncp4jt1\/2025\/11\/talking-bot-125x125.png","caption":"Telinha"},"sameAs":["https:\/\/portaltela.pt\/"],"url":"https:\/\/portaltela.pt\/por\/367410592786\/"}]}},"_links":{"self":[{"href":"https:\/\/portaltela.pt\/api\/wp\/v2\/posts\/406914","targetHints":{"allow":["GET"]}}],"collection":[{"href":"https:\/\/portaltela.pt\/api\/wp\/v2\/posts"}],"about":[{"href":"https:\/\/portaltela.pt\/api\/wp\/v2\/types\/post"}],"author":[{"embeddable":true,"href":"https:\/\/portaltela.pt\/api\/wp\/v2\/users\/2"}],"replies":[{"embeddable":true,"href":"https:\/\/portaltela.pt\/api\/wp\/v2\/comments?post=406914"}],"version-history":[{"count":0,"href":"https:\/\/portaltela.pt\/api\/wp\/v2\/posts\/406914\/revisions"}],"wp:featuredmedia":[{"embeddable":true,"href":"https:\/\/portaltela.pt\/api\/wp\/v2\/media\/406938"}],"wp:attachment":[{"href":"https:\/\/portaltela.pt\/api\/wp\/v2\/media?parent=406914"}],"wp:term":[{"taxonomy":"category","embeddable":true,"href":"https:\/\/portaltela.pt\/api\/wp\/v2\/categories?post=406914"},{"taxonomy":"post_tag","embeddable":true,"href":"https:\/\/portaltela.pt\/api\/wp\/v2\/tags?post=406914"}],"curies":[{"name":"wp","href":"https:\/\/api.w.org\/{rel}","templated":true}]}}