{"id":406910,"date":"2026-03-12T03:50:00","date_gmt":"2026-03-12T06:50:00","guid":{"rendered":"https:\/\/portaltela.pt\/noticias\/2026\/03\/12\/trabalhadores-da-lusa-pedem-apoio-partidario-para-evitar-ingerencia-politica\/"},"modified":"2026-03-12T03:50:00","modified_gmt":"2026-03-12T06:50:00","slug":"trabalhadores-da-lusa-pedem-apoio-partidario-para-evitar-ingerencia-politica","status":"publish","type":"post","link":"https:\/\/portaltela.pt\/noticias\/2026\/03\/12\/trabalhadores-da-lusa-pedem-apoio-partidario-para-evitar-ingerencia-politica\/","title":{"rendered":"Trabalhadores da Lusa pedem apoio partid\u00e1rio para evitar inger\u00eancia pol\u00edtica"},"content":{"rendered":"<p>Os trabalhadores da Ag\u00eancia Lusa anunciaram uma greve parcial para esta quinta-feira, acompanhada de concentra\u00e7\u00f5es em Lisboa e no Porto. O protesto resulta das altera\u00e7\u00f5es decididas pelo Governo, consideradas unilateralmente.<\/p>\n<p>Em causa est\u00e1 o futuro funcionamento da ag\u00eancia, com a perspetiva de mudan\u00e7as que a Administra\u00e7\u00e3o quer impor sem acordo. Os trabalhadores dizem que as novas regras elevam os riscos de inger\u00eancia externa.<\/p>\n<p>Para impedir eventuais efeitos, a Lusa enviou uma carta a partidos com assento parlamentar, solicitando interven\u00e7\u00e3o para travar as altera\u00e7\u00f5es. A dire\u00e7\u00e3o sindical afirma que as medidas refor\u00e7am a possibilidade de influ\u00eancia pol\u00edtica e governamentaliza\u00e7\u00e3o.<\/p>\n<p>De acordo com os organizadores, a greve \u00e9 parcial e visa alertar para impactos na independ\u00eancia editorial e na autonomia institucional da ag\u00eancia. Os protestos devem ocorrer em locais c\u00e9nicos de Lisboa e do Porto.<\/p>\n","protected":false},"excerpt":{"rendered":"<ul>\n<li>Trabalhadores da Ag\u00eancia Lusa convocam greve parcial para esta quinta-feira e concentra\u00e7\u00f5es em Lisboa e no Porto.<\/li>\n<li>Est\u00e3o a enviar uma carta aos partidos com assento parlamentar pedindo interven\u00e7\u00e3o para travar as altera\u00e7\u00f5es decididas pelo Governo sobre o funcionamento da ag\u00eancia.<\/li>\n<li>Argumentam que as novas regras agravam os riscos de inger\u00eancia externa, nomeadamente influ\u00eancia pol\u00edtica e governamentaliza\u00e7\u00e3o.<\/li>\n<li>A contesta\u00e7\u00e3o visa contrariar o que consideram decis\u00f5es unilaterais do Governo e poss\u00edveis incompatibilidades com preceitos constitucionais.<\/li>\n<\/ul>\n","protected":false},"author":2,"featured_media":406920,"comment_status":"closed","ping_status":"closed","sticky":false,"template":"","format":"standard","meta":{"footnotes":""},"categories":[1],"tags":[34,506,1293,5563,3512,2832],"class_list":["post-406910","post","type-post","status-publish","format-standard","has-post-thumbnail","hentry","category-noticias","tag-governo","tag-imprensa","tag-independencia","tag-informacao-publica","tag-liberdade-de-imprensa","tag-politica"],"yoast_head":"<!-- This site is optimized with the Yoast SEO plugin v27.2 - https:\/\/yoast.com\/product\/yoast-seo-wordpress\/ -->\n<title>Trabalhadores da Lusa pedem apoio partid\u00e1rio para evitar inger\u00eancia pol\u00edtica - Portal Tela Portugal<\/title>\n<meta name=\"robots\" content=\"index, follow, max-snippet:-1, max-image-preview:large, max-video-preview:-1\" \/>\n<meta property=\"og:locale\" content=\"pt_PT\" \/>\n<meta property=\"og:type\" content=\"article\" \/>\n<meta property=\"og:title\" content=\"Trabalhadores da Lusa pedem apoio partid\u00e1rio para evitar inger\u00eancia pol\u00edtica - Portal Tela Portugal\" \/>\n<meta property=\"og:description\" content=\"Trabalhadores da Ag\u00eancia Lusa convocam greve parcial para esta quinta-feira e concentra\u00e7\u00f5es em Lisboa e no Porto. Est\u00e3o a enviar uma carta aos partidos com assento parlamentar pedindo interven\u00e7\u00e3o para travar as altera\u00e7\u00f5es decididas pelo Governo sobre o funcionamento da ag\u00eancia. Argumentam que as novas regras agravam os riscos de inger\u00eancia externa, nomeadamente influ\u00eancia pol\u00edtica e governamentaliza\u00e7\u00e3o. A contesta\u00e7\u00e3o visa contrariar o que consideram decis\u00f5es unilaterais do Governo e poss\u00edveis incompatibilidades com preceitos constitucionais.\" \/>\n<meta property=\"og:url\" content=\"https:\/\/portaltela.pt\/noticias\/2026\/03\/12\/trabalhadores-da-lusa-pedem-apoio-partidario-para-evitar-ingerencia-politica\/\" \/>\n<meta property=\"og:site_name\" content=\"Portal Tela Portugal\" \/>\n<meta property=\"article:published_time\" content=\"2026-03-12T06:50:00+00:00\" \/>\n<meta name=\"author\" content=\"Telinha\" \/>\n<meta name=\"twitter:card\" content=\"summary_large_image\" \/>\n<meta name=\"twitter:label1\" content=\"Escrito por\" \/>\n\t<meta name=\"twitter:data1\" content=\"Telinha\" \/>\n\t<meta name=\"twitter:label2\" content=\"Tempo estimado de leitura\" \/>\n\t<meta name=\"twitter:data2\" content=\"1 minuto\" \/>\n<script type=\"application\/ld+json\" class=\"yoast-schema-graph\">{\"@context\":\"https:\/\/schema.org\",\"@graph\":[{\"@type\":\"Article\",\"@id\":\"https:\/\/portaltela.pt\/noticias\/2026\/03\/12\/trabalhadores-da-lusa-pedem-apoio-partidario-para-evitar-ingerencia-politica\/#article\",\"isPartOf\":{\"@id\":\"https:\/\/portaltela.pt\/noticias\/2026\/03\/12\/trabalhadores-da-lusa-pedem-apoio-partidario-para-evitar-ingerencia-politica\/\"},\"author\":{\"name\":\"Telinha\",\"@id\":\"https:\/\/portaltela.pt\/#\/schema\/person\/c4278d4a6028830caff9ee44b42d32ed\"},\"headline\":\"Trabalhadores da Lusa pedem apoio partid\u00e1rio para evitar inger\u00eancia pol\u00edtica\",\"datePublished\":\"2026-03-12T06:50:00+00:00\",\"mainEntityOfPage\":{\"@id\":\"https:\/\/portaltela.pt\/noticias\/2026\/03\/12\/trabalhadores-da-lusa-pedem-apoio-partidario-para-evitar-ingerencia-politica\/\"},\"wordCount\":162,\"image\":{\"@id\":\"https:\/\/portaltela.pt\/noticias\/2026\/03\/12\/trabalhadores-da-lusa-pedem-apoio-partidario-para-evitar-ingerencia-politica\/#primaryimage\"},\"thumbnailUrl\":\"https:\/\/portaltela.pt\/s.01k8rhncp4jt1\/2026\/03\/2073505.jpg\",\"keywords\":[\"governo\",\"imprensa\",\"independ\u00eancia\",\"informa\u00e7\u00e3o p\u00fablica\",\"liberdade de imprensa\",\"pol\u00edtica\"],\"articleSection\":[\"Not\u00edcias\"],\"inLanguage\":\"pt-PT\"},{\"@type\":\"WebPage\",\"@id\":\"https:\/\/portaltela.pt\/noticias\/2026\/03\/12\/trabalhadores-da-lusa-pedem-apoio-partidario-para-evitar-ingerencia-politica\/\",\"url\":\"https:\/\/portaltela.pt\/noticias\/2026\/03\/12\/trabalhadores-da-lusa-pedem-apoio-partidario-para-evitar-ingerencia-politica\/\",\"name\":\"Trabalhadores da Lusa pedem apoio partid\u00e1rio para evitar inger\u00eancia pol\u00edtica - Portal Tela Portugal\",\"isPartOf\":{\"@id\":\"https:\/\/portaltela.pt\/#website\"},\"primaryImageOfPage\":{\"@id\":\"https:\/\/portaltela.pt\/noticias\/2026\/03\/12\/trabalhadores-da-lusa-pedem-apoio-partidario-para-evitar-ingerencia-politica\/#primaryimage\"},\"image\":{\"@id\":\"https:\/\/portaltela.pt\/noticias\/2026\/03\/12\/trabalhadores-da-lusa-pedem-apoio-partidario-para-evitar-ingerencia-politica\/#primaryimage\"},\"thumbnailUrl\":\"https:\/\/portaltela.pt\/s.01k8rhncp4jt1\/2026\/03\/2073505.jpg\",\"datePublished\":\"2026-03-12T06:50:00+00:00\",\"author\":{\"@id\":\"https:\/\/portaltela.pt\/#\/schema\/person\/c4278d4a6028830caff9ee44b42d32ed\"},\"breadcrumb\":{\"@id\":\"https:\/\/portaltela.pt\/noticias\/2026\/03\/12\/trabalhadores-da-lusa-pedem-apoio-partidario-para-evitar-ingerencia-politica\/#breadcrumb\"},\"inLanguage\":\"pt-PT\",\"potentialAction\":[{\"@type\":\"ReadAction\",\"target\":[\"https:\/\/portaltela.pt\/noticias\/2026\/03\/12\/trabalhadores-da-lusa-pedem-apoio-partidario-para-evitar-ingerencia-politica\/\"]}]},{\"@type\":\"ImageObject\",\"inLanguage\":\"pt-PT\",\"@id\":\"https:\/\/portaltela.pt\/noticias\/2026\/03\/12\/trabalhadores-da-lusa-pedem-apoio-partidario-para-evitar-ingerencia-politica\/#primaryimage\",\"url\":\"https:\/\/portaltela.pt\/s.01k8rhncp4jt1\/2026\/03\/2073505.jpg\",\"contentUrl\":\"https:\/\/portaltela.pt\/s.01k8rhncp4jt1\/2026\/03\/2073505.jpg\",\"width\":796,\"height\":448,\"caption\":\"Edif\u00edcio sede da Ag\u00eancia Lusa em Lisboa\"},{\"@type\":\"BreadcrumbList\",\"@id\":\"https:\/\/portaltela.pt\/noticias\/2026\/03\/12\/trabalhadores-da-lusa-pedem-apoio-partidario-para-evitar-ingerencia-politica\/#breadcrumb\",\"itemListElement\":[{\"@type\":\"ListItem\",\"position\":1,\"name\":\"In\u00edcio\",\"item\":\"https:\/\/portaltela.pt\/\"},{\"@type\":\"ListItem\",\"position\":2,\"name\":\"Trabalhadores da Lusa pedem apoio partid\u00e1rio para evitar inger\u00eancia pol\u00edtica\"}]},{\"@type\":\"WebSite\",\"@id\":\"https:\/\/portaltela.pt\/#website\",\"url\":\"https:\/\/portaltela.pt\/\",\"name\":\"Portal Tela Portugal\",\"description\":\"\",\"potentialAction\":[{\"@type\":\"SearchAction\",\"target\":{\"@type\":\"EntryPoint\",\"urlTemplate\":\"https:\/\/portaltela.pt\/?s={search_term_string}\"},\"query-input\":{\"@type\":\"PropertyValueSpecification\",\"valueRequired\":true,\"valueName\":\"search_term_string\"}}],\"inLanguage\":\"pt-PT\"},{\"@type\":\"Person\",\"@id\":\"https:\/\/portaltela.pt\/#\/schema\/person\/c4278d4a6028830caff9ee44b42d32ed\",\"name\":\"Telinha\",\"image\":{\"@type\":\"ImageObject\",\"inLanguage\":\"pt-PT\",\"@id\":\"https:\/\/portaltela.pt\/s.01k8rhncp4jt1\/2025\/11\/talking-bot-125x125.png\",\"url\":\"https:\/\/portaltela.pt\/s.01k8rhncp4jt1\/2025\/11\/talking-bot-125x125.png\",\"contentUrl\":\"https:\/\/portaltela.pt\/s.01k8rhncp4jt1\/2025\/11\/talking-bot-125x125.png\",\"caption\":\"Telinha\"},\"sameAs\":[\"https:\/\/portaltela.pt\/\"],\"url\":\"https:\/\/portaltela.pt\/por\/367410592786\/\"}]}<\/script>\n<!-- \/ Yoast SEO plugin. -->","yoast_head_json":{"title":"Trabalhadores da Lusa pedem apoio partid\u00e1rio para evitar inger\u00eancia pol\u00edtica - Portal Tela Portugal","robots":{"index":"index","follow":"follow","max-snippet":"max-snippet:-1","max-image-preview":"max-image-preview:large","max-video-preview":"max-video-preview:-1"},"og_locale":"pt_PT","og_type":"article","og_title":"Trabalhadores da Lusa pedem apoio partid\u00e1rio para evitar inger\u00eancia pol\u00edtica - Portal Tela Portugal","og_description":"Trabalhadores da Ag\u00eancia Lusa convocam greve parcial para esta quinta-feira e concentra\u00e7\u00f5es em Lisboa e no Porto. Est\u00e3o a enviar uma carta aos partidos com assento parlamentar pedindo interven\u00e7\u00e3o para travar as altera\u00e7\u00f5es decididas pelo Governo sobre o funcionamento da ag\u00eancia. Argumentam que as novas regras agravam os riscos de inger\u00eancia externa, nomeadamente influ\u00eancia pol\u00edtica e governamentaliza\u00e7\u00e3o. A contesta\u00e7\u00e3o visa contrariar o que consideram decis\u00f5es unilaterais do Governo e poss\u00edveis incompatibilidades com preceitos constitucionais.","og_url":"https:\/\/portaltela.pt\/noticias\/2026\/03\/12\/trabalhadores-da-lusa-pedem-apoio-partidario-para-evitar-ingerencia-politica\/","og_site_name":"Portal Tela Portugal","article_published_time":"2026-03-12T06:50:00+00:00","author":"Telinha","twitter_card":"summary_large_image","twitter_misc":{"Escrito por":"Telinha","Tempo estimado de leitura":"1 minuto"},"schema":{"@context":"https:\/\/schema.org","@graph":[{"@type":"Article","@id":"https:\/\/portaltela.pt\/noticias\/2026\/03\/12\/trabalhadores-da-lusa-pedem-apoio-partidario-para-evitar-ingerencia-politica\/#article","isPartOf":{"@id":"https:\/\/portaltela.pt\/noticias\/2026\/03\/12\/trabalhadores-da-lusa-pedem-apoio-partidario-para-evitar-ingerencia-politica\/"},"author":{"name":"Telinha","@id":"https:\/\/portaltela.pt\/#\/schema\/person\/c4278d4a6028830caff9ee44b42d32ed"},"headline":"Trabalhadores da Lusa pedem apoio partid\u00e1rio para evitar inger\u00eancia pol\u00edtica","datePublished":"2026-03-12T06:50:00+00:00","mainEntityOfPage":{"@id":"https:\/\/portaltela.pt\/noticias\/2026\/03\/12\/trabalhadores-da-lusa-pedem-apoio-partidario-para-evitar-ingerencia-politica\/"},"wordCount":162,"image":{"@id":"https:\/\/portaltela.pt\/noticias\/2026\/03\/12\/trabalhadores-da-lusa-pedem-apoio-partidario-para-evitar-ingerencia-politica\/#primaryimage"},"thumbnailUrl":"https:\/\/portaltela.pt\/s.01k8rhncp4jt1\/2026\/03\/2073505.jpg","keywords":["governo","imprensa","independ\u00eancia","informa\u00e7\u00e3o p\u00fablica","liberdade de imprensa","pol\u00edtica"],"articleSection":["Not\u00edcias"],"inLanguage":"pt-PT"},{"@type":"WebPage","@id":"https:\/\/portaltela.pt\/noticias\/2026\/03\/12\/trabalhadores-da-lusa-pedem-apoio-partidario-para-evitar-ingerencia-politica\/","url":"https:\/\/portaltela.pt\/noticias\/2026\/03\/12\/trabalhadores-da-lusa-pedem-apoio-partidario-para-evitar-ingerencia-politica\/","name":"Trabalhadores da Lusa pedem apoio partid\u00e1rio para evitar inger\u00eancia pol\u00edtica - Portal Tela Portugal","isPartOf":{"@id":"https:\/\/portaltela.pt\/#website"},"primaryImageOfPage":{"@id":"https:\/\/portaltela.pt\/noticias\/2026\/03\/12\/trabalhadores-da-lusa-pedem-apoio-partidario-para-evitar-ingerencia-politica\/#primaryimage"},"image":{"@id":"https:\/\/portaltela.pt\/noticias\/2026\/03\/12\/trabalhadores-da-lusa-pedem-apoio-partidario-para-evitar-ingerencia-politica\/#primaryimage"},"thumbnailUrl":"https:\/\/portaltela.pt\/s.01k8rhncp4jt1\/2026\/03\/2073505.jpg","datePublished":"2026-03-12T06:50:00+00:00","author":{"@id":"https:\/\/portaltela.pt\/#\/schema\/person\/c4278d4a6028830caff9ee44b42d32ed"},"breadcrumb":{"@id":"https:\/\/portaltela.pt\/noticias\/2026\/03\/12\/trabalhadores-da-lusa-pedem-apoio-partidario-para-evitar-ingerencia-politica\/#breadcrumb"},"inLanguage":"pt-PT","potentialAction":[{"@type":"ReadAction","target":["https:\/\/portaltela.pt\/noticias\/2026\/03\/12\/trabalhadores-da-lusa-pedem-apoio-partidario-para-evitar-ingerencia-politica\/"]}]},{"@type":"ImageObject","inLanguage":"pt-PT","@id":"https:\/\/portaltela.pt\/noticias\/2026\/03\/12\/trabalhadores-da-lusa-pedem-apoio-partidario-para-evitar-ingerencia-politica\/#primaryimage","url":"https:\/\/portaltela.pt\/s.01k8rhncp4jt1\/2026\/03\/2073505.jpg","contentUrl":"https:\/\/portaltela.pt\/s.01k8rhncp4jt1\/2026\/03\/2073505.jpg","width":796,"height":448,"caption":"Edif\u00edcio sede da Ag\u00eancia Lusa em Lisboa"},{"@type":"BreadcrumbList","@id":"https:\/\/portaltela.pt\/noticias\/2026\/03\/12\/trabalhadores-da-lusa-pedem-apoio-partidario-para-evitar-ingerencia-politica\/#breadcrumb","itemListElement":[{"@type":"ListItem","position":1,"name":"In\u00edcio","item":"https:\/\/portaltela.pt\/"},{"@type":"ListItem","position":2,"name":"Trabalhadores da Lusa pedem apoio partid\u00e1rio para evitar inger\u00eancia pol\u00edtica"}]},{"@type":"WebSite","@id":"https:\/\/portaltela.pt\/#website","url":"https:\/\/portaltela.pt\/","name":"Portal Tela Portugal","description":"","potentialAction":[{"@type":"SearchAction","target":{"@type":"EntryPoint","urlTemplate":"https:\/\/portaltela.pt\/?s={search_term_string}"},"query-input":{"@type":"PropertyValueSpecification","valueRequired":true,"valueName":"search_term_string"}}],"inLanguage":"pt-PT"},{"@type":"Person","@id":"https:\/\/portaltela.pt\/#\/schema\/person\/c4278d4a6028830caff9ee44b42d32ed","name":"Telinha","image":{"@type":"ImageObject","inLanguage":"pt-PT","@id":"https:\/\/portaltela.pt\/s.01k8rhncp4jt1\/2025\/11\/talking-bot-125x125.png","url":"https:\/\/portaltela.pt\/s.01k8rhncp4jt1\/2025\/11\/talking-bot-125x125.png","contentUrl":"https:\/\/portaltela.pt\/s.01k8rhncp4jt1\/2025\/11\/talking-bot-125x125.png","caption":"Telinha"},"sameAs":["https:\/\/portaltela.pt\/"],"url":"https:\/\/portaltela.pt\/por\/367410592786\/"}]}},"_links":{"self":[{"href":"https:\/\/portaltela.pt\/api\/wp\/v2\/posts\/406910","targetHints":{"allow":["GET"]}}],"collection":[{"href":"https:\/\/portaltela.pt\/api\/wp\/v2\/posts"}],"about":[{"href":"https:\/\/portaltela.pt\/api\/wp\/v2\/types\/post"}],"author":[{"embeddable":true,"href":"https:\/\/portaltela.pt\/api\/wp\/v2\/users\/2"}],"replies":[{"embeddable":true,"href":"https:\/\/portaltela.pt\/api\/wp\/v2\/comments?post=406910"}],"version-history":[{"count":0,"href":"https:\/\/portaltela.pt\/api\/wp\/v2\/posts\/406910\/revisions"}],"wp:featuredmedia":[{"embeddable":true,"href":"https:\/\/portaltela.pt\/api\/wp\/v2\/media\/406920"}],"wp:attachment":[{"href":"https:\/\/portaltela.pt\/api\/wp\/v2\/media?parent=406910"}],"wp:term":[{"taxonomy":"category","embeddable":true,"href":"https:\/\/portaltela.pt\/api\/wp\/v2\/categories?post=406910"},{"taxonomy":"post_tag","embeddable":true,"href":"https:\/\/portaltela.pt\/api\/wp\/v2\/tags?post=406910"}],"curies":[{"name":"wp","href":"https:\/\/api.w.org\/{rel}","templated":true}]}}