{"id":406908,"date":"2026-03-12T04:02:00","date_gmt":"2026-03-12T07:02:00","guid":{"rendered":"https:\/\/portaltela.pt\/noticias\/2026\/03\/12\/feira-de-educacao-recebe-stand-do-chega-com-cartazes-anti-imigracao\/"},"modified":"2026-03-12T04:02:00","modified_gmt":"2026-03-12T07:02:00","slug":"feira-de-educacao-recebe-stand-do-chega-com-cartazes-anti-imigracao","status":"publish","type":"post","link":"https:\/\/portaltela.pt\/sociedade\/2026\/03\/12\/feira-de-educacao-recebe-stand-do-chega-com-cartazes-anti-imigracao\/","title":{"rendered":"Feira de educa\u00e7\u00e3o recebe stand do Chega com cartazes anti-imigra\u00e7\u00e3o"},"content":{"rendered":"<p>O Chega utilizou o seu stand na Futur\u00e1lia, feira de educa\u00e7\u00e3o promovida pela Funda\u00e7\u00e3o AIP, que decorre em Lisboa at\u00e9 este s\u00e1bado, para divulgar mensagens anti-imigra\u00e7\u00e3o associadas \u00e0 teoria da Grande Substitui\u00e7\u00e3o. No espa\u00e7o dedicado \u00e0 juventude, aparecem imagens de Andr\u00e9 Ventura rodeado por armas e um mapa de Portugal com dados de nascimentos de filhos de imigrantes em v\u00e1rios concelhos, acompanhados de mensagens como Isto n\u00e3o \u00e9 mesmo o Bangladesh (mas parece) e Sorria, estamos a ser substitu\u00eddos.<\/p>\n<p>As mensagens remontam a uma campanha j\u00e1 conhecida do partido, que levou a 51 den\u00fancias apresentadas \u00e0 Procuradoria-Geral da Rep\u00fablica e \u00e0 Comiss\u00e3o Nacional de Elei\u00e7\u00f5es. Os queixosos alegavam racismo e xenofobia, sugerindo poss\u00edvel crime de discrimina\u00e7\u00e3o e incitamento ao \u00f3dio e \u00e0 viol\u00eancia.<\/p>\n<p>Foi divulgado que o Minist\u00e9rio P\u00fablico arquivou os casos, concluindo que as mensagens se enquadram nos limites da liberdade de express\u00e3o concedida a pol\u00edticos. A decis\u00e3o foi comunicada ao p\u00fablico na \u00faltima quarta-feira, sem, contudo, deixar de gerar debate entre assistentes e participantes na feira.<\/p>\n<h3>Contexto institucional<\/h3>\n<p>Analistas lembram que a atua\u00e7\u00e3o em espa\u00e7os educativos pode suscitar reac\u00e7\u00f5es diversas, incluindo cr\u00edticas de entidades civis e representantes de organiza\u00e7\u00f5es que defendem a igualdade. A Futur\u00e1lia continua em funcionamento, com v\u00e1rias organiza\u00e7\u00f5es a participar em \u00e1reas de educa\u00e7\u00e3o e forma\u00e7\u00e3o, em Lisboa.<\/p>\n","protected":false},"excerpt":{"rendered":"<ul>\n<li>O Chega utilizou o stand da Juventude no evento Futur\u00e1lia, em Lisboa, para divulgar mensagens anti-imigra\u00e7\u00e3o associadas \u00e0 teoria da Grande Substitui\u00e7\u00e3o.<\/li>\n<li>O espa\u00e7o mostra imagens de Andr\u00e9 Ventura, um mapa com percentagens de nascimentos de imigrantes em v\u00e1rios concelhos e frases como &#8220;Isto n\u00e3o \u00e9 mesmo o Bangladesh&#8221; e &#8220;Sorria, estamos a ser substitu\u00eddos&#8221;.<\/li>\n<li>Estas mensagens repetem conte\u00fados j\u00e1 difundidos pelo partido nas ruas, que deram origem a 51 den\u00fancias por racismo e discrimina\u00e7\u00e3o junto da Procuradoria-Geral da Rep\u00fablica e da Comiss\u00e3o Nacional de Elei\u00e7\u00f5es.<\/li>\n<li>O Minist\u00e9rio P\u00fablico arquivou as den\u00fancias, entendendo que as mensagens se enquadram nos limites da liberdade de express\u00e3o de pol\u00edticos.<\/li>\n<li>A Futur\u00e1lia est\u00e1 a decorrer em Lisboa e vai at\u00e9 s\u00e1bado.<\/li>\n<\/ul>\n","protected":false},"author":2,"featured_media":406923,"comment_status":"closed","ping_status":"closed","sticky":false,"template":"","format":"standard","meta":{"footnotes":""},"categories":[1,6871],"tags":[2142,163,712,3544,2832,6032],"class_list":["post-406908","post","type-post","status-publish","format-standard","has-post-thumbnail","hentry","category-noticias","category-sociedade","tag-chega","tag-educacao","tag-imigracao","tag-incitacao-ao-odio","tag-politica","tag-racismo"],"yoast_head":"<!-- This site is optimized with the Yoast SEO plugin v27.2 - https:\/\/yoast.com\/product\/yoast-seo-wordpress\/ -->\n<title>Feira de educa\u00e7\u00e3o recebe stand do Chega com cartazes anti-imigra\u00e7\u00e3o - Portal Tela Portugal<\/title>\n<meta name=\"robots\" content=\"index, follow, max-snippet:-1, max-image-preview:large, max-video-preview:-1\" \/>\n<meta property=\"og:locale\" content=\"pt_PT\" \/>\n<meta property=\"og:type\" content=\"article\" \/>\n<meta property=\"og:title\" content=\"Feira de educa\u00e7\u00e3o recebe stand do Chega com cartazes anti-imigra\u00e7\u00e3o - Portal Tela Portugal\" \/>\n<meta property=\"og:description\" content=\"O Chega utilizou o stand da Juventude no evento Futur\u00e1lia, em Lisboa, para divulgar mensagens anti-imigra\u00e7\u00e3o associadas \u00e0 teoria da Grande Substitui\u00e7\u00e3o. O espa\u00e7o mostra imagens de Andr\u00e9 Ventura, um mapa com percentagens de nascimentos de imigrantes em v\u00e1rios concelhos e frases como &quot;Isto n\u00e3o \u00e9 mesmo o Bangladesh&quot; e &quot;Sorria, estamos a ser substitu\u00eddos&quot;. Estas mensagens repetem conte\u00fados j\u00e1 difundidos pelo partido nas ruas, que deram origem a 51 den\u00fancias por racismo e discrimina\u00e7\u00e3o junto da Procuradoria-Geral da Rep\u00fablica e da Comiss\u00e3o Nacional de Elei\u00e7\u00f5es. O Minist\u00e9rio P\u00fablico arquivou as den\u00fancias, entendendo que as mensagens se enquadram nos limites da liberdade de express\u00e3o de pol\u00edticos. A Futur\u00e1lia est\u00e1 a decorrer em Lisboa e vai at\u00e9 s\u00e1bado.\" \/>\n<meta property=\"og:url\" content=\"https:\/\/portaltela.pt\/noticias\/2026\/03\/12\/feira-de-educacao-recebe-stand-do-chega-com-cartazes-anti-imigracao\/\" \/>\n<meta property=\"og:site_name\" content=\"Portal Tela Portugal\" \/>\n<meta property=\"article:published_time\" content=\"2026-03-12T07:02:00+00:00\" \/>\n<meta name=\"author\" content=\"Telinha\" \/>\n<meta name=\"twitter:card\" content=\"summary_large_image\" \/>\n<meta name=\"twitter:label1\" content=\"Escrito por\" \/>\n\t<meta name=\"twitter:data1\" content=\"Telinha\" \/>\n\t<meta name=\"twitter:label2\" content=\"Tempo estimado de leitura\" \/>\n\t<meta name=\"twitter:data2\" content=\"1 minuto\" \/>\n<script type=\"application\/ld+json\" class=\"yoast-schema-graph\">{\"@context\":\"https:\/\/schema.org\",\"@graph\":[{\"@type\":\"Article\",\"@id\":\"https:\/\/portaltela.pt\/noticias\/2026\/03\/12\/feira-de-educacao-recebe-stand-do-chega-com-cartazes-anti-imigracao\/#article\",\"isPartOf\":{\"@id\":\"https:\/\/portaltela.pt\/noticias\/2026\/03\/12\/feira-de-educacao-recebe-stand-do-chega-com-cartazes-anti-imigracao\/\"},\"author\":{\"name\":\"Telinha\",\"@id\":\"https:\/\/portaltela.pt\/#\/schema\/person\/c4278d4a6028830caff9ee44b42d32ed\"},\"headline\":\"Feira de educa\u00e7\u00e3o recebe stand do Chega com cartazes anti-imigra\u00e7\u00e3o\",\"datePublished\":\"2026-03-12T07:02:00+00:00\",\"mainEntityOfPage\":{\"@id\":\"https:\/\/portaltela.pt\/noticias\/2026\/03\/12\/feira-de-educacao-recebe-stand-do-chega-com-cartazes-anti-imigracao\/\"},\"wordCount\":251,\"image\":{\"@id\":\"https:\/\/portaltela.pt\/noticias\/2026\/03\/12\/feira-de-educacao-recebe-stand-do-chega-com-cartazes-anti-imigracao\/#primaryimage\"},\"thumbnailUrl\":\"https:\/\/portaltela.pt\/s.01k8rhncp4jt1\/2026\/03\/2073492.jpg\",\"keywords\":[\"CHEGA\",\"educa\u00e7\u00e3o\",\"imigra\u00e7\u00e3o\",\"incita\u00e7\u00e3o ao \u00f3dio\",\"pol\u00edtica\",\"racismo\"],\"articleSection\":[\"Not\u00edcias\",\"Sociedade\"],\"inLanguage\":\"pt-PT\"},{\"@type\":\"WebPage\",\"@id\":\"https:\/\/portaltela.pt\/noticias\/2026\/03\/12\/feira-de-educacao-recebe-stand-do-chega-com-cartazes-anti-imigracao\/\",\"url\":\"https:\/\/portaltela.pt\/noticias\/2026\/03\/12\/feira-de-educacao-recebe-stand-do-chega-com-cartazes-anti-imigracao\/\",\"name\":\"Feira de educa\u00e7\u00e3o recebe stand do Chega com cartazes anti-imigra\u00e7\u00e3o - Portal Tela Portugal\",\"isPartOf\":{\"@id\":\"https:\/\/portaltela.pt\/#website\"},\"primaryImageOfPage\":{\"@id\":\"https:\/\/portaltela.pt\/noticias\/2026\/03\/12\/feira-de-educacao-recebe-stand-do-chega-com-cartazes-anti-imigracao\/#primaryimage\"},\"image\":{\"@id\":\"https:\/\/portaltela.pt\/noticias\/2026\/03\/12\/feira-de-educacao-recebe-stand-do-chega-com-cartazes-anti-imigracao\/#primaryimage\"},\"thumbnailUrl\":\"https:\/\/portaltela.pt\/s.01k8rhncp4jt1\/2026\/03\/2073492.jpg\",\"datePublished\":\"2026-03-12T07:02:00+00:00\",\"author\":{\"@id\":\"https:\/\/portaltela.pt\/#\/schema\/person\/c4278d4a6028830caff9ee44b42d32ed\"},\"breadcrumb\":{\"@id\":\"https:\/\/portaltela.pt\/noticias\/2026\/03\/12\/feira-de-educacao-recebe-stand-do-chega-com-cartazes-anti-imigracao\/#breadcrumb\"},\"inLanguage\":\"pt-PT\",\"potentialAction\":[{\"@type\":\"ReadAction\",\"target\":[\"https:\/\/portaltela.pt\/noticias\/2026\/03\/12\/feira-de-educacao-recebe-stand-do-chega-com-cartazes-anti-imigracao\/\"]}]},{\"@type\":\"ImageObject\",\"inLanguage\":\"pt-PT\",\"@id\":\"https:\/\/portaltela.pt\/noticias\/2026\/03\/12\/feira-de-educacao-recebe-stand-do-chega-com-cartazes-anti-imigracao\/#primaryimage\",\"url\":\"https:\/\/portaltela.pt\/s.01k8rhncp4jt1\/2026\/03\/2073492.jpg\",\"contentUrl\":\"https:\/\/portaltela.pt\/s.01k8rhncp4jt1\/2026\/03\/2073492.jpg\",\"width\":796,\"height\":448,\"caption\":\"Stand do Chega na Futur\u00e1lia, que \u00e9 visitada por milhares de estudantes, tem mensagens onde se l\u00ea \\\"Isto n\u00e3o \u00e9 mesmo o Bangladesh (mas parece)\\\" ou \\\"Sorria, estamos a ser substitu\u00eddos\\\"\"},{\"@type\":\"BreadcrumbList\",\"@id\":\"https:\/\/portaltela.pt\/noticias\/2026\/03\/12\/feira-de-educacao-recebe-stand-do-chega-com-cartazes-anti-imigracao\/#breadcrumb\",\"itemListElement\":[{\"@type\":\"ListItem\",\"position\":1,\"name\":\"In\u00edcio\",\"item\":\"https:\/\/portaltela.pt\/\"},{\"@type\":\"ListItem\",\"position\":2,\"name\":\"Feira de educa\u00e7\u00e3o recebe stand do Chega com cartazes anti-imigra\u00e7\u00e3o\"}]},{\"@type\":\"WebSite\",\"@id\":\"https:\/\/portaltela.pt\/#website\",\"url\":\"https:\/\/portaltela.pt\/\",\"name\":\"Portal Tela Portugal\",\"description\":\"\",\"potentialAction\":[{\"@type\":\"SearchAction\",\"target\":{\"@type\":\"EntryPoint\",\"urlTemplate\":\"https:\/\/portaltela.pt\/?s={search_term_string}\"},\"query-input\":{\"@type\":\"PropertyValueSpecification\",\"valueRequired\":true,\"valueName\":\"search_term_string\"}}],\"inLanguage\":\"pt-PT\"},{\"@type\":\"Person\",\"@id\":\"https:\/\/portaltela.pt\/#\/schema\/person\/c4278d4a6028830caff9ee44b42d32ed\",\"name\":\"Telinha\",\"image\":{\"@type\":\"ImageObject\",\"inLanguage\":\"pt-PT\",\"@id\":\"https:\/\/portaltela.pt\/s.01k8rhncp4jt1\/2025\/11\/talking-bot-125x125.png\",\"url\":\"https:\/\/portaltela.pt\/s.01k8rhncp4jt1\/2025\/11\/talking-bot-125x125.png\",\"contentUrl\":\"https:\/\/portaltela.pt\/s.01k8rhncp4jt1\/2025\/11\/talking-bot-125x125.png\",\"caption\":\"Telinha\"},\"sameAs\":[\"https:\/\/portaltela.pt\/\"],\"url\":\"https:\/\/portaltela.pt\/por\/367410592786\/\"}]}<\/script>\n<!-- \/ Yoast SEO plugin. -->","yoast_head_json":{"title":"Feira de educa\u00e7\u00e3o recebe stand do Chega com cartazes anti-imigra\u00e7\u00e3o - Portal Tela Portugal","robots":{"index":"index","follow":"follow","max-snippet":"max-snippet:-1","max-image-preview":"max-image-preview:large","max-video-preview":"max-video-preview:-1"},"og_locale":"pt_PT","og_type":"article","og_title":"Feira de educa\u00e7\u00e3o recebe stand do Chega com cartazes anti-imigra\u00e7\u00e3o - Portal Tela Portugal","og_description":"O Chega utilizou o stand da Juventude no evento Futur\u00e1lia, em Lisboa, para divulgar mensagens anti-imigra\u00e7\u00e3o associadas \u00e0 teoria da Grande Substitui\u00e7\u00e3o. O espa\u00e7o mostra imagens de Andr\u00e9 Ventura, um mapa com percentagens de nascimentos de imigrantes em v\u00e1rios concelhos e frases como \"Isto n\u00e3o \u00e9 mesmo o Bangladesh\" e \"Sorria, estamos a ser substitu\u00eddos\". Estas mensagens repetem conte\u00fados j\u00e1 difundidos pelo partido nas ruas, que deram origem a 51 den\u00fancias por racismo e discrimina\u00e7\u00e3o junto da Procuradoria-Geral da Rep\u00fablica e da Comiss\u00e3o Nacional de Elei\u00e7\u00f5es. O Minist\u00e9rio P\u00fablico arquivou as den\u00fancias, entendendo que as mensagens se enquadram nos limites da liberdade de express\u00e3o de pol\u00edticos. A Futur\u00e1lia est\u00e1 a decorrer em Lisboa e vai at\u00e9 s\u00e1bado.","og_url":"https:\/\/portaltela.pt\/noticias\/2026\/03\/12\/feira-de-educacao-recebe-stand-do-chega-com-cartazes-anti-imigracao\/","og_site_name":"Portal Tela Portugal","article_published_time":"2026-03-12T07:02:00+00:00","author":"Telinha","twitter_card":"summary_large_image","twitter_misc":{"Escrito por":"Telinha","Tempo estimado de leitura":"1 minuto"},"schema":{"@context":"https:\/\/schema.org","@graph":[{"@type":"Article","@id":"https:\/\/portaltela.pt\/noticias\/2026\/03\/12\/feira-de-educacao-recebe-stand-do-chega-com-cartazes-anti-imigracao\/#article","isPartOf":{"@id":"https:\/\/portaltela.pt\/noticias\/2026\/03\/12\/feira-de-educacao-recebe-stand-do-chega-com-cartazes-anti-imigracao\/"},"author":{"name":"Telinha","@id":"https:\/\/portaltela.pt\/#\/schema\/person\/c4278d4a6028830caff9ee44b42d32ed"},"headline":"Feira de educa\u00e7\u00e3o recebe stand do Chega com cartazes anti-imigra\u00e7\u00e3o","datePublished":"2026-03-12T07:02:00+00:00","mainEntityOfPage":{"@id":"https:\/\/portaltela.pt\/noticias\/2026\/03\/12\/feira-de-educacao-recebe-stand-do-chega-com-cartazes-anti-imigracao\/"},"wordCount":251,"image":{"@id":"https:\/\/portaltela.pt\/noticias\/2026\/03\/12\/feira-de-educacao-recebe-stand-do-chega-com-cartazes-anti-imigracao\/#primaryimage"},"thumbnailUrl":"https:\/\/portaltela.pt\/s.01k8rhncp4jt1\/2026\/03\/2073492.jpg","keywords":["CHEGA","educa\u00e7\u00e3o","imigra\u00e7\u00e3o","incita\u00e7\u00e3o ao \u00f3dio","pol\u00edtica","racismo"],"articleSection":["Not\u00edcias","Sociedade"],"inLanguage":"pt-PT"},{"@type":"WebPage","@id":"https:\/\/portaltela.pt\/noticias\/2026\/03\/12\/feira-de-educacao-recebe-stand-do-chega-com-cartazes-anti-imigracao\/","url":"https:\/\/portaltela.pt\/noticias\/2026\/03\/12\/feira-de-educacao-recebe-stand-do-chega-com-cartazes-anti-imigracao\/","name":"Feira de educa\u00e7\u00e3o recebe stand do Chega com cartazes anti-imigra\u00e7\u00e3o - Portal Tela Portugal","isPartOf":{"@id":"https:\/\/portaltela.pt\/#website"},"primaryImageOfPage":{"@id":"https:\/\/portaltela.pt\/noticias\/2026\/03\/12\/feira-de-educacao-recebe-stand-do-chega-com-cartazes-anti-imigracao\/#primaryimage"},"image":{"@id":"https:\/\/portaltela.pt\/noticias\/2026\/03\/12\/feira-de-educacao-recebe-stand-do-chega-com-cartazes-anti-imigracao\/#primaryimage"},"thumbnailUrl":"https:\/\/portaltela.pt\/s.01k8rhncp4jt1\/2026\/03\/2073492.jpg","datePublished":"2026-03-12T07:02:00+00:00","author":{"@id":"https:\/\/portaltela.pt\/#\/schema\/person\/c4278d4a6028830caff9ee44b42d32ed"},"breadcrumb":{"@id":"https:\/\/portaltela.pt\/noticias\/2026\/03\/12\/feira-de-educacao-recebe-stand-do-chega-com-cartazes-anti-imigracao\/#breadcrumb"},"inLanguage":"pt-PT","potentialAction":[{"@type":"ReadAction","target":["https:\/\/portaltela.pt\/noticias\/2026\/03\/12\/feira-de-educacao-recebe-stand-do-chega-com-cartazes-anti-imigracao\/"]}]},{"@type":"ImageObject","inLanguage":"pt-PT","@id":"https:\/\/portaltela.pt\/noticias\/2026\/03\/12\/feira-de-educacao-recebe-stand-do-chega-com-cartazes-anti-imigracao\/#primaryimage","url":"https:\/\/portaltela.pt\/s.01k8rhncp4jt1\/2026\/03\/2073492.jpg","contentUrl":"https:\/\/portaltela.pt\/s.01k8rhncp4jt1\/2026\/03\/2073492.jpg","width":796,"height":448,"caption":"Stand do Chega na Futur\u00e1lia, que \u00e9 visitada por milhares de estudantes, tem mensagens onde se l\u00ea \"Isto n\u00e3o \u00e9 mesmo o Bangladesh (mas parece)\" ou \"Sorria, estamos a ser substitu\u00eddos\""},{"@type":"BreadcrumbList","@id":"https:\/\/portaltela.pt\/noticias\/2026\/03\/12\/feira-de-educacao-recebe-stand-do-chega-com-cartazes-anti-imigracao\/#breadcrumb","itemListElement":[{"@type":"ListItem","position":1,"name":"In\u00edcio","item":"https:\/\/portaltela.pt\/"},{"@type":"ListItem","position":2,"name":"Feira de educa\u00e7\u00e3o recebe stand do Chega com cartazes anti-imigra\u00e7\u00e3o"}]},{"@type":"WebSite","@id":"https:\/\/portaltela.pt\/#website","url":"https:\/\/portaltela.pt\/","name":"Portal Tela Portugal","description":"","potentialAction":[{"@type":"SearchAction","target":{"@type":"EntryPoint","urlTemplate":"https:\/\/portaltela.pt\/?s={search_term_string}"},"query-input":{"@type":"PropertyValueSpecification","valueRequired":true,"valueName":"search_term_string"}}],"inLanguage":"pt-PT"},{"@type":"Person","@id":"https:\/\/portaltela.pt\/#\/schema\/person\/c4278d4a6028830caff9ee44b42d32ed","name":"Telinha","image":{"@type":"ImageObject","inLanguage":"pt-PT","@id":"https:\/\/portaltela.pt\/s.01k8rhncp4jt1\/2025\/11\/talking-bot-125x125.png","url":"https:\/\/portaltela.pt\/s.01k8rhncp4jt1\/2025\/11\/talking-bot-125x125.png","contentUrl":"https:\/\/portaltela.pt\/s.01k8rhncp4jt1\/2025\/11\/talking-bot-125x125.png","caption":"Telinha"},"sameAs":["https:\/\/portaltela.pt\/"],"url":"https:\/\/portaltela.pt\/por\/367410592786\/"}]}},"_links":{"self":[{"href":"https:\/\/portaltela.pt\/api\/wp\/v2\/posts\/406908","targetHints":{"allow":["GET"]}}],"collection":[{"href":"https:\/\/portaltela.pt\/api\/wp\/v2\/posts"}],"about":[{"href":"https:\/\/portaltela.pt\/api\/wp\/v2\/types\/post"}],"author":[{"embeddable":true,"href":"https:\/\/portaltela.pt\/api\/wp\/v2\/users\/2"}],"replies":[{"embeddable":true,"href":"https:\/\/portaltela.pt\/api\/wp\/v2\/comments?post=406908"}],"version-history":[{"count":0,"href":"https:\/\/portaltela.pt\/api\/wp\/v2\/posts\/406908\/revisions"}],"wp:featuredmedia":[{"embeddable":true,"href":"https:\/\/portaltela.pt\/api\/wp\/v2\/media\/406923"}],"wp:attachment":[{"href":"https:\/\/portaltela.pt\/api\/wp\/v2\/media?parent=406908"}],"wp:term":[{"taxonomy":"category","embeddable":true,"href":"https:\/\/portaltela.pt\/api\/wp\/v2\/categories?post=406908"},{"taxonomy":"post_tag","embeddable":true,"href":"https:\/\/portaltela.pt\/api\/wp\/v2\/tags?post=406908"}],"curies":[{"name":"wp","href":"https:\/\/api.w.org\/{rel}","templated":true}]}}